{"id":27968,"date":"2026-01-17T07:00:00","date_gmt":"2026-01-17T10:00:00","guid":{"rendered":"https:\/\/crusoe.audiencelabs.com.br\/?p=27968"},"modified":"2026-01-12T11:26:42","modified_gmt":"2026-01-12T14:26:42","slug":"afinal-as-zebras-sao-brancas-com-listras-pretas-ou-pretas-com-listas-brancas","status":"publish","type":"post","link":"https:\/\/crusoe.audiencelabs.com.br\/afinal-as-zebras-sao-brancas-com-listras-pretas-ou-pretas-com-listas-brancas\/","title":{"rendered":"Afinal, as zebras s\u00e3o brancas com listras pretas ou pretas com listas brancas?"},"content":{"rendered":"\n<p>Origin\u00e1rias das savanas nas regi\u00f5es Sul e Central da \u00c1frica, <strong>as zebras<\/strong> certamente est\u00e3o entre os integrantes mais fascinantes da fam\u00edlia dos equ\u00eddeos, destacando-se principalmente por conta de sua pelagem.<\/p>\n\n\n\n<p>Para al\u00e9m de sua beleza singular, a caracter\u00edstica tamb\u00e9m chama aten\u00e7\u00e3o por seu estilo, j\u00e1 que o padr\u00e3o levanta d\u00favidas se estes animais s\u00e3o <strong>brancos com listras pretas ou pretos com listras brancas<\/strong>.<\/p>\n\n\n\n<p>Por conta da grande quantidade de pelos claros em seu corpo, durante anos, acreditou-se que as zebras eram predominantemente brancas. Entretanto, descobertas embriol\u00f3gicas posteriores revelaram resultados totalmente distintos.<\/p>\n\n\n\n<p>Especialistas descobriram que, independentemente da esp\u00e9cie do animal, <strong>as zebras s\u00e3o pretas<\/strong>. Por\u00e9m, por conta de sua gen\u00e9tica, elas podem apresentar menos ou mais listras brancas em seu corpo.<\/p>\n\n\n\n<p>Isso porque, assim como ocorre com outros mam\u00edferos, as caracter\u00edsticas do pelo dos equinos tamb\u00e9m \u00e9 determinada <strong>pela melanina<\/strong>, cuja aus\u00eancia resulta em cores mais claras. Logo, a gen\u00e9tica de cada animal pode estabelecer quais listras se manifestar\u00e3o em maior quantidade, ainda que sua cor inicial seja preta.<\/p>\n\n\n\n<h2 class=\"wp-block-heading\">Como o padr\u00e3o da colora\u00e7\u00e3o das zebras \u00e9 definido?<\/h2>\n\n\n\n<p>Embora uma explica\u00e7\u00e3o sobre a colora\u00e7\u00e3o dos pelos das zebras j\u00e1 esteja bem encaminhada, o mesmo n\u00e3o pode ser dito <strong>a respeito do padr\u00e3o listrado em si<\/strong>, uma vez que sua funcionalidade \u00e9 amplamente debatida.<\/p>\n\n\n\n<p>A teoria mais aceita atualmente sugere que as listras <strong>confundem a vis\u00e3o de insetos<\/strong>, como moscas picadoras que podem transmitir doen\u00e7as graves, que parecem apresentar menos probabilidade de pousar em superf\u00edcies listradas.<\/p>\n\n\n\n<p>Entretanto, outras hip\u00f3teses sugerem que a divis\u00e3o de cores <strong>ajuda a regular a temperatura corporal das zebras<\/strong>, j\u00e1 que as listras brancas ajudam a refletir a luz solar enquanto as pretas a absorvem, mantendo o conforto do animal.<\/p>\n\n\n\n<p>H\u00e1 ainda uma teoria mais antiga, que por sua vez estabelece que o padr\u00e3o listrado <strong>ajudava as zebras a se camuflarem<\/strong>, confundindo predadores dalt\u00f4nicos como os le\u00f5es. Por\u00e9m, a alta incid\u00eancia de ataques segue desmoralizando a alternativa.<\/p>\n","protected":false},"excerpt":{"rendered":"<p>Origin\u00e1rias das savanas nas regi\u00f5es Sul e Central da \u00c1frica, as zebras certamente est\u00e3o entre os integrantes mais fascinantes da fam\u00edlia dos equ\u00eddeos, destacando-se principalmente por conta de sua pelagem. Para al\u00e9m de sua beleza singular, a caracter\u00edstica tamb\u00e9m chama aten\u00e7\u00e3o por seu estilo, j\u00e1 que o padr\u00e3o levanta d\u00favidas se estes animais s\u00e3o brancos [&hellip;]<\/p>\n","protected":false},"author":7,"featured_media":27969,"comment_status":"open","ping_status":"open","sticky":false,"template":"","format":"standard","meta":{"jnews-multi-image_gallery":[],"jnews_single_post":{"format":"standard"},"jnews_primary_category":[],"jnews_override_counter":[],"jnews_post_split":[],"footnotes":""},"categories":[1],"tags":[],"class_list":["post-27968","post","type-post","status-publish","format-standard","has-post-thumbnail","hentry","category-geral"],"yoast_head":"<!-- This site is optimized with the Yoast SEO plugin v25.0 - https:\/\/yoast.com\/wordpress\/plugins\/seo\/ -->\n<title>Afinal, as zebras s\u00e3o brancas com listras pretas ou pretas com listas brancas?<\/title>\n<meta name=\"robots\" content=\"index, follow, max-snippet:-1, max-image-preview:large, max-video-preview:-1\" \/>\n<link rel=\"canonical\" href=\"https:\/\/crusoe.audiencelabs.com.br\/afinal-as-zebras-sao-brancas-com-listras-pretas-ou-pretas-com-listas-brancas\/\" \/>\n<meta property=\"og:locale\" content=\"pt_BR\" \/>\n<meta property=\"og:type\" content=\"article\" \/>\n<meta property=\"og:title\" content=\"Afinal, as zebras s\u00e3o brancas com listras pretas ou pretas com listas brancas?\" \/>\n<meta property=\"og:description\" content=\"Origin\u00e1rias das savanas nas regi\u00f5es Sul e Central da \u00c1frica, as zebras certamente est\u00e3o entre os integrantes mais fascinantes da fam\u00edlia dos equ\u00eddeos, destacando-se principalmente por conta de sua pelagem. Para al\u00e9m de sua beleza singular, a caracter\u00edstica tamb\u00e9m chama aten\u00e7\u00e3o por seu estilo, j\u00e1 que o padr\u00e3o levanta d\u00favidas se estes animais s\u00e3o brancos [&hellip;]\" \/>\n<meta property=\"og:url\" content=\"https:\/\/crusoe.audiencelabs.com.br\/afinal-as-zebras-sao-brancas-com-listras-pretas-ou-pretas-com-listas-brancas\/\" \/>\n<meta property=\"og:site_name\" content=\"Variedades - Cruso\u00e9\" \/>\n<meta property=\"article:published_time\" content=\"2026-01-17T10:00:00+00:00\" \/>\n<meta property=\"og:image\" content=\"https:\/\/cdn.crusoe.com.br\/uploads\/2026\/01\/afinal-zebras-sao-brancas-com-listras-pretas-ou-pretas-com-listras-brancas.jpg\" \/>\n\t<meta property=\"og:image:width\" content=\"1920\" \/>\n\t<meta property=\"og:image:height\" content=\"1080\" \/>\n\t<meta property=\"og:image:type\" content=\"image\/jpeg\" \/>\n<meta name=\"author\" content=\"Jo\u00e3o Carlos Gomes\" \/>\n<meta name=\"twitter:card\" content=\"summary_large_image\" \/>\n<meta name=\"twitter:label1\" content=\"Escrito por\" \/>\n\t<meta name=\"twitter:data1\" content=\"Jo\u00e3o Carlos Gomes\" \/>\n\t<meta name=\"twitter:label2\" content=\"Est. tempo de leitura\" \/>\n\t<meta name=\"twitter:data2\" content=\"2 minutos\" \/>\n<script type=\"application\/ld+json\" class=\"yoast-schema-graph\">{\"@context\":\"https:\/\/schema.org\",\"@graph\":[{\"@type\":\"WebPage\",\"@id\":\"https:\/\/crusoe.audiencelabs.com.br\/afinal-as-zebras-sao-brancas-com-listras-pretas-ou-pretas-com-listas-brancas\/\",\"url\":\"https:\/\/crusoe.audiencelabs.com.br\/afinal-as-zebras-sao-brancas-com-listras-pretas-ou-pretas-com-listas-brancas\/\",\"name\":\"Afinal, as zebras s\u00e3o brancas com listras pretas ou pretas com listas brancas?\",\"isPartOf\":{\"@id\":\"https:\/\/crusoe.audiencelabs.com.br\/#website\"},\"primaryImageOfPage\":{\"@id\":\"https:\/\/crusoe.audiencelabs.com.br\/afinal-as-zebras-sao-brancas-com-listras-pretas-ou-pretas-com-listas-brancas\/#primaryimage\"},\"image\":{\"@id\":\"https:\/\/crusoe.audiencelabs.com.br\/afinal-as-zebras-sao-brancas-com-listras-pretas-ou-pretas-com-listas-brancas\/#primaryimage\"},\"thumbnailUrl\":\"https:\/\/cdn.crusoe.com.br\/uploads\/2026\/01\/afinal-zebras-sao-brancas-com-listras-pretas-ou-pretas-com-listras-brancas.jpg\",\"datePublished\":\"2026-01-17T10:00:00+00:00\",\"author\":{\"@id\":\"https:\/\/crusoe.audiencelabs.com.br\/#\/schema\/person\/4a23399b23149df2eab6637fd2fd2bfc\"},\"breadcrumb\":{\"@id\":\"https:\/\/crusoe.audiencelabs.com.br\/afinal-as-zebras-sao-brancas-com-listras-pretas-ou-pretas-com-listas-brancas\/#breadcrumb\"},\"inLanguage\":\"pt-BR\",\"potentialAction\":[{\"@type\":\"ReadAction\",\"target\":[\"https:\/\/crusoe.audiencelabs.com.br\/afinal-as-zebras-sao-brancas-com-listras-pretas-ou-pretas-com-listas-brancas\/\"]}]},{\"@type\":\"ImageObject\",\"inLanguage\":\"pt-BR\",\"@id\":\"https:\/\/crusoe.audiencelabs.com.br\/afinal-as-zebras-sao-brancas-com-listras-pretas-ou-pretas-com-listas-brancas\/#primaryimage\",\"url\":\"https:\/\/cdn.crusoe.com.br\/uploads\/2026\/01\/afinal-zebras-sao-brancas-com-listras-pretas-ou-pretas-com-listras-brancas.jpg\",\"contentUrl\":\"https:\/\/cdn.crusoe.com.br\/uploads\/2026\/01\/afinal-zebras-sao-brancas-com-listras-pretas-ou-pretas-com-listras-brancas.jpg\",\"width\":1920,\"height\":1080,\"caption\":\"Foto: Adriaan Greyling\/Pexels\"},{\"@type\":\"BreadcrumbList\",\"@id\":\"https:\/\/crusoe.audiencelabs.com.br\/afinal-as-zebras-sao-brancas-com-listras-pretas-ou-pretas-com-listas-brancas\/#breadcrumb\",\"itemListElement\":[{\"@type\":\"ListItem\",\"position\":1,\"name\":\"Home\",\"item\":\"https:\/\/crusoe.audiencelabs.com.br\/\"},{\"@type\":\"ListItem\",\"position\":2,\"name\":\"Afinal, as zebras s\u00e3o brancas com listras pretas ou pretas com listas brancas?\"}]},{\"@type\":\"WebSite\",\"@id\":\"https:\/\/crusoe.audiencelabs.com.br\/#website\",\"url\":\"https:\/\/crusoe.audiencelabs.com.br\/\",\"name\":\"Variedades - Cruso\u00e9\",\"description\":\"\",\"potentialAction\":[{\"@type\":\"SearchAction\",\"target\":{\"@type\":\"EntryPoint\",\"urlTemplate\":\"https:\/\/crusoe.audiencelabs.com.br\/?s={search_term_string}\"},\"query-input\":{\"@type\":\"PropertyValueSpecification\",\"valueRequired\":true,\"valueName\":\"search_term_string\"}}],\"inLanguage\":\"pt-BR\"},{\"@type\":\"Person\",\"@id\":\"https:\/\/crusoe.audiencelabs.com.br\/#\/schema\/person\/4a23399b23149df2eab6637fd2fd2bfc\",\"name\":\"Jo\u00e3o Carlos Gomes\",\"image\":{\"@type\":\"ImageObject\",\"inLanguage\":\"pt-BR\",\"@id\":\"https:\/\/crusoe.audiencelabs.com.br\/#\/schema\/person\/image\/\",\"url\":\"https:\/\/secure.gravatar.com\/avatar\/4ce4672dbdd694b329cd6fdb51bee7d1409be1f0ff76a537e4c4a737b2c7d1a9?s=96&d=mm&r=g\",\"contentUrl\":\"https:\/\/secure.gravatar.com\/avatar\/4ce4672dbdd694b329cd6fdb51bee7d1409be1f0ff76a537e4c4a737b2c7d1a9?s=96&d=mm&r=g\",\"caption\":\"Jo\u00e3o Carlos Gomes\"},\"description\":\"Jornalista, criador de conte\u00fado e m\u00fasico independente nas horas vagas.\",\"url\":\"https:\/\/crusoe.audiencelabs.com.br\/author\/joaoc-junior66\/\"}]}<\/script>\n<!-- \/ Yoast SEO plugin. -->","yoast_head_json":{"title":"Afinal, as zebras s\u00e3o brancas com listras pretas ou pretas com listas brancas?","robots":{"index":"index","follow":"follow","max-snippet":"max-snippet:-1","max-image-preview":"max-image-preview:large","max-video-preview":"max-video-preview:-1"},"canonical":"https:\/\/crusoe.audiencelabs.com.br\/afinal-as-zebras-sao-brancas-com-listras-pretas-ou-pretas-com-listas-brancas\/","og_locale":"pt_BR","og_type":"article","og_title":"Afinal, as zebras s\u00e3o brancas com listras pretas ou pretas com listas brancas?","og_description":"Origin\u00e1rias das savanas nas regi\u00f5es Sul e Central da \u00c1frica, as zebras certamente est\u00e3o entre os integrantes mais fascinantes da fam\u00edlia dos equ\u00eddeos, destacando-se principalmente por conta de sua pelagem. Para al\u00e9m de sua beleza singular, a caracter\u00edstica tamb\u00e9m chama aten\u00e7\u00e3o por seu estilo, j\u00e1 que o padr\u00e3o levanta d\u00favidas se estes animais s\u00e3o brancos [&hellip;]","og_url":"https:\/\/crusoe.audiencelabs.com.br\/afinal-as-zebras-sao-brancas-com-listras-pretas-ou-pretas-com-listas-brancas\/","og_site_name":"Variedades - Cruso\u00e9","article_published_time":"2026-01-17T10:00:00+00:00","og_image":[{"width":1920,"height":1080,"url":"https:\/\/cdn.crusoe.com.br\/uploads\/2026\/01\/afinal-zebras-sao-brancas-com-listras-pretas-ou-pretas-com-listras-brancas.jpg","type":"image\/jpeg"}],"author":"Jo\u00e3o Carlos Gomes","twitter_card":"summary_large_image","twitter_misc":{"Escrito por":"Jo\u00e3o Carlos Gomes","Est. tempo de leitura":"2 minutos"},"schema":{"@context":"https:\/\/schema.org","@graph":[{"@type":"WebPage","@id":"https:\/\/crusoe.audiencelabs.com.br\/afinal-as-zebras-sao-brancas-com-listras-pretas-ou-pretas-com-listas-brancas\/","url":"https:\/\/crusoe.audiencelabs.com.br\/afinal-as-zebras-sao-brancas-com-listras-pretas-ou-pretas-com-listas-brancas\/","name":"Afinal, as zebras s\u00e3o brancas com listras pretas ou pretas com listas brancas?","isPartOf":{"@id":"https:\/\/crusoe.audiencelabs.com.br\/#website"},"primaryImageOfPage":{"@id":"https:\/\/crusoe.audiencelabs.com.br\/afinal-as-zebras-sao-brancas-com-listras-pretas-ou-pretas-com-listas-brancas\/#primaryimage"},"image":{"@id":"https:\/\/crusoe.audiencelabs.com.br\/afinal-as-zebras-sao-brancas-com-listras-pretas-ou-pretas-com-listas-brancas\/#primaryimage"},"thumbnailUrl":"https:\/\/cdn.crusoe.com.br\/uploads\/2026\/01\/afinal-zebras-sao-brancas-com-listras-pretas-ou-pretas-com-listras-brancas.jpg","datePublished":"2026-01-17T10:00:00+00:00","author":{"@id":"https:\/\/crusoe.audiencelabs.com.br\/#\/schema\/person\/4a23399b23149df2eab6637fd2fd2bfc"},"breadcrumb":{"@id":"https:\/\/crusoe.audiencelabs.com.br\/afinal-as-zebras-sao-brancas-com-listras-pretas-ou-pretas-com-listas-brancas\/#breadcrumb"},"inLanguage":"pt-BR","potentialAction":[{"@type":"ReadAction","target":["https:\/\/crusoe.audiencelabs.com.br\/afinal-as-zebras-sao-brancas-com-listras-pretas-ou-pretas-com-listas-brancas\/"]}]},{"@type":"ImageObject","inLanguage":"pt-BR","@id":"https:\/\/crusoe.audiencelabs.com.br\/afinal-as-zebras-sao-brancas-com-listras-pretas-ou-pretas-com-listas-brancas\/#primaryimage","url":"https:\/\/cdn.crusoe.com.br\/uploads\/2026\/01\/afinal-zebras-sao-brancas-com-listras-pretas-ou-pretas-com-listras-brancas.jpg","contentUrl":"https:\/\/cdn.crusoe.com.br\/uploads\/2026\/01\/afinal-zebras-sao-brancas-com-listras-pretas-ou-pretas-com-listras-brancas.jpg","width":1920,"height":1080,"caption":"Foto: Adriaan Greyling\/Pexels"},{"@type":"BreadcrumbList","@id":"https:\/\/crusoe.audiencelabs.com.br\/afinal-as-zebras-sao-brancas-com-listras-pretas-ou-pretas-com-listas-brancas\/#breadcrumb","itemListElement":[{"@type":"ListItem","position":1,"name":"Home","item":"https:\/\/crusoe.audiencelabs.com.br\/"},{"@type":"ListItem","position":2,"name":"Afinal, as zebras s\u00e3o brancas com listras pretas ou pretas com listas brancas?"}]},{"@type":"WebSite","@id":"https:\/\/crusoe.audiencelabs.com.br\/#website","url":"https:\/\/crusoe.audiencelabs.com.br\/","name":"Variedades - Cruso\u00e9","description":"","potentialAction":[{"@type":"SearchAction","target":{"@type":"EntryPoint","urlTemplate":"https:\/\/crusoe.audiencelabs.com.br\/?s={search_term_string}"},"query-input":{"@type":"PropertyValueSpecification","valueRequired":true,"valueName":"search_term_string"}}],"inLanguage":"pt-BR"},{"@type":"Person","@id":"https:\/\/crusoe.audiencelabs.com.br\/#\/schema\/person\/4a23399b23149df2eab6637fd2fd2bfc","name":"Jo\u00e3o Carlos Gomes","image":{"@type":"ImageObject","inLanguage":"pt-BR","@id":"https:\/\/crusoe.audiencelabs.com.br\/#\/schema\/person\/image\/","url":"https:\/\/secure.gravatar.com\/avatar\/4ce4672dbdd694b329cd6fdb51bee7d1409be1f0ff76a537e4c4a737b2c7d1a9?s=96&d=mm&r=g","contentUrl":"https:\/\/secure.gravatar.com\/avatar\/4ce4672dbdd694b329cd6fdb51bee7d1409be1f0ff76a537e4c4a737b2c7d1a9?s=96&d=mm&r=g","caption":"Jo\u00e3o Carlos Gomes"},"description":"Jornalista, criador de conte\u00fado e m\u00fasico independente nas horas vagas.","url":"https:\/\/crusoe.audiencelabs.com.br\/author\/joaoc-junior66\/"}]}},"_links":{"self":[{"href":"https:\/\/crusoe.audiencelabs.com.br\/wp-json\/wp\/v2\/posts\/27968","targetHints":{"allow":["GET"]}}],"collection":[{"href":"https:\/\/crusoe.audiencelabs.com.br\/wp-json\/wp\/v2\/posts"}],"about":[{"href":"https:\/\/crusoe.audiencelabs.com.br\/wp-json\/wp\/v2\/types\/post"}],"author":[{"embeddable":true,"href":"https:\/\/crusoe.audiencelabs.com.br\/wp-json\/wp\/v2\/users\/7"}],"replies":[{"embeddable":true,"href":"https:\/\/crusoe.audiencelabs.com.br\/wp-json\/wp\/v2\/comments?post=27968"}],"version-history":[{"count":1,"href":"https:\/\/crusoe.audiencelabs.com.br\/wp-json\/wp\/v2\/posts\/27968\/revisions"}],"predecessor-version":[{"id":27970,"href":"https:\/\/crusoe.audiencelabs.com.br\/wp-json\/wp\/v2\/posts\/27968\/revisions\/27970"}],"wp:featuredmedia":[{"embeddable":true,"href":"https:\/\/crusoe.audiencelabs.com.br\/wp-json\/wp\/v2\/media\/27969"}],"wp:attachment":[{"href":"https:\/\/crusoe.audiencelabs.com.br\/wp-json\/wp\/v2\/media?parent=27968"}],"wp:term":[{"taxonomy":"category","embeddable":true,"href":"https:\/\/crusoe.audiencelabs.com.br\/wp-json\/wp\/v2\/categories?post=27968"},{"taxonomy":"post_tag","embeddable":true,"href":"https:\/\/crusoe.audiencelabs.com.br\/wp-json\/wp\/v2\/tags?post=27968"}],"curies":[{"name":"wp","href":"https:\/\/api.w.org\/{rel}","templated":true}]}}