{"id":27292,"date":"2026-01-06T18:00:00","date_gmt":"2026-01-06T21:00:00","guid":{"rendered":"https:\/\/crusoe.audiencelabs.com.br\/?p=27292"},"modified":"2026-01-06T13:35:43","modified_gmt":"2026-01-06T16:35:43","slug":"o-seguro-desemprego-vai-ser-diferente-em-2026-veja-o-que-muda","status":"publish","type":"post","link":"https:\/\/crusoe.audiencelabs.com.br\/o-seguro-desemprego-vai-ser-diferente-em-2026-veja-o-que-muda\/","title":{"rendered":"O seguro-desemprego vai ser diferente em 2026: veja o que muda"},"content":{"rendered":"\n<p>As mudan\u00e7as estruturais no <strong>seguro-desemprego em 2026<\/strong>, que entram em <strong>vigor a partir de fevereiro<\/strong>, trazem um <strong>reajuste no valor m\u00ednimo do benef\u00edcio para R$ 1.621<\/strong>.&nbsp;<\/p>\n\n\n\n<p>Este ajuste, vinculado \u00e0 atualiza\u00e7\u00e3o do sal\u00e1rio-m\u00ednimo nacional, se destina a proteger o poder de compra dos trabalhadores brasileiros. O novo valor atende a um n\u00famero significativo de trabalhadores formais demitidos sem justa causa e outros grupos especiais.<\/p>\n\n\n\n<p>Este incremento tem como base a infla\u00e7\u00e3o medida pelo \u00cdndice Nacional de Pre\u00e7os ao Consumidor (INPC) e o crescimento do Produto Interno Bruto (PIB), garantindo que o suporte financeiro proporcione um amparo mais eficaz aos benefici\u00e1rios.<\/p>\n\n\n\n<h2 class=\"wp-block-heading\">Reajustes e implica\u00e7\u00f5es para os benefici\u00e1rios<\/h2>\n\n\n<style>@media (min-width: 992px) {\n    .recomendadorV2Area1 {\n        width: 280px;\n    }\n    .recomendadorV2Area2 {\n        padding: 0px 20px;\n        width: calc(100% - 280px);\n    }\n}\n\n@media (max-width: 992px) {\n    .recomendadorV2Button {\n        margin: 0 auto;\n    }\n    .recomendadorV2Area {\n        flex-direction: column;\n        text-align: center;\n    }\n    .recomendadorV2Area2 {\n        padding: 0px 20px;\n    }\n}\n\n.recomendadorV2Area {\n    background: #eeeeee3d;\n    border-radius: 10px;\n    padding: 15px;\n    display: flex;\n    margin: 15px auto;\n    border: 1px solid #00000014;\n    max-width: 800px;\n}\n\n.recomendadorV2Area1 img {\n    width: 280px;\n    height: auto;\n    border-radius: 8px;\n}\n\n.linkrecomendadorv2 {\n    text-decoration: none !important;\n}\n\n.recomendadorV2Area2 .recomendadorV2Type {\n    text-transform: uppercase;\n    font-weight: 500;\n    font-size: 11px;\n    letter-spacing: 2px;\n    color: #666;\n    margin: 12px 0;\n    display: block;\n}\n\n.recomendadorV2Title h2 {\n    padding-top: 0px !important;\n    margin: 0px !important;\n    border-left: none !important;\n    padding-left: 0px !important;\n    line-height: 1.3;\n    color: #000 !important;\n    font-size: 24px;\n    margin-bottom: 12px !important;\n}\n\n.recomendadorV2Desc {\n    color: #333;\n    margin: 12px 0px !important;\n    font-size: 15px;\n    line-height: 1.5;\n}\n\n.recomendadorV2Button {\n    width: auto;\n    max-width: 200px;\n    margin: 0;\n    display: inline-flex;\n    align-items: center;\n    background: #1D3557;\n    border-radius: 8px;\n    color: #fff;\n    height: 36px;\n    justify-content: center;\n    text-align: center;\n    font-size: 14px;\n    padding: 0 20px;\n    transition: background-color 0.2s ease;\n}\n\n.recomendadorV2Button:hover {\n    background: #2a4d7a;\n}\n\n.recomendadorV2Button:after {\n    margin-top: -2px;\n    content: \"\u2192\";\n    padding: 0px 0px 0px 8px;\n}\n\n.recomendadorV2Alert {\n    text-align: left;\n    font-size: 11px;\n    margin-top: 8px;\n    color: #666;\n}\n\n.recomendadorFixedArea {\n    width: 100%;\n    display: flex;\n    justify-content: center;\n    align-items: center;\n}\n\n@media (min-width: 992px) {\n    #recomendadorFixed {\n        width: 32% !important;\n        left: 5%;\n    }\n    .recomendadorCloseFixed{\n        right: inherit !important;\n        left: 378px !important;\n    }\n}\n\n#recomendadorFixed {\n    width: 90%;\n    box-shadow: 0 10px 20px 0px #00000057;\n    display: none;\n    height: 90px;\n    background: #F6F6F6;\n    position: fixed;\n    flex-direction: row;\n    bottom: 10px;\n    z-index: 9999;\n    border-radius: 16px;\n    padding: 7px 10px;\n}\n\n.recomendadorLeftArea {\n    width: 160px;\n}\n\n.recomendadorRightArea h2 {\n    padding-top: 0px;\n    margin: 2px 0px 4px 0px !important;\n    font-weight: 400;\n    text-align: center;\n    padding-left: 0px !important;\n    color: #000 !important;\n    border-left: none !important;\n    line-height: 20px;\n    font-size: 12px !important;\n}\n\n.recomendadorImgFixed {\n    overflow: hidden;\n    padding: 8px 6px;\n    height: 100%;\n}\n\n.recomendadorImgFixed img {\n    height: 100% !important;\n    border-radius: 16px;\n}\n\n.recomendadorRightArea {\n    padding-top: 6px;\n    display: flex;\n    width: calc(100% - 130px);\n    justify-content: space-between;\n    align-items: center;\n    flex-direction: column;\n}\n\n.recomendadorButtonFixed {\n    margin: 0 auto;\n    background: #1D3557;\n    width: 80%;\n    text-align: center;\n    font-size: 10px;\n    color: #FFF;\n    padding: 2px 10px;\n    border-radius: 3px;\n}\n\n.recomendadorButtonFixed:after {\n    margin-top: -3px;\n    content: \"\u2192\";\n    padding: 0px 0px 0px 10px;\n}\n\n.recomendadorAlertFixed {\n    font-weight: 400;\n    text-align: center;\n    color: #484848;\n    font-size: 8px;\n}\n\n.recomendadorCloseFixed {\n    z-index: 99999;\n    display: none;\n    right: 0px;\n    left: inherit;\n    bottom: 99px;\n    position: fixed;\n    justify-content: center;\n    background: #F6F6F6;\n    width: 25px;\n    align-items: center;\n    height: 25px;\n    font-weight: 800;\n    border-radius: 50%;\n    border: 1px solid #EBEBEB;\n}\n\n.recomendadorV2Desc{\n    color: #000000;\n    margin: 20px 0px;\n}\n\n@media (max-width: 576px) {\n    .recomendadorV2Area {\n      padding: 10px;\n      max-width: 100%;\n    }\n  \n    .recomendadorV2Area1 img {\n      width: 100%;\n      border-radius: 6px;\n    }\n  \n    .recomendadorV2Area2 .recomendadorV2Type {\n      font-size: 9px;\n      letter-spacing: 1px;\n      margin: 8px 0;\n    }\n  \n    .recomendadorV2Title h2 {\n      font-size: 18px !important;\n      margin-bottom: 8px !important;\n      line-height: 1.2;\n    }\n  \n    .recomendadorV2Desc {\n      font-size: 14px;\n      margin: 8px 0 !important;\n      line-height: 1.4;\n    }\n  \n    .recomendadorV2Button {\n      font-size: 14px;\n      height: 40px;\n      padding: 0 12px;\n      max-width: 100%;\n      width: 100%;\n    }\n  \n    .recomendadorV2Button:after {\n      padding-left: 6px;\n    }\n  }\n  <\/style>\n        <div class=\"lazyblock-recomendador-v2-2jDGz wp-block-lazyblock-recomendador-v2\">\n        <a class=\"linkrecomendadorv2\" href=\"https:\/\/crusoe.com.br\/variedades\/brasileiros-serao-beneficiados-com-feriado-gigante-de-4-dias-em-janeiro\/?utm_source=lazy\">\n            <div class=\"recomendadorV2Area\">\n            <div class=\"recomendadorV2Area1\">\n                <div class=\"recomendadorV2Img\">\n                <img class=\"lazyloaded\" decoding=\"async\" src=\"https:\/\/cdn.crusoe.com.br\/uploads\/2026\/01\/pexels-mateusz-dach-99805-914929-1140x570.jpg\" data-src=\"https:\/\/cdn.crusoe.com.br\/uploads\/2026\/01\/pexels-mateusz-dach-99805-914929-1140x570.jpg\" alt=\"\">\n                <\/div>\n            <\/div>\n            <div class=\"recomendadorV2Area2\">\n                <div class=\"recomendadorV2Type\">\n                    <span>Feriado prolongado<\/span>\n                <\/div>\n                <div class=\"recomendadorV2Title\">\n                <h2><span>Folga garantida \ud83d\ude04<\/span><\/h2>\n                <\/div>\n                <div class=\"recomendadorV2Desc\">\n                <span>Janeiro ter\u00e1 feriado gigante de 4 dias<\/span>\n                <\/div>\n                <div class=\"recomendadorV2Button\">Veja as datas<\/div>\n                <div class=\"recomendadorV2Alert\"><\/div>\n            <\/div>\n            <\/div>\n        <\/a>\n        <div>\n            <div style=\"z-index:99999;\" id=\"buttonClose\" onclick=\"closeRecomendadorFixed()\">\n            <div class=\"recomendadorCloseFixed\">X<\/div>\n            <\/div>\n            <a href=\"https:\/\/crusoe.com.br\/variedades\/brasileiros-serao-beneficiados-com-feriado-gigante-de-4-dias-em-janeiro\/?utm_source=lazy\">\n            <div class=\"recomendadorFixedArea\">\n                <div id=\"recomendadorFixed\">\n                <div class=\"recomendadorLeftArea\">\n                    <div class=\"recomendadorImgFixed\">\n                    <img class=\"lazyload\" decoding=\"async\" src=\"https:\/\/cdn.crusoe.com.br\/uploads\/2026\/01\/pexels-mateusz-dach-99805-914929-1140x570.jpg\" alt=\"\">\n                    <\/div>\n                <\/div>\n                <div class=\"recomendadorRightArea\">\n                    <div class=\"recomendadorTitleFixed\">\n                    <h2><span>Folga garantida \ud83d\ude04<\/span><\/h2>\n                    <\/div>\n                    <div class=\"recomendadorButtonFixed\">Veja as datas<\/div>\n                    <div class=\"recomendadorAlertFixed\"><\/div>\n                <\/div>\n                <\/div>\n            <\/div>\n            <\/a>\n        <\/div>\n        <\/div>\n\n\n\n<p>O novo piso garante que os <strong>benefici\u00e1rios do seguro-desemprego n\u00e3o recebam menos que o valor estabelecido de R$ 1.621<\/strong>, considerando o reajuste inflacion\u00e1rio e as necessidades econ\u00f4micas.&nbsp;<\/p>\n\n\n\n<p>O n\u00famero de <strong>parcelas varia entre tr\u00eas e cinco<\/strong>, de acordo com o tempo de trabalho pr\u00e9vio e experi\u00eancias anteriores de solicita\u00e7\u00e3o. Al\u00e9m disso, o t<strong>eto do seguro passar\u00e1 por revis\u00f5es anuais, baseadas no INPC<\/strong>, para preservar o valor real frente \u00e0s oscila\u00e7\u00f5es econ\u00f4micas.<\/p>\n\n\n\n<h2 class=\"wp-block-heading\">Quem \u00e9 eleg\u00edvel para o seguro-desemprego em 2026?<\/h2>\n\n\n\n<p>O seguro-desemprego \u00e9 eleg\u00edvel para:&nbsp;<\/p>\n\n\n\n<ul class=\"wp-block-list\">\n<li>Trabalhadores urbanos e rurais demitidos sem justa causa;<\/li>\n\n\n\n<li>Empregados dom\u00e9sticos;<\/li>\n\n\n\n<li>Pescadores no defeso;<\/li>\n\n\n\n<li>Pessoas resgatadas de condi\u00e7\u00f5es an\u00e1logas \u00e0 escravid\u00e3o;<\/li>\n\n\n\n<li>Trabalhadores em cursos de qualifica\u00e7\u00e3o com contrato suspenso.&nbsp;<\/li>\n<\/ul>\n\n\n\n<p>O benef\u00edcio exige pelo menos <strong>12 meses de v\u00ednculo empregat\u00edcio nos \u00faltimos 18 meses para o primeiro pedido<\/strong>, com requisitos reduzidos para pedidos subsequentes.<\/p>\n\n\n\n<h2 class=\"wp-block-heading\">Solicita\u00e7\u00e3o simplificada do benef\u00edcio<\/h2>\n\n\n\n<p>Os trabalhadores podem requisitar o benef\u00edcio por meio do aplicativo Carteira de Trabalho Digital ou pelo portal <a href=\"http:\/\/gov.br\">Gov.br<\/a>, o que simplifica e agiliza o processo.&nbsp;O <strong>atendimento presencial <\/strong>nas unidades do Sistema Nacional de Emprego (Sine) <strong>permanece dispon\u00edvel<\/strong>.&nbsp;<\/p>\n\n\n\n<p>Durante a solicita\u00e7\u00e3o, documentos como identifica\u00e7\u00e3o oficial, Termo de Rescis\u00e3o e Requerimento do Seguro fornecido pelo empregador s\u00e3o obrigat\u00f3rios, com a libera\u00e7\u00e3o do benef\u00edcio ocorrendo em at\u00e9 30 dias.<\/p>\n\n\n\n<p>Em suma, com as novas regras em vigor, o governo espera atenuar as dificuldades financeiras enfrentadas por muitos brasileiros diante do desemprego.&nbsp;<\/p>\n\n\n\n<p>Este ajuste visa proteger direitos e fomentar o consumo interno, adicionalmente ajustando benef\u00edcios sociais \u00e0s condi\u00e7\u00f5es econ\u00f4micas, assegurando que a prote\u00e7\u00e3o social permane\u00e7a robusta.<\/p>\n","protected":false},"excerpt":{"rendered":"<p>As mudan\u00e7as estruturais no seguro-desemprego em 2026, que entram em vigor a partir de fevereiro, trazem um reajuste no valor m\u00ednimo do benef\u00edcio para R$ 1.621.&nbsp; Este ajuste, vinculado \u00e0 atualiza\u00e7\u00e3o do sal\u00e1rio-m\u00ednimo nacional, se destina a proteger o poder de compra dos trabalhadores brasileiros. O novo valor atende a um n\u00famero significativo de trabalhadores [&hellip;]<\/p>\n","protected":false},"author":5,"featured_media":27293,"comment_status":"open","ping_status":"open","sticky":false,"template":"","format":"standard","meta":{"jnews-multi-image_gallery":[],"jnews_single_post":{"format":"standard"},"jnews_primary_category":[],"jnews_override_counter":[],"jnews_post_split":[],"footnotes":""},"categories":[1],"tags":[1301,1415,687],"class_list":["post-27292","post","type-post","status-publish","format-standard","has-post-thumbnail","hentry","category-geral","tag-1301","tag-regras","tag-seguro-desemprego"],"yoast_head":"<!-- This site is optimized with the Yoast SEO plugin v25.0 - https:\/\/yoast.com\/wordpress\/plugins\/seo\/ -->\n<title>O seguro-desemprego vai ser diferente em 2026: veja o que muda<\/title>\n<meta name=\"robots\" content=\"index, follow, max-snippet:-1, max-image-preview:large, max-video-preview:-1\" \/>\n<link rel=\"canonical\" href=\"https:\/\/crusoe.audiencelabs.com.br\/o-seguro-desemprego-vai-ser-diferente-em-2026-veja-o-que-muda\/\" \/>\n<meta property=\"og:locale\" content=\"pt_BR\" \/>\n<meta property=\"og:type\" content=\"article\" \/>\n<meta property=\"og:title\" content=\"O seguro-desemprego vai ser diferente em 2026: veja o que muda\" \/>\n<meta property=\"og:description\" content=\"As mudan\u00e7as estruturais no seguro-desemprego em 2026, que entram em vigor a partir de fevereiro, trazem um reajuste no valor m\u00ednimo do benef\u00edcio para R$ 1.621.&nbsp; Este ajuste, vinculado \u00e0 atualiza\u00e7\u00e3o do sal\u00e1rio-m\u00ednimo nacional, se destina a proteger o poder de compra dos trabalhadores brasileiros. O novo valor atende a um n\u00famero significativo de trabalhadores [&hellip;]\" \/>\n<meta property=\"og:url\" content=\"https:\/\/crusoe.audiencelabs.com.br\/o-seguro-desemprego-vai-ser-diferente-em-2026-veja-o-que-muda\/\" \/>\n<meta property=\"og:site_name\" content=\"Variedades - Cruso\u00e9\" \/>\n<meta property=\"article:published_time\" content=\"2026-01-06T21:00:00+00:00\" \/>\n<meta property=\"og:image\" content=\"https:\/\/cdn.crusoe.com.br\/uploads\/2026\/01\/flexibilizacao-da-CLT.jpg\" \/>\n\t<meta property=\"og:image:width\" content=\"390\" \/>\n\t<meta property=\"og:image:height\" content=\"260\" \/>\n\t<meta property=\"og:image:type\" content=\"image\/jpeg\" \/>\n<meta name=\"author\" content=\"Milena Armando\" \/>\n<meta name=\"twitter:card\" content=\"summary_large_image\" \/>\n<meta name=\"twitter:label1\" content=\"Escrito por\" \/>\n\t<meta name=\"twitter:data1\" content=\"Milena Armando\" \/>\n\t<meta name=\"twitter:label2\" content=\"Est. tempo de leitura\" \/>\n\t<meta name=\"twitter:data2\" content=\"3 minutos\" \/>\n<script type=\"application\/ld+json\" class=\"yoast-schema-graph\">{\"@context\":\"https:\/\/schema.org\",\"@graph\":[{\"@type\":\"WebPage\",\"@id\":\"https:\/\/crusoe.audiencelabs.com.br\/o-seguro-desemprego-vai-ser-diferente-em-2026-veja-o-que-muda\/\",\"url\":\"https:\/\/crusoe.audiencelabs.com.br\/o-seguro-desemprego-vai-ser-diferente-em-2026-veja-o-que-muda\/\",\"name\":\"O seguro-desemprego vai ser diferente em 2026: veja o que muda\",\"isPartOf\":{\"@id\":\"https:\/\/crusoe.audiencelabs.com.br\/#website\"},\"primaryImageOfPage\":{\"@id\":\"https:\/\/crusoe.audiencelabs.com.br\/o-seguro-desemprego-vai-ser-diferente-em-2026-veja-o-que-muda\/#primaryimage\"},\"image\":{\"@id\":\"https:\/\/crusoe.audiencelabs.com.br\/o-seguro-desemprego-vai-ser-diferente-em-2026-veja-o-que-muda\/#primaryimage\"},\"thumbnailUrl\":\"https:\/\/cdn.crusoe.com.br\/uploads\/2026\/01\/flexibilizacao-da-CLT.jpg\",\"datePublished\":\"2026-01-06T21:00:00+00:00\",\"author\":{\"@id\":\"https:\/\/crusoe.audiencelabs.com.br\/#\/schema\/person\/f87f73cfe89e5360de2c006bd4bd6a74\"},\"breadcrumb\":{\"@id\":\"https:\/\/crusoe.audiencelabs.com.br\/o-seguro-desemprego-vai-ser-diferente-em-2026-veja-o-que-muda\/#breadcrumb\"},\"inLanguage\":\"pt-BR\",\"potentialAction\":[{\"@type\":\"ReadAction\",\"target\":[\"https:\/\/crusoe.audiencelabs.com.br\/o-seguro-desemprego-vai-ser-diferente-em-2026-veja-o-que-muda\/\"]}]},{\"@type\":\"ImageObject\",\"inLanguage\":\"pt-BR\",\"@id\":\"https:\/\/crusoe.audiencelabs.com.br\/o-seguro-desemprego-vai-ser-diferente-em-2026-veja-o-que-muda\/#primaryimage\",\"url\":\"https:\/\/cdn.crusoe.com.br\/uploads\/2026\/01\/flexibilizacao-da-CLT.jpg\",\"contentUrl\":\"https:\/\/cdn.crusoe.com.br\/uploads\/2026\/01\/flexibilizacao-da-CLT.jpg\",\"width\":390,\"height\":260,\"caption\":\"Foto: abtlp\"},{\"@type\":\"BreadcrumbList\",\"@id\":\"https:\/\/crusoe.audiencelabs.com.br\/o-seguro-desemprego-vai-ser-diferente-em-2026-veja-o-que-muda\/#breadcrumb\",\"itemListElement\":[{\"@type\":\"ListItem\",\"position\":1,\"name\":\"Home\",\"item\":\"https:\/\/crusoe.audiencelabs.com.br\/\"},{\"@type\":\"ListItem\",\"position\":2,\"name\":\"O seguro-desemprego vai ser diferente em 2026: veja o que muda\"}]},{\"@type\":\"WebSite\",\"@id\":\"https:\/\/crusoe.audiencelabs.com.br\/#website\",\"url\":\"https:\/\/crusoe.audiencelabs.com.br\/\",\"name\":\"Variedades - Cruso\u00e9\",\"description\":\"\",\"potentialAction\":[{\"@type\":\"SearchAction\",\"target\":{\"@type\":\"EntryPoint\",\"urlTemplate\":\"https:\/\/crusoe.audiencelabs.com.br\/?s={search_term_string}\"},\"query-input\":{\"@type\":\"PropertyValueSpecification\",\"valueRequired\":true,\"valueName\":\"search_term_string\"}}],\"inLanguage\":\"pt-BR\"},{\"@type\":\"Person\",\"@id\":\"https:\/\/crusoe.audiencelabs.com.br\/#\/schema\/person\/f87f73cfe89e5360de2c006bd4bd6a74\",\"name\":\"Milena Armando\",\"image\":{\"@type\":\"ImageObject\",\"inLanguage\":\"pt-BR\",\"@id\":\"https:\/\/crusoe.audiencelabs.com.br\/#\/schema\/person\/image\/\",\"url\":\"https:\/\/secure.gravatar.com\/avatar\/ea14ecddc9e9d202b698b18f9f69e09c9fd74cfbed5c6008d55f11faefdbdab7?s=96&d=mm&r=g\",\"contentUrl\":\"https:\/\/secure.gravatar.com\/avatar\/ea14ecddc9e9d202b698b18f9f69e09c9fd74cfbed5c6008d55f11faefdbdab7?s=96&d=mm&r=g\",\"caption\":\"Milena Armando\"},\"description\":\"Jornalista, redatora e revisora.\",\"url\":\"https:\/\/crusoe.audiencelabs.com.br\/author\/milena\/\"}]}<\/script>\n<!-- \/ Yoast SEO plugin. -->","yoast_head_json":{"title":"O seguro-desemprego vai ser diferente em 2026: veja o que muda","robots":{"index":"index","follow":"follow","max-snippet":"max-snippet:-1","max-image-preview":"max-image-preview:large","max-video-preview":"max-video-preview:-1"},"canonical":"https:\/\/crusoe.audiencelabs.com.br\/o-seguro-desemprego-vai-ser-diferente-em-2026-veja-o-que-muda\/","og_locale":"pt_BR","og_type":"article","og_title":"O seguro-desemprego vai ser diferente em 2026: veja o que muda","og_description":"As mudan\u00e7as estruturais no seguro-desemprego em 2026, que entram em vigor a partir de fevereiro, trazem um reajuste no valor m\u00ednimo do benef\u00edcio para R$ 1.621.&nbsp; Este ajuste, vinculado \u00e0 atualiza\u00e7\u00e3o do sal\u00e1rio-m\u00ednimo nacional, se destina a proteger o poder de compra dos trabalhadores brasileiros. O novo valor atende a um n\u00famero significativo de trabalhadores [&hellip;]","og_url":"https:\/\/crusoe.audiencelabs.com.br\/o-seguro-desemprego-vai-ser-diferente-em-2026-veja-o-que-muda\/","og_site_name":"Variedades - Cruso\u00e9","article_published_time":"2026-01-06T21:00:00+00:00","og_image":[{"width":390,"height":260,"url":"https:\/\/cdn.crusoe.com.br\/uploads\/2026\/01\/flexibilizacao-da-CLT.jpg","type":"image\/jpeg"}],"author":"Milena Armando","twitter_card":"summary_large_image","twitter_misc":{"Escrito por":"Milena Armando","Est. tempo de leitura":"3 minutos"},"schema":{"@context":"https:\/\/schema.org","@graph":[{"@type":"WebPage","@id":"https:\/\/crusoe.audiencelabs.com.br\/o-seguro-desemprego-vai-ser-diferente-em-2026-veja-o-que-muda\/","url":"https:\/\/crusoe.audiencelabs.com.br\/o-seguro-desemprego-vai-ser-diferente-em-2026-veja-o-que-muda\/","name":"O seguro-desemprego vai ser diferente em 2026: veja o que muda","isPartOf":{"@id":"https:\/\/crusoe.audiencelabs.com.br\/#website"},"primaryImageOfPage":{"@id":"https:\/\/crusoe.audiencelabs.com.br\/o-seguro-desemprego-vai-ser-diferente-em-2026-veja-o-que-muda\/#primaryimage"},"image":{"@id":"https:\/\/crusoe.audiencelabs.com.br\/o-seguro-desemprego-vai-ser-diferente-em-2026-veja-o-que-muda\/#primaryimage"},"thumbnailUrl":"https:\/\/cdn.crusoe.com.br\/uploads\/2026\/01\/flexibilizacao-da-CLT.jpg","datePublished":"2026-01-06T21:00:00+00:00","author":{"@id":"https:\/\/crusoe.audiencelabs.com.br\/#\/schema\/person\/f87f73cfe89e5360de2c006bd4bd6a74"},"breadcrumb":{"@id":"https:\/\/crusoe.audiencelabs.com.br\/o-seguro-desemprego-vai-ser-diferente-em-2026-veja-o-que-muda\/#breadcrumb"},"inLanguage":"pt-BR","potentialAction":[{"@type":"ReadAction","target":["https:\/\/crusoe.audiencelabs.com.br\/o-seguro-desemprego-vai-ser-diferente-em-2026-veja-o-que-muda\/"]}]},{"@type":"ImageObject","inLanguage":"pt-BR","@id":"https:\/\/crusoe.audiencelabs.com.br\/o-seguro-desemprego-vai-ser-diferente-em-2026-veja-o-que-muda\/#primaryimage","url":"https:\/\/cdn.crusoe.com.br\/uploads\/2026\/01\/flexibilizacao-da-CLT.jpg","contentUrl":"https:\/\/cdn.crusoe.com.br\/uploads\/2026\/01\/flexibilizacao-da-CLT.jpg","width":390,"height":260,"caption":"Foto: abtlp"},{"@type":"BreadcrumbList","@id":"https:\/\/crusoe.audiencelabs.com.br\/o-seguro-desemprego-vai-ser-diferente-em-2026-veja-o-que-muda\/#breadcrumb","itemListElement":[{"@type":"ListItem","position":1,"name":"Home","item":"https:\/\/crusoe.audiencelabs.com.br\/"},{"@type":"ListItem","position":2,"name":"O seguro-desemprego vai ser diferente em 2026: veja o que muda"}]},{"@type":"WebSite","@id":"https:\/\/crusoe.audiencelabs.com.br\/#website","url":"https:\/\/crusoe.audiencelabs.com.br\/","name":"Variedades - Cruso\u00e9","description":"","potentialAction":[{"@type":"SearchAction","target":{"@type":"EntryPoint","urlTemplate":"https:\/\/crusoe.audiencelabs.com.br\/?s={search_term_string}"},"query-input":{"@type":"PropertyValueSpecification","valueRequired":true,"valueName":"search_term_string"}}],"inLanguage":"pt-BR"},{"@type":"Person","@id":"https:\/\/crusoe.audiencelabs.com.br\/#\/schema\/person\/f87f73cfe89e5360de2c006bd4bd6a74","name":"Milena Armando","image":{"@type":"ImageObject","inLanguage":"pt-BR","@id":"https:\/\/crusoe.audiencelabs.com.br\/#\/schema\/person\/image\/","url":"https:\/\/secure.gravatar.com\/avatar\/ea14ecddc9e9d202b698b18f9f69e09c9fd74cfbed5c6008d55f11faefdbdab7?s=96&d=mm&r=g","contentUrl":"https:\/\/secure.gravatar.com\/avatar\/ea14ecddc9e9d202b698b18f9f69e09c9fd74cfbed5c6008d55f11faefdbdab7?s=96&d=mm&r=g","caption":"Milena Armando"},"description":"Jornalista, redatora e revisora.","url":"https:\/\/crusoe.audiencelabs.com.br\/author\/milena\/"}]}},"_links":{"self":[{"href":"https:\/\/crusoe.audiencelabs.com.br\/wp-json\/wp\/v2\/posts\/27292","targetHints":{"allow":["GET"]}}],"collection":[{"href":"https:\/\/crusoe.audiencelabs.com.br\/wp-json\/wp\/v2\/posts"}],"about":[{"href":"https:\/\/crusoe.audiencelabs.com.br\/wp-json\/wp\/v2\/types\/post"}],"author":[{"embeddable":true,"href":"https:\/\/crusoe.audiencelabs.com.br\/wp-json\/wp\/v2\/users\/5"}],"replies":[{"embeddable":true,"href":"https:\/\/crusoe.audiencelabs.com.br\/wp-json\/wp\/v2\/comments?post=27292"}],"version-history":[{"count":4,"href":"https:\/\/crusoe.audiencelabs.com.br\/wp-json\/wp\/v2\/posts\/27292\/revisions"}],"predecessor-version":[{"id":27375,"href":"https:\/\/crusoe.audiencelabs.com.br\/wp-json\/wp\/v2\/posts\/27292\/revisions\/27375"}],"wp:featuredmedia":[{"embeddable":true,"href":"https:\/\/crusoe.audiencelabs.com.br\/wp-json\/wp\/v2\/media\/27293"}],"wp:attachment":[{"href":"https:\/\/crusoe.audiencelabs.com.br\/wp-json\/wp\/v2\/media?parent=27292"}],"wp:term":[{"taxonomy":"category","embeddable":true,"href":"https:\/\/crusoe.audiencelabs.com.br\/wp-json\/wp\/v2\/categories?post=27292"},{"taxonomy":"post_tag","embeddable":true,"href":"https:\/\/crusoe.audiencelabs.com.br\/wp-json\/wp\/v2\/tags?post=27292"}],"curies":[{"name":"wp","href":"https:\/\/api.w.org\/{rel}","templated":true}]}}