{"id":27138,"date":"2026-01-06T07:30:00","date_gmt":"2026-01-06T10:30:00","guid":{"rendered":"https:\/\/crusoe.audiencelabs.com.br\/?p=27138"},"modified":"2026-01-05T15:55:46","modified_gmt":"2026-01-05T18:55:46","slug":"o-pedacinho-do-brasil-com-belas-praias-que-fez-gabriel-medina-e-bruna-marquezine-se-apaixonarem","status":"publish","type":"post","link":"https:\/\/crusoe.audiencelabs.com.br\/o-pedacinho-do-brasil-com-belas-praias-que-fez-gabriel-medina-e-bruna-marquezine-se-apaixonarem\/","title":{"rendered":"O &#8220;pedacinho&#8221; do Brasil com belas praias que fez Gabriel Medina e Bruna Marquezine se apaixonarem"},"content":{"rendered":"\n<p>O estado de <strong>Alagoas <\/strong>\u00e9 frequentemente descrito como um <strong>\u201cpedacinho do para\u00edso<\/strong>\u201d no Brasil, e n\u00e3o \u00e9 por acaso.&nbsp;<\/p>\n\n\n\n<p>Com <strong>praias de \u00e1guas cristalinas<\/strong>, <strong>piscinas naturais<\/strong>, <strong>coqueirais <\/strong>e um clima acolhedor, o estado vem conquistando turistas do mundo todo e tamb\u00e9m celebridades.&nbsp;<\/p>\n\n\n\n<p>Entre os nomes que se renderam ao destino est\u00e3o o surfista <strong>Gabriel Medina <\/strong>e a atriz <strong>Bruna Marquezine<\/strong>, que j\u00e1 manifestaram publicamente seu fasc\u00ednio pelas paisagens de Alagoas e escolheram o estado para celebrar a virada do ano.<\/p>\n\n\n\n<h2 class=\"wp-block-heading\">Praias que parecem cen\u00e1rio de filme<\/h2>\n\n\n<style>@media (min-width: 992px) {\n    .recomendadorV2Area1 {\n        width: 280px;\n    }\n    .recomendadorV2Area2 {\n        padding: 0px 20px;\n        width: calc(100% - 280px);\n    }\n}\n\n@media (max-width: 992px) {\n    .recomendadorV2Button {\n        margin: 0 auto;\n    }\n    .recomendadorV2Area {\n        flex-direction: column;\n        text-align: center;\n    }\n    .recomendadorV2Area2 {\n        padding: 0px 20px;\n    }\n}\n\n.recomendadorV2Area {\n    background: #eeeeee3d;\n    border-radius: 10px;\n    padding: 15px;\n    display: flex;\n    margin: 15px auto;\n    border: 1px solid #00000014;\n    max-width: 800px;\n}\n\n.recomendadorV2Area1 img {\n    width: 280px;\n    height: auto;\n    border-radius: 8px;\n}\n\n.linkrecomendadorv2 {\n    text-decoration: none !important;\n}\n\n.recomendadorV2Area2 .recomendadorV2Type {\n    text-transform: uppercase;\n    font-weight: 500;\n    font-size: 11px;\n    letter-spacing: 2px;\n    color: #666;\n    margin: 12px 0;\n    display: block;\n}\n\n.recomendadorV2Title h2 {\n    padding-top: 0px !important;\n    margin: 0px !important;\n    border-left: none !important;\n    padding-left: 0px !important;\n    line-height: 1.3;\n    color: #000 !important;\n    font-size: 24px;\n    margin-bottom: 12px !important;\n}\n\n.recomendadorV2Desc {\n    color: #333;\n    margin: 12px 0px !important;\n    font-size: 15px;\n    line-height: 1.5;\n}\n\n.recomendadorV2Button {\n    width: auto;\n    max-width: 200px;\n    margin: 0;\n    display: inline-flex;\n    align-items: center;\n    background: #1D3557;\n    border-radius: 8px;\n    color: #fff;\n    height: 36px;\n    justify-content: center;\n    text-align: center;\n    font-size: 14px;\n    padding: 0 20px;\n    transition: background-color 0.2s ease;\n}\n\n.recomendadorV2Button:hover {\n    background: #2a4d7a;\n}\n\n.recomendadorV2Button:after {\n    margin-top: -2px;\n    content: \"\u2192\";\n    padding: 0px 0px 0px 8px;\n}\n\n.recomendadorV2Alert {\n    text-align: left;\n    font-size: 11px;\n    margin-top: 8px;\n    color: #666;\n}\n\n.recomendadorFixedArea {\n    width: 100%;\n    display: flex;\n    justify-content: center;\n    align-items: center;\n}\n\n@media (min-width: 992px) {\n    #recomendadorFixed {\n        width: 32% !important;\n        left: 5%;\n    }\n    .recomendadorCloseFixed{\n        right: inherit !important;\n        left: 378px !important;\n    }\n}\n\n#recomendadorFixed {\n    width: 90%;\n    box-shadow: 0 10px 20px 0px #00000057;\n    display: none;\n    height: 90px;\n    background: #F6F6F6;\n    position: fixed;\n    flex-direction: row;\n    bottom: 10px;\n    z-index: 9999;\n    border-radius: 16px;\n    padding: 7px 10px;\n}\n\n.recomendadorLeftArea {\n    width: 160px;\n}\n\n.recomendadorRightArea h2 {\n    padding-top: 0px;\n    margin: 2px 0px 4px 0px !important;\n    font-weight: 400;\n    text-align: center;\n    padding-left: 0px !important;\n    color: #000 !important;\n    border-left: none !important;\n    line-height: 20px;\n    font-size: 12px !important;\n}\n\n.recomendadorImgFixed {\n    overflow: hidden;\n    padding: 8px 6px;\n    height: 100%;\n}\n\n.recomendadorImgFixed img {\n    height: 100% !important;\n    border-radius: 16px;\n}\n\n.recomendadorRightArea {\n    padding-top: 6px;\n    display: flex;\n    width: calc(100% - 130px);\n    justify-content: space-between;\n    align-items: center;\n    flex-direction: column;\n}\n\n.recomendadorButtonFixed {\n    margin: 0 auto;\n    background: #1D3557;\n    width: 80%;\n    text-align: center;\n    font-size: 10px;\n    color: #FFF;\n    padding: 2px 10px;\n    border-radius: 3px;\n}\n\n.recomendadorButtonFixed:after {\n    margin-top: -3px;\n    content: \"\u2192\";\n    padding: 0px 0px 0px 10px;\n}\n\n.recomendadorAlertFixed {\n    font-weight: 400;\n    text-align: center;\n    color: #484848;\n    font-size: 8px;\n}\n\n.recomendadorCloseFixed {\n    z-index: 99999;\n    display: none;\n    right: 0px;\n    left: inherit;\n    bottom: 99px;\n    position: fixed;\n    justify-content: center;\n    background: #F6F6F6;\n    width: 25px;\n    align-items: center;\n    height: 25px;\n    font-weight: 800;\n    border-radius: 50%;\n    border: 1px solid #EBEBEB;\n}\n\n.recomendadorV2Desc{\n    color: #000000;\n    margin: 20px 0px;\n}\n\n@media (max-width: 576px) {\n    .recomendadorV2Area {\n      padding: 10px;\n      max-width: 100%;\n    }\n  \n    .recomendadorV2Area1 img {\n      width: 100%;\n      border-radius: 6px;\n    }\n  \n    .recomendadorV2Area2 .recomendadorV2Type {\n      font-size: 9px;\n      letter-spacing: 1px;\n      margin: 8px 0;\n    }\n  \n    .recomendadorV2Title h2 {\n      font-size: 18px !important;\n      margin-bottom: 8px !important;\n      line-height: 1.2;\n    }\n  \n    .recomendadorV2Desc {\n      font-size: 14px;\n      margin: 8px 0 !important;\n      line-height: 1.4;\n    }\n  \n    .recomendadorV2Button {\n      font-size: 14px;\n      height: 40px;\n      padding: 0 12px;\n      max-width: 100%;\n      width: 100%;\n    }\n  \n    .recomendadorV2Button:after {\n      padding-left: 6px;\n    }\n  }\n  <\/style>\n        <div class=\"lazyblock-recomendador-v2-2jDGz wp-block-lazyblock-recomendador-v2\">\n        <a class=\"linkrecomendadorv2\" href=\"https:\/\/crusoe.com.br\/variedades\/apos-juntar-neymar-e-gabigol-santos-prepara-reforco-de-r-70-milhoes-para-2026\/?utm_source=lazy\">\n            <div class=\"recomendadorV2Area\">\n            <div class=\"recomendadorV2Area1\">\n                <div class=\"recomendadorV2Img\">\n                <img class=\"lazyloaded\" decoding=\"async\" src=\"https:\/\/cdn.crusoe.com.br\/uploads\/2026\/01\/Gabigol-santos.jpg-1140x570.jpg\" data-src=\"https:\/\/cdn.crusoe.com.br\/uploads\/2026\/01\/Gabigol-santos.jpg-1140x570.jpg\" alt=\"\">\n                <\/div>\n            <\/div>\n            <div class=\"recomendadorV2Area2\">\n                <div class=\"recomendadorV2Type\">\n                    <span>Mercado da bola<\/span>\n                <\/div>\n                <div class=\"recomendadorV2Title\">\n                <h2><span>Refor\u00e7o milion\u00e1rio \u26bd<\/span><\/h2>\n                <\/div>\n                <div class=\"recomendadorV2Desc\">\n                <span>Santos planeja contrata\u00e7\u00e3o de R$ 70 mi<\/span>\n                <\/div>\n                <div class=\"recomendadorV2Button\">Veja os detalhes<\/div>\n                <div class=\"recomendadorV2Alert\"><\/div>\n            <\/div>\n            <\/div>\n        <\/a>\n        <div>\n            <div style=\"z-index:99999;\" id=\"buttonClose\" onclick=\"closeRecomendadorFixed()\">\n            <div class=\"recomendadorCloseFixed\">X<\/div>\n            <\/div>\n            <a href=\"https:\/\/crusoe.com.br\/variedades\/apos-juntar-neymar-e-gabigol-santos-prepara-reforco-de-r-70-milhoes-para-2026\/?utm_source=lazy\">\n            <div class=\"recomendadorFixedArea\">\n                <div id=\"recomendadorFixed\">\n                <div class=\"recomendadorLeftArea\">\n                    <div class=\"recomendadorImgFixed\">\n                    <img class=\"lazyload\" decoding=\"async\" src=\"https:\/\/cdn.crusoe.com.br\/uploads\/2026\/01\/Gabigol-santos.jpg-1140x570.jpg\" alt=\"\">\n                    <\/div>\n                <\/div>\n                <div class=\"recomendadorRightArea\">\n                    <div class=\"recomendadorTitleFixed\">\n                    <h2><span>Refor\u00e7o milion\u00e1rio \u26bd<\/span><\/h2>\n                    <\/div>\n                    <div class=\"recomendadorButtonFixed\">Veja os detalhes<\/div>\n                    <div class=\"recomendadorAlertFixed\"><\/div>\n                <\/div>\n                <\/div>\n            <\/div>\n            <\/a>\n        <\/div>\n        <\/div>\n\n\n\n<p>O litoral de Alagoas concentra algumas das praias mais bonitas do Brasil.&nbsp;Locais como <strong>Maragogi<\/strong>, conhecido como o \u201cCaribe brasileiro\u201d, e <strong>S\u00e3o Miguel dos Milagres<\/strong>, destino escolhido por Bruna Marquezine para viajar ao lado do cantor canadense <strong>Shawn Mendes<\/strong>, apontado como seu novo affair, ganham destaque entre os mais desejados do estado.<\/p>\n\n\n<div class=\"wp-block-image\">\n<figure class=\"aligncenter size-full is-resized\"><img loading=\"lazy\" decoding=\"async\" width=\"489\" height=\"577\" src=\"https:\/\/cdn.crusoe.com.br\/uploads\/2026\/01\/12-e1767614222524.avif\" alt=\"\" class=\"wp-image-27140\" style=\"width:423px;height:auto\" srcset=\"https:\/\/cdn.crusoe.com.br\/uploads\/2026\/01\/12-e1767614222524.avif 489w, https:\/\/cdn.crusoe.com.br\/uploads\/2026\/01\/12-e1767614222524-254x300.avif 254w\" sizes=\"auto, (max-width: 489px) 100vw, 489px\" \/><figcaption class=\"wp-element-caption\">Shawn e Bruna (Foto: G1)<\/figcaption><\/figure>\n<\/div>\n\n\n<p><strong>Barra de S\u00e3o Miguel <\/strong>\u00e9 outro destino bastante disputado em Alagoas e foi o local escolhido por Gabriel Medina para celebrar a chegada de 2026 ao lado da namorada, a bailarina Isabella Arantes.<\/p>\n\n\n<div class=\"wp-block-image\">\n<figure class=\"aligncenter size-full is-resized\"><img loading=\"lazy\" decoding=\"async\" width=\"924\" height=\"627\" src=\"https:\/\/cdn.crusoe.com.br\/uploads\/2026\/01\/134.avif\" alt=\"\" class=\"wp-image-27141\" style=\"aspect-ratio:1.473728256321358;width:450px;height:auto\" srcset=\"https:\/\/cdn.crusoe.com.br\/uploads\/2026\/01\/134.avif 924w, https:\/\/cdn.crusoe.com.br\/uploads\/2026\/01\/134-300x204.avif 300w, https:\/\/cdn.crusoe.com.br\/uploads\/2026\/01\/134-768x521.avif 768w, https:\/\/cdn.crusoe.com.br\/uploads\/2026\/01\/134-750x509.avif 750w\" sizes=\"auto, (max-width: 924px) 100vw, 924px\" \/><figcaption class=\"wp-element-caption\">Gabriel e Isabella (Foto: Quem-Globo) <\/figcaption><\/figure>\n<\/div>\n\n\n<p>Al\u00e9m desses, destinos como a <strong>Praia do Patacho<\/strong> e <strong>Antunes <\/strong>chamam aten\u00e7\u00e3o pelo mar em tons de azul e verde, areia clara e paisagens praticamente intocadas.&nbsp;<\/p>\n\n\n\n<h2 class=\"wp-block-heading\">Ref\u00fagio de paz e sofistica\u00e7\u00e3o<\/h2>\n\n\n\n<p>Al\u00e9m da beleza natural, Alagoas se destaca pela oferta de pousadas charmosas, resorts de alto padr\u00e3o e experi\u00eancias \u00fanicas, o que torna o destino ainda mais atrativo para famosos.&nbsp;<\/p>\n\n\n\n<p>O clima de privacidade e sossego \u00e9 um dos pontos que explicam por que personalidades como Gabriel Medina e Bruna Marquezine se apaixonaram pelo estado. <\/p>\n\n\n\n<p>Alagoas vai al\u00e9m das praias. O estado tamb\u00e9m encanta pela culin\u00e1ria rica, com pratos \u00e0 base de frutos do mar, coco e temperos regionais, al\u00e9m do artesanato local e da receptividade do povo alagoano.&nbsp;<\/p>\n\n\n\n<h2 class=\"wp-block-heading\">Um destino que conquista \u00e0 primeira vista<\/h2>\n\n\n\n<p>N\u00e3o \u00e9 dif\u00edcil entender por que Alagoas desperta tanto fasc\u00ednio. Seja para turistas comuns ou celebridades, o estado oferece um equil\u00edbrio raro entre natureza preservada, conforto e autenticidade.&nbsp;<\/p>\n\n\n\n<p>Um verdadeiro tesouro brasileiro que, assim como aconteceu com Gabriel Medina e Bruna Marquezine, costuma conquistar cora\u00e7\u00f5es logo na primeira visita.<\/p>\n","protected":false},"excerpt":{"rendered":"<p>O estado de Alagoas \u00e9 frequentemente descrito como um \u201cpedacinho do para\u00edso\u201d no Brasil, e n\u00e3o \u00e9 por acaso.&nbsp; Com praias de \u00e1guas cristalinas, piscinas naturais, coqueirais e um clima acolhedor, o estado vem conquistando turistas do mundo todo e tamb\u00e9m celebridades.&nbsp; Entre os nomes que se renderam ao destino est\u00e3o o surfista Gabriel Medina [&hellip;]<\/p>\n","protected":false},"author":5,"featured_media":27139,"comment_status":"open","ping_status":"open","sticky":false,"template":"","format":"standard","meta":{"jnews-multi-image_gallery":[],"jnews_single_post":{"format":"standard"},"jnews_primary_category":[],"jnews_override_counter":[],"jnews_post_split":[],"footnotes":""},"categories":[1],"tags":[4888,4889,4891,4890],"class_list":["post-27138","post","type-post","status-publish","format-standard","has-post-thumbnail","hentry","category-geral","tag-alagoas","tag-bruna-marquezine","tag-gabriel-medina","tag-shawn-mendes"],"yoast_head":"<!-- This site is optimized with the Yoast SEO plugin v25.0 - https:\/\/yoast.com\/wordpress\/plugins\/seo\/ -->\n<title>O &quot;pedacinho&quot; do Brasil com belas praias que fez Gabriel Medina e Bruna Marquezine se apaixonarem<\/title>\n<meta name=\"robots\" content=\"index, follow, max-snippet:-1, max-image-preview:large, max-video-preview:-1\" \/>\n<link rel=\"canonical\" href=\"https:\/\/crusoe.audiencelabs.com.br\/o-pedacinho-do-brasil-com-belas-praias-que-fez-gabriel-medina-e-bruna-marquezine-se-apaixonarem\/\" \/>\n<meta property=\"og:locale\" content=\"pt_BR\" \/>\n<meta property=\"og:type\" content=\"article\" \/>\n<meta property=\"og:title\" content=\"O &quot;pedacinho&quot; do Brasil com belas praias que fez Gabriel Medina e Bruna Marquezine se apaixonarem\" \/>\n<meta property=\"og:description\" content=\"O estado de Alagoas \u00e9 frequentemente descrito como um \u201cpedacinho do para\u00edso\u201d no Brasil, e n\u00e3o \u00e9 por acaso.&nbsp; Com praias de \u00e1guas cristalinas, piscinas naturais, coqueirais e um clima acolhedor, o estado vem conquistando turistas do mundo todo e tamb\u00e9m celebridades.&nbsp; Entre os nomes que se renderam ao destino est\u00e3o o surfista Gabriel Medina [&hellip;]\" \/>\n<meta property=\"og:url\" content=\"https:\/\/crusoe.audiencelabs.com.br\/o-pedacinho-do-brasil-com-belas-praias-que-fez-gabriel-medina-e-bruna-marquezine-se-apaixonarem\/\" \/>\n<meta property=\"og:site_name\" content=\"Variedades - Cruso\u00e9\" \/>\n<meta property=\"article:published_time\" content=\"2026-01-06T10:30:00+00:00\" \/>\n<meta property=\"og:image\" content=\"https:\/\/cdn.crusoe.com.br\/uploads\/2026\/01\/brunaalagoas-e1767614058876.jpg\" \/>\n\t<meta property=\"og:image:width\" content=\"1080\" \/>\n\t<meta property=\"og:image:height\" content=\"736\" \/>\n\t<meta property=\"og:image:type\" content=\"image\/jpeg\" \/>\n<meta name=\"author\" content=\"Milena Armando\" \/>\n<meta name=\"twitter:card\" content=\"summary_large_image\" \/>\n<meta name=\"twitter:label1\" content=\"Escrito por\" \/>\n\t<meta name=\"twitter:data1\" content=\"Milena Armando\" \/>\n\t<meta name=\"twitter:label2\" content=\"Est. tempo de leitura\" \/>\n\t<meta name=\"twitter:data2\" content=\"3 minutos\" \/>\n<script type=\"application\/ld+json\" class=\"yoast-schema-graph\">{\"@context\":\"https:\/\/schema.org\",\"@graph\":[{\"@type\":\"WebPage\",\"@id\":\"https:\/\/crusoe.audiencelabs.com.br\/o-pedacinho-do-brasil-com-belas-praias-que-fez-gabriel-medina-e-bruna-marquezine-se-apaixonarem\/\",\"url\":\"https:\/\/crusoe.audiencelabs.com.br\/o-pedacinho-do-brasil-com-belas-praias-que-fez-gabriel-medina-e-bruna-marquezine-se-apaixonarem\/\",\"name\":\"O \\\"pedacinho\\\" do Brasil com belas praias que fez Gabriel Medina e Bruna Marquezine se apaixonarem\",\"isPartOf\":{\"@id\":\"https:\/\/crusoe.audiencelabs.com.br\/#website\"},\"primaryImageOfPage\":{\"@id\":\"https:\/\/crusoe.audiencelabs.com.br\/o-pedacinho-do-brasil-com-belas-praias-que-fez-gabriel-medina-e-bruna-marquezine-se-apaixonarem\/#primaryimage\"},\"image\":{\"@id\":\"https:\/\/crusoe.audiencelabs.com.br\/o-pedacinho-do-brasil-com-belas-praias-que-fez-gabriel-medina-e-bruna-marquezine-se-apaixonarem\/#primaryimage\"},\"thumbnailUrl\":\"https:\/\/cdn.crusoe.com.br\/uploads\/2026\/01\/brunaalagoas-e1767614058876.jpg\",\"datePublished\":\"2026-01-06T10:30:00+00:00\",\"author\":{\"@id\":\"https:\/\/crusoe.audiencelabs.com.br\/#\/schema\/person\/f87f73cfe89e5360de2c006bd4bd6a74\"},\"breadcrumb\":{\"@id\":\"https:\/\/crusoe.audiencelabs.com.br\/o-pedacinho-do-brasil-com-belas-praias-que-fez-gabriel-medina-e-bruna-marquezine-se-apaixonarem\/#breadcrumb\"},\"inLanguage\":\"pt-BR\",\"potentialAction\":[{\"@type\":\"ReadAction\",\"target\":[\"https:\/\/crusoe.audiencelabs.com.br\/o-pedacinho-do-brasil-com-belas-praias-que-fez-gabriel-medina-e-bruna-marquezine-se-apaixonarem\/\"]}]},{\"@type\":\"ImageObject\",\"inLanguage\":\"pt-BR\",\"@id\":\"https:\/\/crusoe.audiencelabs.com.br\/o-pedacinho-do-brasil-com-belas-praias-que-fez-gabriel-medina-e-bruna-marquezine-se-apaixonarem\/#primaryimage\",\"url\":\"https:\/\/cdn.crusoe.com.br\/uploads\/2026\/01\/brunaalagoas-e1767614058876.jpg\",\"contentUrl\":\"https:\/\/cdn.crusoe.com.br\/uploads\/2026\/01\/brunaalagoas-e1767614058876.jpg\",\"width\":1080,\"height\":736,\"caption\":\"Foto: Alo Alo Bahia\"},{\"@type\":\"BreadcrumbList\",\"@id\":\"https:\/\/crusoe.audiencelabs.com.br\/o-pedacinho-do-brasil-com-belas-praias-que-fez-gabriel-medina-e-bruna-marquezine-se-apaixonarem\/#breadcrumb\",\"itemListElement\":[{\"@type\":\"ListItem\",\"position\":1,\"name\":\"Home\",\"item\":\"https:\/\/crusoe.audiencelabs.com.br\/\"},{\"@type\":\"ListItem\",\"position\":2,\"name\":\"O &#8220;pedacinho&#8221; do Brasil com belas praias que fez Gabriel Medina e Bruna Marquezine se apaixonarem\"}]},{\"@type\":\"WebSite\",\"@id\":\"https:\/\/crusoe.audiencelabs.com.br\/#website\",\"url\":\"https:\/\/crusoe.audiencelabs.com.br\/\",\"name\":\"Variedades - Cruso\u00e9\",\"description\":\"\",\"potentialAction\":[{\"@type\":\"SearchAction\",\"target\":{\"@type\":\"EntryPoint\",\"urlTemplate\":\"https:\/\/crusoe.audiencelabs.com.br\/?s={search_term_string}\"},\"query-input\":{\"@type\":\"PropertyValueSpecification\",\"valueRequired\":true,\"valueName\":\"search_term_string\"}}],\"inLanguage\":\"pt-BR\"},{\"@type\":\"Person\",\"@id\":\"https:\/\/crusoe.audiencelabs.com.br\/#\/schema\/person\/f87f73cfe89e5360de2c006bd4bd6a74\",\"name\":\"Milena Armando\",\"image\":{\"@type\":\"ImageObject\",\"inLanguage\":\"pt-BR\",\"@id\":\"https:\/\/crusoe.audiencelabs.com.br\/#\/schema\/person\/image\/\",\"url\":\"https:\/\/secure.gravatar.com\/avatar\/ea14ecddc9e9d202b698b18f9f69e09c9fd74cfbed5c6008d55f11faefdbdab7?s=96&d=mm&r=g\",\"contentUrl\":\"https:\/\/secure.gravatar.com\/avatar\/ea14ecddc9e9d202b698b18f9f69e09c9fd74cfbed5c6008d55f11faefdbdab7?s=96&d=mm&r=g\",\"caption\":\"Milena Armando\"},\"description\":\"Jornalista, redatora e revisora.\",\"url\":\"https:\/\/crusoe.audiencelabs.com.br\/author\/milena\/\"}]}<\/script>\n<!-- \/ Yoast SEO plugin. -->","yoast_head_json":{"title":"O \"pedacinho\" do Brasil com belas praias que fez Gabriel Medina e Bruna Marquezine se apaixonarem","robots":{"index":"index","follow":"follow","max-snippet":"max-snippet:-1","max-image-preview":"max-image-preview:large","max-video-preview":"max-video-preview:-1"},"canonical":"https:\/\/crusoe.audiencelabs.com.br\/o-pedacinho-do-brasil-com-belas-praias-que-fez-gabriel-medina-e-bruna-marquezine-se-apaixonarem\/","og_locale":"pt_BR","og_type":"article","og_title":"O \"pedacinho\" do Brasil com belas praias que fez Gabriel Medina e Bruna Marquezine se apaixonarem","og_description":"O estado de Alagoas \u00e9 frequentemente descrito como um \u201cpedacinho do para\u00edso\u201d no Brasil, e n\u00e3o \u00e9 por acaso.&nbsp; Com praias de \u00e1guas cristalinas, piscinas naturais, coqueirais e um clima acolhedor, o estado vem conquistando turistas do mundo todo e tamb\u00e9m celebridades.&nbsp; Entre os nomes que se renderam ao destino est\u00e3o o surfista Gabriel Medina [&hellip;]","og_url":"https:\/\/crusoe.audiencelabs.com.br\/o-pedacinho-do-brasil-com-belas-praias-que-fez-gabriel-medina-e-bruna-marquezine-se-apaixonarem\/","og_site_name":"Variedades - Cruso\u00e9","article_published_time":"2026-01-06T10:30:00+00:00","og_image":[{"width":1080,"height":736,"url":"https:\/\/cdn.crusoe.com.br\/uploads\/2026\/01\/brunaalagoas-e1767614058876.jpg","type":"image\/jpeg"}],"author":"Milena Armando","twitter_card":"summary_large_image","twitter_misc":{"Escrito por":"Milena Armando","Est. tempo de leitura":"3 minutos"},"schema":{"@context":"https:\/\/schema.org","@graph":[{"@type":"WebPage","@id":"https:\/\/crusoe.audiencelabs.com.br\/o-pedacinho-do-brasil-com-belas-praias-que-fez-gabriel-medina-e-bruna-marquezine-se-apaixonarem\/","url":"https:\/\/crusoe.audiencelabs.com.br\/o-pedacinho-do-brasil-com-belas-praias-que-fez-gabriel-medina-e-bruna-marquezine-se-apaixonarem\/","name":"O \"pedacinho\" do Brasil com belas praias que fez Gabriel Medina e Bruna Marquezine se apaixonarem","isPartOf":{"@id":"https:\/\/crusoe.audiencelabs.com.br\/#website"},"primaryImageOfPage":{"@id":"https:\/\/crusoe.audiencelabs.com.br\/o-pedacinho-do-brasil-com-belas-praias-que-fez-gabriel-medina-e-bruna-marquezine-se-apaixonarem\/#primaryimage"},"image":{"@id":"https:\/\/crusoe.audiencelabs.com.br\/o-pedacinho-do-brasil-com-belas-praias-que-fez-gabriel-medina-e-bruna-marquezine-se-apaixonarem\/#primaryimage"},"thumbnailUrl":"https:\/\/cdn.crusoe.com.br\/uploads\/2026\/01\/brunaalagoas-e1767614058876.jpg","datePublished":"2026-01-06T10:30:00+00:00","author":{"@id":"https:\/\/crusoe.audiencelabs.com.br\/#\/schema\/person\/f87f73cfe89e5360de2c006bd4bd6a74"},"breadcrumb":{"@id":"https:\/\/crusoe.audiencelabs.com.br\/o-pedacinho-do-brasil-com-belas-praias-que-fez-gabriel-medina-e-bruna-marquezine-se-apaixonarem\/#breadcrumb"},"inLanguage":"pt-BR","potentialAction":[{"@type":"ReadAction","target":["https:\/\/crusoe.audiencelabs.com.br\/o-pedacinho-do-brasil-com-belas-praias-que-fez-gabriel-medina-e-bruna-marquezine-se-apaixonarem\/"]}]},{"@type":"ImageObject","inLanguage":"pt-BR","@id":"https:\/\/crusoe.audiencelabs.com.br\/o-pedacinho-do-brasil-com-belas-praias-que-fez-gabriel-medina-e-bruna-marquezine-se-apaixonarem\/#primaryimage","url":"https:\/\/cdn.crusoe.com.br\/uploads\/2026\/01\/brunaalagoas-e1767614058876.jpg","contentUrl":"https:\/\/cdn.crusoe.com.br\/uploads\/2026\/01\/brunaalagoas-e1767614058876.jpg","width":1080,"height":736,"caption":"Foto: Alo Alo Bahia"},{"@type":"BreadcrumbList","@id":"https:\/\/crusoe.audiencelabs.com.br\/o-pedacinho-do-brasil-com-belas-praias-que-fez-gabriel-medina-e-bruna-marquezine-se-apaixonarem\/#breadcrumb","itemListElement":[{"@type":"ListItem","position":1,"name":"Home","item":"https:\/\/crusoe.audiencelabs.com.br\/"},{"@type":"ListItem","position":2,"name":"O &#8220;pedacinho&#8221; do Brasil com belas praias que fez Gabriel Medina e Bruna Marquezine se apaixonarem"}]},{"@type":"WebSite","@id":"https:\/\/crusoe.audiencelabs.com.br\/#website","url":"https:\/\/crusoe.audiencelabs.com.br\/","name":"Variedades - Cruso\u00e9","description":"","potentialAction":[{"@type":"SearchAction","target":{"@type":"EntryPoint","urlTemplate":"https:\/\/crusoe.audiencelabs.com.br\/?s={search_term_string}"},"query-input":{"@type":"PropertyValueSpecification","valueRequired":true,"valueName":"search_term_string"}}],"inLanguage":"pt-BR"},{"@type":"Person","@id":"https:\/\/crusoe.audiencelabs.com.br\/#\/schema\/person\/f87f73cfe89e5360de2c006bd4bd6a74","name":"Milena Armando","image":{"@type":"ImageObject","inLanguage":"pt-BR","@id":"https:\/\/crusoe.audiencelabs.com.br\/#\/schema\/person\/image\/","url":"https:\/\/secure.gravatar.com\/avatar\/ea14ecddc9e9d202b698b18f9f69e09c9fd74cfbed5c6008d55f11faefdbdab7?s=96&d=mm&r=g","contentUrl":"https:\/\/secure.gravatar.com\/avatar\/ea14ecddc9e9d202b698b18f9f69e09c9fd74cfbed5c6008d55f11faefdbdab7?s=96&d=mm&r=g","caption":"Milena Armando"},"description":"Jornalista, redatora e revisora.","url":"https:\/\/crusoe.audiencelabs.com.br\/author\/milena\/"}]}},"_links":{"self":[{"href":"https:\/\/crusoe.audiencelabs.com.br\/wp-json\/wp\/v2\/posts\/27138","targetHints":{"allow":["GET"]}}],"collection":[{"href":"https:\/\/crusoe.audiencelabs.com.br\/wp-json\/wp\/v2\/posts"}],"about":[{"href":"https:\/\/crusoe.audiencelabs.com.br\/wp-json\/wp\/v2\/types\/post"}],"author":[{"embeddable":true,"href":"https:\/\/crusoe.audiencelabs.com.br\/wp-json\/wp\/v2\/users\/5"}],"replies":[{"embeddable":true,"href":"https:\/\/crusoe.audiencelabs.com.br\/wp-json\/wp\/v2\/comments?post=27138"}],"version-history":[{"count":2,"href":"https:\/\/crusoe.audiencelabs.com.br\/wp-json\/wp\/v2\/posts\/27138\/revisions"}],"predecessor-version":[{"id":27198,"href":"https:\/\/crusoe.audiencelabs.com.br\/wp-json\/wp\/v2\/posts\/27138\/revisions\/27198"}],"wp:featuredmedia":[{"embeddable":true,"href":"https:\/\/crusoe.audiencelabs.com.br\/wp-json\/wp\/v2\/media\/27139"}],"wp:attachment":[{"href":"https:\/\/crusoe.audiencelabs.com.br\/wp-json\/wp\/v2\/media?parent=27138"}],"wp:term":[{"taxonomy":"category","embeddable":true,"href":"https:\/\/crusoe.audiencelabs.com.br\/wp-json\/wp\/v2\/categories?post=27138"},{"taxonomy":"post_tag","embeddable":true,"href":"https:\/\/crusoe.audiencelabs.com.br\/wp-json\/wp\/v2\/tags?post=27138"}],"curies":[{"name":"wp","href":"https:\/\/api.w.org\/{rel}","templated":true}]}}