{"id":2689,"date":"2025-06-18T18:04:39","date_gmt":"2025-06-18T21:04:39","guid":{"rendered":"https:\/\/crusoe.com.br\/variedades\/?p=2689"},"modified":"2025-06-18T18:04:42","modified_gmt":"2025-06-18T21:04:42","slug":"aneel-aprova-reducao-nas-contas-de-luz","status":"publish","type":"post","link":"https:\/\/crusoe.audiencelabs.com.br\/aneel-aprova-reducao-nas-contas-de-luz\/","title":{"rendered":"Aneel aprova redu\u00e7\u00e3o nas contas de luz"},"content":{"rendered":"\n<p>Uma nova decis\u00e3o tomada pela <strong>Ag\u00eancia Nacional de Energia El\u00e9trica (Aneel)<\/strong> em uma reuni\u00e3o realizada nesta ter\u00e7a-feira (17) certamente animar\u00e1 os clientes da <strong>Light<\/strong>.<\/p>\n\n\n\n<p>Isso porque as contas da distribuidora de energia el\u00e9trica, que atua na Regi\u00e3o Metropolitana do Rio de Janeiro, ter\u00e3o uma <strong>redu\u00e7\u00e3o m\u00e9dia de 2,52% <\/strong>a partir do pr\u00f3ximo m\u00eas.<\/p>\n\n\n\n<p>O valor \u00e9 referente destacado \u00e9 exclusivo para clientes residenciais. No caso de consumidores industriais (alta tens\u00e3o), a redu\u00e7\u00e3o ser\u00e1 de 0,52%.<\/p>\n\n\n\n<p>As novas tarifas j\u00e1 ser\u00e3o v\u00e1lidas para as <strong>faturas com vencimento em julho<\/strong>, garantindo assim um reajuste praticamente imediato nas mensalidades.<\/p>\n\n\n\n<h2 class=\"wp-block-heading\">O que motivou a redu\u00e7\u00e3o nas contas de luz?<\/h2>\n\n\n\n<p>O reajuste anual das tarifas de energia geralmente ocorre em mar\u00e7o de cada ano. Contudo, por conta de diverg\u00eancias na diretoria da Aneel, a decis\u00e3o acabou sendo adiada.<\/p>\n\n\n\n<p>Os debates giraram em torno de um mecanismo regulat\u00f3rio que poderia ter gerado uma redu\u00e7\u00e3o de at\u00e9 13% nas tarifas de baixa tens\u00e3o ainda em 2025, mas que resultaria em sequelas no pr\u00f3ximo ano.<\/p>\n\n\n\n<p>Sendo assim, para evitar futuras oscila\u00e7\u00f5es bruscas na conta de luz, a ag\u00eancia aprovou uma queda moderada, que pode manter a tarifa est\u00e1vel e a valores mais agrad\u00e1veis.<\/p>\n\n\n\n<h2 class=\"wp-block-heading\">Quanto a redu\u00e7\u00e3o nas contas de luz diminuir\u00e1 na pr\u00e1tica?<\/h2>\n\n\n\n<p>Apesar de ter ficado abaixo das expectativas, ainda assim o desconto foi muito bem aceito pelos consumidores. Contudo muitas pessoas ainda n\u00e3o sabem o quanto de diferen\u00e7a ele realmente far\u00e1 na conta de luz.<\/p>\n\n\n\n<p>Sendo assim, para facilitar o entendimento, considerando a redu\u00e7\u00e3o de 2,52% uma fam\u00edlia que paga cerca de\u00a0R$ 300 de conta de luz atualmente poder\u00e1 economizar <strong>por volta de R$ 7,50 por m\u00eas<\/strong> (via Seu Cr\u00e9dito Digital).<\/p>\n\n\n\n<p>Em propor\u00e7\u00f5es mensais, o impacto n\u00e3o parece ter tanta signific\u00e2ncia. Contudo, levando em considera\u00e7\u00e3o os gastos anuais, a soma dos valores totaliza resultados bem mais relevantes.<\/p>\n","protected":false},"excerpt":{"rendered":"<p>Uma nova decis\u00e3o tomada pela Ag\u00eancia Nacional de Energia El\u00e9trica (Aneel) em uma reuni\u00e3o realizada nesta ter\u00e7a-feira (17) certamente animar\u00e1 os clientes da Light. Isso porque as contas da distribuidora de energia el\u00e9trica, que atua na Regi\u00e3o Metropolitana do Rio de Janeiro, ter\u00e3o uma redu\u00e7\u00e3o m\u00e9dia de 2,52% a partir do pr\u00f3ximo m\u00eas. O valor [&hellip;]<\/p>\n","protected":false},"author":7,"featured_media":2690,"comment_status":"open","ping_status":"open","sticky":false,"template":"","format":"standard","meta":{"jnews-multi-image_gallery":[],"jnews_single_post":{"format":"standard"},"jnews_primary_category":[],"jnews_override_counter":[],"jnews_post_split":[],"footnotes":""},"categories":[1],"tags":[],"class_list":["post-2689","post","type-post","status-publish","format-standard","has-post-thumbnail","hentry","category-geral"],"yoast_head":"<!-- This site is optimized with the Yoast SEO plugin v25.0 - https:\/\/yoast.com\/wordpress\/plugins\/seo\/ -->\n<title>Aneel aprova redu\u00e7\u00e3o nas contas de luz<\/title>\n<meta name=\"robots\" content=\"index, follow, max-snippet:-1, max-image-preview:large, max-video-preview:-1\" \/>\n<link rel=\"canonical\" href=\"https:\/\/crusoe.audiencelabs.com.br\/aneel-aprova-reducao-nas-contas-de-luz\/\" \/>\n<meta property=\"og:locale\" content=\"pt_BR\" \/>\n<meta property=\"og:type\" content=\"article\" \/>\n<meta property=\"og:title\" content=\"Aneel aprova redu\u00e7\u00e3o nas contas de luz\" \/>\n<meta property=\"og:description\" content=\"Uma nova decis\u00e3o tomada pela Ag\u00eancia Nacional de Energia El\u00e9trica (Aneel) em uma reuni\u00e3o realizada nesta ter\u00e7a-feira (17) certamente animar\u00e1 os clientes da Light. Isso porque as contas da distribuidora de energia el\u00e9trica, que atua na Regi\u00e3o Metropolitana do Rio de Janeiro, ter\u00e3o uma redu\u00e7\u00e3o m\u00e9dia de 2,52% a partir do pr\u00f3ximo m\u00eas. O valor [&hellip;]\" \/>\n<meta property=\"og:url\" content=\"https:\/\/crusoe.audiencelabs.com.br\/aneel-aprova-reducao-nas-contas-de-luz\/\" \/>\n<meta property=\"og:site_name\" content=\"Variedades - Cruso\u00e9\" \/>\n<meta property=\"article:published_time\" content=\"2025-06-18T21:04:39+00:00\" \/>\n<meta property=\"article:modified_time\" content=\"2025-06-18T21:04:42+00:00\" \/>\n<meta property=\"og:image\" content=\"https:\/\/cdn.crusoe.com.br\/uploads\/2025\/06\/aneel-reducao-conta-de-luz.webp\" \/>\n\t<meta property=\"og:image:width\" content=\"1280\" \/>\n\t<meta property=\"og:image:height\" content=\"720\" \/>\n\t<meta property=\"og:image:type\" content=\"image\/webp\" \/>\n<meta name=\"author\" content=\"Jo\u00e3o Carlos Gomes\" \/>\n<meta name=\"twitter:card\" content=\"summary_large_image\" \/>\n<meta name=\"twitter:label1\" content=\"Escrito por\" \/>\n\t<meta name=\"twitter:data1\" content=\"Jo\u00e3o Carlos Gomes\" \/>\n\t<meta name=\"twitter:label2\" content=\"Est. tempo de leitura\" \/>\n\t<meta name=\"twitter:data2\" content=\"2 minutos\" \/>\n<script type=\"application\/ld+json\" class=\"yoast-schema-graph\">{\"@context\":\"https:\/\/schema.org\",\"@graph\":[{\"@type\":\"WebPage\",\"@id\":\"https:\/\/crusoe.audiencelabs.com.br\/aneel-aprova-reducao-nas-contas-de-luz\/\",\"url\":\"https:\/\/crusoe.audiencelabs.com.br\/aneel-aprova-reducao-nas-contas-de-luz\/\",\"name\":\"Aneel aprova redu\u00e7\u00e3o nas contas de luz\",\"isPartOf\":{\"@id\":\"https:\/\/crusoe.audiencelabs.com.br\/#website\"},\"primaryImageOfPage\":{\"@id\":\"https:\/\/crusoe.audiencelabs.com.br\/aneel-aprova-reducao-nas-contas-de-luz\/#primaryimage\"},\"image\":{\"@id\":\"https:\/\/crusoe.audiencelabs.com.br\/aneel-aprova-reducao-nas-contas-de-luz\/#primaryimage\"},\"thumbnailUrl\":\"https:\/\/cdn.crusoe.com.br\/uploads\/2025\/06\/aneel-reducao-conta-de-luz.webp\",\"datePublished\":\"2025-06-18T21:04:39+00:00\",\"dateModified\":\"2025-06-18T21:04:42+00:00\",\"author\":{\"@id\":\"https:\/\/crusoe.audiencelabs.com.br\/#\/schema\/person\/4a23399b23149df2eab6637fd2fd2bfc\"},\"breadcrumb\":{\"@id\":\"https:\/\/crusoe.audiencelabs.com.br\/aneel-aprova-reducao-nas-contas-de-luz\/#breadcrumb\"},\"inLanguage\":\"pt-BR\",\"potentialAction\":[{\"@type\":\"ReadAction\",\"target\":[\"https:\/\/crusoe.audiencelabs.com.br\/aneel-aprova-reducao-nas-contas-de-luz\/\"]}]},{\"@type\":\"ImageObject\",\"inLanguage\":\"pt-BR\",\"@id\":\"https:\/\/crusoe.audiencelabs.com.br\/aneel-aprova-reducao-nas-contas-de-luz\/#primaryimage\",\"url\":\"https:\/\/cdn.crusoe.com.br\/uploads\/2025\/06\/aneel-reducao-conta-de-luz.webp\",\"contentUrl\":\"https:\/\/cdn.crusoe.com.br\/uploads\/2025\/06\/aneel-reducao-conta-de-luz.webp\",\"width\":1280,\"height\":720,\"caption\":\"Foto: Marcello Casal Jr\/Ag\u00eancia Brasil\"},{\"@type\":\"BreadcrumbList\",\"@id\":\"https:\/\/crusoe.audiencelabs.com.br\/aneel-aprova-reducao-nas-contas-de-luz\/#breadcrumb\",\"itemListElement\":[{\"@type\":\"ListItem\",\"position\":1,\"name\":\"Home\",\"item\":\"https:\/\/crusoe.audiencelabs.com.br\/\"},{\"@type\":\"ListItem\",\"position\":2,\"name\":\"Aneel aprova redu\u00e7\u00e3o nas contas de luz\"}]},{\"@type\":\"WebSite\",\"@id\":\"https:\/\/crusoe.audiencelabs.com.br\/#website\",\"url\":\"https:\/\/crusoe.audiencelabs.com.br\/\",\"name\":\"Variedades - Cruso\u00e9\",\"description\":\"\",\"potentialAction\":[{\"@type\":\"SearchAction\",\"target\":{\"@type\":\"EntryPoint\",\"urlTemplate\":\"https:\/\/crusoe.audiencelabs.com.br\/?s={search_term_string}\"},\"query-input\":{\"@type\":\"PropertyValueSpecification\",\"valueRequired\":true,\"valueName\":\"search_term_string\"}}],\"inLanguage\":\"pt-BR\"},{\"@type\":\"Person\",\"@id\":\"https:\/\/crusoe.audiencelabs.com.br\/#\/schema\/person\/4a23399b23149df2eab6637fd2fd2bfc\",\"name\":\"Jo\u00e3o Carlos Gomes\",\"image\":{\"@type\":\"ImageObject\",\"inLanguage\":\"pt-BR\",\"@id\":\"https:\/\/crusoe.audiencelabs.com.br\/#\/schema\/person\/image\/\",\"url\":\"https:\/\/secure.gravatar.com\/avatar\/4ce4672dbdd694b329cd6fdb51bee7d1409be1f0ff76a537e4c4a737b2c7d1a9?s=96&d=mm&r=g\",\"contentUrl\":\"https:\/\/secure.gravatar.com\/avatar\/4ce4672dbdd694b329cd6fdb51bee7d1409be1f0ff76a537e4c4a737b2c7d1a9?s=96&d=mm&r=g\",\"caption\":\"Jo\u00e3o Carlos Gomes\"},\"description\":\"Jornalista, criador de conte\u00fado e m\u00fasico independente nas horas vagas.\",\"url\":\"https:\/\/crusoe.audiencelabs.com.br\/author\/joaoc-junior66\/\"}]}<\/script>\n<!-- \/ Yoast SEO plugin. -->","yoast_head_json":{"title":"Aneel aprova redu\u00e7\u00e3o nas contas de luz","robots":{"index":"index","follow":"follow","max-snippet":"max-snippet:-1","max-image-preview":"max-image-preview:large","max-video-preview":"max-video-preview:-1"},"canonical":"https:\/\/crusoe.audiencelabs.com.br\/aneel-aprova-reducao-nas-contas-de-luz\/","og_locale":"pt_BR","og_type":"article","og_title":"Aneel aprova redu\u00e7\u00e3o nas contas de luz","og_description":"Uma nova decis\u00e3o tomada pela Ag\u00eancia Nacional de Energia El\u00e9trica (Aneel) em uma reuni\u00e3o realizada nesta ter\u00e7a-feira (17) certamente animar\u00e1 os clientes da Light. Isso porque as contas da distribuidora de energia el\u00e9trica, que atua na Regi\u00e3o Metropolitana do Rio de Janeiro, ter\u00e3o uma redu\u00e7\u00e3o m\u00e9dia de 2,52% a partir do pr\u00f3ximo m\u00eas. O valor [&hellip;]","og_url":"https:\/\/crusoe.audiencelabs.com.br\/aneel-aprova-reducao-nas-contas-de-luz\/","og_site_name":"Variedades - Cruso\u00e9","article_published_time":"2025-06-18T21:04:39+00:00","article_modified_time":"2025-06-18T21:04:42+00:00","og_image":[{"width":1280,"height":720,"url":"https:\/\/cdn.crusoe.com.br\/uploads\/2025\/06\/aneel-reducao-conta-de-luz.webp","type":"image\/webp"}],"author":"Jo\u00e3o Carlos Gomes","twitter_card":"summary_large_image","twitter_misc":{"Escrito por":"Jo\u00e3o Carlos Gomes","Est. tempo de leitura":"2 minutos"},"schema":{"@context":"https:\/\/schema.org","@graph":[{"@type":"WebPage","@id":"https:\/\/crusoe.audiencelabs.com.br\/aneel-aprova-reducao-nas-contas-de-luz\/","url":"https:\/\/crusoe.audiencelabs.com.br\/aneel-aprova-reducao-nas-contas-de-luz\/","name":"Aneel aprova redu\u00e7\u00e3o nas contas de luz","isPartOf":{"@id":"https:\/\/crusoe.audiencelabs.com.br\/#website"},"primaryImageOfPage":{"@id":"https:\/\/crusoe.audiencelabs.com.br\/aneel-aprova-reducao-nas-contas-de-luz\/#primaryimage"},"image":{"@id":"https:\/\/crusoe.audiencelabs.com.br\/aneel-aprova-reducao-nas-contas-de-luz\/#primaryimage"},"thumbnailUrl":"https:\/\/cdn.crusoe.com.br\/uploads\/2025\/06\/aneel-reducao-conta-de-luz.webp","datePublished":"2025-06-18T21:04:39+00:00","dateModified":"2025-06-18T21:04:42+00:00","author":{"@id":"https:\/\/crusoe.audiencelabs.com.br\/#\/schema\/person\/4a23399b23149df2eab6637fd2fd2bfc"},"breadcrumb":{"@id":"https:\/\/crusoe.audiencelabs.com.br\/aneel-aprova-reducao-nas-contas-de-luz\/#breadcrumb"},"inLanguage":"pt-BR","potentialAction":[{"@type":"ReadAction","target":["https:\/\/crusoe.audiencelabs.com.br\/aneel-aprova-reducao-nas-contas-de-luz\/"]}]},{"@type":"ImageObject","inLanguage":"pt-BR","@id":"https:\/\/crusoe.audiencelabs.com.br\/aneel-aprova-reducao-nas-contas-de-luz\/#primaryimage","url":"https:\/\/cdn.crusoe.com.br\/uploads\/2025\/06\/aneel-reducao-conta-de-luz.webp","contentUrl":"https:\/\/cdn.crusoe.com.br\/uploads\/2025\/06\/aneel-reducao-conta-de-luz.webp","width":1280,"height":720,"caption":"Foto: Marcello Casal Jr\/Ag\u00eancia Brasil"},{"@type":"BreadcrumbList","@id":"https:\/\/crusoe.audiencelabs.com.br\/aneel-aprova-reducao-nas-contas-de-luz\/#breadcrumb","itemListElement":[{"@type":"ListItem","position":1,"name":"Home","item":"https:\/\/crusoe.audiencelabs.com.br\/"},{"@type":"ListItem","position":2,"name":"Aneel aprova redu\u00e7\u00e3o nas contas de luz"}]},{"@type":"WebSite","@id":"https:\/\/crusoe.audiencelabs.com.br\/#website","url":"https:\/\/crusoe.audiencelabs.com.br\/","name":"Variedades - Cruso\u00e9","description":"","potentialAction":[{"@type":"SearchAction","target":{"@type":"EntryPoint","urlTemplate":"https:\/\/crusoe.audiencelabs.com.br\/?s={search_term_string}"},"query-input":{"@type":"PropertyValueSpecification","valueRequired":true,"valueName":"search_term_string"}}],"inLanguage":"pt-BR"},{"@type":"Person","@id":"https:\/\/crusoe.audiencelabs.com.br\/#\/schema\/person\/4a23399b23149df2eab6637fd2fd2bfc","name":"Jo\u00e3o Carlos Gomes","image":{"@type":"ImageObject","inLanguage":"pt-BR","@id":"https:\/\/crusoe.audiencelabs.com.br\/#\/schema\/person\/image\/","url":"https:\/\/secure.gravatar.com\/avatar\/4ce4672dbdd694b329cd6fdb51bee7d1409be1f0ff76a537e4c4a737b2c7d1a9?s=96&d=mm&r=g","contentUrl":"https:\/\/secure.gravatar.com\/avatar\/4ce4672dbdd694b329cd6fdb51bee7d1409be1f0ff76a537e4c4a737b2c7d1a9?s=96&d=mm&r=g","caption":"Jo\u00e3o Carlos Gomes"},"description":"Jornalista, criador de conte\u00fado e m\u00fasico independente nas horas vagas.","url":"https:\/\/crusoe.audiencelabs.com.br\/author\/joaoc-junior66\/"}]}},"_links":{"self":[{"href":"https:\/\/crusoe.audiencelabs.com.br\/wp-json\/wp\/v2\/posts\/2689","targetHints":{"allow":["GET"]}}],"collection":[{"href":"https:\/\/crusoe.audiencelabs.com.br\/wp-json\/wp\/v2\/posts"}],"about":[{"href":"https:\/\/crusoe.audiencelabs.com.br\/wp-json\/wp\/v2\/types\/post"}],"author":[{"embeddable":true,"href":"https:\/\/crusoe.audiencelabs.com.br\/wp-json\/wp\/v2\/users\/7"}],"replies":[{"embeddable":true,"href":"https:\/\/crusoe.audiencelabs.com.br\/wp-json\/wp\/v2\/comments?post=2689"}],"version-history":[{"count":1,"href":"https:\/\/crusoe.audiencelabs.com.br\/wp-json\/wp\/v2\/posts\/2689\/revisions"}],"predecessor-version":[{"id":2691,"href":"https:\/\/crusoe.audiencelabs.com.br\/wp-json\/wp\/v2\/posts\/2689\/revisions\/2691"}],"wp:featuredmedia":[{"embeddable":true,"href":"https:\/\/crusoe.audiencelabs.com.br\/wp-json\/wp\/v2\/media\/2690"}],"wp:attachment":[{"href":"https:\/\/crusoe.audiencelabs.com.br\/wp-json\/wp\/v2\/media?parent=2689"}],"wp:term":[{"taxonomy":"category","embeddable":true,"href":"https:\/\/crusoe.audiencelabs.com.br\/wp-json\/wp\/v2\/categories?post=2689"},{"taxonomy":"post_tag","embeddable":true,"href":"https:\/\/crusoe.audiencelabs.com.br\/wp-json\/wp\/v2\/tags?post=2689"}],"curies":[{"name":"wp","href":"https:\/\/api.w.org\/{rel}","templated":true}]}}