{"id":26354,"date":"2025-12-20T17:00:00","date_gmt":"2025-12-20T20:00:00","guid":{"rendered":"https:\/\/crusoe.audiencelabs.com.br\/?p=26354"},"modified":"2025-12-16T12:25:28","modified_gmt":"2025-12-16T15:25:28","slug":"eu-entendi-tarde-demais-por-que-nunca-se-deve-reutilizar-garrafas-plasticas","status":"publish","type":"post","link":"https:\/\/crusoe.audiencelabs.com.br\/eu-entendi-tarde-demais-por-que-nunca-se-deve-reutilizar-garrafas-plasticas\/","title":{"rendered":"Eu entendi tarde demais por que nunca se deve reutilizar garrafas pl\u00e1sticas"},"content":{"rendered":"\n<p>Para muitas pessoas, a<strong> reciclagem de garrafas pl\u00e1sticas<\/strong> n\u00e3o ocorre apenas no momento do descarte, j\u00e1 que esses recipientes costumam ser reaproveitados para diferentes finalidades logo ap\u00f3s o uso original.<\/p>\n\n\n\n<p>Entretanto, apesar de parecer uma atitude inofensiva e ambientalmente respons\u00e1vel, especialistas de diferentes universidades e laborat\u00f3rios <strong>passaram a apontar para alguns riscos <\/strong>que a reutiliza\u00e7\u00e3o de garrafas de forma deliberada pode trazer.<\/p>\n\n\n\n<p>An\u00e1lises apontam que, entre os principais problemas, est\u00e1 a<strong> facilidade de prolifera\u00e7\u00e3o de bact\u00e9rias no pl\u00e1stico<\/strong>, com pelo menos 60% delas apresentando potencial para causar doen\u00e7as, incluindo infec\u00e7\u00f5es gastroentestinais e at\u00e9 mesmo de pele.<\/p>\n\n\n\n<p>Al\u00e9m disso, especialistas tamb\u00e9m alertaram sobre <strong>os perigos do pr\u00f3prio material que constitui muitas das garrafas em circula\u00e7\u00e3o<\/strong>, que pode migrar par a \u00e1gua quando o recipiente sofre desgastes ou exposi\u00e7\u00e3o ao calor.<\/p>\n\n\n\n<p>Com isso, fica claro que a reutiliza\u00e7\u00e3o imediata de garrafas pl\u00e1sticas<strong> n\u00e3o deve ser realizada de forma imediata<\/strong>, pois esse h\u00e1bito pode ser prejudicial ao organismo, causando danos que podem comprometer gravemente a sa\u00fade.<\/p>\n\n\n\n<h2 class=\"wp-block-heading\">Como reutilizar garrafas pl\u00e1sticas com seguran\u00e7a<\/h2>\n\n\n\n<p>Ainda segundo diversos especialistas, a melhor forma de se proteger dos efeitos prejudiciais que a reutiliza\u00e7\u00e3o de garrafas pl\u00e1sticas pode causar \u00e9 <strong>substitu\u00ed-las por recipientes desenvolvidos especificamente para uso cont\u00ednuo<\/strong>.<\/p>\n\n\n\n<p>Todavia, caso isso n\u00e3o seja poss\u00edvel, existem algumas pr\u00e1ticas que podem ajudar a minimizar parte dos riscos, reduzindo a exposi\u00e7\u00e3o aos agentes nocivos mencionados anteriormente. S\u00e3o elas:<\/p>\n\n\n\n<ul class=\"wp-block-list\">\n<li>Dar prefer\u00eancia a garrafas livres de Bisfenol A (BPA);<\/li>\n\n\n\n<li>N\u00e3o utilizar recipientes antigos, j\u00e1 deformados ou com cheiro alterado;<\/li>\n\n\n\n<li>Evitar expor a garrafa ao calor excessivo, inclusive durante a lavagem, para evitar que o pl\u00e1stico se deforme e libere compostos nocivos com mais facilidade;<\/li>\n\n\n\n<li>Lavar a garrafa ap\u00f3s cada uso com \u00e1gua morna e sab\u00e3o neutro;<\/li>\n\n\n\n<li>Inspecionar o recipiente regularmente, descartando modelos que apresentam arranh\u00f5es, deforma\u00e7\u00f5es ou qualquer outro problema sem sua estrutura.<\/li>\n<\/ul>\n","protected":false},"excerpt":{"rendered":"<p>Para muitas pessoas, a reciclagem de garrafas pl\u00e1sticas n\u00e3o ocorre apenas no momento do descarte, j\u00e1 que esses recipientes costumam ser reaproveitados para diferentes finalidades logo ap\u00f3s o uso original. Entretanto, apesar de parecer uma atitude inofensiva e ambientalmente respons\u00e1vel, especialistas de diferentes universidades e laborat\u00f3rios passaram a apontar para alguns riscos que a reutiliza\u00e7\u00e3o [&hellip;]<\/p>\n","protected":false},"author":7,"featured_media":26355,"comment_status":"open","ping_status":"open","sticky":false,"template":"","format":"standard","meta":{"jnews-multi-image_gallery":[],"jnews_single_post":{"format":"standard"},"jnews_primary_category":[],"jnews_override_counter":[],"jnews_post_split":[],"footnotes":""},"categories":[1],"tags":[],"class_list":["post-26354","post","type-post","status-publish","format-standard","has-post-thumbnail","hentry","category-geral"],"yoast_head":"<!-- This site is optimized with the Yoast SEO plugin v25.0 - https:\/\/yoast.com\/wordpress\/plugins\/seo\/ -->\n<title>Eu entendi tarde demais por que nunca se deve reutilizar garrafas pl\u00e1sticas<\/title>\n<meta name=\"robots\" content=\"index, follow, max-snippet:-1, max-image-preview:large, max-video-preview:-1\" \/>\n<link rel=\"canonical\" href=\"https:\/\/crusoe.audiencelabs.com.br\/eu-entendi-tarde-demais-por-que-nunca-se-deve-reutilizar-garrafas-plasticas\/\" \/>\n<meta property=\"og:locale\" content=\"pt_BR\" \/>\n<meta property=\"og:type\" content=\"article\" \/>\n<meta property=\"og:title\" content=\"Eu entendi tarde demais por que nunca se deve reutilizar garrafas pl\u00e1sticas\" \/>\n<meta property=\"og:description\" content=\"Para muitas pessoas, a reciclagem de garrafas pl\u00e1sticas n\u00e3o ocorre apenas no momento do descarte, j\u00e1 que esses recipientes costumam ser reaproveitados para diferentes finalidades logo ap\u00f3s o uso original. Entretanto, apesar de parecer uma atitude inofensiva e ambientalmente respons\u00e1vel, especialistas de diferentes universidades e laborat\u00f3rios passaram a apontar para alguns riscos que a reutiliza\u00e7\u00e3o [&hellip;]\" \/>\n<meta property=\"og:url\" content=\"https:\/\/crusoe.audiencelabs.com.br\/eu-entendi-tarde-demais-por-que-nunca-se-deve-reutilizar-garrafas-plasticas\/\" \/>\n<meta property=\"og:site_name\" content=\"Variedades - Cruso\u00e9\" \/>\n<meta property=\"article:published_time\" content=\"2025-12-20T20:00:00+00:00\" \/>\n<meta property=\"og:image\" content=\"https:\/\/cdn.crusoe.com.br\/uploads\/2025\/12\/entendi-tarde-demais-porque-nunca-se-deve-reutilizar-garrafas-plasticas.jpg\" \/>\n\t<meta property=\"og:image:width\" content=\"1920\" \/>\n\t<meta property=\"og:image:height\" content=\"1080\" \/>\n\t<meta property=\"og:image:type\" content=\"image\/jpeg\" \/>\n<meta name=\"author\" content=\"Jo\u00e3o Carlos Gomes\" \/>\n<meta name=\"twitter:card\" content=\"summary_large_image\" \/>\n<meta name=\"twitter:label1\" content=\"Escrito por\" \/>\n\t<meta name=\"twitter:data1\" content=\"Jo\u00e3o Carlos Gomes\" \/>\n\t<meta name=\"twitter:label2\" content=\"Est. tempo de leitura\" \/>\n\t<meta name=\"twitter:data2\" content=\"2 minutos\" \/>\n<script type=\"application\/ld+json\" class=\"yoast-schema-graph\">{\"@context\":\"https:\/\/schema.org\",\"@graph\":[{\"@type\":\"WebPage\",\"@id\":\"https:\/\/crusoe.audiencelabs.com.br\/eu-entendi-tarde-demais-por-que-nunca-se-deve-reutilizar-garrafas-plasticas\/\",\"url\":\"https:\/\/crusoe.audiencelabs.com.br\/eu-entendi-tarde-demais-por-que-nunca-se-deve-reutilizar-garrafas-plasticas\/\",\"name\":\"Eu entendi tarde demais por que nunca se deve reutilizar garrafas pl\u00e1sticas\",\"isPartOf\":{\"@id\":\"https:\/\/crusoe.audiencelabs.com.br\/#website\"},\"primaryImageOfPage\":{\"@id\":\"https:\/\/crusoe.audiencelabs.com.br\/eu-entendi-tarde-demais-por-que-nunca-se-deve-reutilizar-garrafas-plasticas\/#primaryimage\"},\"image\":{\"@id\":\"https:\/\/crusoe.audiencelabs.com.br\/eu-entendi-tarde-demais-por-que-nunca-se-deve-reutilizar-garrafas-plasticas\/#primaryimage\"},\"thumbnailUrl\":\"https:\/\/cdn.crusoe.com.br\/uploads\/2025\/12\/entendi-tarde-demais-porque-nunca-se-deve-reutilizar-garrafas-plasticas.jpg\",\"datePublished\":\"2025-12-20T20:00:00+00:00\",\"author\":{\"@id\":\"https:\/\/crusoe.audiencelabs.com.br\/#\/schema\/person\/4a23399b23149df2eab6637fd2fd2bfc\"},\"breadcrumb\":{\"@id\":\"https:\/\/crusoe.audiencelabs.com.br\/eu-entendi-tarde-demais-por-que-nunca-se-deve-reutilizar-garrafas-plasticas\/#breadcrumb\"},\"inLanguage\":\"pt-BR\",\"potentialAction\":[{\"@type\":\"ReadAction\",\"target\":[\"https:\/\/crusoe.audiencelabs.com.br\/eu-entendi-tarde-demais-por-que-nunca-se-deve-reutilizar-garrafas-plasticas\/\"]}]},{\"@type\":\"ImageObject\",\"inLanguage\":\"pt-BR\",\"@id\":\"https:\/\/crusoe.audiencelabs.com.br\/eu-entendi-tarde-demais-por-que-nunca-se-deve-reutilizar-garrafas-plasticas\/#primaryimage\",\"url\":\"https:\/\/cdn.crusoe.com.br\/uploads\/2025\/12\/entendi-tarde-demais-porque-nunca-se-deve-reutilizar-garrafas-plasticas.jpg\",\"contentUrl\":\"https:\/\/cdn.crusoe.com.br\/uploads\/2025\/12\/entendi-tarde-demais-porque-nunca-se-deve-reutilizar-garrafas-plasticas.jpg\",\"width\":1920,\"height\":1080,\"caption\":\"Foto: George Becker\/Pexels\"},{\"@type\":\"BreadcrumbList\",\"@id\":\"https:\/\/crusoe.audiencelabs.com.br\/eu-entendi-tarde-demais-por-que-nunca-se-deve-reutilizar-garrafas-plasticas\/#breadcrumb\",\"itemListElement\":[{\"@type\":\"ListItem\",\"position\":1,\"name\":\"Home\",\"item\":\"https:\/\/crusoe.audiencelabs.com.br\/\"},{\"@type\":\"ListItem\",\"position\":2,\"name\":\"Eu entendi tarde demais por que nunca se deve reutilizar garrafas pl\u00e1sticas\"}]},{\"@type\":\"WebSite\",\"@id\":\"https:\/\/crusoe.audiencelabs.com.br\/#website\",\"url\":\"https:\/\/crusoe.audiencelabs.com.br\/\",\"name\":\"Variedades - Cruso\u00e9\",\"description\":\"\",\"potentialAction\":[{\"@type\":\"SearchAction\",\"target\":{\"@type\":\"EntryPoint\",\"urlTemplate\":\"https:\/\/crusoe.audiencelabs.com.br\/?s={search_term_string}\"},\"query-input\":{\"@type\":\"PropertyValueSpecification\",\"valueRequired\":true,\"valueName\":\"search_term_string\"}}],\"inLanguage\":\"pt-BR\"},{\"@type\":\"Person\",\"@id\":\"https:\/\/crusoe.audiencelabs.com.br\/#\/schema\/person\/4a23399b23149df2eab6637fd2fd2bfc\",\"name\":\"Jo\u00e3o Carlos Gomes\",\"image\":{\"@type\":\"ImageObject\",\"inLanguage\":\"pt-BR\",\"@id\":\"https:\/\/crusoe.audiencelabs.com.br\/#\/schema\/person\/image\/\",\"url\":\"https:\/\/secure.gravatar.com\/avatar\/4ce4672dbdd694b329cd6fdb51bee7d1409be1f0ff76a537e4c4a737b2c7d1a9?s=96&d=mm&r=g\",\"contentUrl\":\"https:\/\/secure.gravatar.com\/avatar\/4ce4672dbdd694b329cd6fdb51bee7d1409be1f0ff76a537e4c4a737b2c7d1a9?s=96&d=mm&r=g\",\"caption\":\"Jo\u00e3o Carlos Gomes\"},\"description\":\"Jornalista, criador de conte\u00fado e m\u00fasico independente nas horas vagas.\",\"url\":\"https:\/\/crusoe.audiencelabs.com.br\/author\/joaoc-junior66\/\"}]}<\/script>\n<!-- \/ Yoast SEO plugin. -->","yoast_head_json":{"title":"Eu entendi tarde demais por que nunca se deve reutilizar garrafas pl\u00e1sticas","robots":{"index":"index","follow":"follow","max-snippet":"max-snippet:-1","max-image-preview":"max-image-preview:large","max-video-preview":"max-video-preview:-1"},"canonical":"https:\/\/crusoe.audiencelabs.com.br\/eu-entendi-tarde-demais-por-que-nunca-se-deve-reutilizar-garrafas-plasticas\/","og_locale":"pt_BR","og_type":"article","og_title":"Eu entendi tarde demais por que nunca se deve reutilizar garrafas pl\u00e1sticas","og_description":"Para muitas pessoas, a reciclagem de garrafas pl\u00e1sticas n\u00e3o ocorre apenas no momento do descarte, j\u00e1 que esses recipientes costumam ser reaproveitados para diferentes finalidades logo ap\u00f3s o uso original. Entretanto, apesar de parecer uma atitude inofensiva e ambientalmente respons\u00e1vel, especialistas de diferentes universidades e laborat\u00f3rios passaram a apontar para alguns riscos que a reutiliza\u00e7\u00e3o [&hellip;]","og_url":"https:\/\/crusoe.audiencelabs.com.br\/eu-entendi-tarde-demais-por-que-nunca-se-deve-reutilizar-garrafas-plasticas\/","og_site_name":"Variedades - Cruso\u00e9","article_published_time":"2025-12-20T20:00:00+00:00","og_image":[{"width":1920,"height":1080,"url":"https:\/\/cdn.crusoe.com.br\/uploads\/2025\/12\/entendi-tarde-demais-porque-nunca-se-deve-reutilizar-garrafas-plasticas.jpg","type":"image\/jpeg"}],"author":"Jo\u00e3o Carlos Gomes","twitter_card":"summary_large_image","twitter_misc":{"Escrito por":"Jo\u00e3o Carlos Gomes","Est. tempo de leitura":"2 minutos"},"schema":{"@context":"https:\/\/schema.org","@graph":[{"@type":"WebPage","@id":"https:\/\/crusoe.audiencelabs.com.br\/eu-entendi-tarde-demais-por-que-nunca-se-deve-reutilizar-garrafas-plasticas\/","url":"https:\/\/crusoe.audiencelabs.com.br\/eu-entendi-tarde-demais-por-que-nunca-se-deve-reutilizar-garrafas-plasticas\/","name":"Eu entendi tarde demais por que nunca se deve reutilizar garrafas pl\u00e1sticas","isPartOf":{"@id":"https:\/\/crusoe.audiencelabs.com.br\/#website"},"primaryImageOfPage":{"@id":"https:\/\/crusoe.audiencelabs.com.br\/eu-entendi-tarde-demais-por-que-nunca-se-deve-reutilizar-garrafas-plasticas\/#primaryimage"},"image":{"@id":"https:\/\/crusoe.audiencelabs.com.br\/eu-entendi-tarde-demais-por-que-nunca-se-deve-reutilizar-garrafas-plasticas\/#primaryimage"},"thumbnailUrl":"https:\/\/cdn.crusoe.com.br\/uploads\/2025\/12\/entendi-tarde-demais-porque-nunca-se-deve-reutilizar-garrafas-plasticas.jpg","datePublished":"2025-12-20T20:00:00+00:00","author":{"@id":"https:\/\/crusoe.audiencelabs.com.br\/#\/schema\/person\/4a23399b23149df2eab6637fd2fd2bfc"},"breadcrumb":{"@id":"https:\/\/crusoe.audiencelabs.com.br\/eu-entendi-tarde-demais-por-que-nunca-se-deve-reutilizar-garrafas-plasticas\/#breadcrumb"},"inLanguage":"pt-BR","potentialAction":[{"@type":"ReadAction","target":["https:\/\/crusoe.audiencelabs.com.br\/eu-entendi-tarde-demais-por-que-nunca-se-deve-reutilizar-garrafas-plasticas\/"]}]},{"@type":"ImageObject","inLanguage":"pt-BR","@id":"https:\/\/crusoe.audiencelabs.com.br\/eu-entendi-tarde-demais-por-que-nunca-se-deve-reutilizar-garrafas-plasticas\/#primaryimage","url":"https:\/\/cdn.crusoe.com.br\/uploads\/2025\/12\/entendi-tarde-demais-porque-nunca-se-deve-reutilizar-garrafas-plasticas.jpg","contentUrl":"https:\/\/cdn.crusoe.com.br\/uploads\/2025\/12\/entendi-tarde-demais-porque-nunca-se-deve-reutilizar-garrafas-plasticas.jpg","width":1920,"height":1080,"caption":"Foto: George Becker\/Pexels"},{"@type":"BreadcrumbList","@id":"https:\/\/crusoe.audiencelabs.com.br\/eu-entendi-tarde-demais-por-que-nunca-se-deve-reutilizar-garrafas-plasticas\/#breadcrumb","itemListElement":[{"@type":"ListItem","position":1,"name":"Home","item":"https:\/\/crusoe.audiencelabs.com.br\/"},{"@type":"ListItem","position":2,"name":"Eu entendi tarde demais por que nunca se deve reutilizar garrafas pl\u00e1sticas"}]},{"@type":"WebSite","@id":"https:\/\/crusoe.audiencelabs.com.br\/#website","url":"https:\/\/crusoe.audiencelabs.com.br\/","name":"Variedades - Cruso\u00e9","description":"","potentialAction":[{"@type":"SearchAction","target":{"@type":"EntryPoint","urlTemplate":"https:\/\/crusoe.audiencelabs.com.br\/?s={search_term_string}"},"query-input":{"@type":"PropertyValueSpecification","valueRequired":true,"valueName":"search_term_string"}}],"inLanguage":"pt-BR"},{"@type":"Person","@id":"https:\/\/crusoe.audiencelabs.com.br\/#\/schema\/person\/4a23399b23149df2eab6637fd2fd2bfc","name":"Jo\u00e3o Carlos Gomes","image":{"@type":"ImageObject","inLanguage":"pt-BR","@id":"https:\/\/crusoe.audiencelabs.com.br\/#\/schema\/person\/image\/","url":"https:\/\/secure.gravatar.com\/avatar\/4ce4672dbdd694b329cd6fdb51bee7d1409be1f0ff76a537e4c4a737b2c7d1a9?s=96&d=mm&r=g","contentUrl":"https:\/\/secure.gravatar.com\/avatar\/4ce4672dbdd694b329cd6fdb51bee7d1409be1f0ff76a537e4c4a737b2c7d1a9?s=96&d=mm&r=g","caption":"Jo\u00e3o Carlos Gomes"},"description":"Jornalista, criador de conte\u00fado e m\u00fasico independente nas horas vagas.","url":"https:\/\/crusoe.audiencelabs.com.br\/author\/joaoc-junior66\/"}]}},"_links":{"self":[{"href":"https:\/\/crusoe.audiencelabs.com.br\/wp-json\/wp\/v2\/posts\/26354","targetHints":{"allow":["GET"]}}],"collection":[{"href":"https:\/\/crusoe.audiencelabs.com.br\/wp-json\/wp\/v2\/posts"}],"about":[{"href":"https:\/\/crusoe.audiencelabs.com.br\/wp-json\/wp\/v2\/types\/post"}],"author":[{"embeddable":true,"href":"https:\/\/crusoe.audiencelabs.com.br\/wp-json\/wp\/v2\/users\/7"}],"replies":[{"embeddable":true,"href":"https:\/\/crusoe.audiencelabs.com.br\/wp-json\/wp\/v2\/comments?post=26354"}],"version-history":[{"count":1,"href":"https:\/\/crusoe.audiencelabs.com.br\/wp-json\/wp\/v2\/posts\/26354\/revisions"}],"predecessor-version":[{"id":26356,"href":"https:\/\/crusoe.audiencelabs.com.br\/wp-json\/wp\/v2\/posts\/26354\/revisions\/26356"}],"wp:featuredmedia":[{"embeddable":true,"href":"https:\/\/crusoe.audiencelabs.com.br\/wp-json\/wp\/v2\/media\/26355"}],"wp:attachment":[{"href":"https:\/\/crusoe.audiencelabs.com.br\/wp-json\/wp\/v2\/media?parent=26354"}],"wp:term":[{"taxonomy":"category","embeddable":true,"href":"https:\/\/crusoe.audiencelabs.com.br\/wp-json\/wp\/v2\/categories?post=26354"},{"taxonomy":"post_tag","embeddable":true,"href":"https:\/\/crusoe.audiencelabs.com.br\/wp-json\/wp\/v2\/tags?post=26354"}],"curies":[{"name":"wp","href":"https:\/\/api.w.org\/{rel}","templated":true}]}}