{"id":26201,"date":"2025-12-28T15:39:00","date_gmt":"2025-12-28T18:39:00","guid":{"rendered":"https:\/\/crusoe.audiencelabs.com.br\/?p=26201"},"modified":"2025-12-23T15:58:04","modified_gmt":"2025-12-23T18:58:04","slug":"descobriram-que-um-cerebro-ansioso-provoca-a-falta-de-um-nutriente-chave-ligado-a-memoria","status":"publish","type":"post","link":"https:\/\/crusoe.audiencelabs.com.br\/descobriram-que-um-cerebro-ansioso-provoca-a-falta-de-um-nutriente-chave-ligado-a-memoria\/","title":{"rendered":"Descobriram que um c\u00e9rebro ansioso provoca a falta de um nutriente chave ligado \u00e0 mem\u00f3ria"},"content":{"rendered":"\n<p>Descoberta recente da Universidade da Calif\u00f3rnia indica que pessoas com <strong>transtornos de ansiedade<\/strong> apresentam, em m\u00e9dia, <strong>8% menos colina <\/strong>no c\u00f3rtex pr\u00e9-frontal.\u00a0<\/p>\n\n\n\n<p>Esse achado reflete a an\u00e1lise de 25 estudos anteriores, que reuniram dados de 712 participantes, dos quais 370 tinham diagn\u00f3stico de ansiedade. A redu\u00e7\u00e3o desse nutriente, essencial para a fun\u00e7\u00e3o cerebral, pode abrir novas frentes no tratamento de dist\u00farbios emocionais.<\/p>\n\n\n\n<p>A colina \u00e9 essencial para a produ\u00e7\u00e3o de <strong>acetilcolina<\/strong>, um neurotransmissor que auxilia no controle emocional e na tomada de decis\u00f5es.\u00a0<\/p>\n\n\n\n<p>N\u00edveis reduzidos de colina no c\u00e9rebro, em particular no c\u00f3rtex pr\u00e9-frontal, comprometem fun\u00e7\u00f5es cognitivas essenciais. Essa liga\u00e7\u00e3o sugere que interven\u00e7\u00f5es futuras podem aproveitar essa descoberta no desenvolvimento de tratamentos.<\/p>\n\n\n\n<h2 class=\"wp-block-heading\">Import\u00e2ncia nutricional da colina<\/h2>\n\n\n\n<p>O corpo humano n\u00e3o produz colina em quantidade suficiente, tornando a dieta uma fonte vital desse nutriente. Alimentos como <strong>ovos<\/strong>, <strong>peixes<\/strong> e<strong> vegetais cruc\u00edferos<\/strong>, incluindo br\u00f3colis e couve-flor, s\u00e3o ricos em colina.<\/p>\n\n\n\n<p>A alimenta\u00e7\u00e3o balanceada, em conjunto com terapias convencionais, pode oferecer uma abordagem integrada \u00e0 sa\u00fade mental.\u00a0<\/p>\n\n\n\n<h2 class=\"wp-block-heading\">Conex\u00e3o entre transtornos de ansiedade e colina<\/h2>\n\n\n\n<p>O estudo destacou que c\u00e9rebros ansiosos utilizam colina em um ritmo elevado, devido \u00e0 constante ativa\u00e7\u00e3o do sistema nervoso central em estados de alerta.\u00a0Essa situa\u00e7\u00e3o pode criar um ciclo de defici\u00eancia, agravando os sintomas de ansiedade. <\/p>\n\n\n\n<p>Os transtornos de ansiedade afetam cerca de 30% dos adultos e muitos continuam sem tratamento. Este contexto refor\u00e7a a import\u00e2ncia de investigar a conex\u00e3o entre dieta e sa\u00fade mental, buscando complementar abordagens terap\u00eauticas tradicionais.<\/p>\n\n\n\n<h2 class=\"wp-block-heading\">Perspectivas para a pesquisa<\/h2>\n\n\n\n<p>A pr\u00f3xima etapa cient\u00edfica envolve a realiza\u00e7\u00e3o de ensaios cl\u00ednicos que possam confirmar os benef\u00edcios potenciais da colina no tratamento de transtornos de ansiedade.&nbsp;<\/p>\n\n\n\n<p>O foco agora \u00e9 entender melhor essa rela\u00e7\u00e3o e integrar efetivamente a nutricionalidade \u00e0 estrat\u00e9gia de tratamento para dist\u00farbios emocionais. Assim, a perspectiva de melhora continua a depender de avan\u00e7os nesse campo, com novos estudos previstos nos pr\u00f3ximos anos.<\/p>\n","protected":false},"excerpt":{"rendered":"<p>Descoberta recente da Universidade da Calif\u00f3rnia indica que pessoas com transtornos de ansiedade apresentam, em m\u00e9dia, 8% menos colina no c\u00f3rtex pr\u00e9-frontal.\u00a0 Esse achado reflete a an\u00e1lise de 25 estudos anteriores, que reuniram dados de 712 participantes, dos quais 370 tinham diagn\u00f3stico de ansiedade. A redu\u00e7\u00e3o desse nutriente, essencial para a fun\u00e7\u00e3o cerebral, pode abrir [&hellip;]<\/p>\n","protected":false},"author":5,"featured_media":26205,"comment_status":"open","ping_status":"open","sticky":false,"template":"","format":"standard","meta":{"jnews-multi-image_gallery":[],"jnews_single_post":{"format":"standard"},"jnews_primary_category":[],"jnews_override_counter":[],"jnews_post_split":[],"footnotes":""},"categories":[1],"tags":[1629,4842],"class_list":["post-26201","post","type-post","status-publish","format-standard","has-post-thumbnail","hentry","category-geral","tag-cerebro","tag-colina"],"yoast_head":"<!-- This site is optimized with the Yoast SEO plugin v25.0 - https:\/\/yoast.com\/wordpress\/plugins\/seo\/ -->\n<title>Descobriram que um c\u00e9rebro ansioso provoca a falta de um nutriente chave ligado \u00e0 mem\u00f3ria<\/title>\n<meta name=\"robots\" content=\"index, follow, max-snippet:-1, max-image-preview:large, max-video-preview:-1\" \/>\n<link rel=\"canonical\" href=\"https:\/\/crusoe.audiencelabs.com.br\/descobriram-que-um-cerebro-ansioso-provoca-a-falta-de-um-nutriente-chave-ligado-a-memoria\/\" \/>\n<meta property=\"og:locale\" content=\"pt_BR\" \/>\n<meta property=\"og:type\" content=\"article\" \/>\n<meta property=\"og:title\" content=\"Descobriram que um c\u00e9rebro ansioso provoca a falta de um nutriente chave ligado \u00e0 mem\u00f3ria\" \/>\n<meta property=\"og:description\" content=\"Descoberta recente da Universidade da Calif\u00f3rnia indica que pessoas com transtornos de ansiedade apresentam, em m\u00e9dia, 8% menos colina no c\u00f3rtex pr\u00e9-frontal.\u00a0 Esse achado reflete a an\u00e1lise de 25 estudos anteriores, que reuniram dados de 712 participantes, dos quais 370 tinham diagn\u00f3stico de ansiedade. A redu\u00e7\u00e3o desse nutriente, essencial para a fun\u00e7\u00e3o cerebral, pode abrir [&hellip;]\" \/>\n<meta property=\"og:url\" content=\"https:\/\/crusoe.audiencelabs.com.br\/descobriram-que-um-cerebro-ansioso-provoca-a-falta-de-um-nutriente-chave-ligado-a-memoria\/\" \/>\n<meta property=\"og:site_name\" content=\"Variedades - Cruso\u00e9\" \/>\n<meta property=\"article:published_time\" content=\"2025-12-28T18:39:00+00:00\" \/>\n<meta property=\"og:image\" content=\"https:\/\/cdn.crusoe.com.br\/uploads\/2025\/12\/pexels-cottonbro-5723883-scaled.jpg\" \/>\n\t<meta property=\"og:image:width\" content=\"2560\" \/>\n\t<meta property=\"og:image:height\" content=\"1707\" \/>\n\t<meta property=\"og:image:type\" content=\"image\/jpeg\" \/>\n<meta name=\"author\" content=\"Milena Armando\" \/>\n<meta name=\"twitter:card\" content=\"summary_large_image\" \/>\n<meta name=\"twitter:label1\" content=\"Escrito por\" \/>\n\t<meta name=\"twitter:data1\" content=\"Milena Armando\" \/>\n\t<meta name=\"twitter:label2\" content=\"Est. tempo de leitura\" \/>\n\t<meta name=\"twitter:data2\" content=\"2 minutos\" \/>\n<script type=\"application\/ld+json\" class=\"yoast-schema-graph\">{\"@context\":\"https:\/\/schema.org\",\"@graph\":[{\"@type\":\"WebPage\",\"@id\":\"https:\/\/crusoe.audiencelabs.com.br\/descobriram-que-um-cerebro-ansioso-provoca-a-falta-de-um-nutriente-chave-ligado-a-memoria\/\",\"url\":\"https:\/\/crusoe.audiencelabs.com.br\/descobriram-que-um-cerebro-ansioso-provoca-a-falta-de-um-nutriente-chave-ligado-a-memoria\/\",\"name\":\"Descobriram que um c\u00e9rebro ansioso provoca a falta de um nutriente chave ligado \u00e0 mem\u00f3ria\",\"isPartOf\":{\"@id\":\"https:\/\/crusoe.audiencelabs.com.br\/#website\"},\"primaryImageOfPage\":{\"@id\":\"https:\/\/crusoe.audiencelabs.com.br\/descobriram-que-um-cerebro-ansioso-provoca-a-falta-de-um-nutriente-chave-ligado-a-memoria\/#primaryimage\"},\"image\":{\"@id\":\"https:\/\/crusoe.audiencelabs.com.br\/descobriram-que-um-cerebro-ansioso-provoca-a-falta-de-um-nutriente-chave-ligado-a-memoria\/#primaryimage\"},\"thumbnailUrl\":\"https:\/\/cdn.crusoe.com.br\/uploads\/2025\/12\/pexels-cottonbro-5723883-scaled.jpg\",\"datePublished\":\"2025-12-28T18:39:00+00:00\",\"author\":{\"@id\":\"https:\/\/crusoe.audiencelabs.com.br\/#\/schema\/person\/f87f73cfe89e5360de2c006bd4bd6a74\"},\"breadcrumb\":{\"@id\":\"https:\/\/crusoe.audiencelabs.com.br\/descobriram-que-um-cerebro-ansioso-provoca-a-falta-de-um-nutriente-chave-ligado-a-memoria\/#breadcrumb\"},\"inLanguage\":\"pt-BR\",\"potentialAction\":[{\"@type\":\"ReadAction\",\"target\":[\"https:\/\/crusoe.audiencelabs.com.br\/descobriram-que-um-cerebro-ansioso-provoca-a-falta-de-um-nutriente-chave-ligado-a-memoria\/\"]}]},{\"@type\":\"ImageObject\",\"inLanguage\":\"pt-BR\",\"@id\":\"https:\/\/crusoe.audiencelabs.com.br\/descobriram-que-um-cerebro-ansioso-provoca-a-falta-de-um-nutriente-chave-ligado-a-memoria\/#primaryimage\",\"url\":\"https:\/\/cdn.crusoe.com.br\/uploads\/2025\/12\/pexels-cottonbro-5723883-scaled.jpg\",\"contentUrl\":\"https:\/\/cdn.crusoe.com.br\/uploads\/2025\/12\/pexels-cottonbro-5723883-scaled.jpg\",\"width\":2560,\"height\":1707,\"caption\":\"Foto: Pexels\"},{\"@type\":\"BreadcrumbList\",\"@id\":\"https:\/\/crusoe.audiencelabs.com.br\/descobriram-que-um-cerebro-ansioso-provoca-a-falta-de-um-nutriente-chave-ligado-a-memoria\/#breadcrumb\",\"itemListElement\":[{\"@type\":\"ListItem\",\"position\":1,\"name\":\"Home\",\"item\":\"https:\/\/crusoe.audiencelabs.com.br\/\"},{\"@type\":\"ListItem\",\"position\":2,\"name\":\"Descobriram que um c\u00e9rebro ansioso provoca a falta de um nutriente chave ligado \u00e0 mem\u00f3ria\"}]},{\"@type\":\"WebSite\",\"@id\":\"https:\/\/crusoe.audiencelabs.com.br\/#website\",\"url\":\"https:\/\/crusoe.audiencelabs.com.br\/\",\"name\":\"Variedades - Cruso\u00e9\",\"description\":\"\",\"potentialAction\":[{\"@type\":\"SearchAction\",\"target\":{\"@type\":\"EntryPoint\",\"urlTemplate\":\"https:\/\/crusoe.audiencelabs.com.br\/?s={search_term_string}\"},\"query-input\":{\"@type\":\"PropertyValueSpecification\",\"valueRequired\":true,\"valueName\":\"search_term_string\"}}],\"inLanguage\":\"pt-BR\"},{\"@type\":\"Person\",\"@id\":\"https:\/\/crusoe.audiencelabs.com.br\/#\/schema\/person\/f87f73cfe89e5360de2c006bd4bd6a74\",\"name\":\"Milena Armando\",\"image\":{\"@type\":\"ImageObject\",\"inLanguage\":\"pt-BR\",\"@id\":\"https:\/\/crusoe.audiencelabs.com.br\/#\/schema\/person\/image\/\",\"url\":\"https:\/\/secure.gravatar.com\/avatar\/ea14ecddc9e9d202b698b18f9f69e09c9fd74cfbed5c6008d55f11faefdbdab7?s=96&d=mm&r=g\",\"contentUrl\":\"https:\/\/secure.gravatar.com\/avatar\/ea14ecddc9e9d202b698b18f9f69e09c9fd74cfbed5c6008d55f11faefdbdab7?s=96&d=mm&r=g\",\"caption\":\"Milena Armando\"},\"description\":\"Jornalista, redatora e revisora.\",\"url\":\"https:\/\/crusoe.audiencelabs.com.br\/author\/milena\/\"}]}<\/script>\n<!-- \/ Yoast SEO plugin. -->","yoast_head_json":{"title":"Descobriram que um c\u00e9rebro ansioso provoca a falta de um nutriente chave ligado \u00e0 mem\u00f3ria","robots":{"index":"index","follow":"follow","max-snippet":"max-snippet:-1","max-image-preview":"max-image-preview:large","max-video-preview":"max-video-preview:-1"},"canonical":"https:\/\/crusoe.audiencelabs.com.br\/descobriram-que-um-cerebro-ansioso-provoca-a-falta-de-um-nutriente-chave-ligado-a-memoria\/","og_locale":"pt_BR","og_type":"article","og_title":"Descobriram que um c\u00e9rebro ansioso provoca a falta de um nutriente chave ligado \u00e0 mem\u00f3ria","og_description":"Descoberta recente da Universidade da Calif\u00f3rnia indica que pessoas com transtornos de ansiedade apresentam, em m\u00e9dia, 8% menos colina no c\u00f3rtex pr\u00e9-frontal.\u00a0 Esse achado reflete a an\u00e1lise de 25 estudos anteriores, que reuniram dados de 712 participantes, dos quais 370 tinham diagn\u00f3stico de ansiedade. A redu\u00e7\u00e3o desse nutriente, essencial para a fun\u00e7\u00e3o cerebral, pode abrir [&hellip;]","og_url":"https:\/\/crusoe.audiencelabs.com.br\/descobriram-que-um-cerebro-ansioso-provoca-a-falta-de-um-nutriente-chave-ligado-a-memoria\/","og_site_name":"Variedades - Cruso\u00e9","article_published_time":"2025-12-28T18:39:00+00:00","og_image":[{"width":2560,"height":1707,"url":"https:\/\/cdn.crusoe.com.br\/uploads\/2025\/12\/pexels-cottonbro-5723883-scaled.jpg","type":"image\/jpeg"}],"author":"Milena Armando","twitter_card":"summary_large_image","twitter_misc":{"Escrito por":"Milena Armando","Est. tempo de leitura":"2 minutos"},"schema":{"@context":"https:\/\/schema.org","@graph":[{"@type":"WebPage","@id":"https:\/\/crusoe.audiencelabs.com.br\/descobriram-que-um-cerebro-ansioso-provoca-a-falta-de-um-nutriente-chave-ligado-a-memoria\/","url":"https:\/\/crusoe.audiencelabs.com.br\/descobriram-que-um-cerebro-ansioso-provoca-a-falta-de-um-nutriente-chave-ligado-a-memoria\/","name":"Descobriram que um c\u00e9rebro ansioso provoca a falta de um nutriente chave ligado \u00e0 mem\u00f3ria","isPartOf":{"@id":"https:\/\/crusoe.audiencelabs.com.br\/#website"},"primaryImageOfPage":{"@id":"https:\/\/crusoe.audiencelabs.com.br\/descobriram-que-um-cerebro-ansioso-provoca-a-falta-de-um-nutriente-chave-ligado-a-memoria\/#primaryimage"},"image":{"@id":"https:\/\/crusoe.audiencelabs.com.br\/descobriram-que-um-cerebro-ansioso-provoca-a-falta-de-um-nutriente-chave-ligado-a-memoria\/#primaryimage"},"thumbnailUrl":"https:\/\/cdn.crusoe.com.br\/uploads\/2025\/12\/pexels-cottonbro-5723883-scaled.jpg","datePublished":"2025-12-28T18:39:00+00:00","author":{"@id":"https:\/\/crusoe.audiencelabs.com.br\/#\/schema\/person\/f87f73cfe89e5360de2c006bd4bd6a74"},"breadcrumb":{"@id":"https:\/\/crusoe.audiencelabs.com.br\/descobriram-que-um-cerebro-ansioso-provoca-a-falta-de-um-nutriente-chave-ligado-a-memoria\/#breadcrumb"},"inLanguage":"pt-BR","potentialAction":[{"@type":"ReadAction","target":["https:\/\/crusoe.audiencelabs.com.br\/descobriram-que-um-cerebro-ansioso-provoca-a-falta-de-um-nutriente-chave-ligado-a-memoria\/"]}]},{"@type":"ImageObject","inLanguage":"pt-BR","@id":"https:\/\/crusoe.audiencelabs.com.br\/descobriram-que-um-cerebro-ansioso-provoca-a-falta-de-um-nutriente-chave-ligado-a-memoria\/#primaryimage","url":"https:\/\/cdn.crusoe.com.br\/uploads\/2025\/12\/pexels-cottonbro-5723883-scaled.jpg","contentUrl":"https:\/\/cdn.crusoe.com.br\/uploads\/2025\/12\/pexels-cottonbro-5723883-scaled.jpg","width":2560,"height":1707,"caption":"Foto: Pexels"},{"@type":"BreadcrumbList","@id":"https:\/\/crusoe.audiencelabs.com.br\/descobriram-que-um-cerebro-ansioso-provoca-a-falta-de-um-nutriente-chave-ligado-a-memoria\/#breadcrumb","itemListElement":[{"@type":"ListItem","position":1,"name":"Home","item":"https:\/\/crusoe.audiencelabs.com.br\/"},{"@type":"ListItem","position":2,"name":"Descobriram que um c\u00e9rebro ansioso provoca a falta de um nutriente chave ligado \u00e0 mem\u00f3ria"}]},{"@type":"WebSite","@id":"https:\/\/crusoe.audiencelabs.com.br\/#website","url":"https:\/\/crusoe.audiencelabs.com.br\/","name":"Variedades - Cruso\u00e9","description":"","potentialAction":[{"@type":"SearchAction","target":{"@type":"EntryPoint","urlTemplate":"https:\/\/crusoe.audiencelabs.com.br\/?s={search_term_string}"},"query-input":{"@type":"PropertyValueSpecification","valueRequired":true,"valueName":"search_term_string"}}],"inLanguage":"pt-BR"},{"@type":"Person","@id":"https:\/\/crusoe.audiencelabs.com.br\/#\/schema\/person\/f87f73cfe89e5360de2c006bd4bd6a74","name":"Milena Armando","image":{"@type":"ImageObject","inLanguage":"pt-BR","@id":"https:\/\/crusoe.audiencelabs.com.br\/#\/schema\/person\/image\/","url":"https:\/\/secure.gravatar.com\/avatar\/ea14ecddc9e9d202b698b18f9f69e09c9fd74cfbed5c6008d55f11faefdbdab7?s=96&d=mm&r=g","contentUrl":"https:\/\/secure.gravatar.com\/avatar\/ea14ecddc9e9d202b698b18f9f69e09c9fd74cfbed5c6008d55f11faefdbdab7?s=96&d=mm&r=g","caption":"Milena Armando"},"description":"Jornalista, redatora e revisora.","url":"https:\/\/crusoe.audiencelabs.com.br\/author\/milena\/"}]}},"_links":{"self":[{"href":"https:\/\/crusoe.audiencelabs.com.br\/wp-json\/wp\/v2\/posts\/26201","targetHints":{"allow":["GET"]}}],"collection":[{"href":"https:\/\/crusoe.audiencelabs.com.br\/wp-json\/wp\/v2\/posts"}],"about":[{"href":"https:\/\/crusoe.audiencelabs.com.br\/wp-json\/wp\/v2\/types\/post"}],"author":[{"embeddable":true,"href":"https:\/\/crusoe.audiencelabs.com.br\/wp-json\/wp\/v2\/users\/5"}],"replies":[{"embeddable":true,"href":"https:\/\/crusoe.audiencelabs.com.br\/wp-json\/wp\/v2\/comments?post=26201"}],"version-history":[{"count":2,"href":"https:\/\/crusoe.audiencelabs.com.br\/wp-json\/wp\/v2\/posts\/26201\/revisions"}],"predecessor-version":[{"id":26934,"href":"https:\/\/crusoe.audiencelabs.com.br\/wp-json\/wp\/v2\/posts\/26201\/revisions\/26934"}],"wp:featuredmedia":[{"embeddable":true,"href":"https:\/\/crusoe.audiencelabs.com.br\/wp-json\/wp\/v2\/media\/26205"}],"wp:attachment":[{"href":"https:\/\/crusoe.audiencelabs.com.br\/wp-json\/wp\/v2\/media?parent=26201"}],"wp:term":[{"taxonomy":"category","embeddable":true,"href":"https:\/\/crusoe.audiencelabs.com.br\/wp-json\/wp\/v2\/categories?post=26201"},{"taxonomy":"post_tag","embeddable":true,"href":"https:\/\/crusoe.audiencelabs.com.br\/wp-json\/wp\/v2\/tags?post=26201"}],"curies":[{"name":"wp","href":"https:\/\/api.w.org\/{rel}","templated":true}]}}