{"id":26085,"date":"2025-12-13T17:00:00","date_gmt":"2025-12-13T20:00:00","guid":{"rendered":"https:\/\/crusoe.audiencelabs.com.br\/?p=26085"},"modified":"2025-12-12T21:27:48","modified_gmt":"2025-12-13T00:27:48","slug":"a-praia-brasileira-eleita-uma-das-mais-lindas-do-mundo-que-vai-fazer-voce-se-sentir-no-caribe","status":"publish","type":"post","link":"https:\/\/crusoe.audiencelabs.com.br\/a-praia-brasileira-eleita-uma-das-mais-lindas-do-mundo-que-vai-fazer-voce-se-sentir-no-caribe\/","title":{"rendered":"A praia brasileira eleita uma das mais lindas do mundo que vai fazer voc\u00ea se sentir no Caribe"},"content":{"rendered":"\n<p>A <strong>Praia de Carneiros<\/strong>, localizada em Tamandar\u00e9, <strong>Pernambuco<\/strong>, \u00e9 um verdadeiro ref\u00fagio paradis\u00edaco de destaque internacional ao ser eleita uma das 15 praias mais lindas do mundo em 2014. pelo site TripAdvisor.\u00a0\u00a0<\/p>\n\n\n\n<p>Com <strong>\u00e1guas calmas e cristalinas<\/strong>, coqueiros que se estendem ao longo da costa e uma paisagem praticamente intocada, o destino consegue transportar qualquer visitante para um cen\u00e1rio que lembra os melhores recantos do <strong>Caribe, <\/strong>mas sem precisar sair do Brasil.<\/p>\n\n\n\n<h2 class=\"wp-block-heading\">\u00c1guas azul-turquesa e piscinas naturais de tirar o f\u00f4lego<\/h2>\n\n\n\n<p>Um dos principais atrativos de Carneiros \u00e9 a <strong>tonalidade do mar<\/strong>, que varia entre o azul-turquesa e o esverdeado, criando um efeito hipnotizante, principalmente durante a mar\u00e9 baixa.\u00a0<\/p>\n\n\n\n<p>Nesse per\u00edodo, <strong>formam-se piscinas naturais<\/strong> que permitem aos turistas observar de perto peixes coloridos e outros animais marinhos.<\/p>\n\n\n<div class=\"wp-block-image\">\n<figure class=\"aligncenter size-large is-resized\"><img loading=\"lazy\" decoding=\"async\" width=\"1024\" height=\"577\" src=\"https:\/\/cdn.crusoe.com.br\/uploads\/2025\/12\/12-1-1024x577.jpg\" alt=\"\" class=\"wp-image-26087\" style=\"aspect-ratio:1.7747543461829176;width:616px;height:auto\" srcset=\"https:\/\/cdn.crusoe.com.br\/uploads\/2025\/12\/12-1-1024x577.jpg 1024w, https:\/\/cdn.crusoe.com.br\/uploads\/2025\/12\/12-1-300x169.jpg 300w, https:\/\/cdn.crusoe.com.br\/uploads\/2025\/12\/12-1-768x432.jpg 768w, https:\/\/cdn.crusoe.com.br\/uploads\/2025\/12\/12-1-750x422.jpg 750w, https:\/\/cdn.crusoe.com.br\/uploads\/2025\/12\/12-1-1140x642.jpg 1140w, https:\/\/cdn.crusoe.com.br\/uploads\/2025\/12\/12-1.jpg 1389w\" sizes=\"auto, (max-width: 1024px) 100vw, 1024px\" \/><figcaption class=\"wp-element-caption\">Foto: Dicas de Viagem <\/figcaption><\/figure>\n<\/div>\n\n\n<h2 class=\"wp-block-heading\">A charmosa Igrejinha de S\u00e3o Benedito<\/h2>\n\n\n\n<p>N\u00e3o apenas a natureza encanta em Carneiros. A famosa <strong>Igreja de S\u00e3o Benedito<\/strong>, constru\u00edda no s\u00e9culo 18 \u00e0 beira-mar, \u00e9 um verdadeiro cart\u00e3o-postal.&nbsp;<\/p>\n\n\n<div class=\"wp-block-image\">\n<figure class=\"aligncenter size-full is-resized\"><img loading=\"lazy\" decoding=\"async\" width=\"800\" height=\"501\" src=\"https:\/\/cdn.crusoe.com.br\/uploads\/2025\/12\/45-3.webp\" alt=\"\" class=\"wp-image-26088\" style=\"aspect-ratio:1.5968650819353585;width:610px;height:auto\" srcset=\"https:\/\/cdn.crusoe.com.br\/uploads\/2025\/12\/45-3.webp 800w, https:\/\/cdn.crusoe.com.br\/uploads\/2025\/12\/45-3-300x188.webp 300w, https:\/\/cdn.crusoe.com.br\/uploads\/2025\/12\/45-3-768x481.webp 768w, https:\/\/cdn.crusoe.com.br\/uploads\/2025\/12\/45-3-750x470.webp 750w\" sizes=\"auto, (max-width: 800px) 100vw, 800px\" \/><figcaption class=\"wp-element-caption\">Igrejinha de S\u00e3o Benedito (Foto; Esse Mundo \u00c9 Nosso)<\/figcaption><\/figure>\n<\/div>\n\n\n<p>Seu estilo r\u00fastico e hist\u00f3rico contrasta com as \u00e1guas cristalinas e a areia clara, criando um cen\u00e1rio perfeito para fotos.&nbsp;<\/p>\n\n\n\n<h2 class=\"wp-block-heading\">Passeios e experi\u00eancias que completam o para\u00edso<\/h2>\n\n\n\n<p>Al\u00e9m de contemplar a beleza natural, Carneiros oferece diversas atividades que tornam a visita ainda mais especial.&nbsp;<\/p>\n\n\n\n<p><strong>Passeios de catamar\u00e3<\/strong>, <strong>travessias de barco<\/strong>, <strong>visitas a bancos de areia<\/strong> e <strong>mergulhos nas piscinas naturais<\/strong> est\u00e3o entre as experi\u00eancias mais procuradas.&nbsp;<\/p>\n\n\n\n<h2 class=\"wp-block-heading\">Um destino brasileiro que \u201crivaliza\u201d com o Caribe<\/h2>\n\n\n\n<p>A Praia de Carneiros prova que \u00e9 poss\u00edvel viver tranquilidade e contato com a natureza sem precisar atravessar os oceanos.&nbsp;<\/p>\n\n\n\n<p>Seja para relaxar \u00e0 beira-mar, registrar fotos incr\u00edveis ou s\u00f3 apreciar a paisagem, a praia transforma qualquer viagem em uma experi\u00eancia memor\u00e1vel.&nbsp;<\/p>\n\n\n\n<p>N\u00e3o \u00e9 \u00e0 toa que visitantes do mundo todo est\u00e3o descobrindo esse para\u00edso no Nordeste brasileiro, pronto para fazer qualquer um se sentir em pleno Caribe.<\/p>\n","protected":false},"excerpt":{"rendered":"<p>A Praia de Carneiros, localizada em Tamandar\u00e9, Pernambuco, \u00e9 um verdadeiro ref\u00fagio paradis\u00edaco de destaque internacional ao ser eleita uma das 15 praias mais lindas do mundo em 2014. pelo site TripAdvisor.\u00a0\u00a0 Com \u00e1guas calmas e cristalinas, coqueiros que se estendem ao longo da costa e uma paisagem praticamente intocada, o destino consegue transportar qualquer [&hellip;]<\/p>\n","protected":false},"author":5,"featured_media":26086,"comment_status":"open","ping_status":"open","sticky":false,"template":"","format":"standard","meta":{"jnews-multi-image_gallery":[],"jnews_single_post":{"format":"standard"},"jnews_primary_category":[],"jnews_override_counter":[],"jnews_post_split":[],"footnotes":""},"categories":[1],"tags":[4676,206],"class_list":["post-26085","post","type-post","status-publish","format-standard","has-post-thumbnail","hentry","category-geral","tag-praia-de-carneiros","tag-turismo"],"yoast_head":"<!-- This site is optimized with the Yoast SEO plugin v25.0 - https:\/\/yoast.com\/wordpress\/plugins\/seo\/ -->\n<title>A praia brasileira eleita uma das mais lindas do mundo que vai fazer voc\u00ea se sentir no Caribe<\/title>\n<meta name=\"robots\" content=\"index, follow, max-snippet:-1, max-image-preview:large, max-video-preview:-1\" \/>\n<link rel=\"canonical\" href=\"https:\/\/crusoe.audiencelabs.com.br\/a-praia-brasileira-eleita-uma-das-mais-lindas-do-mundo-que-vai-fazer-voce-se-sentir-no-caribe\/\" \/>\n<meta property=\"og:locale\" content=\"pt_BR\" \/>\n<meta property=\"og:type\" content=\"article\" \/>\n<meta property=\"og:title\" content=\"A praia brasileira eleita uma das mais lindas do mundo que vai fazer voc\u00ea se sentir no Caribe\" \/>\n<meta property=\"og:description\" content=\"A Praia de Carneiros, localizada em Tamandar\u00e9, Pernambuco, \u00e9 um verdadeiro ref\u00fagio paradis\u00edaco de destaque internacional ao ser eleita uma das 15 praias mais lindas do mundo em 2014. pelo site TripAdvisor.\u00a0\u00a0 Com \u00e1guas calmas e cristalinas, coqueiros que se estendem ao longo da costa e uma paisagem praticamente intocada, o destino consegue transportar qualquer [&hellip;]\" \/>\n<meta property=\"og:url\" content=\"https:\/\/crusoe.audiencelabs.com.br\/a-praia-brasileira-eleita-uma-das-mais-lindas-do-mundo-que-vai-fazer-voce-se-sentir-no-caribe\/\" \/>\n<meta property=\"og:site_name\" content=\"Variedades - Cruso\u00e9\" \/>\n<meta property=\"article:published_time\" content=\"2025-12-13T20:00:00+00:00\" \/>\n<meta property=\"og:image\" content=\"https:\/\/cdn.crusoe.com.br\/uploads\/2025\/12\/Praia-dos-Carneiros-1.webp\" \/>\n\t<meta property=\"og:image:width\" content=\"1200\" \/>\n\t<meta property=\"og:image:height\" content=\"656\" \/>\n\t<meta property=\"og:image:type\" content=\"image\/webp\" \/>\n<meta name=\"author\" content=\"Milena Armando\" \/>\n<meta name=\"twitter:card\" content=\"summary_large_image\" \/>\n<meta name=\"twitter:label1\" content=\"Escrito por\" \/>\n\t<meta name=\"twitter:data1\" content=\"Milena Armando\" \/>\n\t<meta name=\"twitter:label2\" content=\"Est. tempo de leitura\" \/>\n\t<meta name=\"twitter:data2\" content=\"3 minutos\" \/>\n<script type=\"application\/ld+json\" class=\"yoast-schema-graph\">{\"@context\":\"https:\/\/schema.org\",\"@graph\":[{\"@type\":\"WebPage\",\"@id\":\"https:\/\/crusoe.audiencelabs.com.br\/a-praia-brasileira-eleita-uma-das-mais-lindas-do-mundo-que-vai-fazer-voce-se-sentir-no-caribe\/\",\"url\":\"https:\/\/crusoe.audiencelabs.com.br\/a-praia-brasileira-eleita-uma-das-mais-lindas-do-mundo-que-vai-fazer-voce-se-sentir-no-caribe\/\",\"name\":\"A praia brasileira eleita uma das mais lindas do mundo que vai fazer voc\u00ea se sentir no Caribe\",\"isPartOf\":{\"@id\":\"https:\/\/crusoe.audiencelabs.com.br\/#website\"},\"primaryImageOfPage\":{\"@id\":\"https:\/\/crusoe.audiencelabs.com.br\/a-praia-brasileira-eleita-uma-das-mais-lindas-do-mundo-que-vai-fazer-voce-se-sentir-no-caribe\/#primaryimage\"},\"image\":{\"@id\":\"https:\/\/crusoe.audiencelabs.com.br\/a-praia-brasileira-eleita-uma-das-mais-lindas-do-mundo-que-vai-fazer-voce-se-sentir-no-caribe\/#primaryimage\"},\"thumbnailUrl\":\"https:\/\/cdn.crusoe.com.br\/uploads\/2025\/12\/Praia-dos-Carneiros-1.webp\",\"datePublished\":\"2025-12-13T20:00:00+00:00\",\"author\":{\"@id\":\"https:\/\/crusoe.audiencelabs.com.br\/#\/schema\/person\/f87f73cfe89e5360de2c006bd4bd6a74\"},\"breadcrumb\":{\"@id\":\"https:\/\/crusoe.audiencelabs.com.br\/a-praia-brasileira-eleita-uma-das-mais-lindas-do-mundo-que-vai-fazer-voce-se-sentir-no-caribe\/#breadcrumb\"},\"inLanguage\":\"pt-BR\",\"potentialAction\":[{\"@type\":\"ReadAction\",\"target\":[\"https:\/\/crusoe.audiencelabs.com.br\/a-praia-brasileira-eleita-uma-das-mais-lindas-do-mundo-que-vai-fazer-voce-se-sentir-no-caribe\/\"]}]},{\"@type\":\"ImageObject\",\"inLanguage\":\"pt-BR\",\"@id\":\"https:\/\/crusoe.audiencelabs.com.br\/a-praia-brasileira-eleita-uma-das-mais-lindas-do-mundo-que-vai-fazer-voce-se-sentir-no-caribe\/#primaryimage\",\"url\":\"https:\/\/cdn.crusoe.com.br\/uploads\/2025\/12\/Praia-dos-Carneiros-1.webp\",\"contentUrl\":\"https:\/\/cdn.crusoe.com.br\/uploads\/2025\/12\/Praia-dos-Carneiros-1.webp\",\"width\":1200,\"height\":656,\"caption\":\"Foto: Internet\"},{\"@type\":\"BreadcrumbList\",\"@id\":\"https:\/\/crusoe.audiencelabs.com.br\/a-praia-brasileira-eleita-uma-das-mais-lindas-do-mundo-que-vai-fazer-voce-se-sentir-no-caribe\/#breadcrumb\",\"itemListElement\":[{\"@type\":\"ListItem\",\"position\":1,\"name\":\"Home\",\"item\":\"https:\/\/crusoe.audiencelabs.com.br\/\"},{\"@type\":\"ListItem\",\"position\":2,\"name\":\"A praia brasileira eleita uma das mais lindas do mundo que vai fazer voc\u00ea se sentir no Caribe\"}]},{\"@type\":\"WebSite\",\"@id\":\"https:\/\/crusoe.audiencelabs.com.br\/#website\",\"url\":\"https:\/\/crusoe.audiencelabs.com.br\/\",\"name\":\"Variedades - Cruso\u00e9\",\"description\":\"\",\"potentialAction\":[{\"@type\":\"SearchAction\",\"target\":{\"@type\":\"EntryPoint\",\"urlTemplate\":\"https:\/\/crusoe.audiencelabs.com.br\/?s={search_term_string}\"},\"query-input\":{\"@type\":\"PropertyValueSpecification\",\"valueRequired\":true,\"valueName\":\"search_term_string\"}}],\"inLanguage\":\"pt-BR\"},{\"@type\":\"Person\",\"@id\":\"https:\/\/crusoe.audiencelabs.com.br\/#\/schema\/person\/f87f73cfe89e5360de2c006bd4bd6a74\",\"name\":\"Milena Armando\",\"image\":{\"@type\":\"ImageObject\",\"inLanguage\":\"pt-BR\",\"@id\":\"https:\/\/crusoe.audiencelabs.com.br\/#\/schema\/person\/image\/\",\"url\":\"https:\/\/secure.gravatar.com\/avatar\/ea14ecddc9e9d202b698b18f9f69e09c9fd74cfbed5c6008d55f11faefdbdab7?s=96&d=mm&r=g\",\"contentUrl\":\"https:\/\/secure.gravatar.com\/avatar\/ea14ecddc9e9d202b698b18f9f69e09c9fd74cfbed5c6008d55f11faefdbdab7?s=96&d=mm&r=g\",\"caption\":\"Milena Armando\"},\"description\":\"Jornalista, redatora e revisora.\",\"url\":\"https:\/\/crusoe.audiencelabs.com.br\/author\/milena\/\"}]}<\/script>\n<!-- \/ Yoast SEO plugin. -->","yoast_head_json":{"title":"A praia brasileira eleita uma das mais lindas do mundo que vai fazer voc\u00ea se sentir no Caribe","robots":{"index":"index","follow":"follow","max-snippet":"max-snippet:-1","max-image-preview":"max-image-preview:large","max-video-preview":"max-video-preview:-1"},"canonical":"https:\/\/crusoe.audiencelabs.com.br\/a-praia-brasileira-eleita-uma-das-mais-lindas-do-mundo-que-vai-fazer-voce-se-sentir-no-caribe\/","og_locale":"pt_BR","og_type":"article","og_title":"A praia brasileira eleita uma das mais lindas do mundo que vai fazer voc\u00ea se sentir no Caribe","og_description":"A Praia de Carneiros, localizada em Tamandar\u00e9, Pernambuco, \u00e9 um verdadeiro ref\u00fagio paradis\u00edaco de destaque internacional ao ser eleita uma das 15 praias mais lindas do mundo em 2014. pelo site TripAdvisor.\u00a0\u00a0 Com \u00e1guas calmas e cristalinas, coqueiros que se estendem ao longo da costa e uma paisagem praticamente intocada, o destino consegue transportar qualquer [&hellip;]","og_url":"https:\/\/crusoe.audiencelabs.com.br\/a-praia-brasileira-eleita-uma-das-mais-lindas-do-mundo-que-vai-fazer-voce-se-sentir-no-caribe\/","og_site_name":"Variedades - Cruso\u00e9","article_published_time":"2025-12-13T20:00:00+00:00","og_image":[{"width":1200,"height":656,"url":"https:\/\/cdn.crusoe.com.br\/uploads\/2025\/12\/Praia-dos-Carneiros-1.webp","type":"image\/webp"}],"author":"Milena Armando","twitter_card":"summary_large_image","twitter_misc":{"Escrito por":"Milena Armando","Est. tempo de leitura":"3 minutos"},"schema":{"@context":"https:\/\/schema.org","@graph":[{"@type":"WebPage","@id":"https:\/\/crusoe.audiencelabs.com.br\/a-praia-brasileira-eleita-uma-das-mais-lindas-do-mundo-que-vai-fazer-voce-se-sentir-no-caribe\/","url":"https:\/\/crusoe.audiencelabs.com.br\/a-praia-brasileira-eleita-uma-das-mais-lindas-do-mundo-que-vai-fazer-voce-se-sentir-no-caribe\/","name":"A praia brasileira eleita uma das mais lindas do mundo que vai fazer voc\u00ea se sentir no Caribe","isPartOf":{"@id":"https:\/\/crusoe.audiencelabs.com.br\/#website"},"primaryImageOfPage":{"@id":"https:\/\/crusoe.audiencelabs.com.br\/a-praia-brasileira-eleita-uma-das-mais-lindas-do-mundo-que-vai-fazer-voce-se-sentir-no-caribe\/#primaryimage"},"image":{"@id":"https:\/\/crusoe.audiencelabs.com.br\/a-praia-brasileira-eleita-uma-das-mais-lindas-do-mundo-que-vai-fazer-voce-se-sentir-no-caribe\/#primaryimage"},"thumbnailUrl":"https:\/\/cdn.crusoe.com.br\/uploads\/2025\/12\/Praia-dos-Carneiros-1.webp","datePublished":"2025-12-13T20:00:00+00:00","author":{"@id":"https:\/\/crusoe.audiencelabs.com.br\/#\/schema\/person\/f87f73cfe89e5360de2c006bd4bd6a74"},"breadcrumb":{"@id":"https:\/\/crusoe.audiencelabs.com.br\/a-praia-brasileira-eleita-uma-das-mais-lindas-do-mundo-que-vai-fazer-voce-se-sentir-no-caribe\/#breadcrumb"},"inLanguage":"pt-BR","potentialAction":[{"@type":"ReadAction","target":["https:\/\/crusoe.audiencelabs.com.br\/a-praia-brasileira-eleita-uma-das-mais-lindas-do-mundo-que-vai-fazer-voce-se-sentir-no-caribe\/"]}]},{"@type":"ImageObject","inLanguage":"pt-BR","@id":"https:\/\/crusoe.audiencelabs.com.br\/a-praia-brasileira-eleita-uma-das-mais-lindas-do-mundo-que-vai-fazer-voce-se-sentir-no-caribe\/#primaryimage","url":"https:\/\/cdn.crusoe.com.br\/uploads\/2025\/12\/Praia-dos-Carneiros-1.webp","contentUrl":"https:\/\/cdn.crusoe.com.br\/uploads\/2025\/12\/Praia-dos-Carneiros-1.webp","width":1200,"height":656,"caption":"Foto: Internet"},{"@type":"BreadcrumbList","@id":"https:\/\/crusoe.audiencelabs.com.br\/a-praia-brasileira-eleita-uma-das-mais-lindas-do-mundo-que-vai-fazer-voce-se-sentir-no-caribe\/#breadcrumb","itemListElement":[{"@type":"ListItem","position":1,"name":"Home","item":"https:\/\/crusoe.audiencelabs.com.br\/"},{"@type":"ListItem","position":2,"name":"A praia brasileira eleita uma das mais lindas do mundo que vai fazer voc\u00ea se sentir no Caribe"}]},{"@type":"WebSite","@id":"https:\/\/crusoe.audiencelabs.com.br\/#website","url":"https:\/\/crusoe.audiencelabs.com.br\/","name":"Variedades - Cruso\u00e9","description":"","potentialAction":[{"@type":"SearchAction","target":{"@type":"EntryPoint","urlTemplate":"https:\/\/crusoe.audiencelabs.com.br\/?s={search_term_string}"},"query-input":{"@type":"PropertyValueSpecification","valueRequired":true,"valueName":"search_term_string"}}],"inLanguage":"pt-BR"},{"@type":"Person","@id":"https:\/\/crusoe.audiencelabs.com.br\/#\/schema\/person\/f87f73cfe89e5360de2c006bd4bd6a74","name":"Milena Armando","image":{"@type":"ImageObject","inLanguage":"pt-BR","@id":"https:\/\/crusoe.audiencelabs.com.br\/#\/schema\/person\/image\/","url":"https:\/\/secure.gravatar.com\/avatar\/ea14ecddc9e9d202b698b18f9f69e09c9fd74cfbed5c6008d55f11faefdbdab7?s=96&d=mm&r=g","contentUrl":"https:\/\/secure.gravatar.com\/avatar\/ea14ecddc9e9d202b698b18f9f69e09c9fd74cfbed5c6008d55f11faefdbdab7?s=96&d=mm&r=g","caption":"Milena Armando"},"description":"Jornalista, redatora e revisora.","url":"https:\/\/crusoe.audiencelabs.com.br\/author\/milena\/"}]}},"_links":{"self":[{"href":"https:\/\/crusoe.audiencelabs.com.br\/wp-json\/wp\/v2\/posts\/26085","targetHints":{"allow":["GET"]}}],"collection":[{"href":"https:\/\/crusoe.audiencelabs.com.br\/wp-json\/wp\/v2\/posts"}],"about":[{"href":"https:\/\/crusoe.audiencelabs.com.br\/wp-json\/wp\/v2\/types\/post"}],"author":[{"embeddable":true,"href":"https:\/\/crusoe.audiencelabs.com.br\/wp-json\/wp\/v2\/users\/5"}],"replies":[{"embeddable":true,"href":"https:\/\/crusoe.audiencelabs.com.br\/wp-json\/wp\/v2\/comments?post=26085"}],"version-history":[{"count":1,"href":"https:\/\/crusoe.audiencelabs.com.br\/wp-json\/wp\/v2\/posts\/26085\/revisions"}],"predecessor-version":[{"id":26089,"href":"https:\/\/crusoe.audiencelabs.com.br\/wp-json\/wp\/v2\/posts\/26085\/revisions\/26089"}],"wp:featuredmedia":[{"embeddable":true,"href":"https:\/\/crusoe.audiencelabs.com.br\/wp-json\/wp\/v2\/media\/26086"}],"wp:attachment":[{"href":"https:\/\/crusoe.audiencelabs.com.br\/wp-json\/wp\/v2\/media?parent=26085"}],"wp:term":[{"taxonomy":"category","embeddable":true,"href":"https:\/\/crusoe.audiencelabs.com.br\/wp-json\/wp\/v2\/categories?post=26085"},{"taxonomy":"post_tag","embeddable":true,"href":"https:\/\/crusoe.audiencelabs.com.br\/wp-json\/wp\/v2\/tags?post=26085"}],"curies":[{"name":"wp","href":"https:\/\/api.w.org\/{rel}","templated":true}]}}