{"id":2597,"date":"2025-06-17T19:37:37","date_gmt":"2025-06-17T22:37:37","guid":{"rendered":"https:\/\/crusoe.com.br\/variedades\/?p=2597"},"modified":"2025-06-17T19:37:39","modified_gmt":"2025-06-17T22:37:39","slug":"identifique-os-sintomas-do-bruxismo-e-saiba-se-voce-tem","status":"publish","type":"post","link":"https:\/\/crusoe.audiencelabs.com.br\/identifique-os-sintomas-do-bruxismo-e-saiba-se-voce-tem\/","title":{"rendered":"Identifique os sintomas do bruxismo e saiba se voc\u00ea tem"},"content":{"rendered":"\n<p>Mais do que uma mania, o ato de apertar os dentes ou serrar a mand\u00edbula involuntariamente e em excesso pode ser um dos principais sinais do <strong>bruxismo<\/strong>, uma desordem funcional que atinge cerca de 30% da popula\u00e7\u00e3o mundial, segundo a Organiza\u00e7\u00e3o Mundial da Sa\u00fade (OMS).<\/p>\n\n\n\n<p>Vale destacar que a condi\u00e7\u00e3o pode afetar pessoas de diferentes idades, e com o tempo, ela pode causar danos preocupantes a sa\u00fade bucal se n\u00e3o for tratada com anteced\u00eancia.<\/p>\n\n\n\n<p>Embora nem todas as pessoas afetadas pelo bruxismo apresentem sintomas, eles existem, e podem indicar um agravamento da desordem. S\u00e3o eles:<\/p>\n\n\n\n<ul class=\"wp-block-list\">\n<li><strong>Dores de cabe\u00e7a, especialmente ao acordar;<\/strong><\/li>\n\n\n\n<li><strong>Dores na mand\u00edbula e na face;<\/strong><\/li>\n\n\n\n<li><strong>Desgaste dos dentes;<\/strong><\/li>\n\n\n\n<li><strong>Sensibilidade dent\u00e1ria;<\/strong><\/li>\n\n\n\n<li><strong>Dores no pesco\u00e7o e nas costas;<\/strong><\/li>\n\n\n\n<li><strong>Zumbido no ouvido;<\/strong><\/li>\n\n\n\n<li><strong>Dificuldade para abrir a boca.<\/strong><\/li>\n<\/ul>\n\n\n\n<p>Sendo assim, ao primeiro sinal de manifesta\u00e7\u00e3o do bruxismo, \u00e9 <strong>essencial consultar um dentista ou m\u00e9dico<\/strong> para determinar o tratamento mais adequado.<\/p>\n\n\n\n<h2 class=\"wp-block-heading\">Principais causas do bruxismo<\/h2>\n\n\n\n<p>Embora as causas exatas do bruxismo n\u00e3o sejam completamente conhecidas, acredita-se que os seguintes fatores podem influenciar o surgimento da condi\u00e7\u00e3o:<\/p>\n\n\n\n<ul class=\"wp-block-list\">\n<li><strong>Estresse e ansiedade:<\/strong> a tens\u00e3o muscular causada pelo estresse e ansiedade pode levar ao bruxismo;<\/li>\n\n\n\n<li><strong>Gen\u00e9tica:<\/strong> pessoas com hist\u00f3rico familiar da condi\u00e7\u00e3o t\u00eam maior probabilidade de desenvolv\u00ea-la;<\/li>\n\n\n\n<li><strong>Dist\u00farbios do sono: <\/strong>apneia obstrutiva do sono e ins\u00f4nia podem estar relacionadas ao problema;<\/li>\n\n\n\n<li><strong>Uso de certas subst\u00e2ncias:<\/strong> cafe\u00edna, \u00e1lcool, tabaco e alguns medicamentos podem aumentar o risco de desenvolvimento da condi\u00e7\u00e3o;<\/li>\n\n\n\n<li><strong>Problemas na articula\u00e7\u00e3o temporomandibular (ATM):<\/strong> disfun\u00e7\u00f5es na ATM podem contribuir para o bruxismo;<\/li>\n\n\n\n<li><strong>Fatores comportamentais:<\/strong> h\u00e1bitos como morder a caneta ou roer unhas tamb\u00e9m podem levar ao bruxismo.<\/li>\n<\/ul>\n\n\n\n<h2 class=\"wp-block-heading\">Como tratar o bruxismo?<\/h2>\n\n\n\n<p>Conforme citado anteriormente, \u00e9 essencial consultar um profissional para saber qual ser\u00e1 o tratamento mais adequado para cada caso de bruxismo. Contudo, alguns dos m\u00e9todos mais comuns incluem:<\/p>\n\n\n\n<ul class=\"wp-block-list\">\n<li>Placas de mordida, utilizadas para proteger os dentes;<\/li>\n\n\n\n<li>Terapia cognitivo-comportamental e t\u00e9cnicas de relaxamento;<\/li>\n\n\n\n<li>Fisioterapia;<\/li>\n\n\n\n<li>Tratamentos farmacol\u00f3gicos com relaxantes musculares.<\/li>\n<\/ul>\n","protected":false},"excerpt":{"rendered":"<p>Mais do que uma mania, o ato de apertar os dentes ou serrar a mand\u00edbula involuntariamente e em excesso pode ser um dos principais sinais do bruxismo, uma desordem funcional que atinge cerca de 30% da popula\u00e7\u00e3o mundial, segundo a Organiza\u00e7\u00e3o Mundial da Sa\u00fade (OMS). Vale destacar que a condi\u00e7\u00e3o pode afetar pessoas de diferentes [&hellip;]<\/p>\n","protected":false},"author":7,"featured_media":2598,"comment_status":"open","ping_status":"open","sticky":false,"template":"","format":"standard","meta":{"jnews-multi-image_gallery":[],"jnews_single_post":{"format":"standard"},"jnews_primary_category":[],"jnews_override_counter":[],"jnews_post_split":[],"footnotes":""},"categories":[1],"tags":[],"class_list":["post-2597","post","type-post","status-publish","format-standard","has-post-thumbnail","hentry","category-geral"],"yoast_head":"<!-- This site is optimized with the Yoast SEO plugin v25.0 - https:\/\/yoast.com\/wordpress\/plugins\/seo\/ -->\n<title>Identifique os sintomas do bruxismo e saiba se voc\u00ea tem<\/title>\n<meta name=\"robots\" content=\"index, follow, max-snippet:-1, max-image-preview:large, max-video-preview:-1\" \/>\n<link rel=\"canonical\" href=\"https:\/\/crusoe.audiencelabs.com.br\/identifique-os-sintomas-do-bruxismo-e-saiba-se-voce-tem\/\" \/>\n<meta property=\"og:locale\" content=\"pt_BR\" \/>\n<meta property=\"og:type\" content=\"article\" \/>\n<meta property=\"og:title\" content=\"Identifique os sintomas do bruxismo e saiba se voc\u00ea tem\" \/>\n<meta property=\"og:description\" content=\"Mais do que uma mania, o ato de apertar os dentes ou serrar a mand\u00edbula involuntariamente e em excesso pode ser um dos principais sinais do bruxismo, uma desordem funcional que atinge cerca de 30% da popula\u00e7\u00e3o mundial, segundo a Organiza\u00e7\u00e3o Mundial da Sa\u00fade (OMS). Vale destacar que a condi\u00e7\u00e3o pode afetar pessoas de diferentes [&hellip;]\" \/>\n<meta property=\"og:url\" content=\"https:\/\/crusoe.audiencelabs.com.br\/identifique-os-sintomas-do-bruxismo-e-saiba-se-voce-tem\/\" \/>\n<meta property=\"og:site_name\" content=\"Variedades - Cruso\u00e9\" \/>\n<meta property=\"article:published_time\" content=\"2025-06-17T22:37:37+00:00\" \/>\n<meta property=\"article:modified_time\" content=\"2025-06-17T22:37:39+00:00\" \/>\n<meta property=\"og:image\" content=\"https:\/\/cdn.crusoe.com.br\/uploads\/2025\/06\/bruxismo-sintomas.jpg\" \/>\n\t<meta property=\"og:image:width\" content=\"1500\" \/>\n\t<meta property=\"og:image:height\" content=\"844\" \/>\n\t<meta property=\"og:image:type\" content=\"image\/jpeg\" \/>\n<meta name=\"author\" content=\"Jo\u00e3o Carlos Gomes\" \/>\n<meta name=\"twitter:card\" content=\"summary_large_image\" \/>\n<meta name=\"twitter:label1\" content=\"Escrito por\" \/>\n\t<meta name=\"twitter:data1\" content=\"Jo\u00e3o Carlos Gomes\" \/>\n\t<meta name=\"twitter:label2\" content=\"Est. tempo de leitura\" \/>\n\t<meta name=\"twitter:data2\" content=\"2 minutos\" \/>\n<script type=\"application\/ld+json\" class=\"yoast-schema-graph\">{\"@context\":\"https:\/\/schema.org\",\"@graph\":[{\"@type\":\"WebPage\",\"@id\":\"https:\/\/crusoe.audiencelabs.com.br\/identifique-os-sintomas-do-bruxismo-e-saiba-se-voce-tem\/\",\"url\":\"https:\/\/crusoe.audiencelabs.com.br\/identifique-os-sintomas-do-bruxismo-e-saiba-se-voce-tem\/\",\"name\":\"Identifique os sintomas do bruxismo e saiba se voc\u00ea tem\",\"isPartOf\":{\"@id\":\"https:\/\/crusoe.audiencelabs.com.br\/#website\"},\"primaryImageOfPage\":{\"@id\":\"https:\/\/crusoe.audiencelabs.com.br\/identifique-os-sintomas-do-bruxismo-e-saiba-se-voce-tem\/#primaryimage\"},\"image\":{\"@id\":\"https:\/\/crusoe.audiencelabs.com.br\/identifique-os-sintomas-do-bruxismo-e-saiba-se-voce-tem\/#primaryimage\"},\"thumbnailUrl\":\"https:\/\/cdn.crusoe.com.br\/uploads\/2025\/06\/bruxismo-sintomas.jpg\",\"datePublished\":\"2025-06-17T22:37:37+00:00\",\"dateModified\":\"2025-06-17T22:37:39+00:00\",\"author\":{\"@id\":\"https:\/\/crusoe.audiencelabs.com.br\/#\/schema\/person\/4a23399b23149df2eab6637fd2fd2bfc\"},\"breadcrumb\":{\"@id\":\"https:\/\/crusoe.audiencelabs.com.br\/identifique-os-sintomas-do-bruxismo-e-saiba-se-voce-tem\/#breadcrumb\"},\"inLanguage\":\"pt-BR\",\"potentialAction\":[{\"@type\":\"ReadAction\",\"target\":[\"https:\/\/crusoe.audiencelabs.com.br\/identifique-os-sintomas-do-bruxismo-e-saiba-se-voce-tem\/\"]}]},{\"@type\":\"ImageObject\",\"inLanguage\":\"pt-BR\",\"@id\":\"https:\/\/crusoe.audiencelabs.com.br\/identifique-os-sintomas-do-bruxismo-e-saiba-se-voce-tem\/#primaryimage\",\"url\":\"https:\/\/cdn.crusoe.com.br\/uploads\/2025\/06\/bruxismo-sintomas.jpg\",\"contentUrl\":\"https:\/\/cdn.crusoe.com.br\/uploads\/2025\/06\/bruxismo-sintomas.jpg\",\"width\":1500,\"height\":844,\"caption\":\"Foto: Freepik\"},{\"@type\":\"BreadcrumbList\",\"@id\":\"https:\/\/crusoe.audiencelabs.com.br\/identifique-os-sintomas-do-bruxismo-e-saiba-se-voce-tem\/#breadcrumb\",\"itemListElement\":[{\"@type\":\"ListItem\",\"position\":1,\"name\":\"Home\",\"item\":\"https:\/\/crusoe.audiencelabs.com.br\/\"},{\"@type\":\"ListItem\",\"position\":2,\"name\":\"Identifique os sintomas do bruxismo e saiba se voc\u00ea tem\"}]},{\"@type\":\"WebSite\",\"@id\":\"https:\/\/crusoe.audiencelabs.com.br\/#website\",\"url\":\"https:\/\/crusoe.audiencelabs.com.br\/\",\"name\":\"Variedades - Cruso\u00e9\",\"description\":\"\",\"potentialAction\":[{\"@type\":\"SearchAction\",\"target\":{\"@type\":\"EntryPoint\",\"urlTemplate\":\"https:\/\/crusoe.audiencelabs.com.br\/?s={search_term_string}\"},\"query-input\":{\"@type\":\"PropertyValueSpecification\",\"valueRequired\":true,\"valueName\":\"search_term_string\"}}],\"inLanguage\":\"pt-BR\"},{\"@type\":\"Person\",\"@id\":\"https:\/\/crusoe.audiencelabs.com.br\/#\/schema\/person\/4a23399b23149df2eab6637fd2fd2bfc\",\"name\":\"Jo\u00e3o Carlos Gomes\",\"image\":{\"@type\":\"ImageObject\",\"inLanguage\":\"pt-BR\",\"@id\":\"https:\/\/crusoe.audiencelabs.com.br\/#\/schema\/person\/image\/\",\"url\":\"https:\/\/secure.gravatar.com\/avatar\/4ce4672dbdd694b329cd6fdb51bee7d1409be1f0ff76a537e4c4a737b2c7d1a9?s=96&d=mm&r=g\",\"contentUrl\":\"https:\/\/secure.gravatar.com\/avatar\/4ce4672dbdd694b329cd6fdb51bee7d1409be1f0ff76a537e4c4a737b2c7d1a9?s=96&d=mm&r=g\",\"caption\":\"Jo\u00e3o Carlos Gomes\"},\"description\":\"Jornalista, criador de conte\u00fado e m\u00fasico independente nas horas vagas.\",\"url\":\"https:\/\/crusoe.audiencelabs.com.br\/author\/joaoc-junior66\/\"}]}<\/script>\n<!-- \/ Yoast SEO plugin. -->","yoast_head_json":{"title":"Identifique os sintomas do bruxismo e saiba se voc\u00ea tem","robots":{"index":"index","follow":"follow","max-snippet":"max-snippet:-1","max-image-preview":"max-image-preview:large","max-video-preview":"max-video-preview:-1"},"canonical":"https:\/\/crusoe.audiencelabs.com.br\/identifique-os-sintomas-do-bruxismo-e-saiba-se-voce-tem\/","og_locale":"pt_BR","og_type":"article","og_title":"Identifique os sintomas do bruxismo e saiba se voc\u00ea tem","og_description":"Mais do que uma mania, o ato de apertar os dentes ou serrar a mand\u00edbula involuntariamente e em excesso pode ser um dos principais sinais do bruxismo, uma desordem funcional que atinge cerca de 30% da popula\u00e7\u00e3o mundial, segundo a Organiza\u00e7\u00e3o Mundial da Sa\u00fade (OMS). Vale destacar que a condi\u00e7\u00e3o pode afetar pessoas de diferentes [&hellip;]","og_url":"https:\/\/crusoe.audiencelabs.com.br\/identifique-os-sintomas-do-bruxismo-e-saiba-se-voce-tem\/","og_site_name":"Variedades - Cruso\u00e9","article_published_time":"2025-06-17T22:37:37+00:00","article_modified_time":"2025-06-17T22:37:39+00:00","og_image":[{"width":1500,"height":844,"url":"https:\/\/cdn.crusoe.com.br\/uploads\/2025\/06\/bruxismo-sintomas.jpg","type":"image\/jpeg"}],"author":"Jo\u00e3o Carlos Gomes","twitter_card":"summary_large_image","twitter_misc":{"Escrito por":"Jo\u00e3o Carlos Gomes","Est. tempo de leitura":"2 minutos"},"schema":{"@context":"https:\/\/schema.org","@graph":[{"@type":"WebPage","@id":"https:\/\/crusoe.audiencelabs.com.br\/identifique-os-sintomas-do-bruxismo-e-saiba-se-voce-tem\/","url":"https:\/\/crusoe.audiencelabs.com.br\/identifique-os-sintomas-do-bruxismo-e-saiba-se-voce-tem\/","name":"Identifique os sintomas do bruxismo e saiba se voc\u00ea tem","isPartOf":{"@id":"https:\/\/crusoe.audiencelabs.com.br\/#website"},"primaryImageOfPage":{"@id":"https:\/\/crusoe.audiencelabs.com.br\/identifique-os-sintomas-do-bruxismo-e-saiba-se-voce-tem\/#primaryimage"},"image":{"@id":"https:\/\/crusoe.audiencelabs.com.br\/identifique-os-sintomas-do-bruxismo-e-saiba-se-voce-tem\/#primaryimage"},"thumbnailUrl":"https:\/\/cdn.crusoe.com.br\/uploads\/2025\/06\/bruxismo-sintomas.jpg","datePublished":"2025-06-17T22:37:37+00:00","dateModified":"2025-06-17T22:37:39+00:00","author":{"@id":"https:\/\/crusoe.audiencelabs.com.br\/#\/schema\/person\/4a23399b23149df2eab6637fd2fd2bfc"},"breadcrumb":{"@id":"https:\/\/crusoe.audiencelabs.com.br\/identifique-os-sintomas-do-bruxismo-e-saiba-se-voce-tem\/#breadcrumb"},"inLanguage":"pt-BR","potentialAction":[{"@type":"ReadAction","target":["https:\/\/crusoe.audiencelabs.com.br\/identifique-os-sintomas-do-bruxismo-e-saiba-se-voce-tem\/"]}]},{"@type":"ImageObject","inLanguage":"pt-BR","@id":"https:\/\/crusoe.audiencelabs.com.br\/identifique-os-sintomas-do-bruxismo-e-saiba-se-voce-tem\/#primaryimage","url":"https:\/\/cdn.crusoe.com.br\/uploads\/2025\/06\/bruxismo-sintomas.jpg","contentUrl":"https:\/\/cdn.crusoe.com.br\/uploads\/2025\/06\/bruxismo-sintomas.jpg","width":1500,"height":844,"caption":"Foto: Freepik"},{"@type":"BreadcrumbList","@id":"https:\/\/crusoe.audiencelabs.com.br\/identifique-os-sintomas-do-bruxismo-e-saiba-se-voce-tem\/#breadcrumb","itemListElement":[{"@type":"ListItem","position":1,"name":"Home","item":"https:\/\/crusoe.audiencelabs.com.br\/"},{"@type":"ListItem","position":2,"name":"Identifique os sintomas do bruxismo e saiba se voc\u00ea tem"}]},{"@type":"WebSite","@id":"https:\/\/crusoe.audiencelabs.com.br\/#website","url":"https:\/\/crusoe.audiencelabs.com.br\/","name":"Variedades - Cruso\u00e9","description":"","potentialAction":[{"@type":"SearchAction","target":{"@type":"EntryPoint","urlTemplate":"https:\/\/crusoe.audiencelabs.com.br\/?s={search_term_string}"},"query-input":{"@type":"PropertyValueSpecification","valueRequired":true,"valueName":"search_term_string"}}],"inLanguage":"pt-BR"},{"@type":"Person","@id":"https:\/\/crusoe.audiencelabs.com.br\/#\/schema\/person\/4a23399b23149df2eab6637fd2fd2bfc","name":"Jo\u00e3o Carlos Gomes","image":{"@type":"ImageObject","inLanguage":"pt-BR","@id":"https:\/\/crusoe.audiencelabs.com.br\/#\/schema\/person\/image\/","url":"https:\/\/secure.gravatar.com\/avatar\/4ce4672dbdd694b329cd6fdb51bee7d1409be1f0ff76a537e4c4a737b2c7d1a9?s=96&d=mm&r=g","contentUrl":"https:\/\/secure.gravatar.com\/avatar\/4ce4672dbdd694b329cd6fdb51bee7d1409be1f0ff76a537e4c4a737b2c7d1a9?s=96&d=mm&r=g","caption":"Jo\u00e3o Carlos Gomes"},"description":"Jornalista, criador de conte\u00fado e m\u00fasico independente nas horas vagas.","url":"https:\/\/crusoe.audiencelabs.com.br\/author\/joaoc-junior66\/"}]}},"_links":{"self":[{"href":"https:\/\/crusoe.audiencelabs.com.br\/wp-json\/wp\/v2\/posts\/2597","targetHints":{"allow":["GET"]}}],"collection":[{"href":"https:\/\/crusoe.audiencelabs.com.br\/wp-json\/wp\/v2\/posts"}],"about":[{"href":"https:\/\/crusoe.audiencelabs.com.br\/wp-json\/wp\/v2\/types\/post"}],"author":[{"embeddable":true,"href":"https:\/\/crusoe.audiencelabs.com.br\/wp-json\/wp\/v2\/users\/7"}],"replies":[{"embeddable":true,"href":"https:\/\/crusoe.audiencelabs.com.br\/wp-json\/wp\/v2\/comments?post=2597"}],"version-history":[{"count":1,"href":"https:\/\/crusoe.audiencelabs.com.br\/wp-json\/wp\/v2\/posts\/2597\/revisions"}],"predecessor-version":[{"id":2599,"href":"https:\/\/crusoe.audiencelabs.com.br\/wp-json\/wp\/v2\/posts\/2597\/revisions\/2599"}],"wp:featuredmedia":[{"embeddable":true,"href":"https:\/\/crusoe.audiencelabs.com.br\/wp-json\/wp\/v2\/media\/2598"}],"wp:attachment":[{"href":"https:\/\/crusoe.audiencelabs.com.br\/wp-json\/wp\/v2\/media?parent=2597"}],"wp:term":[{"taxonomy":"category","embeddable":true,"href":"https:\/\/crusoe.audiencelabs.com.br\/wp-json\/wp\/v2\/categories?post=2597"},{"taxonomy":"post_tag","embeddable":true,"href":"https:\/\/crusoe.audiencelabs.com.br\/wp-json\/wp\/v2\/tags?post=2597"}],"curies":[{"name":"wp","href":"https:\/\/api.w.org\/{rel}","templated":true}]}}