{"id":25642,"date":"2025-12-13T17:00:00","date_gmt":"2025-12-13T20:00:00","guid":{"rendered":"https:\/\/crusoe.audiencelabs.com.br\/?p=25642"},"modified":"2025-12-09T12:35:44","modified_gmt":"2025-12-09T15:35:44","slug":"o-que-diz-a-lei-sobre-o-morador-que-nao-tem-carro-e-ocupa-a-vaga-do-predio-com-objetos","status":"publish","type":"post","link":"https:\/\/crusoe.audiencelabs.com.br\/o-que-diz-a-lei-sobre-o-morador-que-nao-tem-carro-e-ocupa-a-vaga-do-predio-com-objetos\/","title":{"rendered":"O que diz a lei sobre o morador que n\u00e3o tem carro e ocupa a vaga do pr\u00e9dio com objetos"},"content":{"rendered":"\n<p>Muitas pessoas optam por residir em condom\u00ednios por conta das m\u00faltiplas vantagens proporcionadas por sua estrutura, as quais asseguram maior conforto, seguran\u00e7a e praticidade. E \u00e9 ineg\u00e1vel que a <strong>vaga na garagem<\/strong> est\u00e1 entre as principais.<\/p>\n\n\n\n<p>Entretanto, quando o morador n\u00e3o possui um ve\u00edculo, mas ainda assim tem direito a uma vaga, surge a d\u00favida quanto \u00e0 possibilidade de utiliz\u00e1-la para outros fins, como <strong>o armazenamento de objetos<\/strong>.<\/p>\n\n\n\n<p>\u00c9 importante destacar que, embora muitos acreditem que o espa\u00e7o na garagem sirva como uma extens\u00e3o do pr\u00f3prio apartamento, o local conta com normas espec\u00edficas, estabelecidas pela <strong>Conven\u00e7\u00e3o do Condom\u00ednio<\/strong>.<\/p>\n\n\n\n<p>E de acordo com as diretrizes, independentemente do tipo de vaga, \u00e9 <strong>expressamente proibido utiliz\u00e1-las para armazenar objetos<\/strong>, tendo em vista que a pr\u00e1tica viola\u00a0o bom conv\u00edvio e a seguran\u00e7a coletiva.<\/p>\n\n\n\n<p>Por conta disso, o condom\u00ednio pode adotar diferentes medidas contra o morador, que v\u00e3o desde <strong>a aplica\u00e7\u00e3o de advert\u00eancias e multas <\/strong>at\u00e9, em casos mais graves, o <strong>ajuizamento de medidas judiciais<\/strong>.<\/p>\n\n\n\n<h2 class=\"wp-block-heading\">C\u00f3digo Civil tamb\u00e9m pro\u00edbe o uso indevido de vagas<\/h2>\n\n\n\n<p>Vale lembrar que o<strong> artigo 1.336 do C\u00f3digo Civil<\/strong> tamb\u00e9m determina alguns limites a respeito do uso das vagas em condom\u00ednios para moradores, estabelecendo que o uso da unidade e \u00e1reas comuns n\u00e3o deve causar dano ou inc\u00f4modo aos demais.<\/p>\n\n\n\n<p>Levando em considera\u00e7\u00e3o os riscos que o armazenamento de objetos na garagem pode trazer, fica claro que o conjunto de normas tamb\u00e9m reprova este tipo de utiliza\u00e7\u00e3o.<\/p>\n\n\n\n<h2 class=\"wp-block-heading\">O que fazer com a vagas quando o morador n\u00e3o possui carro?<\/h2>\n\n\n\n<p>Como mencionado anteriormente, existem <strong>diferentes tipos de vagas em condom\u00ednios<\/strong>. E, se o morador n\u00e3o possui um ve\u00edculo, \u00e9 essencial consultar a Conven\u00e7\u00e3o do Condom\u00ednio para saber o que \u00e9 permitido fazer com o espa\u00e7o.<\/p>\n\n\n\n<ul class=\"wp-block-list\">\n<li><strong>Vagas aut\u00f4nomas:<\/strong> contam com matr\u00edcula pr\u00f3pria no Registro de Im\u00f3veis, podendo ser vendidas ou alugadas para outros moradores, se a Conven\u00e7\u00e3o permitir;<\/li>\n\n\n\n<li><strong>Vagas vinculadas: <\/strong>diretamente ligadas \u00e0 matr\u00edcula do apartamento, n\u00e3o podem ser vendidas separadamente;<\/li>\n\n\n\n<li><strong>Vagas indeterminadas\/rotativas: <\/strong>de uso comum, as vagas n\u00e3o s\u00e3o fixas, portanto n\u00e3o pertencem ao morador.<\/li>\n<\/ul>\n","protected":false},"excerpt":{"rendered":"<p>Muitas pessoas optam por residir em condom\u00ednios por conta das m\u00faltiplas vantagens proporcionadas por sua estrutura, as quais asseguram maior conforto, seguran\u00e7a e praticidade. E \u00e9 ineg\u00e1vel que a vaga na garagem est\u00e1 entre as principais. Entretanto, quando o morador n\u00e3o possui um ve\u00edculo, mas ainda assim tem direito a uma vaga, surge a d\u00favida [&hellip;]<\/p>\n","protected":false},"author":7,"featured_media":25643,"comment_status":"open","ping_status":"open","sticky":false,"template":"","format":"standard","meta":{"jnews-multi-image_gallery":[],"jnews_single_post":{"format":"standard"},"jnews_primary_category":[],"jnews_override_counter":[],"jnews_post_split":[],"footnotes":""},"categories":[1],"tags":[],"class_list":["post-25642","post","type-post","status-publish","format-standard","has-post-thumbnail","hentry","category-geral"],"yoast_head":"<!-- This site is optimized with the Yoast SEO plugin v25.0 - https:\/\/yoast.com\/wordpress\/plugins\/seo\/ -->\n<title>O que diz a lei sobre o morador que n\u00e3o tem carro e ocupa a vaga do pr\u00e9dio com objetos<\/title>\n<meta name=\"robots\" content=\"index, follow, max-snippet:-1, max-image-preview:large, max-video-preview:-1\" \/>\n<link rel=\"canonical\" href=\"https:\/\/crusoe.audiencelabs.com.br\/o-que-diz-a-lei-sobre-o-morador-que-nao-tem-carro-e-ocupa-a-vaga-do-predio-com-objetos\/\" \/>\n<meta property=\"og:locale\" content=\"pt_BR\" \/>\n<meta property=\"og:type\" content=\"article\" \/>\n<meta property=\"og:title\" content=\"O que diz a lei sobre o morador que n\u00e3o tem carro e ocupa a vaga do pr\u00e9dio com objetos\" \/>\n<meta property=\"og:description\" content=\"Muitas pessoas optam por residir em condom\u00ednios por conta das m\u00faltiplas vantagens proporcionadas por sua estrutura, as quais asseguram maior conforto, seguran\u00e7a e praticidade. E \u00e9 ineg\u00e1vel que a vaga na garagem est\u00e1 entre as principais. Entretanto, quando o morador n\u00e3o possui um ve\u00edculo, mas ainda assim tem direito a uma vaga, surge a d\u00favida [&hellip;]\" \/>\n<meta property=\"og:url\" content=\"https:\/\/crusoe.audiencelabs.com.br\/o-que-diz-a-lei-sobre-o-morador-que-nao-tem-carro-e-ocupa-a-vaga-do-predio-com-objetos\/\" \/>\n<meta property=\"og:site_name\" content=\"Variedades - Cruso\u00e9\" \/>\n<meta property=\"article:published_time\" content=\"2025-12-13T20:00:00+00:00\" \/>\n<meta property=\"og:image\" content=\"https:\/\/cdn.crusoe.com.br\/uploads\/2025\/12\/o-que-lei-diz-sobre-morador-que-nao-tem-carro-ocupa-vaga-predio-com-objetos.jpg\" \/>\n\t<meta property=\"og:image:width\" content=\"1920\" \/>\n\t<meta property=\"og:image:height\" content=\"1080\" \/>\n\t<meta property=\"og:image:type\" content=\"image\/jpeg\" \/>\n<meta name=\"author\" content=\"Jo\u00e3o Carlos Gomes\" \/>\n<meta name=\"twitter:card\" content=\"summary_large_image\" \/>\n<meta name=\"twitter:label1\" content=\"Escrito por\" \/>\n\t<meta name=\"twitter:data1\" content=\"Jo\u00e3o Carlos Gomes\" \/>\n\t<meta name=\"twitter:label2\" content=\"Est. tempo de leitura\" \/>\n\t<meta name=\"twitter:data2\" content=\"3 minutos\" \/>\n<script type=\"application\/ld+json\" class=\"yoast-schema-graph\">{\"@context\":\"https:\/\/schema.org\",\"@graph\":[{\"@type\":\"WebPage\",\"@id\":\"https:\/\/crusoe.audiencelabs.com.br\/o-que-diz-a-lei-sobre-o-morador-que-nao-tem-carro-e-ocupa-a-vaga-do-predio-com-objetos\/\",\"url\":\"https:\/\/crusoe.audiencelabs.com.br\/o-que-diz-a-lei-sobre-o-morador-que-nao-tem-carro-e-ocupa-a-vaga-do-predio-com-objetos\/\",\"name\":\"O que diz a lei sobre o morador que n\u00e3o tem carro e ocupa a vaga do pr\u00e9dio com objetos\",\"isPartOf\":{\"@id\":\"https:\/\/crusoe.audiencelabs.com.br\/#website\"},\"primaryImageOfPage\":{\"@id\":\"https:\/\/crusoe.audiencelabs.com.br\/o-que-diz-a-lei-sobre-o-morador-que-nao-tem-carro-e-ocupa-a-vaga-do-predio-com-objetos\/#primaryimage\"},\"image\":{\"@id\":\"https:\/\/crusoe.audiencelabs.com.br\/o-que-diz-a-lei-sobre-o-morador-que-nao-tem-carro-e-ocupa-a-vaga-do-predio-com-objetos\/#primaryimage\"},\"thumbnailUrl\":\"https:\/\/cdn.crusoe.com.br\/uploads\/2025\/12\/o-que-lei-diz-sobre-morador-que-nao-tem-carro-ocupa-vaga-predio-com-objetos.jpg\",\"datePublished\":\"2025-12-13T20:00:00+00:00\",\"author\":{\"@id\":\"https:\/\/crusoe.audiencelabs.com.br\/#\/schema\/person\/4a23399b23149df2eab6637fd2fd2bfc\"},\"breadcrumb\":{\"@id\":\"https:\/\/crusoe.audiencelabs.com.br\/o-que-diz-a-lei-sobre-o-morador-que-nao-tem-carro-e-ocupa-a-vaga-do-predio-com-objetos\/#breadcrumb\"},\"inLanguage\":\"pt-BR\",\"potentialAction\":[{\"@type\":\"ReadAction\",\"target\":[\"https:\/\/crusoe.audiencelabs.com.br\/o-que-diz-a-lei-sobre-o-morador-que-nao-tem-carro-e-ocupa-a-vaga-do-predio-com-objetos\/\"]}]},{\"@type\":\"ImageObject\",\"inLanguage\":\"pt-BR\",\"@id\":\"https:\/\/crusoe.audiencelabs.com.br\/o-que-diz-a-lei-sobre-o-morador-que-nao-tem-carro-e-ocupa-a-vaga-do-predio-com-objetos\/#primaryimage\",\"url\":\"https:\/\/cdn.crusoe.com.br\/uploads\/2025\/12\/o-que-lei-diz-sobre-morador-que-nao-tem-carro-ocupa-vaga-predio-com-objetos.jpg\",\"contentUrl\":\"https:\/\/cdn.crusoe.com.br\/uploads\/2025\/12\/o-que-lei-diz-sobre-morador-que-nao-tem-carro-ocupa-vaga-predio-com-objetos.jpg\",\"width\":1920,\"height\":1080,\"caption\":\"Foto: Peaky Frames\/Unsplash\"},{\"@type\":\"BreadcrumbList\",\"@id\":\"https:\/\/crusoe.audiencelabs.com.br\/o-que-diz-a-lei-sobre-o-morador-que-nao-tem-carro-e-ocupa-a-vaga-do-predio-com-objetos\/#breadcrumb\",\"itemListElement\":[{\"@type\":\"ListItem\",\"position\":1,\"name\":\"Home\",\"item\":\"https:\/\/crusoe.audiencelabs.com.br\/\"},{\"@type\":\"ListItem\",\"position\":2,\"name\":\"O que diz a lei sobre o morador que n\u00e3o tem carro e ocupa a vaga do pr\u00e9dio com objetos\"}]},{\"@type\":\"WebSite\",\"@id\":\"https:\/\/crusoe.audiencelabs.com.br\/#website\",\"url\":\"https:\/\/crusoe.audiencelabs.com.br\/\",\"name\":\"Variedades - Cruso\u00e9\",\"description\":\"\",\"potentialAction\":[{\"@type\":\"SearchAction\",\"target\":{\"@type\":\"EntryPoint\",\"urlTemplate\":\"https:\/\/crusoe.audiencelabs.com.br\/?s={search_term_string}\"},\"query-input\":{\"@type\":\"PropertyValueSpecification\",\"valueRequired\":true,\"valueName\":\"search_term_string\"}}],\"inLanguage\":\"pt-BR\"},{\"@type\":\"Person\",\"@id\":\"https:\/\/crusoe.audiencelabs.com.br\/#\/schema\/person\/4a23399b23149df2eab6637fd2fd2bfc\",\"name\":\"Jo\u00e3o Carlos Gomes\",\"image\":{\"@type\":\"ImageObject\",\"inLanguage\":\"pt-BR\",\"@id\":\"https:\/\/crusoe.audiencelabs.com.br\/#\/schema\/person\/image\/\",\"url\":\"https:\/\/secure.gravatar.com\/avatar\/4ce4672dbdd694b329cd6fdb51bee7d1409be1f0ff76a537e4c4a737b2c7d1a9?s=96&d=mm&r=g\",\"contentUrl\":\"https:\/\/secure.gravatar.com\/avatar\/4ce4672dbdd694b329cd6fdb51bee7d1409be1f0ff76a537e4c4a737b2c7d1a9?s=96&d=mm&r=g\",\"caption\":\"Jo\u00e3o Carlos Gomes\"},\"description\":\"Jornalista, criador de conte\u00fado e m\u00fasico independente nas horas vagas.\",\"url\":\"https:\/\/crusoe.audiencelabs.com.br\/author\/joaoc-junior66\/\"}]}<\/script>\n<!-- \/ Yoast SEO plugin. -->","yoast_head_json":{"title":"O que diz a lei sobre o morador que n\u00e3o tem carro e ocupa a vaga do pr\u00e9dio com objetos","robots":{"index":"index","follow":"follow","max-snippet":"max-snippet:-1","max-image-preview":"max-image-preview:large","max-video-preview":"max-video-preview:-1"},"canonical":"https:\/\/crusoe.audiencelabs.com.br\/o-que-diz-a-lei-sobre-o-morador-que-nao-tem-carro-e-ocupa-a-vaga-do-predio-com-objetos\/","og_locale":"pt_BR","og_type":"article","og_title":"O que diz a lei sobre o morador que n\u00e3o tem carro e ocupa a vaga do pr\u00e9dio com objetos","og_description":"Muitas pessoas optam por residir em condom\u00ednios por conta das m\u00faltiplas vantagens proporcionadas por sua estrutura, as quais asseguram maior conforto, seguran\u00e7a e praticidade. E \u00e9 ineg\u00e1vel que a vaga na garagem est\u00e1 entre as principais. Entretanto, quando o morador n\u00e3o possui um ve\u00edculo, mas ainda assim tem direito a uma vaga, surge a d\u00favida [&hellip;]","og_url":"https:\/\/crusoe.audiencelabs.com.br\/o-que-diz-a-lei-sobre-o-morador-que-nao-tem-carro-e-ocupa-a-vaga-do-predio-com-objetos\/","og_site_name":"Variedades - Cruso\u00e9","article_published_time":"2025-12-13T20:00:00+00:00","og_image":[{"width":1920,"height":1080,"url":"https:\/\/cdn.crusoe.com.br\/uploads\/2025\/12\/o-que-lei-diz-sobre-morador-que-nao-tem-carro-ocupa-vaga-predio-com-objetos.jpg","type":"image\/jpeg"}],"author":"Jo\u00e3o Carlos Gomes","twitter_card":"summary_large_image","twitter_misc":{"Escrito por":"Jo\u00e3o Carlos Gomes","Est. tempo de leitura":"3 minutos"},"schema":{"@context":"https:\/\/schema.org","@graph":[{"@type":"WebPage","@id":"https:\/\/crusoe.audiencelabs.com.br\/o-que-diz-a-lei-sobre-o-morador-que-nao-tem-carro-e-ocupa-a-vaga-do-predio-com-objetos\/","url":"https:\/\/crusoe.audiencelabs.com.br\/o-que-diz-a-lei-sobre-o-morador-que-nao-tem-carro-e-ocupa-a-vaga-do-predio-com-objetos\/","name":"O que diz a lei sobre o morador que n\u00e3o tem carro e ocupa a vaga do pr\u00e9dio com objetos","isPartOf":{"@id":"https:\/\/crusoe.audiencelabs.com.br\/#website"},"primaryImageOfPage":{"@id":"https:\/\/crusoe.audiencelabs.com.br\/o-que-diz-a-lei-sobre-o-morador-que-nao-tem-carro-e-ocupa-a-vaga-do-predio-com-objetos\/#primaryimage"},"image":{"@id":"https:\/\/crusoe.audiencelabs.com.br\/o-que-diz-a-lei-sobre-o-morador-que-nao-tem-carro-e-ocupa-a-vaga-do-predio-com-objetos\/#primaryimage"},"thumbnailUrl":"https:\/\/cdn.crusoe.com.br\/uploads\/2025\/12\/o-que-lei-diz-sobre-morador-que-nao-tem-carro-ocupa-vaga-predio-com-objetos.jpg","datePublished":"2025-12-13T20:00:00+00:00","author":{"@id":"https:\/\/crusoe.audiencelabs.com.br\/#\/schema\/person\/4a23399b23149df2eab6637fd2fd2bfc"},"breadcrumb":{"@id":"https:\/\/crusoe.audiencelabs.com.br\/o-que-diz-a-lei-sobre-o-morador-que-nao-tem-carro-e-ocupa-a-vaga-do-predio-com-objetos\/#breadcrumb"},"inLanguage":"pt-BR","potentialAction":[{"@type":"ReadAction","target":["https:\/\/crusoe.audiencelabs.com.br\/o-que-diz-a-lei-sobre-o-morador-que-nao-tem-carro-e-ocupa-a-vaga-do-predio-com-objetos\/"]}]},{"@type":"ImageObject","inLanguage":"pt-BR","@id":"https:\/\/crusoe.audiencelabs.com.br\/o-que-diz-a-lei-sobre-o-morador-que-nao-tem-carro-e-ocupa-a-vaga-do-predio-com-objetos\/#primaryimage","url":"https:\/\/cdn.crusoe.com.br\/uploads\/2025\/12\/o-que-lei-diz-sobre-morador-que-nao-tem-carro-ocupa-vaga-predio-com-objetos.jpg","contentUrl":"https:\/\/cdn.crusoe.com.br\/uploads\/2025\/12\/o-que-lei-diz-sobre-morador-que-nao-tem-carro-ocupa-vaga-predio-com-objetos.jpg","width":1920,"height":1080,"caption":"Foto: Peaky Frames\/Unsplash"},{"@type":"BreadcrumbList","@id":"https:\/\/crusoe.audiencelabs.com.br\/o-que-diz-a-lei-sobre-o-morador-que-nao-tem-carro-e-ocupa-a-vaga-do-predio-com-objetos\/#breadcrumb","itemListElement":[{"@type":"ListItem","position":1,"name":"Home","item":"https:\/\/crusoe.audiencelabs.com.br\/"},{"@type":"ListItem","position":2,"name":"O que diz a lei sobre o morador que n\u00e3o tem carro e ocupa a vaga do pr\u00e9dio com objetos"}]},{"@type":"WebSite","@id":"https:\/\/crusoe.audiencelabs.com.br\/#website","url":"https:\/\/crusoe.audiencelabs.com.br\/","name":"Variedades - Cruso\u00e9","description":"","potentialAction":[{"@type":"SearchAction","target":{"@type":"EntryPoint","urlTemplate":"https:\/\/crusoe.audiencelabs.com.br\/?s={search_term_string}"},"query-input":{"@type":"PropertyValueSpecification","valueRequired":true,"valueName":"search_term_string"}}],"inLanguage":"pt-BR"},{"@type":"Person","@id":"https:\/\/crusoe.audiencelabs.com.br\/#\/schema\/person\/4a23399b23149df2eab6637fd2fd2bfc","name":"Jo\u00e3o Carlos Gomes","image":{"@type":"ImageObject","inLanguage":"pt-BR","@id":"https:\/\/crusoe.audiencelabs.com.br\/#\/schema\/person\/image\/","url":"https:\/\/secure.gravatar.com\/avatar\/4ce4672dbdd694b329cd6fdb51bee7d1409be1f0ff76a537e4c4a737b2c7d1a9?s=96&d=mm&r=g","contentUrl":"https:\/\/secure.gravatar.com\/avatar\/4ce4672dbdd694b329cd6fdb51bee7d1409be1f0ff76a537e4c4a737b2c7d1a9?s=96&d=mm&r=g","caption":"Jo\u00e3o Carlos Gomes"},"description":"Jornalista, criador de conte\u00fado e m\u00fasico independente nas horas vagas.","url":"https:\/\/crusoe.audiencelabs.com.br\/author\/joaoc-junior66\/"}]}},"_links":{"self":[{"href":"https:\/\/crusoe.audiencelabs.com.br\/wp-json\/wp\/v2\/posts\/25642","targetHints":{"allow":["GET"]}}],"collection":[{"href":"https:\/\/crusoe.audiencelabs.com.br\/wp-json\/wp\/v2\/posts"}],"about":[{"href":"https:\/\/crusoe.audiencelabs.com.br\/wp-json\/wp\/v2\/types\/post"}],"author":[{"embeddable":true,"href":"https:\/\/crusoe.audiencelabs.com.br\/wp-json\/wp\/v2\/users\/7"}],"replies":[{"embeddable":true,"href":"https:\/\/crusoe.audiencelabs.com.br\/wp-json\/wp\/v2\/comments?post=25642"}],"version-history":[{"count":1,"href":"https:\/\/crusoe.audiencelabs.com.br\/wp-json\/wp\/v2\/posts\/25642\/revisions"}],"predecessor-version":[{"id":25644,"href":"https:\/\/crusoe.audiencelabs.com.br\/wp-json\/wp\/v2\/posts\/25642\/revisions\/25644"}],"wp:featuredmedia":[{"embeddable":true,"href":"https:\/\/crusoe.audiencelabs.com.br\/wp-json\/wp\/v2\/media\/25643"}],"wp:attachment":[{"href":"https:\/\/crusoe.audiencelabs.com.br\/wp-json\/wp\/v2\/media?parent=25642"}],"wp:term":[{"taxonomy":"category","embeddable":true,"href":"https:\/\/crusoe.audiencelabs.com.br\/wp-json\/wp\/v2\/categories?post=25642"},{"taxonomy":"post_tag","embeddable":true,"href":"https:\/\/crusoe.audiencelabs.com.br\/wp-json\/wp\/v2\/tags?post=25642"}],"curies":[{"name":"wp","href":"https:\/\/api.w.org\/{rel}","templated":true}]}}