{"id":25552,"date":"2025-12-09T13:30:00","date_gmt":"2025-12-09T16:30:00","guid":{"rendered":"https:\/\/crusoe.audiencelabs.com.br\/?p=25552"},"modified":"2025-12-09T07:13:37","modified_gmt":"2025-12-09T10:13:37","slug":"mansao-mais-valiosa-do-brasil-pertence-a-um-ex-ator-da-globo-e-vale-mais-de-r-200-milhoes","status":"publish","type":"post","link":"https:\/\/crusoe.audiencelabs.com.br\/mansao-mais-valiosa-do-brasil-pertence-a-um-ex-ator-da-globo-e-vale-mais-de-r-200-milhoes\/","title":{"rendered":"Mans\u00e3o mais valiosa do Brasil pertence a um ex-ator da Globo e vale mais de R$ 200 milh\u00f5es"},"content":{"rendered":"\n<p>A mans\u00e3o do ex-ator da Globo <strong>M\u00e1rcio Garcia<\/strong>, localizada no Jo\u00e1, Rio de Janeiro, tem chamado a aten\u00e7\u00e3o como uma das resid\u00eancias mais caras do Brasil.\u00a0<\/p>\n\n\n\n<p><strong>Avaliada em R$ 250 milh\u00f5es<\/strong>, a propriedade se imp\u00f5e n\u00e3o apenas pelo valor, mas pela combina\u00e7\u00e3o de modernidade e exclusividade, oferecendo uma vista inigual\u00e1vel da Pedra da G\u00e1vea e do mar.&nbsp;<\/p>\n\n\n<div class=\"wp-block-image\">\n<figure class=\"aligncenter size-full is-resized\"><img loading=\"lazy\" decoding=\"async\" width=\"768\" height=\"512\" src=\"https:\/\/cdn.crusoe.com.br\/uploads\/2025\/12\/56-1.jpg\" alt=\"\" class=\"wp-image-25554\" style=\"width:516px;height:auto\" srcset=\"https:\/\/cdn.crusoe.com.br\/uploads\/2025\/12\/56-1.jpg 768w, https:\/\/cdn.crusoe.com.br\/uploads\/2025\/12\/56-1-300x200.jpg 300w, https:\/\/cdn.crusoe.com.br\/uploads\/2025\/12\/56-1-750x500.jpg 750w\" sizes=\"auto, (max-width: 768px) 100vw, 768px\" \/><figcaption class=\"wp-element-caption\">Marcio Garcia &#8211; Foto: F5 UOL <\/figcaption><\/figure>\n<\/div>\n\n\n<h2 class=\"wp-block-heading\">Detalhes da mans\u00e3o<\/h2>\n\n\n\n<p>Distribu\u00edda em um terreno de mais de <strong>6.000 m\u00b2,<\/strong> a mans\u00e3o oferece cerca de <strong>2.000 m\u00b2 de \u00e1rea climatizada<\/strong>. No interior, s\u00e3o <strong>7 su\u00edtes e 18 banheiros<\/strong>, al\u00e9m de <strong>3 cozinhas<\/strong>.\u00a0<\/p>\n\n\n<div class=\"wp-block-image\">\n<figure class=\"aligncenter size-large is-resized\"><img loading=\"lazy\" decoding=\"async\" width=\"1024\" height=\"576\" src=\"https:\/\/cdn.crusoe.com.br\/uploads\/2025\/12\/1-1024x576.webp\" alt=\"\" class=\"wp-image-25555\" style=\"aspect-ratio:1.7778258518117902;width:692px;height:auto\" srcset=\"https:\/\/cdn.crusoe.com.br\/uploads\/2025\/12\/1-1024x576.webp 1024w, https:\/\/cdn.crusoe.com.br\/uploads\/2025\/12\/1-300x169.webp 300w, https:\/\/cdn.crusoe.com.br\/uploads\/2025\/12\/1-768x432.webp 768w, https:\/\/cdn.crusoe.com.br\/uploads\/2025\/12\/1-750x422.webp 750w, https:\/\/cdn.crusoe.com.br\/uploads\/2025\/12\/1-1140x641.webp 1140w, https:\/\/cdn.crusoe.com.br\/uploads\/2025\/12\/1.webp 1280w\" sizes=\"auto, (max-width: 1024px) 100vw, 1024px\" \/><figcaption class=\"wp-element-caption\">Foto: InfoMoney <\/figcaption><\/figure>\n<\/div>\n\n\n<p>O espa\u00e7o se destaca pela estrutura adaptada a eventos sociais e ao conv\u00edvio familiar, integrando recursos como um <strong>cinema particular<\/strong> e uma <strong>boate <\/strong>com capacidade para at\u00e9 50 pessoas.\u00a0<\/p>\n\n\n\n<p>Para o lazer, oferece <strong>academia <\/strong>bem equipada, <strong>quadra de t\u00eanis <\/strong>e <strong>campo de futebol<\/strong>, assegurando uma experi\u00eancia completa de conforto e divers\u00e3o.<\/p>\n\n\n\n<h2 class=\"wp-block-heading\">Exclusividade no mercado<\/h2>\n\n\n\n<p>O mercado de luxo brasileiro est\u00e1 em constante evolu\u00e7\u00e3o e a resid\u00eancia de M\u00e1rcio Garcia se destaca pela singularidade de sua localiza\u00e7\u00e3o e pelos acabamentos de alta qualidade.&nbsp;<\/p>\n\n\n<div class=\"wp-block-image\">\n<figure class=\"aligncenter size-large is-resized\"><img loading=\"lazy\" decoding=\"async\" width=\"1024\" height=\"768\" src=\"https:\/\/cdn.crusoe.com.br\/uploads\/2025\/12\/4-1024x768.webp\" alt=\"\" class=\"wp-image-25556\" style=\"width:742px;height:auto\" srcset=\"https:\/\/cdn.crusoe.com.br\/uploads\/2025\/12\/4-1024x768.webp 1024w, https:\/\/cdn.crusoe.com.br\/uploads\/2025\/12\/4-300x225.webp 300w, https:\/\/cdn.crusoe.com.br\/uploads\/2025\/12\/4-768x576.webp 768w, https:\/\/cdn.crusoe.com.br\/uploads\/2025\/12\/4-750x563.webp 750w, https:\/\/cdn.crusoe.com.br\/uploads\/2025\/12\/4-1140x855.webp 1140w, https:\/\/cdn.crusoe.com.br\/uploads\/2025\/12\/4.webp 1212w\" sizes=\"auto, (max-width: 1024px) 100vw, 1024px\" \/><figcaption class=\"wp-element-caption\">Foto: VEJA RIO <\/figcaption><\/figure>\n<\/div>\n\n\n<p>Isso faz da propriedade um exemplo de como unir design de ponta e elementos do ambiente de maneira harmoniosa, atraindo investidores e admiradores de im\u00f3veis luxuosos.<\/p>\n\n\n\n<h2 class=\"wp-block-heading\">Contexto do mercado imobili\u00e1rio de luxo<\/h2>\n\n\n\n<p>O setor imobili\u00e1rio de luxo no Brasil v\u00ea um crescimento significativo, impulsionado pela demanda por im\u00f3veis que oferecem privacidade e um estilo de vida sofisticado.&nbsp;<\/p>\n\n\n\n<p>As cidades de destaque, como Rio de Janeiro e S\u00e3o Paulo, tornam-se centros dessa busca por experi\u00eancias exclusivas e propriedades que espelham tend\u00eancias internacionais.<\/p>\n\n\n\n<p>Mudan\u00e7as no perfil dos compradores, que priorizam integra\u00e7\u00e3o com o ambiente natural, tecnologia avan\u00e7ada e personaliza\u00e7\u00e3o dos espa\u00e7os, t\u00eam promovido a valoriza\u00e7\u00e3o dessas propriedades de alto padr\u00e3o.&nbsp;<\/p>\n\n\n\n<p>A pandemia fez com que o lar se tornasse o foco central de muitas vidas, aumentando a import\u00e2ncia do investimento em conforto e funcionalidade.<\/p>\n","protected":false},"excerpt":{"rendered":"<p>A mans\u00e3o do ex-ator da Globo M\u00e1rcio Garcia, localizada no Jo\u00e1, Rio de Janeiro, tem chamado a aten\u00e7\u00e3o como uma das resid\u00eancias mais caras do Brasil.\u00a0 Avaliada em R$ 250 milh\u00f5es, a propriedade se imp\u00f5e n\u00e3o apenas pelo valor, mas pela combina\u00e7\u00e3o de modernidade e exclusividade, oferecendo uma vista inigual\u00e1vel da Pedra da G\u00e1vea e [&hellip;]<\/p>\n","protected":false},"author":5,"featured_media":25553,"comment_status":"open","ping_status":"open","sticky":false,"template":"","format":"standard","meta":{"jnews-multi-image_gallery":[],"jnews_single_post":{"format":"standard"},"jnews_primary_category":[],"jnews_override_counter":[],"jnews_post_split":[],"footnotes":""},"categories":[1],"tags":[1447,2805],"class_list":["post-25552","post","type-post","status-publish","format-standard","has-post-thumbnail","hentry","category-geral","tag-mansao","tag-marcio-garcia"],"yoast_head":"<!-- This site is optimized with the Yoast SEO plugin v25.0 - https:\/\/yoast.com\/wordpress\/plugins\/seo\/ -->\n<title>Mans\u00e3o mais valiosa do Brasil pertence a um ex-ator da Globo e vale mais de R$ 200 milh\u00f5es<\/title>\n<meta name=\"robots\" content=\"index, follow, max-snippet:-1, max-image-preview:large, max-video-preview:-1\" \/>\n<link rel=\"canonical\" href=\"https:\/\/crusoe.audiencelabs.com.br\/mansao-mais-valiosa-do-brasil-pertence-a-um-ex-ator-da-globo-e-vale-mais-de-r-200-milhoes\/\" \/>\n<meta property=\"og:locale\" content=\"pt_BR\" \/>\n<meta property=\"og:type\" content=\"article\" \/>\n<meta property=\"og:title\" content=\"Mans\u00e3o mais valiosa do Brasil pertence a um ex-ator da Globo e vale mais de R$ 200 milh\u00f5es\" \/>\n<meta property=\"og:description\" content=\"A mans\u00e3o do ex-ator da Globo M\u00e1rcio Garcia, localizada no Jo\u00e1, Rio de Janeiro, tem chamado a aten\u00e7\u00e3o como uma das resid\u00eancias mais caras do Brasil.\u00a0 Avaliada em R$ 250 milh\u00f5es, a propriedade se imp\u00f5e n\u00e3o apenas pelo valor, mas pela combina\u00e7\u00e3o de modernidade e exclusividade, oferecendo uma vista inigual\u00e1vel da Pedra da G\u00e1vea e [&hellip;]\" \/>\n<meta property=\"og:url\" content=\"https:\/\/crusoe.audiencelabs.com.br\/mansao-mais-valiosa-do-brasil-pertence-a-um-ex-ator-da-globo-e-vale-mais-de-r-200-milhoes\/\" \/>\n<meta property=\"og:site_name\" content=\"Variedades - Cruso\u00e9\" \/>\n<meta property=\"article:published_time\" content=\"2025-12-09T16:30:00+00:00\" \/>\n<meta property=\"og:image\" content=\"https:\/\/cdn.crusoe.com.br\/uploads\/2025\/12\/marcio8.webp\" \/>\n\t<meta property=\"og:image:width\" content=\"1920\" \/>\n\t<meta property=\"og:image:height\" content=\"1080\" \/>\n\t<meta property=\"og:image:type\" content=\"image\/webp\" \/>\n<meta name=\"author\" content=\"Milena Armando\" \/>\n<meta name=\"twitter:card\" content=\"summary_large_image\" \/>\n<meta name=\"twitter:label1\" content=\"Escrito por\" \/>\n\t<meta name=\"twitter:data1\" content=\"Milena Armando\" \/>\n\t<meta name=\"twitter:label2\" content=\"Est. tempo de leitura\" \/>\n\t<meta name=\"twitter:data2\" content=\"3 minutos\" \/>\n<script type=\"application\/ld+json\" class=\"yoast-schema-graph\">{\"@context\":\"https:\/\/schema.org\",\"@graph\":[{\"@type\":\"WebPage\",\"@id\":\"https:\/\/crusoe.audiencelabs.com.br\/mansao-mais-valiosa-do-brasil-pertence-a-um-ex-ator-da-globo-e-vale-mais-de-r-200-milhoes\/\",\"url\":\"https:\/\/crusoe.audiencelabs.com.br\/mansao-mais-valiosa-do-brasil-pertence-a-um-ex-ator-da-globo-e-vale-mais-de-r-200-milhoes\/\",\"name\":\"Mans\u00e3o mais valiosa do Brasil pertence a um ex-ator da Globo e vale mais de R$ 200 milh\u00f5es\",\"isPartOf\":{\"@id\":\"https:\/\/crusoe.audiencelabs.com.br\/#website\"},\"primaryImageOfPage\":{\"@id\":\"https:\/\/crusoe.audiencelabs.com.br\/mansao-mais-valiosa-do-brasil-pertence-a-um-ex-ator-da-globo-e-vale-mais-de-r-200-milhoes\/#primaryimage\"},\"image\":{\"@id\":\"https:\/\/crusoe.audiencelabs.com.br\/mansao-mais-valiosa-do-brasil-pertence-a-um-ex-ator-da-globo-e-vale-mais-de-r-200-milhoes\/#primaryimage\"},\"thumbnailUrl\":\"https:\/\/cdn.crusoe.com.br\/uploads\/2025\/12\/marcio8.webp\",\"datePublished\":\"2025-12-09T16:30:00+00:00\",\"author\":{\"@id\":\"https:\/\/crusoe.audiencelabs.com.br\/#\/schema\/person\/f87f73cfe89e5360de2c006bd4bd6a74\"},\"breadcrumb\":{\"@id\":\"https:\/\/crusoe.audiencelabs.com.br\/mansao-mais-valiosa-do-brasil-pertence-a-um-ex-ator-da-globo-e-vale-mais-de-r-200-milhoes\/#breadcrumb\"},\"inLanguage\":\"pt-BR\",\"potentialAction\":[{\"@type\":\"ReadAction\",\"target\":[\"https:\/\/crusoe.audiencelabs.com.br\/mansao-mais-valiosa-do-brasil-pertence-a-um-ex-ator-da-globo-e-vale-mais-de-r-200-milhoes\/\"]}]},{\"@type\":\"ImageObject\",\"inLanguage\":\"pt-BR\",\"@id\":\"https:\/\/crusoe.audiencelabs.com.br\/mansao-mais-valiosa-do-brasil-pertence-a-um-ex-ator-da-globo-e-vale-mais-de-r-200-milhoes\/#primaryimage\",\"url\":\"https:\/\/cdn.crusoe.com.br\/uploads\/2025\/12\/marcio8.webp\",\"contentUrl\":\"https:\/\/cdn.crusoe.com.br\/uploads\/2025\/12\/marcio8.webp\",\"width\":1920,\"height\":1080,\"caption\":\"Foto: InfoMoney\"},{\"@type\":\"BreadcrumbList\",\"@id\":\"https:\/\/crusoe.audiencelabs.com.br\/mansao-mais-valiosa-do-brasil-pertence-a-um-ex-ator-da-globo-e-vale-mais-de-r-200-milhoes\/#breadcrumb\",\"itemListElement\":[{\"@type\":\"ListItem\",\"position\":1,\"name\":\"Home\",\"item\":\"https:\/\/crusoe.audiencelabs.com.br\/\"},{\"@type\":\"ListItem\",\"position\":2,\"name\":\"Mans\u00e3o mais valiosa do Brasil pertence a um ex-ator da Globo e vale mais de R$ 200 milh\u00f5es\"}]},{\"@type\":\"WebSite\",\"@id\":\"https:\/\/crusoe.audiencelabs.com.br\/#website\",\"url\":\"https:\/\/crusoe.audiencelabs.com.br\/\",\"name\":\"Variedades - Cruso\u00e9\",\"description\":\"\",\"potentialAction\":[{\"@type\":\"SearchAction\",\"target\":{\"@type\":\"EntryPoint\",\"urlTemplate\":\"https:\/\/crusoe.audiencelabs.com.br\/?s={search_term_string}\"},\"query-input\":{\"@type\":\"PropertyValueSpecification\",\"valueRequired\":true,\"valueName\":\"search_term_string\"}}],\"inLanguage\":\"pt-BR\"},{\"@type\":\"Person\",\"@id\":\"https:\/\/crusoe.audiencelabs.com.br\/#\/schema\/person\/f87f73cfe89e5360de2c006bd4bd6a74\",\"name\":\"Milena Armando\",\"image\":{\"@type\":\"ImageObject\",\"inLanguage\":\"pt-BR\",\"@id\":\"https:\/\/crusoe.audiencelabs.com.br\/#\/schema\/person\/image\/\",\"url\":\"https:\/\/secure.gravatar.com\/avatar\/ea14ecddc9e9d202b698b18f9f69e09c9fd74cfbed5c6008d55f11faefdbdab7?s=96&d=mm&r=g\",\"contentUrl\":\"https:\/\/secure.gravatar.com\/avatar\/ea14ecddc9e9d202b698b18f9f69e09c9fd74cfbed5c6008d55f11faefdbdab7?s=96&d=mm&r=g\",\"caption\":\"Milena Armando\"},\"description\":\"Jornalista, redatora e revisora.\",\"url\":\"https:\/\/crusoe.audiencelabs.com.br\/author\/milena\/\"}]}<\/script>\n<!-- \/ Yoast SEO plugin. -->","yoast_head_json":{"title":"Mans\u00e3o mais valiosa do Brasil pertence a um ex-ator da Globo e vale mais de R$ 200 milh\u00f5es","robots":{"index":"index","follow":"follow","max-snippet":"max-snippet:-1","max-image-preview":"max-image-preview:large","max-video-preview":"max-video-preview:-1"},"canonical":"https:\/\/crusoe.audiencelabs.com.br\/mansao-mais-valiosa-do-brasil-pertence-a-um-ex-ator-da-globo-e-vale-mais-de-r-200-milhoes\/","og_locale":"pt_BR","og_type":"article","og_title":"Mans\u00e3o mais valiosa do Brasil pertence a um ex-ator da Globo e vale mais de R$ 200 milh\u00f5es","og_description":"A mans\u00e3o do ex-ator da Globo M\u00e1rcio Garcia, localizada no Jo\u00e1, Rio de Janeiro, tem chamado a aten\u00e7\u00e3o como uma das resid\u00eancias mais caras do Brasil.\u00a0 Avaliada em R$ 250 milh\u00f5es, a propriedade se imp\u00f5e n\u00e3o apenas pelo valor, mas pela combina\u00e7\u00e3o de modernidade e exclusividade, oferecendo uma vista inigual\u00e1vel da Pedra da G\u00e1vea e [&hellip;]","og_url":"https:\/\/crusoe.audiencelabs.com.br\/mansao-mais-valiosa-do-brasil-pertence-a-um-ex-ator-da-globo-e-vale-mais-de-r-200-milhoes\/","og_site_name":"Variedades - Cruso\u00e9","article_published_time":"2025-12-09T16:30:00+00:00","og_image":[{"width":1920,"height":1080,"url":"https:\/\/cdn.crusoe.com.br\/uploads\/2025\/12\/marcio8.webp","type":"image\/webp"}],"author":"Milena Armando","twitter_card":"summary_large_image","twitter_misc":{"Escrito por":"Milena Armando","Est. tempo de leitura":"3 minutos"},"schema":{"@context":"https:\/\/schema.org","@graph":[{"@type":"WebPage","@id":"https:\/\/crusoe.audiencelabs.com.br\/mansao-mais-valiosa-do-brasil-pertence-a-um-ex-ator-da-globo-e-vale-mais-de-r-200-milhoes\/","url":"https:\/\/crusoe.audiencelabs.com.br\/mansao-mais-valiosa-do-brasil-pertence-a-um-ex-ator-da-globo-e-vale-mais-de-r-200-milhoes\/","name":"Mans\u00e3o mais valiosa do Brasil pertence a um ex-ator da Globo e vale mais de R$ 200 milh\u00f5es","isPartOf":{"@id":"https:\/\/crusoe.audiencelabs.com.br\/#website"},"primaryImageOfPage":{"@id":"https:\/\/crusoe.audiencelabs.com.br\/mansao-mais-valiosa-do-brasil-pertence-a-um-ex-ator-da-globo-e-vale-mais-de-r-200-milhoes\/#primaryimage"},"image":{"@id":"https:\/\/crusoe.audiencelabs.com.br\/mansao-mais-valiosa-do-brasil-pertence-a-um-ex-ator-da-globo-e-vale-mais-de-r-200-milhoes\/#primaryimage"},"thumbnailUrl":"https:\/\/cdn.crusoe.com.br\/uploads\/2025\/12\/marcio8.webp","datePublished":"2025-12-09T16:30:00+00:00","author":{"@id":"https:\/\/crusoe.audiencelabs.com.br\/#\/schema\/person\/f87f73cfe89e5360de2c006bd4bd6a74"},"breadcrumb":{"@id":"https:\/\/crusoe.audiencelabs.com.br\/mansao-mais-valiosa-do-brasil-pertence-a-um-ex-ator-da-globo-e-vale-mais-de-r-200-milhoes\/#breadcrumb"},"inLanguage":"pt-BR","potentialAction":[{"@type":"ReadAction","target":["https:\/\/crusoe.audiencelabs.com.br\/mansao-mais-valiosa-do-brasil-pertence-a-um-ex-ator-da-globo-e-vale-mais-de-r-200-milhoes\/"]}]},{"@type":"ImageObject","inLanguage":"pt-BR","@id":"https:\/\/crusoe.audiencelabs.com.br\/mansao-mais-valiosa-do-brasil-pertence-a-um-ex-ator-da-globo-e-vale-mais-de-r-200-milhoes\/#primaryimage","url":"https:\/\/cdn.crusoe.com.br\/uploads\/2025\/12\/marcio8.webp","contentUrl":"https:\/\/cdn.crusoe.com.br\/uploads\/2025\/12\/marcio8.webp","width":1920,"height":1080,"caption":"Foto: InfoMoney"},{"@type":"BreadcrumbList","@id":"https:\/\/crusoe.audiencelabs.com.br\/mansao-mais-valiosa-do-brasil-pertence-a-um-ex-ator-da-globo-e-vale-mais-de-r-200-milhoes\/#breadcrumb","itemListElement":[{"@type":"ListItem","position":1,"name":"Home","item":"https:\/\/crusoe.audiencelabs.com.br\/"},{"@type":"ListItem","position":2,"name":"Mans\u00e3o mais valiosa do Brasil pertence a um ex-ator da Globo e vale mais de R$ 200 milh\u00f5es"}]},{"@type":"WebSite","@id":"https:\/\/crusoe.audiencelabs.com.br\/#website","url":"https:\/\/crusoe.audiencelabs.com.br\/","name":"Variedades - Cruso\u00e9","description":"","potentialAction":[{"@type":"SearchAction","target":{"@type":"EntryPoint","urlTemplate":"https:\/\/crusoe.audiencelabs.com.br\/?s={search_term_string}"},"query-input":{"@type":"PropertyValueSpecification","valueRequired":true,"valueName":"search_term_string"}}],"inLanguage":"pt-BR"},{"@type":"Person","@id":"https:\/\/crusoe.audiencelabs.com.br\/#\/schema\/person\/f87f73cfe89e5360de2c006bd4bd6a74","name":"Milena Armando","image":{"@type":"ImageObject","inLanguage":"pt-BR","@id":"https:\/\/crusoe.audiencelabs.com.br\/#\/schema\/person\/image\/","url":"https:\/\/secure.gravatar.com\/avatar\/ea14ecddc9e9d202b698b18f9f69e09c9fd74cfbed5c6008d55f11faefdbdab7?s=96&d=mm&r=g","contentUrl":"https:\/\/secure.gravatar.com\/avatar\/ea14ecddc9e9d202b698b18f9f69e09c9fd74cfbed5c6008d55f11faefdbdab7?s=96&d=mm&r=g","caption":"Milena Armando"},"description":"Jornalista, redatora e revisora.","url":"https:\/\/crusoe.audiencelabs.com.br\/author\/milena\/"}]}},"_links":{"self":[{"href":"https:\/\/crusoe.audiencelabs.com.br\/wp-json\/wp\/v2\/posts\/25552","targetHints":{"allow":["GET"]}}],"collection":[{"href":"https:\/\/crusoe.audiencelabs.com.br\/wp-json\/wp\/v2\/posts"}],"about":[{"href":"https:\/\/crusoe.audiencelabs.com.br\/wp-json\/wp\/v2\/types\/post"}],"author":[{"embeddable":true,"href":"https:\/\/crusoe.audiencelabs.com.br\/wp-json\/wp\/v2\/users\/5"}],"replies":[{"embeddable":true,"href":"https:\/\/crusoe.audiencelabs.com.br\/wp-json\/wp\/v2\/comments?post=25552"}],"version-history":[{"count":1,"href":"https:\/\/crusoe.audiencelabs.com.br\/wp-json\/wp\/v2\/posts\/25552\/revisions"}],"predecessor-version":[{"id":25557,"href":"https:\/\/crusoe.audiencelabs.com.br\/wp-json\/wp\/v2\/posts\/25552\/revisions\/25557"}],"wp:featuredmedia":[{"embeddable":true,"href":"https:\/\/crusoe.audiencelabs.com.br\/wp-json\/wp\/v2\/media\/25553"}],"wp:attachment":[{"href":"https:\/\/crusoe.audiencelabs.com.br\/wp-json\/wp\/v2\/media?parent=25552"}],"wp:term":[{"taxonomy":"category","embeddable":true,"href":"https:\/\/crusoe.audiencelabs.com.br\/wp-json\/wp\/v2\/categories?post=25552"},{"taxonomy":"post_tag","embeddable":true,"href":"https:\/\/crusoe.audiencelabs.com.br\/wp-json\/wp\/v2\/tags?post=25552"}],"curies":[{"name":"wp","href":"https:\/\/api.w.org\/{rel}","templated":true}]}}