{"id":25447,"date":"2025-12-25T19:12:00","date_gmt":"2025-12-25T22:12:00","guid":{"rendered":"https:\/\/crusoe.audiencelabs.com.br\/?p=25447"},"modified":"2025-12-23T15:49:31","modified_gmt":"2025-12-23T18:49:31","slug":"nao-e-o-ar-condicionado-esta-e-a-forma-de-nao-sofrer-com-o-calor-em-temperaturas-extremas","status":"publish","type":"post","link":"https:\/\/crusoe.audiencelabs.com.br\/nao-e-o-ar-condicionado-esta-e-a-forma-de-nao-sofrer-com-o-calor-em-temperaturas-extremas\/","title":{"rendered":"N\u00e3o \u00e9 o ar-condicionado: esta \u00e9 a forma de n\u00e3o sofrer com o calor em temperaturas extremas"},"content":{"rendered":"\n<p>Com a chegada do ver\u00e3o, muitas pessoas passam a buscar estrat\u00e9gias para amenizar as altas temperaturas, buscando sobretudo op\u00e7\u00f5es mais econ\u00f4micas, uma vez que alternativas como uso do <strong>ar-condicionado<\/strong> podem pesar no bolso.<\/p>\n\n\n\n<p>Por\u00e9m, \u00e9 importante destacar que o aparelho est\u00e1 longe de ser a \u00fanica escolha eficaz para enfrentar o calor. Ainda mais considerando que diversos fatores, al\u00e9m dos custos, podem tornar seu uso invi\u00e1vel.<\/p>\n\n\n\n<p>O desconforto causado pelas altas temperaturas pode ser reduzido com medidas que envolvem <strong>a alimenta\u00e7\u00e3o e a sele\u00e7\u00e3o de roupas apropriadas<\/strong>, que por sua vez podem tornar a esta\u00e7\u00e3o muito mais suport\u00e1vel. Entre elas, destacam-se:<\/p>\n\n\n\n<h2 class=\"wp-block-heading\">Roupas: escolhas que reduzem o calor<\/h2>\n\n\n\n<p>Levando em conta que muitas pessoas ainda precisam trabalhar ou comparecer a eventos sociais, roupas de banho, como biqu\u00ednis, sungas e regatas nem sempre podem estar entre as op\u00e7\u00f5es. Contudo, estas s\u00e3o algumas op\u00e7\u00f5es igualmente confort\u00e1veis:<\/p>\n\n\n\n<p><strong>Tecidos naturais:<\/strong> al\u00e9m de facilitarem a transpira\u00e7\u00e3o, tecidos como o algod\u00e3o, o linho e a seda permitem que a pele respire melhor, evitando o desconforto;<br><strong>Modelagens soltas:<\/strong> ao contr\u00e1rio de pe\u00e7as mais justas, roupas largas e com cortes mais soltos favorecem a ventila\u00e7\u00e3o do corpo;<br><strong>Cores: <\/strong>para manter o conforto t\u00e9rmico, \u00e9 fundamental escolher pe\u00e7as claras, que por sua vez absorvem menos calor do sol;<br><strong>Acess\u00f3rios: <\/strong>chap\u00e9us, bon\u00e9s e \u00f3culos podem ser igualmente elegantes quando bem integrados ao look e ainda garantem prote\u00e7\u00e3o contra a exposi\u00e7\u00e3o ao sol.<\/p>\n\n\n\n<h2 class=\"wp-block-heading\">Alimenta\u00e7\u00e3o: combatendo o calor com a dieta<\/h2>\n\n\n\n<p>Al\u00e9m do<strong> aumento no consumo de \u00e1gua<\/strong>, que \u00e9 fundamental para combater o risco de desidrata\u00e7\u00e3o que tende a crescer no per\u00edodo, tamb\u00e9m \u00e9 poss\u00edvel evitar o calor com a ajuda da alimenta\u00e7\u00e3o di\u00e1ria:<\/p>\n\n\n\n<ul class=\"wp-block-list\">\n<li><strong>Refei\u00e7\u00f5es leves: <\/strong>priorizar alimentos com pouca gordura e de f\u00e1cil digest\u00e3o, evitando frituras e pratos muito pesados;<\/li>\n\n\n\n<li><strong>Alimentos ricos em \u00e1gua:<\/strong> incluir frutas e vegetais como pepino, melancia, laranja e alface na dieta por conta de seu alto teor de \u00e1gua e sais minerais;<\/li>\n\n\n\n<li><strong>Lanches refrescantes:<\/strong> abrir espa\u00e7o para itens como sucos naturais, sorvetes caseiros e \u00e1gua de coco na dieta di\u00e1ria;<\/li>\n\n\n\n<li><strong>Redu\u00e7\u00e3o de danos: <\/strong>minimizar o consumo de \u00e1lcool e bebidas a\u00e7ucaradas para evitar a desidrata\u00e7\u00e3o.<\/li>\n<\/ul>\n\n\n\n<h2 class=\"wp-block-heading\">Dicas adicionais para evitar sofrer com o calor<\/h2>\n\n\n\n<p>Al\u00e9m das estrat\u00e9gias mencionadas anteriormente, existem ainda outras pr\u00e1ticas que podem ser igualmente ben\u00e9ficas durante per\u00edodos de calor intenso, proporcionando um refresco adicional no dia a dia, como:<\/p>\n\n\n\n<ul class=\"wp-block-list\">\n<li>N\u00e3o praticar atividades f\u00edsicas durante o per\u00edodo de sol forte (entre 10h e 16h);<\/li>\n\n\n\n<li>Repousar em ambientes com sombra ou climatizados sempre que poss\u00edvel.<\/li>\n<\/ul>\n","protected":false},"excerpt":{"rendered":"<p>Com a chegada do ver\u00e3o, muitas pessoas passam a buscar estrat\u00e9gias para amenizar as altas temperaturas, buscando sobretudo op\u00e7\u00f5es mais econ\u00f4micas, uma vez que alternativas como uso do ar-condicionado podem pesar no bolso. Por\u00e9m, \u00e9 importante destacar que o aparelho est\u00e1 longe de ser a \u00fanica escolha eficaz para enfrentar o calor. Ainda mais considerando [&hellip;]<\/p>\n","protected":false},"author":7,"featured_media":25450,"comment_status":"open","ping_status":"open","sticky":false,"template":"","format":"standard","meta":{"jnews-multi-image_gallery":[],"jnews_single_post":{"format":"standard"},"jnews_primary_category":[],"jnews_override_counter":[],"jnews_post_split":[],"footnotes":""},"categories":[1],"tags":[],"class_list":["post-25447","post","type-post","status-publish","format-standard","has-post-thumbnail","hentry","category-geral"],"yoast_head":"<!-- This site is optimized with the Yoast SEO plugin v25.0 - https:\/\/yoast.com\/wordpress\/plugins\/seo\/ -->\n<title>N\u00e3o \u00e9 o ar-condicionado: esta \u00e9 a forma de n\u00e3o sofrer com o calor em temperaturas extremas<\/title>\n<meta name=\"robots\" content=\"index, follow, max-snippet:-1, max-image-preview:large, max-video-preview:-1\" \/>\n<link rel=\"canonical\" href=\"https:\/\/crusoe.audiencelabs.com.br\/nao-e-o-ar-condicionado-esta-e-a-forma-de-nao-sofrer-com-o-calor-em-temperaturas-extremas\/\" \/>\n<meta property=\"og:locale\" content=\"pt_BR\" \/>\n<meta property=\"og:type\" content=\"article\" \/>\n<meta property=\"og:title\" content=\"N\u00e3o \u00e9 o ar-condicionado: esta \u00e9 a forma de n\u00e3o sofrer com o calor em temperaturas extremas\" \/>\n<meta property=\"og:description\" content=\"Com a chegada do ver\u00e3o, muitas pessoas passam a buscar estrat\u00e9gias para amenizar as altas temperaturas, buscando sobretudo op\u00e7\u00f5es mais econ\u00f4micas, uma vez que alternativas como uso do ar-condicionado podem pesar no bolso. Por\u00e9m, \u00e9 importante destacar que o aparelho est\u00e1 longe de ser a \u00fanica escolha eficaz para enfrentar o calor. Ainda mais considerando [&hellip;]\" \/>\n<meta property=\"og:url\" content=\"https:\/\/crusoe.audiencelabs.com.br\/nao-e-o-ar-condicionado-esta-e-a-forma-de-nao-sofrer-com-o-calor-em-temperaturas-extremas\/\" \/>\n<meta property=\"og:site_name\" content=\"Variedades - Cruso\u00e9\" \/>\n<meta property=\"article:published_time\" content=\"2025-12-25T22:12:00+00:00\" \/>\n<meta property=\"og:image\" content=\"https:\/\/cdn.crusoe.com.br\/uploads\/2025\/12\/nao-e-ar-condicionado-forma-nao-sofrer-com-calor-em-temperaturas-extremas.jpg\" \/>\n\t<meta property=\"og:image:width\" content=\"1500\" \/>\n\t<meta property=\"og:image:height\" content=\"844\" \/>\n\t<meta property=\"og:image:type\" content=\"image\/jpeg\" \/>\n<meta name=\"author\" content=\"Jo\u00e3o Carlos Gomes\" \/>\n<meta name=\"twitter:card\" content=\"summary_large_image\" \/>\n<meta name=\"twitter:label1\" content=\"Escrito por\" \/>\n\t<meta name=\"twitter:data1\" content=\"Jo\u00e3o Carlos Gomes\" \/>\n\t<meta name=\"twitter:label2\" content=\"Est. tempo de leitura\" \/>\n\t<meta name=\"twitter:data2\" content=\"3 minutos\" \/>\n<script type=\"application\/ld+json\" class=\"yoast-schema-graph\">{\"@context\":\"https:\/\/schema.org\",\"@graph\":[{\"@type\":\"WebPage\",\"@id\":\"https:\/\/crusoe.audiencelabs.com.br\/nao-e-o-ar-condicionado-esta-e-a-forma-de-nao-sofrer-com-o-calor-em-temperaturas-extremas\/\",\"url\":\"https:\/\/crusoe.audiencelabs.com.br\/nao-e-o-ar-condicionado-esta-e-a-forma-de-nao-sofrer-com-o-calor-em-temperaturas-extremas\/\",\"name\":\"N\u00e3o \u00e9 o ar-condicionado: esta \u00e9 a forma de n\u00e3o sofrer com o calor em temperaturas extremas\",\"isPartOf\":{\"@id\":\"https:\/\/crusoe.audiencelabs.com.br\/#website\"},\"primaryImageOfPage\":{\"@id\":\"https:\/\/crusoe.audiencelabs.com.br\/nao-e-o-ar-condicionado-esta-e-a-forma-de-nao-sofrer-com-o-calor-em-temperaturas-extremas\/#primaryimage\"},\"image\":{\"@id\":\"https:\/\/crusoe.audiencelabs.com.br\/nao-e-o-ar-condicionado-esta-e-a-forma-de-nao-sofrer-com-o-calor-em-temperaturas-extremas\/#primaryimage\"},\"thumbnailUrl\":\"https:\/\/cdn.crusoe.com.br\/uploads\/2025\/12\/nao-e-ar-condicionado-forma-nao-sofrer-com-calor-em-temperaturas-extremas.jpg\",\"datePublished\":\"2025-12-25T22:12:00+00:00\",\"author\":{\"@id\":\"https:\/\/crusoe.audiencelabs.com.br\/#\/schema\/person\/4a23399b23149df2eab6637fd2fd2bfc\"},\"breadcrumb\":{\"@id\":\"https:\/\/crusoe.audiencelabs.com.br\/nao-e-o-ar-condicionado-esta-e-a-forma-de-nao-sofrer-com-o-calor-em-temperaturas-extremas\/#breadcrumb\"},\"inLanguage\":\"pt-BR\",\"potentialAction\":[{\"@type\":\"ReadAction\",\"target\":[\"https:\/\/crusoe.audiencelabs.com.br\/nao-e-o-ar-condicionado-esta-e-a-forma-de-nao-sofrer-com-o-calor-em-temperaturas-extremas\/\"]}]},{\"@type\":\"ImageObject\",\"inLanguage\":\"pt-BR\",\"@id\":\"https:\/\/crusoe.audiencelabs.com.br\/nao-e-o-ar-condicionado-esta-e-a-forma-de-nao-sofrer-com-o-calor-em-temperaturas-extremas\/#primaryimage\",\"url\":\"https:\/\/cdn.crusoe.com.br\/uploads\/2025\/12\/nao-e-ar-condicionado-forma-nao-sofrer-com-calor-em-temperaturas-extremas.jpg\",\"contentUrl\":\"https:\/\/cdn.crusoe.com.br\/uploads\/2025\/12\/nao-e-ar-condicionado-forma-nao-sofrer-com-calor-em-temperaturas-extremas.jpg\",\"width\":1500,\"height\":844,\"caption\":\"Foto: Freepik\"},{\"@type\":\"BreadcrumbList\",\"@id\":\"https:\/\/crusoe.audiencelabs.com.br\/nao-e-o-ar-condicionado-esta-e-a-forma-de-nao-sofrer-com-o-calor-em-temperaturas-extremas\/#breadcrumb\",\"itemListElement\":[{\"@type\":\"ListItem\",\"position\":1,\"name\":\"Home\",\"item\":\"https:\/\/crusoe.audiencelabs.com.br\/\"},{\"@type\":\"ListItem\",\"position\":2,\"name\":\"N\u00e3o \u00e9 o ar-condicionado: esta \u00e9 a forma de n\u00e3o sofrer com o calor em temperaturas extremas\"}]},{\"@type\":\"WebSite\",\"@id\":\"https:\/\/crusoe.audiencelabs.com.br\/#website\",\"url\":\"https:\/\/crusoe.audiencelabs.com.br\/\",\"name\":\"Variedades - Cruso\u00e9\",\"description\":\"\",\"potentialAction\":[{\"@type\":\"SearchAction\",\"target\":{\"@type\":\"EntryPoint\",\"urlTemplate\":\"https:\/\/crusoe.audiencelabs.com.br\/?s={search_term_string}\"},\"query-input\":{\"@type\":\"PropertyValueSpecification\",\"valueRequired\":true,\"valueName\":\"search_term_string\"}}],\"inLanguage\":\"pt-BR\"},{\"@type\":\"Person\",\"@id\":\"https:\/\/crusoe.audiencelabs.com.br\/#\/schema\/person\/4a23399b23149df2eab6637fd2fd2bfc\",\"name\":\"Jo\u00e3o Carlos Gomes\",\"image\":{\"@type\":\"ImageObject\",\"inLanguage\":\"pt-BR\",\"@id\":\"https:\/\/crusoe.audiencelabs.com.br\/#\/schema\/person\/image\/\",\"url\":\"https:\/\/secure.gravatar.com\/avatar\/4ce4672dbdd694b329cd6fdb51bee7d1409be1f0ff76a537e4c4a737b2c7d1a9?s=96&d=mm&r=g\",\"contentUrl\":\"https:\/\/secure.gravatar.com\/avatar\/4ce4672dbdd694b329cd6fdb51bee7d1409be1f0ff76a537e4c4a737b2c7d1a9?s=96&d=mm&r=g\",\"caption\":\"Jo\u00e3o Carlos Gomes\"},\"description\":\"Jornalista, criador de conte\u00fado e m\u00fasico independente nas horas vagas.\",\"url\":\"https:\/\/crusoe.audiencelabs.com.br\/author\/joaoc-junior66\/\"}]}<\/script>\n<!-- \/ Yoast SEO plugin. -->","yoast_head_json":{"title":"N\u00e3o \u00e9 o ar-condicionado: esta \u00e9 a forma de n\u00e3o sofrer com o calor em temperaturas extremas","robots":{"index":"index","follow":"follow","max-snippet":"max-snippet:-1","max-image-preview":"max-image-preview:large","max-video-preview":"max-video-preview:-1"},"canonical":"https:\/\/crusoe.audiencelabs.com.br\/nao-e-o-ar-condicionado-esta-e-a-forma-de-nao-sofrer-com-o-calor-em-temperaturas-extremas\/","og_locale":"pt_BR","og_type":"article","og_title":"N\u00e3o \u00e9 o ar-condicionado: esta \u00e9 a forma de n\u00e3o sofrer com o calor em temperaturas extremas","og_description":"Com a chegada do ver\u00e3o, muitas pessoas passam a buscar estrat\u00e9gias para amenizar as altas temperaturas, buscando sobretudo op\u00e7\u00f5es mais econ\u00f4micas, uma vez que alternativas como uso do ar-condicionado podem pesar no bolso. Por\u00e9m, \u00e9 importante destacar que o aparelho est\u00e1 longe de ser a \u00fanica escolha eficaz para enfrentar o calor. Ainda mais considerando [&hellip;]","og_url":"https:\/\/crusoe.audiencelabs.com.br\/nao-e-o-ar-condicionado-esta-e-a-forma-de-nao-sofrer-com-o-calor-em-temperaturas-extremas\/","og_site_name":"Variedades - Cruso\u00e9","article_published_time":"2025-12-25T22:12:00+00:00","og_image":[{"width":1500,"height":844,"url":"https:\/\/cdn.crusoe.com.br\/uploads\/2025\/12\/nao-e-ar-condicionado-forma-nao-sofrer-com-calor-em-temperaturas-extremas.jpg","type":"image\/jpeg"}],"author":"Jo\u00e3o Carlos Gomes","twitter_card":"summary_large_image","twitter_misc":{"Escrito por":"Jo\u00e3o Carlos Gomes","Est. tempo de leitura":"3 minutos"},"schema":{"@context":"https:\/\/schema.org","@graph":[{"@type":"WebPage","@id":"https:\/\/crusoe.audiencelabs.com.br\/nao-e-o-ar-condicionado-esta-e-a-forma-de-nao-sofrer-com-o-calor-em-temperaturas-extremas\/","url":"https:\/\/crusoe.audiencelabs.com.br\/nao-e-o-ar-condicionado-esta-e-a-forma-de-nao-sofrer-com-o-calor-em-temperaturas-extremas\/","name":"N\u00e3o \u00e9 o ar-condicionado: esta \u00e9 a forma de n\u00e3o sofrer com o calor em temperaturas extremas","isPartOf":{"@id":"https:\/\/crusoe.audiencelabs.com.br\/#website"},"primaryImageOfPage":{"@id":"https:\/\/crusoe.audiencelabs.com.br\/nao-e-o-ar-condicionado-esta-e-a-forma-de-nao-sofrer-com-o-calor-em-temperaturas-extremas\/#primaryimage"},"image":{"@id":"https:\/\/crusoe.audiencelabs.com.br\/nao-e-o-ar-condicionado-esta-e-a-forma-de-nao-sofrer-com-o-calor-em-temperaturas-extremas\/#primaryimage"},"thumbnailUrl":"https:\/\/cdn.crusoe.com.br\/uploads\/2025\/12\/nao-e-ar-condicionado-forma-nao-sofrer-com-calor-em-temperaturas-extremas.jpg","datePublished":"2025-12-25T22:12:00+00:00","author":{"@id":"https:\/\/crusoe.audiencelabs.com.br\/#\/schema\/person\/4a23399b23149df2eab6637fd2fd2bfc"},"breadcrumb":{"@id":"https:\/\/crusoe.audiencelabs.com.br\/nao-e-o-ar-condicionado-esta-e-a-forma-de-nao-sofrer-com-o-calor-em-temperaturas-extremas\/#breadcrumb"},"inLanguage":"pt-BR","potentialAction":[{"@type":"ReadAction","target":["https:\/\/crusoe.audiencelabs.com.br\/nao-e-o-ar-condicionado-esta-e-a-forma-de-nao-sofrer-com-o-calor-em-temperaturas-extremas\/"]}]},{"@type":"ImageObject","inLanguage":"pt-BR","@id":"https:\/\/crusoe.audiencelabs.com.br\/nao-e-o-ar-condicionado-esta-e-a-forma-de-nao-sofrer-com-o-calor-em-temperaturas-extremas\/#primaryimage","url":"https:\/\/cdn.crusoe.com.br\/uploads\/2025\/12\/nao-e-ar-condicionado-forma-nao-sofrer-com-calor-em-temperaturas-extremas.jpg","contentUrl":"https:\/\/cdn.crusoe.com.br\/uploads\/2025\/12\/nao-e-ar-condicionado-forma-nao-sofrer-com-calor-em-temperaturas-extremas.jpg","width":1500,"height":844,"caption":"Foto: Freepik"},{"@type":"BreadcrumbList","@id":"https:\/\/crusoe.audiencelabs.com.br\/nao-e-o-ar-condicionado-esta-e-a-forma-de-nao-sofrer-com-o-calor-em-temperaturas-extremas\/#breadcrumb","itemListElement":[{"@type":"ListItem","position":1,"name":"Home","item":"https:\/\/crusoe.audiencelabs.com.br\/"},{"@type":"ListItem","position":2,"name":"N\u00e3o \u00e9 o ar-condicionado: esta \u00e9 a forma de n\u00e3o sofrer com o calor em temperaturas extremas"}]},{"@type":"WebSite","@id":"https:\/\/crusoe.audiencelabs.com.br\/#website","url":"https:\/\/crusoe.audiencelabs.com.br\/","name":"Variedades - Cruso\u00e9","description":"","potentialAction":[{"@type":"SearchAction","target":{"@type":"EntryPoint","urlTemplate":"https:\/\/crusoe.audiencelabs.com.br\/?s={search_term_string}"},"query-input":{"@type":"PropertyValueSpecification","valueRequired":true,"valueName":"search_term_string"}}],"inLanguage":"pt-BR"},{"@type":"Person","@id":"https:\/\/crusoe.audiencelabs.com.br\/#\/schema\/person\/4a23399b23149df2eab6637fd2fd2bfc","name":"Jo\u00e3o Carlos Gomes","image":{"@type":"ImageObject","inLanguage":"pt-BR","@id":"https:\/\/crusoe.audiencelabs.com.br\/#\/schema\/person\/image\/","url":"https:\/\/secure.gravatar.com\/avatar\/4ce4672dbdd694b329cd6fdb51bee7d1409be1f0ff76a537e4c4a737b2c7d1a9?s=96&d=mm&r=g","contentUrl":"https:\/\/secure.gravatar.com\/avatar\/4ce4672dbdd694b329cd6fdb51bee7d1409be1f0ff76a537e4c4a737b2c7d1a9?s=96&d=mm&r=g","caption":"Jo\u00e3o Carlos Gomes"},"description":"Jornalista, criador de conte\u00fado e m\u00fasico independente nas horas vagas.","url":"https:\/\/crusoe.audiencelabs.com.br\/author\/joaoc-junior66\/"}]}},"_links":{"self":[{"href":"https:\/\/crusoe.audiencelabs.com.br\/wp-json\/wp\/v2\/posts\/25447","targetHints":{"allow":["GET"]}}],"collection":[{"href":"https:\/\/crusoe.audiencelabs.com.br\/wp-json\/wp\/v2\/posts"}],"about":[{"href":"https:\/\/crusoe.audiencelabs.com.br\/wp-json\/wp\/v2\/types\/post"}],"author":[{"embeddable":true,"href":"https:\/\/crusoe.audiencelabs.com.br\/wp-json\/wp\/v2\/users\/7"}],"replies":[{"embeddable":true,"href":"https:\/\/crusoe.audiencelabs.com.br\/wp-json\/wp\/v2\/comments?post=25447"}],"version-history":[{"count":1,"href":"https:\/\/crusoe.audiencelabs.com.br\/wp-json\/wp\/v2\/posts\/25447\/revisions"}],"predecessor-version":[{"id":25461,"href":"https:\/\/crusoe.audiencelabs.com.br\/wp-json\/wp\/v2\/posts\/25447\/revisions\/25461"}],"wp:featuredmedia":[{"embeddable":true,"href":"https:\/\/crusoe.audiencelabs.com.br\/wp-json\/wp\/v2\/media\/25450"}],"wp:attachment":[{"href":"https:\/\/crusoe.audiencelabs.com.br\/wp-json\/wp\/v2\/media?parent=25447"}],"wp:term":[{"taxonomy":"category","embeddable":true,"href":"https:\/\/crusoe.audiencelabs.com.br\/wp-json\/wp\/v2\/categories?post=25447"},{"taxonomy":"post_tag","embeddable":true,"href":"https:\/\/crusoe.audiencelabs.com.br\/wp-json\/wp\/v2\/tags?post=25447"}],"curies":[{"name":"wp","href":"https:\/\/api.w.org\/{rel}","templated":true}]}}