{"id":24669,"date":"2025-12-02T07:00:00","date_gmt":"2025-12-02T10:00:00","guid":{"rendered":"https:\/\/crusoe.audiencelabs.com.br\/?p=24669"},"modified":"2025-12-01T14:43:41","modified_gmt":"2025-12-01T17:43:41","slug":"brasileiros-que-cumprirem-estas-regras-vao-receber-r-600-do-governo-a-partir-de-10-12","status":"publish","type":"post","link":"https:\/\/crusoe.audiencelabs.com.br\/brasileiros-que-cumprirem-estas-regras-vao-receber-r-600-do-governo-a-partir-de-10-12\/","title":{"rendered":"Brasileiros que cumprirem estas regras v\u00e3o receber R$ 600 do governo a partir de 10\/12"},"content":{"rendered":"\n<p>O \u00faltimo m\u00eas do ano promete um al\u00edvio financeiro para milhares de fam\u00edlias brasileiras benefici\u00e1rias do<strong> Bolsa Fam\u00edlia<\/strong>. O calend\u00e1rio de pagamento de dezembro <strong>come\u00e7a no dia 10 e segue at\u00e9 o dia 23<\/strong>, conforme o final do N\u00famero de Identifica\u00e7\u00e3o Social (NIS).&nbsp;<\/p>\n\n\n\n<p>Este processo \u00e9 realizado em todo o Brasil, com a escala de pagamentos assegurando que cada fam\u00edlia receba na data correta, com o intuito de auxiliar no fechamento das contas do m\u00eas.<\/p>\n\n\n\n<p>Com um<strong> valor m\u00ednimo de R$ 600<\/strong>, o Bolsa Fam\u00edlia tamb\u00e9m oferece benef\u00edcios adicionais para fam\u00edlias com crian\u00e7as e gestantes. S\u00e3o R$ 150 mensais para crian\u00e7as de at\u00e9 seis anos e R$ 50 para gestantes e jovens entre 7 e 18 anos.&nbsp;<\/p>\n\n\n\n<h2 class=\"wp-block-heading\">Requisitos para o Bolsa Fam\u00edlia<\/h2>\n\n\n<style>@media (min-width: 992px) {\n    .recomendadorV2Area1 {\n        width: 280px;\n    }\n    .recomendadorV2Area2 {\n        padding: 0px 20px;\n        width: calc(100% - 280px);\n    }\n}\n\n@media (max-width: 992px) {\n    .recomendadorV2Button {\n        margin: 0 auto;\n    }\n    .recomendadorV2Area {\n        flex-direction: column;\n        text-align: center;\n    }\n    .recomendadorV2Area2 {\n        padding: 0px 20px;\n    }\n}\n\n.recomendadorV2Area {\n    background: #eeeeee3d;\n    border-radius: 10px;\n    padding: 15px;\n    display: flex;\n    margin: 15px auto;\n    border: 1px solid #00000014;\n    max-width: 800px;\n}\n\n.recomendadorV2Area1 img {\n    width: 280px;\n    height: auto;\n    border-radius: 8px;\n}\n\n.linkrecomendadorv2 {\n    text-decoration: none !important;\n}\n\n.recomendadorV2Area2 .recomendadorV2Type {\n    text-transform: uppercase;\n    font-weight: 500;\n    font-size: 11px;\n    letter-spacing: 2px;\n    color: #666;\n    margin: 12px 0;\n    display: block;\n}\n\n.recomendadorV2Title h2 {\n    padding-top: 0px !important;\n    margin: 0px !important;\n    border-left: none !important;\n    padding-left: 0px !important;\n    line-height: 1.3;\n    color: #000 !important;\n    font-size: 24px;\n    margin-bottom: 12px !important;\n}\n\n.recomendadorV2Desc {\n    color: #333;\n    margin: 12px 0px !important;\n    font-size: 15px;\n    line-height: 1.5;\n}\n\n.recomendadorV2Button {\n    width: auto;\n    max-width: 200px;\n    margin: 0;\n    display: inline-flex;\n    align-items: center;\n    background: #1D3557;\n    border-radius: 8px;\n    color: #fff;\n    height: 36px;\n    justify-content: center;\n    text-align: center;\n    font-size: 14px;\n    padding: 0 20px;\n    transition: background-color 0.2s ease;\n}\n\n.recomendadorV2Button:hover {\n    background: #2a4d7a;\n}\n\n.recomendadorV2Button:after {\n    margin-top: -2px;\n    content: \"\u2192\";\n    padding: 0px 0px 0px 8px;\n}\n\n.recomendadorV2Alert {\n    text-align: left;\n    font-size: 11px;\n    margin-top: 8px;\n    color: #666;\n}\n\n.recomendadorFixedArea {\n    width: 100%;\n    display: flex;\n    justify-content: center;\n    align-items: center;\n}\n\n@media (min-width: 992px) {\n    #recomendadorFixed {\n        width: 32% !important;\n        left: 5%;\n    }\n    .recomendadorCloseFixed{\n        right: inherit !important;\n        left: 378px !important;\n    }\n}\n\n#recomendadorFixed {\n    width: 90%;\n    box-shadow: 0 10px 20px 0px #00000057;\n    display: none;\n    height: 90px;\n    background: #F6F6F6;\n    position: fixed;\n    flex-direction: row;\n    bottom: 10px;\n    z-index: 9999;\n    border-radius: 16px;\n    padding: 7px 10px;\n}\n\n.recomendadorLeftArea {\n    width: 160px;\n}\n\n.recomendadorRightArea h2 {\n    padding-top: 0px;\n    margin: 2px 0px 4px 0px !important;\n    font-weight: 400;\n    text-align: center;\n    padding-left: 0px !important;\n    color: #000 !important;\n    border-left: none !important;\n    line-height: 20px;\n    font-size: 12px !important;\n}\n\n.recomendadorImgFixed {\n    overflow: hidden;\n    padding: 8px 6px;\n    height: 100%;\n}\n\n.recomendadorImgFixed img {\n    height: 100% !important;\n    border-radius: 16px;\n}\n\n.recomendadorRightArea {\n    padding-top: 6px;\n    display: flex;\n    width: calc(100% - 130px);\n    justify-content: space-between;\n    align-items: center;\n    flex-direction: column;\n}\n\n.recomendadorButtonFixed {\n    margin: 0 auto;\n    background: #1D3557;\n    width: 80%;\n    text-align: center;\n    font-size: 10px;\n    color: #FFF;\n    padding: 2px 10px;\n    border-radius: 3px;\n}\n\n.recomendadorButtonFixed:after {\n    margin-top: -3px;\n    content: \"\u2192\";\n    padding: 0px 0px 0px 10px;\n}\n\n.recomendadorAlertFixed {\n    font-weight: 400;\n    text-align: center;\n    color: #484848;\n    font-size: 8px;\n}\n\n.recomendadorCloseFixed {\n    z-index: 99999;\n    display: none;\n    right: 0px;\n    left: inherit;\n    bottom: 99px;\n    position: fixed;\n    justify-content: center;\n    background: #F6F6F6;\n    width: 25px;\n    align-items: center;\n    height: 25px;\n    font-weight: 800;\n    border-radius: 50%;\n    border: 1px solid #EBEBEB;\n}\n\n.recomendadorV2Desc{\n    color: #000000;\n    margin: 20px 0px;\n}\n\n@media (max-width: 576px) {\n    .recomendadorV2Area {\n      padding: 10px;\n      max-width: 100%;\n    }\n  \n    .recomendadorV2Area1 img {\n      width: 100%;\n      border-radius: 6px;\n    }\n  \n    .recomendadorV2Area2 .recomendadorV2Type {\n      font-size: 9px;\n      letter-spacing: 1px;\n      margin: 8px 0;\n    }\n  \n    .recomendadorV2Title h2 {\n      font-size: 18px !important;\n      margin-bottom: 8px !important;\n      line-height: 1.2;\n    }\n  \n    .recomendadorV2Desc {\n      font-size: 14px;\n      margin: 8px 0 !important;\n      line-height: 1.4;\n    }\n  \n    .recomendadorV2Button {\n      font-size: 14px;\n      height: 40px;\n      padding: 0 12px;\n      max-width: 100%;\n      width: 100%;\n    }\n  \n    .recomendadorV2Button:after {\n      padding-left: 6px;\n    }\n  }\n  <\/style>\n        <div class=\"lazyblock-recomendador-v2-2jDGz wp-block-lazyblock-recomendador-v2\">\n        <a class=\"linkrecomendadorv2\" href=\"https:\/\/crusoe.com.br\/variedades\/brasileiros-terao-taxa-obrigatoria-de-r-540-para-visitar-parques-a-partir-de-2026\/?utm_source=lazy\">\n            <div class=\"recomendadorV2Area\">\n            <div class=\"recomendadorV2Area1\">\n                <div class=\"recomendadorV2Img\">\n                <img class=\"lazyloaded\" decoding=\"async\" src=\"https:\/\/cdn.crusoe.com.br\/uploads\/2025\/12\/71867-Upper-Yosemite-Falls-1140x570.jpg\" data-src=\"https:\/\/cdn.crusoe.com.br\/uploads\/2025\/12\/71867-Upper-Yosemite-Falls-1140x570.jpg\" alt=\"\">\n                <\/div>\n            <\/div>\n            <div class=\"recomendadorV2Area2\">\n                <div class=\"recomendadorV2Type\">\n                    <span>Nova taxa<\/span>\n                <\/div>\n                <div class=\"recomendadorV2Title\">\n                <h2><span>Visita ter\u00e1 cobran\u00e7a \ud83d\udcb5<\/span><\/h2>\n                <\/div>\n                <div class=\"recomendadorV2Desc\">\n                <span>Veja a taxa obrigat\u00f3ria para parques em 2026<\/span>\n                <\/div>\n                <div class=\"recomendadorV2Button\">Ler mat\u00e9ria<\/div>\n                <div class=\"recomendadorV2Alert\"><\/div>\n            <\/div>\n            <\/div>\n        <\/a>\n        <div>\n            <div style=\"z-index:99999;\" id=\"buttonClose\" onclick=\"closeRecomendadorFixed()\">\n            <div class=\"recomendadorCloseFixed\">X<\/div>\n            <\/div>\n            <a href=\"https:\/\/crusoe.com.br\/variedades\/brasileiros-terao-taxa-obrigatoria-de-r-540-para-visitar-parques-a-partir-de-2026\/?utm_source=lazy\">\n            <div class=\"recomendadorFixedArea\">\n                <div id=\"recomendadorFixed\">\n                <div class=\"recomendadorLeftArea\">\n                    <div class=\"recomendadorImgFixed\">\n                    <img class=\"lazyload\" decoding=\"async\" src=\"https:\/\/cdn.crusoe.com.br\/uploads\/2025\/12\/71867-Upper-Yosemite-Falls-1140x570.jpg\" alt=\"\">\n                    <\/div>\n                <\/div>\n                <div class=\"recomendadorRightArea\">\n                    <div class=\"recomendadorTitleFixed\">\n                    <h2><span>Visita ter\u00e1 cobran\u00e7a \ud83d\udcb5<\/span><\/h2>\n                    <\/div>\n                    <div class=\"recomendadorButtonFixed\">Ler mat\u00e9ria<\/div>\n                    <div class=\"recomendadorAlertFixed\"><\/div>\n                <\/div>\n                <\/div>\n            <\/div>\n            <\/a>\n        <\/div>\n        <\/div>\n\n\n\n<p>Para receber o&nbsp; Bolsa Fam\u00edlia, as fam\u00edlias devem cumprir crit\u00e9rios espec\u00edficos, como:&nbsp;<\/p>\n\n\n\n<ul class=\"wp-block-list\">\n<li>A fam\u00edlia deve estar inscrita no Cadastro \u00danico;<\/li>\n\n\n\n<li>A renda familiar por pessoa (renda per capita) n\u00e3o pode ultrapassar R$ 218 por m\u00eas.<\/li>\n<\/ul>\n\n\n\n<h4 class=\"wp-block-heading\">Condicionalidades&nbsp;<\/h4>\n\n\n\n<p>Para continuar a receber o benef\u00edcio, a fam\u00edlia deve atender tamb\u00e9m a compromissos nas \u00e1reas de sa\u00fade e educa\u00e7\u00e3o (quando houver crian\u00e7as, adolescentes ou gestantes). Entre eles:<\/p>\n\n\n\n<ul class=\"wp-block-list\">\n<li>Crian\u00e7as e adolescentes precisam estar matriculados e frequentando a escola: para estudantes de 4 a 5 anos, frequ\u00eancia m\u00ednima de cerca de 60%; para jovens de 6 a 18 anos, cerca de 75%;<\/li>\n\n\n\n<li>Crian\u00e7as de at\u00e9 7 anos devem ter acompanhamento nutricional e vacina\u00e7\u00e3o em dia;<\/li>\n\n\n\n<li>As gestantes inclu\u00eddas no programa precisam fazer o pr\u00e9-natal conforme previsto pelo sistema de sa\u00fade.<\/li>\n<\/ul>\n\n\n\n<h2 class=\"wp-block-heading\">Cronograma de pagamentos em dezembro<\/h2>\n\n\n\n<p>\u00c9 fundamental que os benefici\u00e1rios acompanhem o calend\u00e1rio para retirar os valores na data correta. Confira:&nbsp;&nbsp;<\/p>\n\n\n\n<ul class=\"wp-block-list\">\n<li>Final do NIS 1: 10\/12<\/li>\n\n\n\n<li>Final do NIS 2: 11\/12<\/li>\n\n\n\n<li>Final do NIS 3: 12\/12<\/li>\n\n\n\n<li>Final do NIS 4: 15\/12<\/li>\n\n\n\n<li>Final do NIS 5: 16\/12<\/li>\n\n\n\n<li>Final do NIS 6: 17\/12<\/li>\n\n\n\n<li>Final do NIS 7: 18\/12<\/li>\n\n\n\n<li>Final do NIS 8: 19\/12<\/li>\n\n\n\n<li>Final do NIS 9: 22\/12<\/li>\n\n\n\n<li>Final do NIS 0: 23\/12<\/li>\n<\/ul>\n\n\n\n<h2 class=\"wp-block-heading\">Consulta de saque e atualiza\u00e7\u00e3o do cadastro<\/h2>\n\n\n\n<p>Os benefici\u00e1rios podem utilizar o aplicativo oficial para consultar datas e valores de pagamento. O app Caixa Tem tamb\u00e9m \u00e9 muito utilizado, permitindo gerenciar o benef\u00edcio e realizar transa\u00e7\u00f5es com mais flexibilidade.&nbsp;<\/p>\n\n\n\n<p>Manter o <strong>Cadastro \u00danico atualizado <\/strong>\u00e9 essencial para preservar o direito ao recebimento do Bolsa Fam\u00edlia, j\u00e1 que mudan\u00e7as nas condi\u00e7\u00f5es familiares podem afetar a elegibilidade. Atentar-se \u00e0 sa\u00fade e educa\u00e7\u00e3o das crian\u00e7as \u00e9 indispens\u00e1vel para assegurar o cont\u00ednuo recebimento dos benef\u00edcios extras.&nbsp;<\/p>\n\n\n\n<p>O calend\u00e1rio para dezembro permanece sem altera\u00e7\u00f5es e os benefici\u00e1rios s\u00e3o encorajados a manter-se informados sobre quaisquer atualiza\u00e7\u00f5es pelo governo.&nbsp;<\/p>\n","protected":false},"excerpt":{"rendered":"<p>O \u00faltimo m\u00eas do ano promete um al\u00edvio financeiro para milhares de fam\u00edlias brasileiras benefici\u00e1rias do Bolsa Fam\u00edlia. O calend\u00e1rio de pagamento de dezembro come\u00e7a no dia 10 e segue at\u00e9 o dia 23, conforme o final do N\u00famero de Identifica\u00e7\u00e3o Social (NIS).&nbsp; Este processo \u00e9 realizado em todo o Brasil, com a escala de [&hellip;]<\/p>\n","protected":false},"author":5,"featured_media":24670,"comment_status":"open","ping_status":"open","sticky":false,"template":"","format":"standard","meta":{"jnews-multi-image_gallery":[],"jnews_single_post":{"format":"standard"},"jnews_primary_category":[],"jnews_override_counter":[],"jnews_post_split":[],"footnotes":""},"categories":[1],"tags":[314,3505],"class_list":["post-24669","post","type-post","status-publish","format-standard","has-post-thumbnail","hentry","category-geral","tag-bolsa-familia-2","tag-dezembro"],"yoast_head":"<!-- This site is optimized with the Yoast SEO plugin v25.0 - https:\/\/yoast.com\/wordpress\/plugins\/seo\/ -->\n<title>Brasileiros que cumprirem estas regras v\u00e3o receber R$ 600 do governo a partir de 10\/12<\/title>\n<meta name=\"robots\" content=\"index, follow, max-snippet:-1, max-image-preview:large, max-video-preview:-1\" \/>\n<link rel=\"canonical\" href=\"https:\/\/crusoe.audiencelabs.com.br\/brasileiros-que-cumprirem-estas-regras-vao-receber-r-600-do-governo-a-partir-de-10-12\/\" \/>\n<meta property=\"og:locale\" content=\"pt_BR\" \/>\n<meta property=\"og:type\" content=\"article\" \/>\n<meta property=\"og:title\" content=\"Brasileiros que cumprirem estas regras v\u00e3o receber R$ 600 do governo a partir de 10\/12\" \/>\n<meta property=\"og:description\" content=\"O \u00faltimo m\u00eas do ano promete um al\u00edvio financeiro para milhares de fam\u00edlias brasileiras benefici\u00e1rias do Bolsa Fam\u00edlia. O calend\u00e1rio de pagamento de dezembro come\u00e7a no dia 10 e segue at\u00e9 o dia 23, conforme o final do N\u00famero de Identifica\u00e7\u00e3o Social (NIS).&nbsp; Este processo \u00e9 realizado em todo o Brasil, com a escala de [&hellip;]\" \/>\n<meta property=\"og:url\" content=\"https:\/\/crusoe.audiencelabs.com.br\/brasileiros-que-cumprirem-estas-regras-vao-receber-r-600-do-governo-a-partir-de-10-12\/\" \/>\n<meta property=\"og:site_name\" content=\"Variedades - Cruso\u00e9\" \/>\n<meta property=\"article:published_time\" content=\"2025-12-02T10:00:00+00:00\" \/>\n<meta property=\"og:image\" content=\"https:\/\/cdn.crusoe.com.br\/uploads\/2025\/12\/deficit-dinheiro-30-10-2.jpg\" \/>\n\t<meta property=\"og:image:width\" content=\"768\" \/>\n\t<meta property=\"og:image:height\" content=\"576\" \/>\n\t<meta property=\"og:image:type\" content=\"image\/jpeg\" \/>\n<meta name=\"author\" content=\"Milena Armando\" \/>\n<meta name=\"twitter:card\" content=\"summary_large_image\" \/>\n<meta name=\"twitter:label1\" content=\"Escrito por\" \/>\n\t<meta name=\"twitter:data1\" content=\"Milena Armando\" \/>\n\t<meta name=\"twitter:label2\" content=\"Est. tempo de leitura\" \/>\n\t<meta name=\"twitter:data2\" content=\"3 minutos\" \/>\n<script type=\"application\/ld+json\" class=\"yoast-schema-graph\">{\"@context\":\"https:\/\/schema.org\",\"@graph\":[{\"@type\":\"WebPage\",\"@id\":\"https:\/\/crusoe.audiencelabs.com.br\/brasileiros-que-cumprirem-estas-regras-vao-receber-r-600-do-governo-a-partir-de-10-12\/\",\"url\":\"https:\/\/crusoe.audiencelabs.com.br\/brasileiros-que-cumprirem-estas-regras-vao-receber-r-600-do-governo-a-partir-de-10-12\/\",\"name\":\"Brasileiros que cumprirem estas regras v\u00e3o receber R$ 600 do governo a partir de 10\/12\",\"isPartOf\":{\"@id\":\"https:\/\/crusoe.audiencelabs.com.br\/#website\"},\"primaryImageOfPage\":{\"@id\":\"https:\/\/crusoe.audiencelabs.com.br\/brasileiros-que-cumprirem-estas-regras-vao-receber-r-600-do-governo-a-partir-de-10-12\/#primaryimage\"},\"image\":{\"@id\":\"https:\/\/crusoe.audiencelabs.com.br\/brasileiros-que-cumprirem-estas-regras-vao-receber-r-600-do-governo-a-partir-de-10-12\/#primaryimage\"},\"thumbnailUrl\":\"https:\/\/cdn.crusoe.com.br\/uploads\/2025\/12\/deficit-dinheiro-30-10-2.jpg\",\"datePublished\":\"2025-12-02T10:00:00+00:00\",\"author\":{\"@id\":\"https:\/\/crusoe.audiencelabs.com.br\/#\/schema\/person\/f87f73cfe89e5360de2c006bd4bd6a74\"},\"breadcrumb\":{\"@id\":\"https:\/\/crusoe.audiencelabs.com.br\/brasileiros-que-cumprirem-estas-regras-vao-receber-r-600-do-governo-a-partir-de-10-12\/#breadcrumb\"},\"inLanguage\":\"pt-BR\",\"potentialAction\":[{\"@type\":\"ReadAction\",\"target\":[\"https:\/\/crusoe.audiencelabs.com.br\/brasileiros-que-cumprirem-estas-regras-vao-receber-r-600-do-governo-a-partir-de-10-12\/\"]}]},{\"@type\":\"ImageObject\",\"inLanguage\":\"pt-BR\",\"@id\":\"https:\/\/crusoe.audiencelabs.com.br\/brasileiros-que-cumprirem-estas-regras-vao-receber-r-600-do-governo-a-partir-de-10-12\/#primaryimage\",\"url\":\"https:\/\/cdn.crusoe.com.br\/uploads\/2025\/12\/deficit-dinheiro-30-10-2.jpg\",\"contentUrl\":\"https:\/\/cdn.crusoe.com.br\/uploads\/2025\/12\/deficit-dinheiro-30-10-2.jpg\",\"width\":768,\"height\":576,\"caption\":\"Foto: Di\u00e1rio do Com\u00e9rcio\"},{\"@type\":\"BreadcrumbList\",\"@id\":\"https:\/\/crusoe.audiencelabs.com.br\/brasileiros-que-cumprirem-estas-regras-vao-receber-r-600-do-governo-a-partir-de-10-12\/#breadcrumb\",\"itemListElement\":[{\"@type\":\"ListItem\",\"position\":1,\"name\":\"Home\",\"item\":\"https:\/\/crusoe.audiencelabs.com.br\/\"},{\"@type\":\"ListItem\",\"position\":2,\"name\":\"Brasileiros que cumprirem estas regras v\u00e3o receber R$ 600 do governo a partir de 10\/12\"}]},{\"@type\":\"WebSite\",\"@id\":\"https:\/\/crusoe.audiencelabs.com.br\/#website\",\"url\":\"https:\/\/crusoe.audiencelabs.com.br\/\",\"name\":\"Variedades - Cruso\u00e9\",\"description\":\"\",\"potentialAction\":[{\"@type\":\"SearchAction\",\"target\":{\"@type\":\"EntryPoint\",\"urlTemplate\":\"https:\/\/crusoe.audiencelabs.com.br\/?s={search_term_string}\"},\"query-input\":{\"@type\":\"PropertyValueSpecification\",\"valueRequired\":true,\"valueName\":\"search_term_string\"}}],\"inLanguage\":\"pt-BR\"},{\"@type\":\"Person\",\"@id\":\"https:\/\/crusoe.audiencelabs.com.br\/#\/schema\/person\/f87f73cfe89e5360de2c006bd4bd6a74\",\"name\":\"Milena Armando\",\"image\":{\"@type\":\"ImageObject\",\"inLanguage\":\"pt-BR\",\"@id\":\"https:\/\/crusoe.audiencelabs.com.br\/#\/schema\/person\/image\/\",\"url\":\"https:\/\/secure.gravatar.com\/avatar\/ea14ecddc9e9d202b698b18f9f69e09c9fd74cfbed5c6008d55f11faefdbdab7?s=96&d=mm&r=g\",\"contentUrl\":\"https:\/\/secure.gravatar.com\/avatar\/ea14ecddc9e9d202b698b18f9f69e09c9fd74cfbed5c6008d55f11faefdbdab7?s=96&d=mm&r=g\",\"caption\":\"Milena Armando\"},\"description\":\"Jornalista, redatora e revisora.\",\"url\":\"https:\/\/crusoe.audiencelabs.com.br\/author\/milena\/\"}]}<\/script>\n<!-- \/ Yoast SEO plugin. -->","yoast_head_json":{"title":"Brasileiros que cumprirem estas regras v\u00e3o receber R$ 600 do governo a partir de 10\/12","robots":{"index":"index","follow":"follow","max-snippet":"max-snippet:-1","max-image-preview":"max-image-preview:large","max-video-preview":"max-video-preview:-1"},"canonical":"https:\/\/crusoe.audiencelabs.com.br\/brasileiros-que-cumprirem-estas-regras-vao-receber-r-600-do-governo-a-partir-de-10-12\/","og_locale":"pt_BR","og_type":"article","og_title":"Brasileiros que cumprirem estas regras v\u00e3o receber R$ 600 do governo a partir de 10\/12","og_description":"O \u00faltimo m\u00eas do ano promete um al\u00edvio financeiro para milhares de fam\u00edlias brasileiras benefici\u00e1rias do Bolsa Fam\u00edlia. O calend\u00e1rio de pagamento de dezembro come\u00e7a no dia 10 e segue at\u00e9 o dia 23, conforme o final do N\u00famero de Identifica\u00e7\u00e3o Social (NIS).&nbsp; Este processo \u00e9 realizado em todo o Brasil, com a escala de [&hellip;]","og_url":"https:\/\/crusoe.audiencelabs.com.br\/brasileiros-que-cumprirem-estas-regras-vao-receber-r-600-do-governo-a-partir-de-10-12\/","og_site_name":"Variedades - Cruso\u00e9","article_published_time":"2025-12-02T10:00:00+00:00","og_image":[{"width":768,"height":576,"url":"https:\/\/cdn.crusoe.com.br\/uploads\/2025\/12\/deficit-dinheiro-30-10-2.jpg","type":"image\/jpeg"}],"author":"Milena Armando","twitter_card":"summary_large_image","twitter_misc":{"Escrito por":"Milena Armando","Est. tempo de leitura":"3 minutos"},"schema":{"@context":"https:\/\/schema.org","@graph":[{"@type":"WebPage","@id":"https:\/\/crusoe.audiencelabs.com.br\/brasileiros-que-cumprirem-estas-regras-vao-receber-r-600-do-governo-a-partir-de-10-12\/","url":"https:\/\/crusoe.audiencelabs.com.br\/brasileiros-que-cumprirem-estas-regras-vao-receber-r-600-do-governo-a-partir-de-10-12\/","name":"Brasileiros que cumprirem estas regras v\u00e3o receber R$ 600 do governo a partir de 10\/12","isPartOf":{"@id":"https:\/\/crusoe.audiencelabs.com.br\/#website"},"primaryImageOfPage":{"@id":"https:\/\/crusoe.audiencelabs.com.br\/brasileiros-que-cumprirem-estas-regras-vao-receber-r-600-do-governo-a-partir-de-10-12\/#primaryimage"},"image":{"@id":"https:\/\/crusoe.audiencelabs.com.br\/brasileiros-que-cumprirem-estas-regras-vao-receber-r-600-do-governo-a-partir-de-10-12\/#primaryimage"},"thumbnailUrl":"https:\/\/cdn.crusoe.com.br\/uploads\/2025\/12\/deficit-dinheiro-30-10-2.jpg","datePublished":"2025-12-02T10:00:00+00:00","author":{"@id":"https:\/\/crusoe.audiencelabs.com.br\/#\/schema\/person\/f87f73cfe89e5360de2c006bd4bd6a74"},"breadcrumb":{"@id":"https:\/\/crusoe.audiencelabs.com.br\/brasileiros-que-cumprirem-estas-regras-vao-receber-r-600-do-governo-a-partir-de-10-12\/#breadcrumb"},"inLanguage":"pt-BR","potentialAction":[{"@type":"ReadAction","target":["https:\/\/crusoe.audiencelabs.com.br\/brasileiros-que-cumprirem-estas-regras-vao-receber-r-600-do-governo-a-partir-de-10-12\/"]}]},{"@type":"ImageObject","inLanguage":"pt-BR","@id":"https:\/\/crusoe.audiencelabs.com.br\/brasileiros-que-cumprirem-estas-regras-vao-receber-r-600-do-governo-a-partir-de-10-12\/#primaryimage","url":"https:\/\/cdn.crusoe.com.br\/uploads\/2025\/12\/deficit-dinheiro-30-10-2.jpg","contentUrl":"https:\/\/cdn.crusoe.com.br\/uploads\/2025\/12\/deficit-dinheiro-30-10-2.jpg","width":768,"height":576,"caption":"Foto: Di\u00e1rio do Com\u00e9rcio"},{"@type":"BreadcrumbList","@id":"https:\/\/crusoe.audiencelabs.com.br\/brasileiros-que-cumprirem-estas-regras-vao-receber-r-600-do-governo-a-partir-de-10-12\/#breadcrumb","itemListElement":[{"@type":"ListItem","position":1,"name":"Home","item":"https:\/\/crusoe.audiencelabs.com.br\/"},{"@type":"ListItem","position":2,"name":"Brasileiros que cumprirem estas regras v\u00e3o receber R$ 600 do governo a partir de 10\/12"}]},{"@type":"WebSite","@id":"https:\/\/crusoe.audiencelabs.com.br\/#website","url":"https:\/\/crusoe.audiencelabs.com.br\/","name":"Variedades - Cruso\u00e9","description":"","potentialAction":[{"@type":"SearchAction","target":{"@type":"EntryPoint","urlTemplate":"https:\/\/crusoe.audiencelabs.com.br\/?s={search_term_string}"},"query-input":{"@type":"PropertyValueSpecification","valueRequired":true,"valueName":"search_term_string"}}],"inLanguage":"pt-BR"},{"@type":"Person","@id":"https:\/\/crusoe.audiencelabs.com.br\/#\/schema\/person\/f87f73cfe89e5360de2c006bd4bd6a74","name":"Milena Armando","image":{"@type":"ImageObject","inLanguage":"pt-BR","@id":"https:\/\/crusoe.audiencelabs.com.br\/#\/schema\/person\/image\/","url":"https:\/\/secure.gravatar.com\/avatar\/ea14ecddc9e9d202b698b18f9f69e09c9fd74cfbed5c6008d55f11faefdbdab7?s=96&d=mm&r=g","contentUrl":"https:\/\/secure.gravatar.com\/avatar\/ea14ecddc9e9d202b698b18f9f69e09c9fd74cfbed5c6008d55f11faefdbdab7?s=96&d=mm&r=g","caption":"Milena Armando"},"description":"Jornalista, redatora e revisora.","url":"https:\/\/crusoe.audiencelabs.com.br\/author\/milena\/"}]}},"_links":{"self":[{"href":"https:\/\/crusoe.audiencelabs.com.br\/wp-json\/wp\/v2\/posts\/24669","targetHints":{"allow":["GET"]}}],"collection":[{"href":"https:\/\/crusoe.audiencelabs.com.br\/wp-json\/wp\/v2\/posts"}],"about":[{"href":"https:\/\/crusoe.audiencelabs.com.br\/wp-json\/wp\/v2\/types\/post"}],"author":[{"embeddable":true,"href":"https:\/\/crusoe.audiencelabs.com.br\/wp-json\/wp\/v2\/users\/5"}],"replies":[{"embeddable":true,"href":"https:\/\/crusoe.audiencelabs.com.br\/wp-json\/wp\/v2\/comments?post=24669"}],"version-history":[{"count":2,"href":"https:\/\/crusoe.audiencelabs.com.br\/wp-json\/wp\/v2\/posts\/24669\/revisions"}],"predecessor-version":[{"id":24757,"href":"https:\/\/crusoe.audiencelabs.com.br\/wp-json\/wp\/v2\/posts\/24669\/revisions\/24757"}],"wp:featuredmedia":[{"embeddable":true,"href":"https:\/\/crusoe.audiencelabs.com.br\/wp-json\/wp\/v2\/media\/24670"}],"wp:attachment":[{"href":"https:\/\/crusoe.audiencelabs.com.br\/wp-json\/wp\/v2\/media?parent=24669"}],"wp:term":[{"taxonomy":"category","embeddable":true,"href":"https:\/\/crusoe.audiencelabs.com.br\/wp-json\/wp\/v2\/categories?post=24669"},{"taxonomy":"post_tag","embeddable":true,"href":"https:\/\/crusoe.audiencelabs.com.br\/wp-json\/wp\/v2\/tags?post=24669"}],"curies":[{"name":"wp","href":"https:\/\/api.w.org\/{rel}","templated":true}]}}