{"id":24664,"date":"2025-12-01T18:00:00","date_gmt":"2025-12-01T21:00:00","guid":{"rendered":"https:\/\/crusoe.audiencelabs.com.br\/?p=24664"},"modified":"2025-12-01T18:19:56","modified_gmt":"2025-12-01T21:19:56","slug":"quatro-anos-de-espera-acabam-agora-decisao-inedita-vai-reduzir-a-conta-de-luz-ja-em-dezembro","status":"publish","type":"post","link":"https:\/\/crusoe.audiencelabs.com.br\/quatro-anos-de-espera-acabam-agora-decisao-inedita-vai-reduzir-a-conta-de-luz-ja-em-dezembro\/","title":{"rendered":"Quatro anos de espera acabam agora: decis\u00e3o in\u00e9dita vai reduzir a conta de luz j\u00e1 em dezembro"},"content":{"rendered":"\n<p>A Ag\u00eancia Nacional de Energia El\u00e9trica (<strong>ANEEL<\/strong>) anunciou que a<strong> bandeira tarif\u00e1ria para dezembro ser\u00e1 amarela<\/strong>.\u00a0Essa decis\u00e3o ocorre ap\u00f3s meses de bandeira vermelha, proporcionando um <strong>al\u00edvio na conta de luz para os brasileiros<\/strong>.\u00a0<\/p>\n\n\n\n<p>A Aneel informou que esta \u00e9 a primeira vez, desde 2019, que a bandeira amarela \u00e9 acionada para o m\u00eas de dezembro.&nbsp;<\/p>\n\n\n\n<h2 class=\"wp-block-heading\">O que motivou a mudan\u00e7a na bandeira da conta de luz?<\/h2>\n\n\n\n<p>A escolha pela bandeira amarela deve-se a <strong>condi\u00e7\u00f5es clim\u00e1ticas mais favor\u00e1veis<\/strong>, com o in\u00edcio do per\u00edodo chuvoso no pa\u00eds.&nbsp;<\/p>\n\n\n\n<p>Embora as chuvas ainda estejam abaixo da m\u00e9dia hist\u00f3rica, h\u00e1 uma melhoria comparativa em rela\u00e7\u00e3o a novembro, o que contribui para a recupera\u00e7\u00e3o dos reservat\u00f3rios das usinas hidrel\u00e9tricas e reduz a necessidade de usinas termel\u00e9tricas, que s\u00e3o mais caras.&nbsp;<\/p>\n\n\n\n<p>Com isso, o sistema de gera\u00e7\u00e3o de energia se tornou mais eficiente, permitindo a redu\u00e7\u00e3o dos custos repassados aos consumidores.<\/p>\n\n\n\n<h2 class=\"wp-block-heading\">Como funcionam as bandeiras tarif\u00e1rias?<\/h2>\n\n\n\n<p>As bandeiras tarif\u00e1rias s\u00e3o um mecanismo criado em 2015 para ajustar o pre\u00e7o da energia el\u00e9trica ao consumidor, de acordo com as condi\u00e7\u00f5es de gera\u00e7\u00e3o.&nbsp;<\/p>\n\n\n\n<p>Quando a oferta de energia h\u00eddrica estiver baixa, as bandeiras vermelhas s\u00e3o acionadas, indicando custos mais altos devido ao uso de energia t\u00e9rmica.&nbsp;<\/p>\n\n\n\n<p>A bandeira verde indica que n\u00e3o h\u00e1 custo extra, enquanto a bandeira amarela, que ser\u00e1 adotada em dezembro, apresenta um acr\u00e9scimo menor, de <strong>R$ 1,88 a cada 100 kWh consumidos<\/strong>.<\/p>\n\n\n\n<h2 class=\"wp-block-heading\">Impacto financeiro na conta de luz<\/h2>\n\n\n\n<p>Com a bandeira amarela, os consumidores passar\u00e3o a pagar R$ 1,88 a cada 100 kWh, uma redu\u00e7\u00e3o em rela\u00e7\u00e3o aos R$ 4,46 cobrados no m\u00eas anterior sob a bandeira vermelha.&nbsp;<\/p>\n\n\n\n<p>Essa redu\u00e7\u00e3o representa uma redu\u00e7\u00e3o percentual de aproximadamente 57,8% no custo adicional por kWh. Para muitas fam\u00edlias, essa diferen\u00e7a \u00e9 significativa, principalmente no contexto de maior consumo durante o per\u00edodo festivo de fim de ano.<\/p>\n\n\n\n<h2 class=\"wp-block-heading\">Import\u00e2ncia do uso consciente da energia<\/h2>\n\n\n\n<p>Apesar da redu\u00e7\u00e3o tarif\u00e1ria, a ANEEL enfatiza a import\u00e2ncia do consumo consciente de energia, que n\u00e3o s\u00f3 ajuda a manter as contas sob controle, mas tamb\u00e9m contribui para a sustentabilidade do sistema el\u00e9trico.&nbsp;<\/p>\n\n\n\n<p>A ANEEL recomenda medidas simples, como desligar aparelhos que n\u00e3o est\u00e3o em uso e otimizar o uso da ilumina\u00e7\u00e3o.<\/p>\n","protected":false},"excerpt":{"rendered":"<p>A Ag\u00eancia Nacional de Energia El\u00e9trica (ANEEL) anunciou que a bandeira tarif\u00e1ria para dezembro ser\u00e1 amarela.\u00a0Essa decis\u00e3o ocorre ap\u00f3s meses de bandeira vermelha, proporcionando um al\u00edvio na conta de luz para os brasileiros.\u00a0 A Aneel informou que esta \u00e9 a primeira vez, desde 2019, que a bandeira amarela \u00e9 acionada para o m\u00eas de dezembro.&nbsp; [&hellip;]<\/p>\n","protected":false},"author":5,"featured_media":24665,"comment_status":"open","ping_status":"open","sticky":false,"template":"","format":"standard","meta":{"jnews-multi-image_gallery":[],"jnews_single_post":{"format":"standard"},"jnews_primary_category":[],"jnews_override_counter":[],"jnews_post_split":[],"footnotes":""},"categories":[1],"tags":[1968,574],"class_list":["post-24664","post","type-post","status-publish","format-standard","has-post-thumbnail","hentry","category-geral","tag-bandeira-amarela","tag-conta-de-luz"],"yoast_head":"<!-- This site is optimized with the Yoast SEO plugin v25.0 - https:\/\/yoast.com\/wordpress\/plugins\/seo\/ -->\n<title>Quatro anos de espera acabam agora: decis\u00e3o in\u00e9dita vai reduzir a conta de luz j\u00e1 em dezembro<\/title>\n<meta name=\"description\" content=\"\u00a0Essa decis\u00e3o ocorre ap\u00f3s meses de bandeira vermelha, proporcionando um al\u00edvio na conta de luz para os brasileiros.\u00a0\" \/>\n<meta name=\"robots\" content=\"index, follow, max-snippet:-1, max-image-preview:large, max-video-preview:-1\" \/>\n<link rel=\"canonical\" href=\"https:\/\/crusoe.audiencelabs.com.br\/quatro-anos-de-espera-acabam-agora-decisao-inedita-vai-reduzir-a-conta-de-luz-ja-em-dezembro\/\" \/>\n<meta property=\"og:locale\" content=\"pt_BR\" \/>\n<meta property=\"og:type\" content=\"article\" \/>\n<meta property=\"og:title\" content=\"Quatro anos de espera acabam agora: decis\u00e3o in\u00e9dita vai reduzir a conta de luz j\u00e1 em dezembro\" \/>\n<meta property=\"og:description\" content=\"\u00a0Essa decis\u00e3o ocorre ap\u00f3s meses de bandeira vermelha, proporcionando um al\u00edvio na conta de luz para os brasileiros.\u00a0\" \/>\n<meta property=\"og:url\" content=\"https:\/\/crusoe.audiencelabs.com.br\/quatro-anos-de-espera-acabam-agora-decisao-inedita-vai-reduzir-a-conta-de-luz-ja-em-dezembro\/\" \/>\n<meta property=\"og:site_name\" content=\"Variedades - Cruso\u00e9\" \/>\n<meta property=\"article:published_time\" content=\"2025-12-01T21:00:00+00:00\" \/>\n<meta property=\"article:modified_time\" content=\"2025-12-01T21:19:56+00:00\" \/>\n<meta property=\"og:image\" content=\"https:\/\/cdn.crusoe.com.br\/uploads\/2025\/12\/conta-luz-nair-bueno.jpg\" \/>\n\t<meta property=\"og:image:width\" content=\"920\" \/>\n\t<meta property=\"og:image:height\" content=\"612\" \/>\n\t<meta property=\"og:image:type\" content=\"image\/jpeg\" \/>\n<meta name=\"author\" content=\"Milena Armando\" \/>\n<meta name=\"twitter:card\" content=\"summary_large_image\" \/>\n<meta name=\"twitter:label1\" content=\"Escrito por\" \/>\n\t<meta name=\"twitter:data1\" content=\"Milena Armando\" \/>\n\t<meta name=\"twitter:label2\" content=\"Est. tempo de leitura\" \/>\n\t<meta name=\"twitter:data2\" content=\"3 minutos\" \/>\n<script type=\"application\/ld+json\" class=\"yoast-schema-graph\">{\"@context\":\"https:\/\/schema.org\",\"@graph\":[{\"@type\":\"WebPage\",\"@id\":\"https:\/\/crusoe.audiencelabs.com.br\/quatro-anos-de-espera-acabam-agora-decisao-inedita-vai-reduzir-a-conta-de-luz-ja-em-dezembro\/\",\"url\":\"https:\/\/crusoe.audiencelabs.com.br\/quatro-anos-de-espera-acabam-agora-decisao-inedita-vai-reduzir-a-conta-de-luz-ja-em-dezembro\/\",\"name\":\"Quatro anos de espera acabam agora: decis\u00e3o in\u00e9dita vai reduzir a conta de luz j\u00e1 em dezembro\",\"isPartOf\":{\"@id\":\"https:\/\/crusoe.audiencelabs.com.br\/#website\"},\"primaryImageOfPage\":{\"@id\":\"https:\/\/crusoe.audiencelabs.com.br\/quatro-anos-de-espera-acabam-agora-decisao-inedita-vai-reduzir-a-conta-de-luz-ja-em-dezembro\/#primaryimage\"},\"image\":{\"@id\":\"https:\/\/crusoe.audiencelabs.com.br\/quatro-anos-de-espera-acabam-agora-decisao-inedita-vai-reduzir-a-conta-de-luz-ja-em-dezembro\/#primaryimage\"},\"thumbnailUrl\":\"https:\/\/cdn.crusoe.com.br\/uploads\/2025\/12\/conta-luz-nair-bueno.jpg\",\"datePublished\":\"2025-12-01T21:00:00+00:00\",\"dateModified\":\"2025-12-01T21:19:56+00:00\",\"author\":{\"@id\":\"https:\/\/crusoe.audiencelabs.com.br\/#\/schema\/person\/f87f73cfe89e5360de2c006bd4bd6a74\"},\"description\":\"\u00a0Essa decis\u00e3o ocorre ap\u00f3s meses de bandeira vermelha, proporcionando um al\u00edvio na conta de luz para os brasileiros.\u00a0\",\"breadcrumb\":{\"@id\":\"https:\/\/crusoe.audiencelabs.com.br\/quatro-anos-de-espera-acabam-agora-decisao-inedita-vai-reduzir-a-conta-de-luz-ja-em-dezembro\/#breadcrumb\"},\"inLanguage\":\"pt-BR\",\"potentialAction\":[{\"@type\":\"ReadAction\",\"target\":[\"https:\/\/crusoe.audiencelabs.com.br\/quatro-anos-de-espera-acabam-agora-decisao-inedita-vai-reduzir-a-conta-de-luz-ja-em-dezembro\/\"]}]},{\"@type\":\"ImageObject\",\"inLanguage\":\"pt-BR\",\"@id\":\"https:\/\/crusoe.audiencelabs.com.br\/quatro-anos-de-espera-acabam-agora-decisao-inedita-vai-reduzir-a-conta-de-luz-ja-em-dezembro\/#primaryimage\",\"url\":\"https:\/\/cdn.crusoe.com.br\/uploads\/2025\/12\/conta-luz-nair-bueno.jpg\",\"contentUrl\":\"https:\/\/cdn.crusoe.com.br\/uploads\/2025\/12\/conta-luz-nair-bueno.jpg\",\"width\":920,\"height\":612,\"caption\":\"Foto: Di\u00e1rio do Litoral\"},{\"@type\":\"BreadcrumbList\",\"@id\":\"https:\/\/crusoe.audiencelabs.com.br\/quatro-anos-de-espera-acabam-agora-decisao-inedita-vai-reduzir-a-conta-de-luz-ja-em-dezembro\/#breadcrumb\",\"itemListElement\":[{\"@type\":\"ListItem\",\"position\":1,\"name\":\"Home\",\"item\":\"https:\/\/crusoe.audiencelabs.com.br\/\"},{\"@type\":\"ListItem\",\"position\":2,\"name\":\"Quatro anos de espera acabam agora: decis\u00e3o in\u00e9dita vai reduzir a conta de luz j\u00e1 em dezembro\"}]},{\"@type\":\"WebSite\",\"@id\":\"https:\/\/crusoe.audiencelabs.com.br\/#website\",\"url\":\"https:\/\/crusoe.audiencelabs.com.br\/\",\"name\":\"Variedades - Cruso\u00e9\",\"description\":\"\",\"potentialAction\":[{\"@type\":\"SearchAction\",\"target\":{\"@type\":\"EntryPoint\",\"urlTemplate\":\"https:\/\/crusoe.audiencelabs.com.br\/?s={search_term_string}\"},\"query-input\":{\"@type\":\"PropertyValueSpecification\",\"valueRequired\":true,\"valueName\":\"search_term_string\"}}],\"inLanguage\":\"pt-BR\"},{\"@type\":\"Person\",\"@id\":\"https:\/\/crusoe.audiencelabs.com.br\/#\/schema\/person\/f87f73cfe89e5360de2c006bd4bd6a74\",\"name\":\"Milena Armando\",\"image\":{\"@type\":\"ImageObject\",\"inLanguage\":\"pt-BR\",\"@id\":\"https:\/\/crusoe.audiencelabs.com.br\/#\/schema\/person\/image\/\",\"url\":\"https:\/\/secure.gravatar.com\/avatar\/ea14ecddc9e9d202b698b18f9f69e09c9fd74cfbed5c6008d55f11faefdbdab7?s=96&d=mm&r=g\",\"contentUrl\":\"https:\/\/secure.gravatar.com\/avatar\/ea14ecddc9e9d202b698b18f9f69e09c9fd74cfbed5c6008d55f11faefdbdab7?s=96&d=mm&r=g\",\"caption\":\"Milena Armando\"},\"description\":\"Jornalista, redatora e revisora.\",\"url\":\"https:\/\/crusoe.audiencelabs.com.br\/author\/milena\/\"}]}<\/script>\n<!-- \/ Yoast SEO plugin. -->","yoast_head_json":{"title":"Quatro anos de espera acabam agora: decis\u00e3o in\u00e9dita vai reduzir a conta de luz j\u00e1 em dezembro","description":"\u00a0Essa decis\u00e3o ocorre ap\u00f3s meses de bandeira vermelha, proporcionando um al\u00edvio na conta de luz para os brasileiros.\u00a0","robots":{"index":"index","follow":"follow","max-snippet":"max-snippet:-1","max-image-preview":"max-image-preview:large","max-video-preview":"max-video-preview:-1"},"canonical":"https:\/\/crusoe.audiencelabs.com.br\/quatro-anos-de-espera-acabam-agora-decisao-inedita-vai-reduzir-a-conta-de-luz-ja-em-dezembro\/","og_locale":"pt_BR","og_type":"article","og_title":"Quatro anos de espera acabam agora: decis\u00e3o in\u00e9dita vai reduzir a conta de luz j\u00e1 em dezembro","og_description":"\u00a0Essa decis\u00e3o ocorre ap\u00f3s meses de bandeira vermelha, proporcionando um al\u00edvio na conta de luz para os brasileiros.\u00a0","og_url":"https:\/\/crusoe.audiencelabs.com.br\/quatro-anos-de-espera-acabam-agora-decisao-inedita-vai-reduzir-a-conta-de-luz-ja-em-dezembro\/","og_site_name":"Variedades - Cruso\u00e9","article_published_time":"2025-12-01T21:00:00+00:00","article_modified_time":"2025-12-01T21:19:56+00:00","og_image":[{"width":920,"height":612,"url":"https:\/\/cdn.crusoe.com.br\/uploads\/2025\/12\/conta-luz-nair-bueno.jpg","type":"image\/jpeg"}],"author":"Milena Armando","twitter_card":"summary_large_image","twitter_misc":{"Escrito por":"Milena Armando","Est. tempo de leitura":"3 minutos"},"schema":{"@context":"https:\/\/schema.org","@graph":[{"@type":"WebPage","@id":"https:\/\/crusoe.audiencelabs.com.br\/quatro-anos-de-espera-acabam-agora-decisao-inedita-vai-reduzir-a-conta-de-luz-ja-em-dezembro\/","url":"https:\/\/crusoe.audiencelabs.com.br\/quatro-anos-de-espera-acabam-agora-decisao-inedita-vai-reduzir-a-conta-de-luz-ja-em-dezembro\/","name":"Quatro anos de espera acabam agora: decis\u00e3o in\u00e9dita vai reduzir a conta de luz j\u00e1 em dezembro","isPartOf":{"@id":"https:\/\/crusoe.audiencelabs.com.br\/#website"},"primaryImageOfPage":{"@id":"https:\/\/crusoe.audiencelabs.com.br\/quatro-anos-de-espera-acabam-agora-decisao-inedita-vai-reduzir-a-conta-de-luz-ja-em-dezembro\/#primaryimage"},"image":{"@id":"https:\/\/crusoe.audiencelabs.com.br\/quatro-anos-de-espera-acabam-agora-decisao-inedita-vai-reduzir-a-conta-de-luz-ja-em-dezembro\/#primaryimage"},"thumbnailUrl":"https:\/\/cdn.crusoe.com.br\/uploads\/2025\/12\/conta-luz-nair-bueno.jpg","datePublished":"2025-12-01T21:00:00+00:00","dateModified":"2025-12-01T21:19:56+00:00","author":{"@id":"https:\/\/crusoe.audiencelabs.com.br\/#\/schema\/person\/f87f73cfe89e5360de2c006bd4bd6a74"},"description":"\u00a0Essa decis\u00e3o ocorre ap\u00f3s meses de bandeira vermelha, proporcionando um al\u00edvio na conta de luz para os brasileiros.\u00a0","breadcrumb":{"@id":"https:\/\/crusoe.audiencelabs.com.br\/quatro-anos-de-espera-acabam-agora-decisao-inedita-vai-reduzir-a-conta-de-luz-ja-em-dezembro\/#breadcrumb"},"inLanguage":"pt-BR","potentialAction":[{"@type":"ReadAction","target":["https:\/\/crusoe.audiencelabs.com.br\/quatro-anos-de-espera-acabam-agora-decisao-inedita-vai-reduzir-a-conta-de-luz-ja-em-dezembro\/"]}]},{"@type":"ImageObject","inLanguage":"pt-BR","@id":"https:\/\/crusoe.audiencelabs.com.br\/quatro-anos-de-espera-acabam-agora-decisao-inedita-vai-reduzir-a-conta-de-luz-ja-em-dezembro\/#primaryimage","url":"https:\/\/cdn.crusoe.com.br\/uploads\/2025\/12\/conta-luz-nair-bueno.jpg","contentUrl":"https:\/\/cdn.crusoe.com.br\/uploads\/2025\/12\/conta-luz-nair-bueno.jpg","width":920,"height":612,"caption":"Foto: Di\u00e1rio do Litoral"},{"@type":"BreadcrumbList","@id":"https:\/\/crusoe.audiencelabs.com.br\/quatro-anos-de-espera-acabam-agora-decisao-inedita-vai-reduzir-a-conta-de-luz-ja-em-dezembro\/#breadcrumb","itemListElement":[{"@type":"ListItem","position":1,"name":"Home","item":"https:\/\/crusoe.audiencelabs.com.br\/"},{"@type":"ListItem","position":2,"name":"Quatro anos de espera acabam agora: decis\u00e3o in\u00e9dita vai reduzir a conta de luz j\u00e1 em dezembro"}]},{"@type":"WebSite","@id":"https:\/\/crusoe.audiencelabs.com.br\/#website","url":"https:\/\/crusoe.audiencelabs.com.br\/","name":"Variedades - Cruso\u00e9","description":"","potentialAction":[{"@type":"SearchAction","target":{"@type":"EntryPoint","urlTemplate":"https:\/\/crusoe.audiencelabs.com.br\/?s={search_term_string}"},"query-input":{"@type":"PropertyValueSpecification","valueRequired":true,"valueName":"search_term_string"}}],"inLanguage":"pt-BR"},{"@type":"Person","@id":"https:\/\/crusoe.audiencelabs.com.br\/#\/schema\/person\/f87f73cfe89e5360de2c006bd4bd6a74","name":"Milena Armando","image":{"@type":"ImageObject","inLanguage":"pt-BR","@id":"https:\/\/crusoe.audiencelabs.com.br\/#\/schema\/person\/image\/","url":"https:\/\/secure.gravatar.com\/avatar\/ea14ecddc9e9d202b698b18f9f69e09c9fd74cfbed5c6008d55f11faefdbdab7?s=96&d=mm&r=g","contentUrl":"https:\/\/secure.gravatar.com\/avatar\/ea14ecddc9e9d202b698b18f9f69e09c9fd74cfbed5c6008d55f11faefdbdab7?s=96&d=mm&r=g","caption":"Milena Armando"},"description":"Jornalista, redatora e revisora.","url":"https:\/\/crusoe.audiencelabs.com.br\/author\/milena\/"}]}},"_links":{"self":[{"href":"https:\/\/crusoe.audiencelabs.com.br\/wp-json\/wp\/v2\/posts\/24664","targetHints":{"allow":["GET"]}}],"collection":[{"href":"https:\/\/crusoe.audiencelabs.com.br\/wp-json\/wp\/v2\/posts"}],"about":[{"href":"https:\/\/crusoe.audiencelabs.com.br\/wp-json\/wp\/v2\/types\/post"}],"author":[{"embeddable":true,"href":"https:\/\/crusoe.audiencelabs.com.br\/wp-json\/wp\/v2\/users\/5"}],"replies":[{"embeddable":true,"href":"https:\/\/crusoe.audiencelabs.com.br\/wp-json\/wp\/v2\/comments?post=24664"}],"version-history":[{"count":3,"href":"https:\/\/crusoe.audiencelabs.com.br\/wp-json\/wp\/v2\/posts\/24664\/revisions"}],"predecessor-version":[{"id":24761,"href":"https:\/\/crusoe.audiencelabs.com.br\/wp-json\/wp\/v2\/posts\/24664\/revisions\/24761"}],"wp:featuredmedia":[{"embeddable":true,"href":"https:\/\/crusoe.audiencelabs.com.br\/wp-json\/wp\/v2\/media\/24665"}],"wp:attachment":[{"href":"https:\/\/crusoe.audiencelabs.com.br\/wp-json\/wp\/v2\/media?parent=24664"}],"wp:term":[{"taxonomy":"category","embeddable":true,"href":"https:\/\/crusoe.audiencelabs.com.br\/wp-json\/wp\/v2\/categories?post=24664"},{"taxonomy":"post_tag","embeddable":true,"href":"https:\/\/crusoe.audiencelabs.com.br\/wp-json\/wp\/v2\/tags?post=24664"}],"curies":[{"name":"wp","href":"https:\/\/api.w.org\/{rel}","templated":true}]}}