{"id":24635,"date":"2025-12-01T19:00:00","date_gmt":"2025-12-01T22:00:00","guid":{"rendered":"https:\/\/crusoe.audiencelabs.com.br\/?p=24635"},"modified":"2025-12-01T14:44:34","modified_gmt":"2025-12-01T17:44:34","slug":"brasileiros-que-possuem-viagem-marcada-devem-ficar-atentos-para-o-que-vai-ocorrer-no-dia-15-12","status":"publish","type":"post","link":"https:\/\/crusoe.audiencelabs.com.br\/brasileiros-que-possuem-viagem-marcada-devem-ficar-atentos-para-o-que-vai-ocorrer-no-dia-15-12\/","title":{"rendered":"Brasileiros que possuem viagem marcada devem ficar atentos para o que vai ocorrer no dia 15\/12"},"content":{"rendered":"\n<p>O m\u00eas de dezembro finalmente chegou e, com isso, muitas pessoas que est\u00e3o com viagens marcadas come\u00e7am a conferir os \u00faltimos detalhes em seu planejamento para assegurar que os feriados ser\u00e3o aproveitados sem nenhum problema.<\/p>\n\n\n\n<p>Entretanto, por conta de uma portaria publicada recentemente pelo <strong>Minist\u00e9rio do Turismo<\/strong>, os brasileiros precisar\u00e3o se atentar a uma nova regra, criada para garantir maior transpar\u00eancia e justi\u00e7a nas rela\u00e7\u00f5es de consumo.<\/p>\n\n\n\n<p>Isso porque, a partir do dia <strong>15 de dezembro<\/strong>, independentemente dos hor\u00e1rios de check-in e check-out definidos pelo estabelecimento, os h\u00f3spedes ter\u00e3o o direito de <strong>usufruir do espa\u00e7o por um per\u00edodo total de um dia (24<\/strong> <strong>horas)<\/strong>.<\/p>\n\n\n\n<p>A novidade, que ser\u00e1 v\u00e1lida para diversos estabelecimentos, incluindo<strong> grandes resorts e hostels mais modestos<\/strong>, tamb\u00e9m engloba o tempo de higieniza\u00e7\u00e3o do quarto, e visa corrigir essa distor\u00e7\u00e3o que sempre atrapalhou muitos momentos de lazer.<\/p>\n\n\n\n<p>E para afirmar que as novas regras entrar\u00e3o em vigor sem muitos problemas, o MT e outras associa\u00e7\u00f5es setoriais, como a Associa\u00e7\u00e3o Brasileira da Ind\u00fastria de Hot\u00e9is (ABIH) trabalhar\u00e3o em conjunto na orienta\u00e7\u00e3o e fiscaliza\u00e7\u00e3o de estabelecimentos.<\/p>\n\n\n\n<h2 class=\"wp-block-heading\">Al\u00e9m do consumidor: novas regras tamb\u00e9m favorecem os estabelecimentos brasileiros<\/h2>\n\n\n\n<p>\u00c9 importante ressaltar que a portaria n\u00e3o foca apenas na justi\u00e7a ao consumidor, uma vez que tamb\u00e9m assegura alguns <strong>benef\u00edcios exclusivos <\/strong>para os estabelecimentos de hospedagem brasileiros.<\/p>\n\n\n<style>@media (min-width: 992px) {\n    .recomendadorV2Area1 {\n        width: 280px;\n    }\n    .recomendadorV2Area2 {\n        padding: 0px 20px;\n        width: calc(100% - 280px);\n    }\n}\n\n@media (max-width: 992px) {\n    .recomendadorV2Button {\n        margin: 0 auto;\n    }\n    .recomendadorV2Area {\n        flex-direction: column;\n        text-align: center;\n    }\n    .recomendadorV2Area2 {\n        padding: 0px 20px;\n    }\n}\n\n.recomendadorV2Area {\n    background: #eeeeee3d;\n    border-radius: 10px;\n    padding: 15px;\n    display: flex;\n    margin: 15px auto;\n    border: 1px solid #00000014;\n    max-width: 800px;\n}\n\n.recomendadorV2Area1 img {\n    width: 280px;\n    height: auto;\n    border-radius: 8px;\n}\n\n.linkrecomendadorv2 {\n    text-decoration: none !important;\n}\n\n.recomendadorV2Area2 .recomendadorV2Type {\n    text-transform: uppercase;\n    font-weight: 500;\n    font-size: 11px;\n    letter-spacing: 2px;\n    color: #666;\n    margin: 12px 0;\n    display: block;\n}\n\n.recomendadorV2Title h2 {\n    padding-top: 0px !important;\n    margin: 0px !important;\n    border-left: none !important;\n    padding-left: 0px !important;\n    line-height: 1.3;\n    color: #000 !important;\n    font-size: 24px;\n    margin-bottom: 12px !important;\n}\n\n.recomendadorV2Desc {\n    color: #333;\n    margin: 12px 0px !important;\n    font-size: 15px;\n    line-height: 1.5;\n}\n\n.recomendadorV2Button {\n    width: auto;\n    max-width: 200px;\n    margin: 0;\n    display: inline-flex;\n    align-items: center;\n    background: #1D3557;\n    border-radius: 8px;\n    color: #fff;\n    height: 36px;\n    justify-content: center;\n    text-align: center;\n    font-size: 14px;\n    padding: 0 20px;\n    transition: background-color 0.2s ease;\n}\n\n.recomendadorV2Button:hover {\n    background: #2a4d7a;\n}\n\n.recomendadorV2Button:after {\n    margin-top: -2px;\n    content: \"\u2192\";\n    padding: 0px 0px 0px 8px;\n}\n\n.recomendadorV2Alert {\n    text-align: left;\n    font-size: 11px;\n    margin-top: 8px;\n    color: #666;\n}\n\n.recomendadorFixedArea {\n    width: 100%;\n    display: flex;\n    justify-content: center;\n    align-items: center;\n}\n\n@media (min-width: 992px) {\n    #recomendadorFixed {\n        width: 32% !important;\n        left: 5%;\n    }\n    .recomendadorCloseFixed{\n        right: inherit !important;\n        left: 378px !important;\n    }\n}\n\n#recomendadorFixed {\n    width: 90%;\n    box-shadow: 0 10px 20px 0px #00000057;\n    display: none;\n    height: 90px;\n    background: #F6F6F6;\n    position: fixed;\n    flex-direction: row;\n    bottom: 10px;\n    z-index: 9999;\n    border-radius: 16px;\n    padding: 7px 10px;\n}\n\n.recomendadorLeftArea {\n    width: 160px;\n}\n\n.recomendadorRightArea h2 {\n    padding-top: 0px;\n    margin: 2px 0px 4px 0px !important;\n    font-weight: 400;\n    text-align: center;\n    padding-left: 0px !important;\n    color: #000 !important;\n    border-left: none !important;\n    line-height: 20px;\n    font-size: 12px !important;\n}\n\n.recomendadorImgFixed {\n    overflow: hidden;\n    padding: 8px 6px;\n    height: 100%;\n}\n\n.recomendadorImgFixed img {\n    height: 100% !important;\n    border-radius: 16px;\n}\n\n.recomendadorRightArea {\n    padding-top: 6px;\n    display: flex;\n    width: calc(100% - 130px);\n    justify-content: space-between;\n    align-items: center;\n    flex-direction: column;\n}\n\n.recomendadorButtonFixed {\n    margin: 0 auto;\n    background: #1D3557;\n    width: 80%;\n    text-align: center;\n    font-size: 10px;\n    color: #FFF;\n    padding: 2px 10px;\n    border-radius: 3px;\n}\n\n.recomendadorButtonFixed:after {\n    margin-top: -3px;\n    content: \"\u2192\";\n    padding: 0px 0px 0px 10px;\n}\n\n.recomendadorAlertFixed {\n    font-weight: 400;\n    text-align: center;\n    color: #484848;\n    font-size: 8px;\n}\n\n.recomendadorCloseFixed {\n    z-index: 99999;\n    display: none;\n    right: 0px;\n    left: inherit;\n    bottom: 99px;\n    position: fixed;\n    justify-content: center;\n    background: #F6F6F6;\n    width: 25px;\n    align-items: center;\n    height: 25px;\n    font-weight: 800;\n    border-radius: 50%;\n    border: 1px solid #EBEBEB;\n}\n\n.recomendadorV2Desc{\n    color: #000000;\n    margin: 20px 0px;\n}\n\n@media (max-width: 576px) {\n    .recomendadorV2Area {\n      padding: 10px;\n      max-width: 100%;\n    }\n  \n    .recomendadorV2Area1 img {\n      width: 100%;\n      border-radius: 6px;\n    }\n  \n    .recomendadorV2Area2 .recomendadorV2Type {\n      font-size: 9px;\n      letter-spacing: 1px;\n      margin: 8px 0;\n    }\n  \n    .recomendadorV2Title h2 {\n      font-size: 18px !important;\n      margin-bottom: 8px !important;\n      line-height: 1.2;\n    }\n  \n    .recomendadorV2Desc {\n      font-size: 14px;\n      margin: 8px 0 !important;\n      line-height: 1.4;\n    }\n  \n    .recomendadorV2Button {\n      font-size: 14px;\n      height: 40px;\n      padding: 0 12px;\n      max-width: 100%;\n      width: 100%;\n    }\n  \n    .recomendadorV2Button:after {\n      padding-left: 6px;\n    }\n  }\n  <\/style>\n        <div class=\"lazyblock-recomendador-v2-2jDGz wp-block-lazyblock-recomendador-v2\">\n        <a class=\"linkrecomendadorv2\" href=\"https:\/\/crusoe.com.br\/variedades\/brasileiros-terao-taxa-obrigatoria-de-r-540-para-visitar-parques-a-partir-de-2026\/?utm_source=lazy\">\n            <div class=\"recomendadorV2Area\">\n            <div class=\"recomendadorV2Area1\">\n                <div class=\"recomendadorV2Img\">\n                <img class=\"lazyloaded\" decoding=\"async\" src=\"https:\/\/cdn.crusoe.com.br\/uploads\/2025\/12\/71867-Upper-Yosemite-Falls-1140x570.jpg\" data-src=\"https:\/\/cdn.crusoe.com.br\/uploads\/2025\/12\/71867-Upper-Yosemite-Falls-1140x570.jpg\" alt=\"\">\n                <\/div>\n            <\/div>\n            <div class=\"recomendadorV2Area2\">\n                <div class=\"recomendadorV2Type\">\n                    <span>Nova taxa<\/span>\n                <\/div>\n                <div class=\"recomendadorV2Title\">\n                <h2><span>Visita ter\u00e1 cobran\u00e7a \ud83d\udcb5<\/span><\/h2>\n                <\/div>\n                <div class=\"recomendadorV2Desc\">\n                <span>Veja a taxa obrigat\u00f3ria para parques em 2026<\/span>\n                <\/div>\n                <div class=\"recomendadorV2Button\">Ler mat\u00e9ria<\/div>\n                <div class=\"recomendadorV2Alert\"><\/div>\n            <\/div>\n            <\/div>\n        <\/a>\n        <div>\n            <div style=\"z-index:99999;\" id=\"buttonClose\" onclick=\"closeRecomendadorFixed()\">\n            <div class=\"recomendadorCloseFixed\">X<\/div>\n            <\/div>\n            <a href=\"https:\/\/crusoe.com.br\/variedades\/brasileiros-terao-taxa-obrigatoria-de-r-540-para-visitar-parques-a-partir-de-2026\/?utm_source=lazy\">\n            <div class=\"recomendadorFixedArea\">\n                <div id=\"recomendadorFixed\">\n                <div class=\"recomendadorLeftArea\">\n                    <div class=\"recomendadorImgFixed\">\n                    <img class=\"lazyload\" decoding=\"async\" src=\"https:\/\/cdn.crusoe.com.br\/uploads\/2025\/12\/71867-Upper-Yosemite-Falls-1140x570.jpg\" alt=\"\">\n                    <\/div>\n                <\/div>\n                <div class=\"recomendadorRightArea\">\n                    <div class=\"recomendadorTitleFixed\">\n                    <h2><span>Visita ter\u00e1 cobran\u00e7a \ud83d\udcb5<\/span><\/h2>\n                    <\/div>\n                    <div class=\"recomendadorButtonFixed\">Ler mat\u00e9ria<\/div>\n                    <div class=\"recomendadorAlertFixed\"><\/div>\n                <\/div>\n                <\/div>\n            <\/div>\n            <\/a>\n        <\/div>\n        <\/div>\n\n\n\n<p>Um dos principais <strong>\u00e9 a flexibilidade<\/strong>, que permite que os hor\u00e1rios de entrada e sa\u00edda sejam definidos pelo pr\u00f3prio estabelecimento, desde que haja comunica\u00e7\u00e3o pr\u00e9via com os h\u00f3spedes.<\/p>\n\n\n\n<p>Al\u00e9m disso, a nova norma tamb\u00e9m permite<strong> cobran\u00e7a extra<\/strong> por entradas antecipadas ou sa\u00eddas tardias, desde que o servi\u00e7o seja solicitado com anteced\u00eancia pelo h\u00f3spede e n\u00e3o comprometa o tempo reservado para a higieniza\u00e7\u00e3o dos ambientes.<\/p>\n\n\n\n<p>Vale lembrar que a frequ\u00eancia de arruma\u00e7\u00e3o dos quartos foi definida com base no tipo de hospedagem, mas poder\u00e1 contar com at\u00e9 tr\u00eas horas de dura\u00e7\u00e3o. Contudo, os h\u00f3spedes podem dispensar a arruma\u00e7\u00e3o durante a estadia.<\/p>\n\n\n\n<h2 class=\"wp-block-heading\">FNRH digital:&nbsp;brasileiros contar\u00e3o com recurso avan\u00e7ado de hospedagem<\/h2>\n\n\n\n<p>Outra novidade relevante da nova portaria &nbsp;\u00e9 o lan\u00e7amento da <strong>Ficha Nacional de Registro de H\u00f3spedes (FNRH) Digital<\/strong>, que promete agilizar o processo de check-in ao permitir que os brasileiros realizem seu registro eletronicamente.<\/p>\n\n\n\n<p>Atrav\u00e9s de uma autentica\u00e7\u00e3o de dados feita atrav\u00e9s do Gov.br, os h\u00f3spedes transmitir\u00e3o suas informa\u00e7\u00f5es aos sistemas de gest\u00e3o hoteleira (PMS), evitando filas e, indiretamente, contribuindo para o planejamento do setor.<\/p>\n","protected":false},"excerpt":{"rendered":"<p>O m\u00eas de dezembro finalmente chegou e, com isso, muitas pessoas que est\u00e3o com viagens marcadas come\u00e7am a conferir os \u00faltimos detalhes em seu planejamento para assegurar que os feriados ser\u00e3o aproveitados sem nenhum problema. Entretanto, por conta de uma portaria publicada recentemente pelo Minist\u00e9rio do Turismo, os brasileiros precisar\u00e3o se atentar a uma nova [&hellip;]<\/p>\n","protected":false},"author":7,"featured_media":24636,"comment_status":"open","ping_status":"open","sticky":false,"template":"","format":"standard","meta":{"jnews-multi-image_gallery":[],"jnews_single_post":{"format":"standard"},"jnews_primary_category":[],"jnews_override_counter":[],"jnews_post_split":[],"footnotes":""},"categories":[1],"tags":[],"class_list":["post-24635","post","type-post","status-publish","format-standard","has-post-thumbnail","hentry","category-geral"],"yoast_head":"<!-- This site is optimized with the Yoast SEO plugin v25.0 - https:\/\/yoast.com\/wordpress\/plugins\/seo\/ -->\n<title>Brasileiros que possuem viagem marcada devem ficar atentos para o que vai ocorrer no dia 15\/12<\/title>\n<meta name=\"robots\" content=\"index, follow, max-snippet:-1, max-image-preview:large, max-video-preview:-1\" \/>\n<link rel=\"canonical\" href=\"https:\/\/crusoe.audiencelabs.com.br\/brasileiros-que-possuem-viagem-marcada-devem-ficar-atentos-para-o-que-vai-ocorrer-no-dia-15-12\/\" \/>\n<meta property=\"og:locale\" content=\"pt_BR\" \/>\n<meta property=\"og:type\" content=\"article\" \/>\n<meta property=\"og:title\" content=\"Brasileiros que possuem viagem marcada devem ficar atentos para o que vai ocorrer no dia 15\/12\" \/>\n<meta property=\"og:description\" content=\"O m\u00eas de dezembro finalmente chegou e, com isso, muitas pessoas que est\u00e3o com viagens marcadas come\u00e7am a conferir os \u00faltimos detalhes em seu planejamento para assegurar que os feriados ser\u00e3o aproveitados sem nenhum problema. Entretanto, por conta de uma portaria publicada recentemente pelo Minist\u00e9rio do Turismo, os brasileiros precisar\u00e3o se atentar a uma nova [&hellip;]\" \/>\n<meta property=\"og:url\" content=\"https:\/\/crusoe.audiencelabs.com.br\/brasileiros-que-possuem-viagem-marcada-devem-ficar-atentos-para-o-que-vai-ocorrer-no-dia-15-12\/\" \/>\n<meta property=\"og:site_name\" content=\"Variedades - Cruso\u00e9\" \/>\n<meta property=\"article:published_time\" content=\"2025-12-01T22:00:00+00:00\" \/>\n<meta property=\"og:image\" content=\"https:\/\/cdn.crusoe.com.br\/uploads\/2025\/12\/brasileiros-possuem-viagem-marcada-devem-ficar-atentos-para-o-que-vai-ocorrer-dia-15-12.jpg\" \/>\n\t<meta property=\"og:image:width\" content=\"1920\" \/>\n\t<meta property=\"og:image:height\" content=\"1080\" \/>\n\t<meta property=\"og:image:type\" content=\"image\/jpeg\" \/>\n<meta name=\"author\" content=\"Jo\u00e3o Carlos Gomes\" \/>\n<meta name=\"twitter:card\" content=\"summary_large_image\" \/>\n<meta name=\"twitter:label1\" content=\"Escrito por\" \/>\n\t<meta name=\"twitter:data1\" content=\"Jo\u00e3o Carlos Gomes\" \/>\n\t<meta name=\"twitter:label2\" content=\"Est. tempo de leitura\" \/>\n\t<meta name=\"twitter:data2\" content=\"3 minutos\" \/>\n<script type=\"application\/ld+json\" class=\"yoast-schema-graph\">{\"@context\":\"https:\/\/schema.org\",\"@graph\":[{\"@type\":\"WebPage\",\"@id\":\"https:\/\/crusoe.audiencelabs.com.br\/brasileiros-que-possuem-viagem-marcada-devem-ficar-atentos-para-o-que-vai-ocorrer-no-dia-15-12\/\",\"url\":\"https:\/\/crusoe.audiencelabs.com.br\/brasileiros-que-possuem-viagem-marcada-devem-ficar-atentos-para-o-que-vai-ocorrer-no-dia-15-12\/\",\"name\":\"Brasileiros que possuem viagem marcada devem ficar atentos para o que vai ocorrer no dia 15\/12\",\"isPartOf\":{\"@id\":\"https:\/\/crusoe.audiencelabs.com.br\/#website\"},\"primaryImageOfPage\":{\"@id\":\"https:\/\/crusoe.audiencelabs.com.br\/brasileiros-que-possuem-viagem-marcada-devem-ficar-atentos-para-o-que-vai-ocorrer-no-dia-15-12\/#primaryimage\"},\"image\":{\"@id\":\"https:\/\/crusoe.audiencelabs.com.br\/brasileiros-que-possuem-viagem-marcada-devem-ficar-atentos-para-o-que-vai-ocorrer-no-dia-15-12\/#primaryimage\"},\"thumbnailUrl\":\"https:\/\/cdn.crusoe.com.br\/uploads\/2025\/12\/brasileiros-possuem-viagem-marcada-devem-ficar-atentos-para-o-que-vai-ocorrer-dia-15-12.jpg\",\"datePublished\":\"2025-12-01T22:00:00+00:00\",\"author\":{\"@id\":\"https:\/\/crusoe.audiencelabs.com.br\/#\/schema\/person\/4a23399b23149df2eab6637fd2fd2bfc\"},\"breadcrumb\":{\"@id\":\"https:\/\/crusoe.audiencelabs.com.br\/brasileiros-que-possuem-viagem-marcada-devem-ficar-atentos-para-o-que-vai-ocorrer-no-dia-15-12\/#breadcrumb\"},\"inLanguage\":\"pt-BR\",\"potentialAction\":[{\"@type\":\"ReadAction\",\"target\":[\"https:\/\/crusoe.audiencelabs.com.br\/brasileiros-que-possuem-viagem-marcada-devem-ficar-atentos-para-o-que-vai-ocorrer-no-dia-15-12\/\"]}]},{\"@type\":\"ImageObject\",\"inLanguage\":\"pt-BR\",\"@id\":\"https:\/\/crusoe.audiencelabs.com.br\/brasileiros-que-possuem-viagem-marcada-devem-ficar-atentos-para-o-que-vai-ocorrer-no-dia-15-12\/#primaryimage\",\"url\":\"https:\/\/cdn.crusoe.com.br\/uploads\/2025\/12\/brasileiros-possuem-viagem-marcada-devem-ficar-atentos-para-o-que-vai-ocorrer-dia-15-12.jpg\",\"contentUrl\":\"https:\/\/cdn.crusoe.com.br\/uploads\/2025\/12\/brasileiros-possuem-viagem-marcada-devem-ficar-atentos-para-o-que-vai-ocorrer-dia-15-12.jpg\",\"width\":1920,\"height\":1080,\"caption\":\"Foto: Eva Darron\/Unsplash\"},{\"@type\":\"BreadcrumbList\",\"@id\":\"https:\/\/crusoe.audiencelabs.com.br\/brasileiros-que-possuem-viagem-marcada-devem-ficar-atentos-para-o-que-vai-ocorrer-no-dia-15-12\/#breadcrumb\",\"itemListElement\":[{\"@type\":\"ListItem\",\"position\":1,\"name\":\"Home\",\"item\":\"https:\/\/crusoe.audiencelabs.com.br\/\"},{\"@type\":\"ListItem\",\"position\":2,\"name\":\"Brasileiros que possuem viagem marcada devem ficar atentos para o que vai ocorrer no dia 15\/12\"}]},{\"@type\":\"WebSite\",\"@id\":\"https:\/\/crusoe.audiencelabs.com.br\/#website\",\"url\":\"https:\/\/crusoe.audiencelabs.com.br\/\",\"name\":\"Variedades - Cruso\u00e9\",\"description\":\"\",\"potentialAction\":[{\"@type\":\"SearchAction\",\"target\":{\"@type\":\"EntryPoint\",\"urlTemplate\":\"https:\/\/crusoe.audiencelabs.com.br\/?s={search_term_string}\"},\"query-input\":{\"@type\":\"PropertyValueSpecification\",\"valueRequired\":true,\"valueName\":\"search_term_string\"}}],\"inLanguage\":\"pt-BR\"},{\"@type\":\"Person\",\"@id\":\"https:\/\/crusoe.audiencelabs.com.br\/#\/schema\/person\/4a23399b23149df2eab6637fd2fd2bfc\",\"name\":\"Jo\u00e3o Carlos Gomes\",\"image\":{\"@type\":\"ImageObject\",\"inLanguage\":\"pt-BR\",\"@id\":\"https:\/\/crusoe.audiencelabs.com.br\/#\/schema\/person\/image\/\",\"url\":\"https:\/\/secure.gravatar.com\/avatar\/4ce4672dbdd694b329cd6fdb51bee7d1409be1f0ff76a537e4c4a737b2c7d1a9?s=96&d=mm&r=g\",\"contentUrl\":\"https:\/\/secure.gravatar.com\/avatar\/4ce4672dbdd694b329cd6fdb51bee7d1409be1f0ff76a537e4c4a737b2c7d1a9?s=96&d=mm&r=g\",\"caption\":\"Jo\u00e3o Carlos Gomes\"},\"description\":\"Jornalista, criador de conte\u00fado e m\u00fasico independente nas horas vagas.\",\"url\":\"https:\/\/crusoe.audiencelabs.com.br\/author\/joaoc-junior66\/\"}]}<\/script>\n<!-- \/ Yoast SEO plugin. -->","yoast_head_json":{"title":"Brasileiros que possuem viagem marcada devem ficar atentos para o que vai ocorrer no dia 15\/12","robots":{"index":"index","follow":"follow","max-snippet":"max-snippet:-1","max-image-preview":"max-image-preview:large","max-video-preview":"max-video-preview:-1"},"canonical":"https:\/\/crusoe.audiencelabs.com.br\/brasileiros-que-possuem-viagem-marcada-devem-ficar-atentos-para-o-que-vai-ocorrer-no-dia-15-12\/","og_locale":"pt_BR","og_type":"article","og_title":"Brasileiros que possuem viagem marcada devem ficar atentos para o que vai ocorrer no dia 15\/12","og_description":"O m\u00eas de dezembro finalmente chegou e, com isso, muitas pessoas que est\u00e3o com viagens marcadas come\u00e7am a conferir os \u00faltimos detalhes em seu planejamento para assegurar que os feriados ser\u00e3o aproveitados sem nenhum problema. Entretanto, por conta de uma portaria publicada recentemente pelo Minist\u00e9rio do Turismo, os brasileiros precisar\u00e3o se atentar a uma nova [&hellip;]","og_url":"https:\/\/crusoe.audiencelabs.com.br\/brasileiros-que-possuem-viagem-marcada-devem-ficar-atentos-para-o-que-vai-ocorrer-no-dia-15-12\/","og_site_name":"Variedades - Cruso\u00e9","article_published_time":"2025-12-01T22:00:00+00:00","og_image":[{"width":1920,"height":1080,"url":"https:\/\/cdn.crusoe.com.br\/uploads\/2025\/12\/brasileiros-possuem-viagem-marcada-devem-ficar-atentos-para-o-que-vai-ocorrer-dia-15-12.jpg","type":"image\/jpeg"}],"author":"Jo\u00e3o Carlos Gomes","twitter_card":"summary_large_image","twitter_misc":{"Escrito por":"Jo\u00e3o Carlos Gomes","Est. tempo de leitura":"3 minutos"},"schema":{"@context":"https:\/\/schema.org","@graph":[{"@type":"WebPage","@id":"https:\/\/crusoe.audiencelabs.com.br\/brasileiros-que-possuem-viagem-marcada-devem-ficar-atentos-para-o-que-vai-ocorrer-no-dia-15-12\/","url":"https:\/\/crusoe.audiencelabs.com.br\/brasileiros-que-possuem-viagem-marcada-devem-ficar-atentos-para-o-que-vai-ocorrer-no-dia-15-12\/","name":"Brasileiros que possuem viagem marcada devem ficar atentos para o que vai ocorrer no dia 15\/12","isPartOf":{"@id":"https:\/\/crusoe.audiencelabs.com.br\/#website"},"primaryImageOfPage":{"@id":"https:\/\/crusoe.audiencelabs.com.br\/brasileiros-que-possuem-viagem-marcada-devem-ficar-atentos-para-o-que-vai-ocorrer-no-dia-15-12\/#primaryimage"},"image":{"@id":"https:\/\/crusoe.audiencelabs.com.br\/brasileiros-que-possuem-viagem-marcada-devem-ficar-atentos-para-o-que-vai-ocorrer-no-dia-15-12\/#primaryimage"},"thumbnailUrl":"https:\/\/cdn.crusoe.com.br\/uploads\/2025\/12\/brasileiros-possuem-viagem-marcada-devem-ficar-atentos-para-o-que-vai-ocorrer-dia-15-12.jpg","datePublished":"2025-12-01T22:00:00+00:00","author":{"@id":"https:\/\/crusoe.audiencelabs.com.br\/#\/schema\/person\/4a23399b23149df2eab6637fd2fd2bfc"},"breadcrumb":{"@id":"https:\/\/crusoe.audiencelabs.com.br\/brasileiros-que-possuem-viagem-marcada-devem-ficar-atentos-para-o-que-vai-ocorrer-no-dia-15-12\/#breadcrumb"},"inLanguage":"pt-BR","potentialAction":[{"@type":"ReadAction","target":["https:\/\/crusoe.audiencelabs.com.br\/brasileiros-que-possuem-viagem-marcada-devem-ficar-atentos-para-o-que-vai-ocorrer-no-dia-15-12\/"]}]},{"@type":"ImageObject","inLanguage":"pt-BR","@id":"https:\/\/crusoe.audiencelabs.com.br\/brasileiros-que-possuem-viagem-marcada-devem-ficar-atentos-para-o-que-vai-ocorrer-no-dia-15-12\/#primaryimage","url":"https:\/\/cdn.crusoe.com.br\/uploads\/2025\/12\/brasileiros-possuem-viagem-marcada-devem-ficar-atentos-para-o-que-vai-ocorrer-dia-15-12.jpg","contentUrl":"https:\/\/cdn.crusoe.com.br\/uploads\/2025\/12\/brasileiros-possuem-viagem-marcada-devem-ficar-atentos-para-o-que-vai-ocorrer-dia-15-12.jpg","width":1920,"height":1080,"caption":"Foto: Eva Darron\/Unsplash"},{"@type":"BreadcrumbList","@id":"https:\/\/crusoe.audiencelabs.com.br\/brasileiros-que-possuem-viagem-marcada-devem-ficar-atentos-para-o-que-vai-ocorrer-no-dia-15-12\/#breadcrumb","itemListElement":[{"@type":"ListItem","position":1,"name":"Home","item":"https:\/\/crusoe.audiencelabs.com.br\/"},{"@type":"ListItem","position":2,"name":"Brasileiros que possuem viagem marcada devem ficar atentos para o que vai ocorrer no dia 15\/12"}]},{"@type":"WebSite","@id":"https:\/\/crusoe.audiencelabs.com.br\/#website","url":"https:\/\/crusoe.audiencelabs.com.br\/","name":"Variedades - Cruso\u00e9","description":"","potentialAction":[{"@type":"SearchAction","target":{"@type":"EntryPoint","urlTemplate":"https:\/\/crusoe.audiencelabs.com.br\/?s={search_term_string}"},"query-input":{"@type":"PropertyValueSpecification","valueRequired":true,"valueName":"search_term_string"}}],"inLanguage":"pt-BR"},{"@type":"Person","@id":"https:\/\/crusoe.audiencelabs.com.br\/#\/schema\/person\/4a23399b23149df2eab6637fd2fd2bfc","name":"Jo\u00e3o Carlos Gomes","image":{"@type":"ImageObject","inLanguage":"pt-BR","@id":"https:\/\/crusoe.audiencelabs.com.br\/#\/schema\/person\/image\/","url":"https:\/\/secure.gravatar.com\/avatar\/4ce4672dbdd694b329cd6fdb51bee7d1409be1f0ff76a537e4c4a737b2c7d1a9?s=96&d=mm&r=g","contentUrl":"https:\/\/secure.gravatar.com\/avatar\/4ce4672dbdd694b329cd6fdb51bee7d1409be1f0ff76a537e4c4a737b2c7d1a9?s=96&d=mm&r=g","caption":"Jo\u00e3o Carlos Gomes"},"description":"Jornalista, criador de conte\u00fado e m\u00fasico independente nas horas vagas.","url":"https:\/\/crusoe.audiencelabs.com.br\/author\/joaoc-junior66\/"}]}},"_links":{"self":[{"href":"https:\/\/crusoe.audiencelabs.com.br\/wp-json\/wp\/v2\/posts\/24635","targetHints":{"allow":["GET"]}}],"collection":[{"href":"https:\/\/crusoe.audiencelabs.com.br\/wp-json\/wp\/v2\/posts"}],"about":[{"href":"https:\/\/crusoe.audiencelabs.com.br\/wp-json\/wp\/v2\/types\/post"}],"author":[{"embeddable":true,"href":"https:\/\/crusoe.audiencelabs.com.br\/wp-json\/wp\/v2\/users\/7"}],"replies":[{"embeddable":true,"href":"https:\/\/crusoe.audiencelabs.com.br\/wp-json\/wp\/v2\/comments?post=24635"}],"version-history":[{"count":3,"href":"https:\/\/crusoe.audiencelabs.com.br\/wp-json\/wp\/v2\/posts\/24635\/revisions"}],"predecessor-version":[{"id":24758,"href":"https:\/\/crusoe.audiencelabs.com.br\/wp-json\/wp\/v2\/posts\/24635\/revisions\/24758"}],"wp:featuredmedia":[{"embeddable":true,"href":"https:\/\/crusoe.audiencelabs.com.br\/wp-json\/wp\/v2\/media\/24636"}],"wp:attachment":[{"href":"https:\/\/crusoe.audiencelabs.com.br\/wp-json\/wp\/v2\/media?parent=24635"}],"wp:term":[{"taxonomy":"category","embeddable":true,"href":"https:\/\/crusoe.audiencelabs.com.br\/wp-json\/wp\/v2\/categories?post=24635"},{"taxonomy":"post_tag","embeddable":true,"href":"https:\/\/crusoe.audiencelabs.com.br\/wp-json\/wp\/v2\/tags?post=24635"}],"curies":[{"name":"wp","href":"https:\/\/api.w.org\/{rel}","templated":true}]}}