{"id":24138,"date":"2025-11-27T11:00:00","date_gmt":"2025-11-27T14:00:00","guid":{"rendered":"https:\/\/crusoe.audiencelabs.com.br\/?p=24138"},"modified":"2025-11-26T07:33:19","modified_gmt":"2025-11-26T10:33:19","slug":"a-partir-dos-proximos-anos-brasileiros-devem-se-preparar-para-uma-mudanca-historica-na-conta-de-luz","status":"publish","type":"post","link":"https:\/\/crusoe.audiencelabs.com.br\/a-partir-dos-proximos-anos-brasileiros-devem-se-preparar-para-uma-mudanca-historica-na-conta-de-luz\/","title":{"rendered":"A partir dos pr\u00f3ximos anos, brasileiros devem se preparar para uma mudan\u00e7a hist\u00f3rica na conta de luz"},"content":{"rendered":"\n<p>Os consumidores residenciais no Brasil ter\u00e3o a oportunidade de <strong>escolher seus fornecedores de energia el\u00e9trica<\/strong>. Essa mudan\u00e7a foi sancionada pela<a href=\"https:\/\/www.in.gov.br\/web\/dou\/-\/lei-n-15.269-de-24-de-novembro-de-2025-670727120\"> Lei 15.269<\/a>.<\/p>\n\n\n\n<p>A legisla\u00e7\u00e3o visa promover mais<strong> competi\u00e7\u00e3o no mercado energ\u00e9tico <\/strong>brasileiro, eliminando o monop\u00f3lio das atuais distribuidoras locais.<\/p>\n\n\n\n<p>Com a abertura prevista para o setor, todos os consumidores, incluindo resid\u00eancias, com\u00e9rcio e ind\u00fastrias, poder\u00e3o negociar diretamente com diferentes fornecedores. Essa liberdade permitir\u00e1 condi\u00e7\u00f5es mais vantajosas e um potencial de <strong>economia na conta de luz<\/strong>.<\/p>\n\n\n\n<h2 class=\"wp-block-heading\">Efeitos econ\u00f4micos e sustent\u00e1veis no setor energ\u00e9tico<\/h2>\n\n\n\n<p>A liberdade de escolha promete romper barreiras antigas do setor energ\u00e9tico brasileiro.\u00a0Ao permitir que 92 milh\u00f5es de consumidores possam escolher seus pr\u00f3prios fornecedores, h\u00e1 a previs\u00e3o de est\u00edmulo \u00e0 concorr\u00eancia, redu\u00e7\u00e3o de custos e maior transpar\u00eancia. Al\u00e9m da economia financeira, a reforma proporciona acesso a fontes de energia mais sustent\u00e1veis.<\/p>\n\n\n\n<p>A expans\u00e3o do mercado livre de energia j\u00e1 apresenta resultados promissores. Em 2024, o setor observou a ades\u00e3o de 26.834 novos consumidores, um recorde que demonstra a viabilidade e o interesse nesse novo modelo de negocia\u00e7\u00e3o.<\/p>\n\n\n\n<h2 class=\"wp-block-heading\">Implementa\u00e7\u00e3o e desafios estruturais<\/h2>\n\n\n\n<p>A primeira fase de implementa\u00e7\u00e3o da reforma do setor el\u00e9trico come\u00e7ar\u00e1 com a ind\u00fastria e o com\u00e9rcio at\u00e9 2027. Os consumidores residenciais seguir\u00e3o at\u00e9 2028.&nbsp;<\/p>\n\n\n\n<p>Este cronograma exige n\u00e3o apenas o estabelecimento de infraestrutura apropriada, mas tamb\u00e9m um plano de comunica\u00e7\u00e3o para educar os consumidores sobre as novas op\u00e7\u00f5es dispon\u00edveis e suas respectivas vantagens.<\/p>\n\n\n\n<p>O sucesso da implementa\u00e7\u00e3o depender\u00e1 de garantir que as informa\u00e7\u00f5es estejam claras e acess\u00edveis. Ser\u00e1 essencial fornecer suporte adequado para que os consumidores possam tomar decis\u00f5es informadas, evitando pr\u00e1ticas abusivas e garantindo que o mercado opere de maneira justa.<\/p>\n\n\n\n<h2 class=\"wp-block-heading\">Expectativas para o futuro energ\u00e9tico do Brasil<\/h2>\n\n\n\n<p>Com o avan\u00e7o dessas reformas, a perspectiva \u00e9 de que a energia el\u00e9trica no Brasil se torne mais acess\u00edvel, econ\u00f4mica e sustent\u00e1vel.&nbsp;<\/p>\n\n\n\n<p>O governo, juntamente com as empresas do setor e os consumidores, precisa trabalhar em conjunto para superar os obst\u00e1culos, assegurando uma transi\u00e7\u00e3o tranquila para este novo modelo.<\/p>\n\n\n\n<p>Espera-se que, at\u00e9 o final de 2028, o mercado energ\u00e9tico brasileiro esteja totalmente aberto e funcional, promovendo benef\u00edcios econ\u00f4micos e ambientais significativos.&nbsp;<\/p>\n","protected":false},"excerpt":{"rendered":"<p>Os consumidores residenciais no Brasil ter\u00e3o a oportunidade de escolher seus fornecedores de energia el\u00e9trica. Essa mudan\u00e7a foi sancionada pela Lei 15.269. A legisla\u00e7\u00e3o visa promover mais competi\u00e7\u00e3o no mercado energ\u00e9tico brasileiro, eliminando o monop\u00f3lio das atuais distribuidoras locais. Com a abertura prevista para o setor, todos os consumidores, incluindo resid\u00eancias, com\u00e9rcio e ind\u00fastrias, poder\u00e3o [&hellip;]<\/p>\n","protected":false},"author":5,"featured_media":24139,"comment_status":"open","ping_status":"open","sticky":false,"template":"","format":"standard","meta":{"jnews-multi-image_gallery":[],"jnews_single_post":{"format":"standard"},"jnews_primary_category":[],"jnews_override_counter":[],"jnews_post_split":[],"footnotes":""},"categories":[1],"tags":[415],"class_list":["post-24138","post","type-post","status-publish","format-standard","has-post-thumbnail","hentry","category-geral","tag-energia-eletrica"],"yoast_head":"<!-- This site is optimized with the Yoast SEO plugin v25.0 - https:\/\/yoast.com\/wordpress\/plugins\/seo\/ -->\n<title>A partir dos pr\u00f3ximos anos, brasileiros devem se preparar para uma mudan\u00e7a hist\u00f3rica na conta de luz<\/title>\n<meta name=\"robots\" content=\"index, follow, max-snippet:-1, max-image-preview:large, max-video-preview:-1\" \/>\n<link rel=\"canonical\" href=\"https:\/\/crusoe.audiencelabs.com.br\/a-partir-dos-proximos-anos-brasileiros-devem-se-preparar-para-uma-mudanca-historica-na-conta-de-luz\/\" \/>\n<meta property=\"og:locale\" content=\"pt_BR\" \/>\n<meta property=\"og:type\" content=\"article\" \/>\n<meta property=\"og:title\" content=\"A partir dos pr\u00f3ximos anos, brasileiros devem se preparar para uma mudan\u00e7a hist\u00f3rica na conta de luz\" \/>\n<meta property=\"og:description\" content=\"Os consumidores residenciais no Brasil ter\u00e3o a oportunidade de escolher seus fornecedores de energia el\u00e9trica. Essa mudan\u00e7a foi sancionada pela Lei 15.269. A legisla\u00e7\u00e3o visa promover mais competi\u00e7\u00e3o no mercado energ\u00e9tico brasileiro, eliminando o monop\u00f3lio das atuais distribuidoras locais. Com a abertura prevista para o setor, todos os consumidores, incluindo resid\u00eancias, com\u00e9rcio e ind\u00fastrias, poder\u00e3o [&hellip;]\" \/>\n<meta property=\"og:url\" content=\"https:\/\/crusoe.audiencelabs.com.br\/a-partir-dos-proximos-anos-brasileiros-devem-se-preparar-para-uma-mudanca-historica-na-conta-de-luz\/\" \/>\n<meta property=\"og:site_name\" content=\"Variedades - Cruso\u00e9\" \/>\n<meta property=\"article:published_time\" content=\"2025-11-27T14:00:00+00:00\" \/>\n<meta property=\"og:image\" content=\"https:\/\/cdn.crusoe.com.br\/uploads\/2025\/11\/Money_Custos-de-energia-eletrica-disparam-e-impulsionam-inflacao-na-Zona-do-Euro.webp\" \/>\n\t<meta property=\"og:image:width\" content=\"2000\" \/>\n\t<meta property=\"og:image:height\" content=\"1333\" \/>\n\t<meta property=\"og:image:type\" content=\"image\/webp\" \/>\n<meta name=\"author\" content=\"Milena Armando\" \/>\n<meta name=\"twitter:card\" content=\"summary_large_image\" \/>\n<meta name=\"twitter:label1\" content=\"Escrito por\" \/>\n\t<meta name=\"twitter:data1\" content=\"Milena Armando\" \/>\n\t<meta name=\"twitter:label2\" content=\"Est. tempo de leitura\" \/>\n\t<meta name=\"twitter:data2\" content=\"3 minutos\" \/>\n<script type=\"application\/ld+json\" class=\"yoast-schema-graph\">{\"@context\":\"https:\/\/schema.org\",\"@graph\":[{\"@type\":\"WebPage\",\"@id\":\"https:\/\/crusoe.audiencelabs.com.br\/a-partir-dos-proximos-anos-brasileiros-devem-se-preparar-para-uma-mudanca-historica-na-conta-de-luz\/\",\"url\":\"https:\/\/crusoe.audiencelabs.com.br\/a-partir-dos-proximos-anos-brasileiros-devem-se-preparar-para-uma-mudanca-historica-na-conta-de-luz\/\",\"name\":\"A partir dos pr\u00f3ximos anos, brasileiros devem se preparar para uma mudan\u00e7a hist\u00f3rica na conta de luz\",\"isPartOf\":{\"@id\":\"https:\/\/crusoe.audiencelabs.com.br\/#website\"},\"primaryImageOfPage\":{\"@id\":\"https:\/\/crusoe.audiencelabs.com.br\/a-partir-dos-proximos-anos-brasileiros-devem-se-preparar-para-uma-mudanca-historica-na-conta-de-luz\/#primaryimage\"},\"image\":{\"@id\":\"https:\/\/crusoe.audiencelabs.com.br\/a-partir-dos-proximos-anos-brasileiros-devem-se-preparar-para-uma-mudanca-historica-na-conta-de-luz\/#primaryimage\"},\"thumbnailUrl\":\"https:\/\/cdn.crusoe.com.br\/uploads\/2025\/11\/Money_Custos-de-energia-eletrica-disparam-e-impulsionam-inflacao-na-Zona-do-Euro.webp\",\"datePublished\":\"2025-11-27T14:00:00+00:00\",\"author\":{\"@id\":\"https:\/\/crusoe.audiencelabs.com.br\/#\/schema\/person\/f87f73cfe89e5360de2c006bd4bd6a74\"},\"breadcrumb\":{\"@id\":\"https:\/\/crusoe.audiencelabs.com.br\/a-partir-dos-proximos-anos-brasileiros-devem-se-preparar-para-uma-mudanca-historica-na-conta-de-luz\/#breadcrumb\"},\"inLanguage\":\"pt-BR\",\"potentialAction\":[{\"@type\":\"ReadAction\",\"target\":[\"https:\/\/crusoe.audiencelabs.com.br\/a-partir-dos-proximos-anos-brasileiros-devem-se-preparar-para-uma-mudanca-historica-na-conta-de-luz\/\"]}]},{\"@type\":\"ImageObject\",\"inLanguage\":\"pt-BR\",\"@id\":\"https:\/\/crusoe.audiencelabs.com.br\/a-partir-dos-proximos-anos-brasileiros-devem-se-preparar-para-uma-mudanca-historica-na-conta-de-luz\/#primaryimage\",\"url\":\"https:\/\/cdn.crusoe.com.br\/uploads\/2025\/11\/Money_Custos-de-energia-eletrica-disparam-e-impulsionam-inflacao-na-Zona-do-Euro.webp\",\"contentUrl\":\"https:\/\/cdn.crusoe.com.br\/uploads\/2025\/11\/Money_Custos-de-energia-eletrica-disparam-e-impulsionam-inflacao-na-Zona-do-Euro.webp\",\"width\":2000,\"height\":1333,\"caption\":\"Foto: Forbes\"},{\"@type\":\"BreadcrumbList\",\"@id\":\"https:\/\/crusoe.audiencelabs.com.br\/a-partir-dos-proximos-anos-brasileiros-devem-se-preparar-para-uma-mudanca-historica-na-conta-de-luz\/#breadcrumb\",\"itemListElement\":[{\"@type\":\"ListItem\",\"position\":1,\"name\":\"Home\",\"item\":\"https:\/\/crusoe.audiencelabs.com.br\/\"},{\"@type\":\"ListItem\",\"position\":2,\"name\":\"A partir dos pr\u00f3ximos anos, brasileiros devem se preparar para uma mudan\u00e7a hist\u00f3rica na conta de luz\"}]},{\"@type\":\"WebSite\",\"@id\":\"https:\/\/crusoe.audiencelabs.com.br\/#website\",\"url\":\"https:\/\/crusoe.audiencelabs.com.br\/\",\"name\":\"Variedades - Cruso\u00e9\",\"description\":\"\",\"potentialAction\":[{\"@type\":\"SearchAction\",\"target\":{\"@type\":\"EntryPoint\",\"urlTemplate\":\"https:\/\/crusoe.audiencelabs.com.br\/?s={search_term_string}\"},\"query-input\":{\"@type\":\"PropertyValueSpecification\",\"valueRequired\":true,\"valueName\":\"search_term_string\"}}],\"inLanguage\":\"pt-BR\"},{\"@type\":\"Person\",\"@id\":\"https:\/\/crusoe.audiencelabs.com.br\/#\/schema\/person\/f87f73cfe89e5360de2c006bd4bd6a74\",\"name\":\"Milena Armando\",\"image\":{\"@type\":\"ImageObject\",\"inLanguage\":\"pt-BR\",\"@id\":\"https:\/\/crusoe.audiencelabs.com.br\/#\/schema\/person\/image\/\",\"url\":\"https:\/\/secure.gravatar.com\/avatar\/ea14ecddc9e9d202b698b18f9f69e09c9fd74cfbed5c6008d55f11faefdbdab7?s=96&d=mm&r=g\",\"contentUrl\":\"https:\/\/secure.gravatar.com\/avatar\/ea14ecddc9e9d202b698b18f9f69e09c9fd74cfbed5c6008d55f11faefdbdab7?s=96&d=mm&r=g\",\"caption\":\"Milena Armando\"},\"description\":\"Jornalista, redatora e revisora.\",\"url\":\"https:\/\/crusoe.audiencelabs.com.br\/author\/milena\/\"}]}<\/script>\n<!-- \/ Yoast SEO plugin. -->","yoast_head_json":{"title":"A partir dos pr\u00f3ximos anos, brasileiros devem se preparar para uma mudan\u00e7a hist\u00f3rica na conta de luz","robots":{"index":"index","follow":"follow","max-snippet":"max-snippet:-1","max-image-preview":"max-image-preview:large","max-video-preview":"max-video-preview:-1"},"canonical":"https:\/\/crusoe.audiencelabs.com.br\/a-partir-dos-proximos-anos-brasileiros-devem-se-preparar-para-uma-mudanca-historica-na-conta-de-luz\/","og_locale":"pt_BR","og_type":"article","og_title":"A partir dos pr\u00f3ximos anos, brasileiros devem se preparar para uma mudan\u00e7a hist\u00f3rica na conta de luz","og_description":"Os consumidores residenciais no Brasil ter\u00e3o a oportunidade de escolher seus fornecedores de energia el\u00e9trica. Essa mudan\u00e7a foi sancionada pela Lei 15.269. A legisla\u00e7\u00e3o visa promover mais competi\u00e7\u00e3o no mercado energ\u00e9tico brasileiro, eliminando o monop\u00f3lio das atuais distribuidoras locais. Com a abertura prevista para o setor, todos os consumidores, incluindo resid\u00eancias, com\u00e9rcio e ind\u00fastrias, poder\u00e3o [&hellip;]","og_url":"https:\/\/crusoe.audiencelabs.com.br\/a-partir-dos-proximos-anos-brasileiros-devem-se-preparar-para-uma-mudanca-historica-na-conta-de-luz\/","og_site_name":"Variedades - Cruso\u00e9","article_published_time":"2025-11-27T14:00:00+00:00","og_image":[{"width":2000,"height":1333,"url":"https:\/\/cdn.crusoe.com.br\/uploads\/2025\/11\/Money_Custos-de-energia-eletrica-disparam-e-impulsionam-inflacao-na-Zona-do-Euro.webp","type":"image\/webp"}],"author":"Milena Armando","twitter_card":"summary_large_image","twitter_misc":{"Escrito por":"Milena Armando","Est. tempo de leitura":"3 minutos"},"schema":{"@context":"https:\/\/schema.org","@graph":[{"@type":"WebPage","@id":"https:\/\/crusoe.audiencelabs.com.br\/a-partir-dos-proximos-anos-brasileiros-devem-se-preparar-para-uma-mudanca-historica-na-conta-de-luz\/","url":"https:\/\/crusoe.audiencelabs.com.br\/a-partir-dos-proximos-anos-brasileiros-devem-se-preparar-para-uma-mudanca-historica-na-conta-de-luz\/","name":"A partir dos pr\u00f3ximos anos, brasileiros devem se preparar para uma mudan\u00e7a hist\u00f3rica na conta de luz","isPartOf":{"@id":"https:\/\/crusoe.audiencelabs.com.br\/#website"},"primaryImageOfPage":{"@id":"https:\/\/crusoe.audiencelabs.com.br\/a-partir-dos-proximos-anos-brasileiros-devem-se-preparar-para-uma-mudanca-historica-na-conta-de-luz\/#primaryimage"},"image":{"@id":"https:\/\/crusoe.audiencelabs.com.br\/a-partir-dos-proximos-anos-brasileiros-devem-se-preparar-para-uma-mudanca-historica-na-conta-de-luz\/#primaryimage"},"thumbnailUrl":"https:\/\/cdn.crusoe.com.br\/uploads\/2025\/11\/Money_Custos-de-energia-eletrica-disparam-e-impulsionam-inflacao-na-Zona-do-Euro.webp","datePublished":"2025-11-27T14:00:00+00:00","author":{"@id":"https:\/\/crusoe.audiencelabs.com.br\/#\/schema\/person\/f87f73cfe89e5360de2c006bd4bd6a74"},"breadcrumb":{"@id":"https:\/\/crusoe.audiencelabs.com.br\/a-partir-dos-proximos-anos-brasileiros-devem-se-preparar-para-uma-mudanca-historica-na-conta-de-luz\/#breadcrumb"},"inLanguage":"pt-BR","potentialAction":[{"@type":"ReadAction","target":["https:\/\/crusoe.audiencelabs.com.br\/a-partir-dos-proximos-anos-brasileiros-devem-se-preparar-para-uma-mudanca-historica-na-conta-de-luz\/"]}]},{"@type":"ImageObject","inLanguage":"pt-BR","@id":"https:\/\/crusoe.audiencelabs.com.br\/a-partir-dos-proximos-anos-brasileiros-devem-se-preparar-para-uma-mudanca-historica-na-conta-de-luz\/#primaryimage","url":"https:\/\/cdn.crusoe.com.br\/uploads\/2025\/11\/Money_Custos-de-energia-eletrica-disparam-e-impulsionam-inflacao-na-Zona-do-Euro.webp","contentUrl":"https:\/\/cdn.crusoe.com.br\/uploads\/2025\/11\/Money_Custos-de-energia-eletrica-disparam-e-impulsionam-inflacao-na-Zona-do-Euro.webp","width":2000,"height":1333,"caption":"Foto: Forbes"},{"@type":"BreadcrumbList","@id":"https:\/\/crusoe.audiencelabs.com.br\/a-partir-dos-proximos-anos-brasileiros-devem-se-preparar-para-uma-mudanca-historica-na-conta-de-luz\/#breadcrumb","itemListElement":[{"@type":"ListItem","position":1,"name":"Home","item":"https:\/\/crusoe.audiencelabs.com.br\/"},{"@type":"ListItem","position":2,"name":"A partir dos pr\u00f3ximos anos, brasileiros devem se preparar para uma mudan\u00e7a hist\u00f3rica na conta de luz"}]},{"@type":"WebSite","@id":"https:\/\/crusoe.audiencelabs.com.br\/#website","url":"https:\/\/crusoe.audiencelabs.com.br\/","name":"Variedades - Cruso\u00e9","description":"","potentialAction":[{"@type":"SearchAction","target":{"@type":"EntryPoint","urlTemplate":"https:\/\/crusoe.audiencelabs.com.br\/?s={search_term_string}"},"query-input":{"@type":"PropertyValueSpecification","valueRequired":true,"valueName":"search_term_string"}}],"inLanguage":"pt-BR"},{"@type":"Person","@id":"https:\/\/crusoe.audiencelabs.com.br\/#\/schema\/person\/f87f73cfe89e5360de2c006bd4bd6a74","name":"Milena Armando","image":{"@type":"ImageObject","inLanguage":"pt-BR","@id":"https:\/\/crusoe.audiencelabs.com.br\/#\/schema\/person\/image\/","url":"https:\/\/secure.gravatar.com\/avatar\/ea14ecddc9e9d202b698b18f9f69e09c9fd74cfbed5c6008d55f11faefdbdab7?s=96&d=mm&r=g","contentUrl":"https:\/\/secure.gravatar.com\/avatar\/ea14ecddc9e9d202b698b18f9f69e09c9fd74cfbed5c6008d55f11faefdbdab7?s=96&d=mm&r=g","caption":"Milena Armando"},"description":"Jornalista, redatora e revisora.","url":"https:\/\/crusoe.audiencelabs.com.br\/author\/milena\/"}]}},"_links":{"self":[{"href":"https:\/\/crusoe.audiencelabs.com.br\/wp-json\/wp\/v2\/posts\/24138","targetHints":{"allow":["GET"]}}],"collection":[{"href":"https:\/\/crusoe.audiencelabs.com.br\/wp-json\/wp\/v2\/posts"}],"about":[{"href":"https:\/\/crusoe.audiencelabs.com.br\/wp-json\/wp\/v2\/types\/post"}],"author":[{"embeddable":true,"href":"https:\/\/crusoe.audiencelabs.com.br\/wp-json\/wp\/v2\/users\/5"}],"replies":[{"embeddable":true,"href":"https:\/\/crusoe.audiencelabs.com.br\/wp-json\/wp\/v2\/comments?post=24138"}],"version-history":[{"count":2,"href":"https:\/\/crusoe.audiencelabs.com.br\/wp-json\/wp\/v2\/posts\/24138\/revisions"}],"predecessor-version":[{"id":24141,"href":"https:\/\/crusoe.audiencelabs.com.br\/wp-json\/wp\/v2\/posts\/24138\/revisions\/24141"}],"wp:featuredmedia":[{"embeddable":true,"href":"https:\/\/crusoe.audiencelabs.com.br\/wp-json\/wp\/v2\/media\/24139"}],"wp:attachment":[{"href":"https:\/\/crusoe.audiencelabs.com.br\/wp-json\/wp\/v2\/media?parent=24138"}],"wp:term":[{"taxonomy":"category","embeddable":true,"href":"https:\/\/crusoe.audiencelabs.com.br\/wp-json\/wp\/v2\/categories?post=24138"},{"taxonomy":"post_tag","embeddable":true,"href":"https:\/\/crusoe.audiencelabs.com.br\/wp-json\/wp\/v2\/tags?post=24138"}],"curies":[{"name":"wp","href":"https:\/\/api.w.org\/{rel}","templated":true}]}}