{"id":23437,"date":"2025-11-21T08:30:00","date_gmt":"2025-11-21T11:30:00","guid":{"rendered":"https:\/\/crusoe.audiencelabs.com.br\/?p=23437"},"modified":"2025-11-19T09:41:15","modified_gmt":"2025-11-19T12:41:15","slug":"alerta-nacional-milhares-de-brasileiros-que-vivem-nessa-regiao-enfrentam-ameaca-real-de-alagamentos","status":"publish","type":"post","link":"https:\/\/crusoe.audiencelabs.com.br\/alerta-nacional-milhares-de-brasileiros-que-vivem-nessa-regiao-enfrentam-ameaca-real-de-alagamentos\/","title":{"rendered":"Alerta nacional: milhares de brasileiros que vivem nessa regi\u00e3o enfrentam amea\u00e7a real de alagamentos"},"content":{"rendered":"\n<p><strong>Acari<\/strong>, uma comunidade na<strong> Zona Norte do Rio de Janeiro<\/strong>, est\u00e1 enfrentando um desafio cr\u00edtico com <strong>alagamentos <\/strong>cont\u00ednuos.&nbsp;<\/p>\n\n\n\n<p>Um estudo do<a href=\"https:\/\/decodifica.org\/\"> Instituto Decodifica<\/a> revela que <strong>91,2% dos moradores afirmam que suas ruas sofrem com alaga\u00e7\u00f5es regulares<\/strong>.&nbsp;<\/p>\n\n\n\n<p>Essa situa\u00e7\u00e3o ressalta a vulnerabilidade de aproximadamente<strong> 29 mil habitantes da regi\u00e3o<\/strong>, que s\u00e3o impactados pelas constantes inunda\u00e7\u00f5es decorrentes das chuvas frequentes, intensificadas desde 2024.<\/p>\n\n\n\n<h2 class=\"wp-block-heading\">Fatores que intensificam os alagamentos: rio Acari e a geografia local<\/h2>\n\n\n\n<p>O principal fator por tr\u00e1s das enchentes \u00e9 o<strong> Rio Acari<\/strong>, que corta a comunidade. Originado na Serra de Gericin\u00f3, esse rio percorre \u00e1reas densamente habitadas.&nbsp;<\/p>\n\n\n\n<p>A geografia da regi\u00e3o<strong>, com baixa altitude e assoreamento<\/strong> frequente, somada \u00e0 <strong>aus\u00eancia de saneamento b\u00e1sico adequado<\/strong>, agrava a situa\u00e7\u00e3o, resultando em constantes alaga\u00e7\u00f5es.&nbsp;<\/p>\n\n\n\n<h2 class=\"wp-block-heading\">Impactos diretos e indiretos na comunidade<\/h2>\n\n\n\n<p>Os danos em Acari s\u00e3o preocupantes:<\/p>\n\n\n\n<ul class=\"wp-block-list\">\n<li>Cerca de 84,1% dos moradores<strong> perderam bens materiais <\/strong>como m\u00f3veis e eletrodom\u00e9sticos devido \u00e0s inunda\u00e7\u00f5es;<\/li>\n\n\n\n<li>71,7% relataram<strong> danos estruturais<\/strong> em suas casas, como rachaduras;<\/li>\n\n\n\n<li>49,1% enfrentaram a<strong> perda de documentos importantes<\/strong>, dificultando o acesso a servi\u00e7os p\u00fablicos essenciais.<\/li>\n<\/ul>\n\n\n\n<p>Os alagamentos frequentes afetam a qualidade de vida, resultando em interrup\u00e7\u00f5es nos servi\u00e7os b\u00e1sicos. Segundo o levantamento, 56% dos habitantes sofreram com a suspens\u00e3o do transporte p\u00fablico e 50% n\u00e3o conseguiram atendimento m\u00e9dico adequado durante esses eventos.&nbsp;<\/p>\n\n\n\n<h3 class=\"wp-block-heading\">Riscos \u00e0 sa\u00fade p\u00fablica<\/h3>\n\n\n\n<p>Al\u00e9m das perdas materiais, as inunda\u00e7\u00f5es representam uma s\u00e9ria amea\u00e7a \u00e0 sa\u00fade p\u00fablica em Acari. Ap\u00f3s as enchentes, 58,4% dos moradores apresentam sintomas de doen\u00e7as, incluindo febre e dores de cabe\u00e7a, causadas principalmente por dengue e leptospirose.&nbsp;<\/p>\n\n\n\n<h2 class=\"wp-block-heading\">Resposta governamental&nbsp;<\/h2>\n\n\n\n<p>Apenas 65,5% dos residentes receberam algum aux\u00edlio ap\u00f3s os eventos de alagamento, e muitos relataram que o suporte foi insuficiente.&nbsp;<\/p>\n\n\n\n<p>Aproximadamente 35,8% dos entrevistados avaliaram a atua\u00e7\u00e3o governamental como &#8220;p\u00e9ssima&#8221;, sublinhando a necessidade de respostas mais eficientes e abrangentes para essa situa\u00e7\u00e3o.<\/p>\n","protected":false},"excerpt":{"rendered":"<p>Acari, uma comunidade na Zona Norte do Rio de Janeiro, est\u00e1 enfrentando um desafio cr\u00edtico com alagamentos cont\u00ednuos.&nbsp; Um estudo do Instituto Decodifica revela que 91,2% dos moradores afirmam que suas ruas sofrem com alaga\u00e7\u00f5es regulares.&nbsp; Essa situa\u00e7\u00e3o ressalta a vulnerabilidade de aproximadamente 29 mil habitantes da regi\u00e3o, que s\u00e3o impactados pelas constantes inunda\u00e7\u00f5es decorrentes [&hellip;]<\/p>\n","protected":false},"author":5,"featured_media":23438,"comment_status":"open","ping_status":"open","sticky":false,"template":"","format":"standard","meta":{"jnews-multi-image_gallery":[],"jnews_single_post":{"format":"standard"},"jnews_primary_category":[],"jnews_override_counter":[],"jnews_post_split":[],"footnotes":""},"categories":[1],"tags":[4224,4226,4225],"class_list":["post-23437","post","type-post","status-publish","format-standard","has-post-thumbnail","hentry","category-geral","tag-acari","tag-alagamentos","tag-inundacoes"],"yoast_head":"<!-- This site is optimized with the Yoast SEO plugin v25.0 - https:\/\/yoast.com\/wordpress\/plugins\/seo\/ -->\n<title>Alerta nacional: milhares de brasileiros que vivem nessa regi\u00e3o enfrentam amea\u00e7a real de alagamentos<\/title>\n<meta name=\"robots\" content=\"index, follow, max-snippet:-1, max-image-preview:large, max-video-preview:-1\" \/>\n<link rel=\"canonical\" href=\"https:\/\/crusoe.audiencelabs.com.br\/alerta-nacional-milhares-de-brasileiros-que-vivem-nessa-regiao-enfrentam-ameaca-real-de-alagamentos\/\" \/>\n<meta property=\"og:locale\" content=\"pt_BR\" \/>\n<meta property=\"og:type\" content=\"article\" \/>\n<meta property=\"og:title\" content=\"Alerta nacional: milhares de brasileiros que vivem nessa regi\u00e3o enfrentam amea\u00e7a real de alagamentos\" \/>\n<meta property=\"og:description\" content=\"Acari, uma comunidade na Zona Norte do Rio de Janeiro, est\u00e1 enfrentando um desafio cr\u00edtico com alagamentos cont\u00ednuos.&nbsp; Um estudo do Instituto Decodifica revela que 91,2% dos moradores afirmam que suas ruas sofrem com alaga\u00e7\u00f5es regulares.&nbsp; Essa situa\u00e7\u00e3o ressalta a vulnerabilidade de aproximadamente 29 mil habitantes da regi\u00e3o, que s\u00e3o impactados pelas constantes inunda\u00e7\u00f5es decorrentes [&hellip;]\" \/>\n<meta property=\"og:url\" content=\"https:\/\/crusoe.audiencelabs.com.br\/alerta-nacional-milhares-de-brasileiros-que-vivem-nessa-regiao-enfrentam-ameaca-real-de-alagamentos\/\" \/>\n<meta property=\"og:site_name\" content=\"Variedades - Cruso\u00e9\" \/>\n<meta property=\"article:published_time\" content=\"2025-11-21T11:30:00+00:00\" \/>\n<meta property=\"og:image\" content=\"https:\/\/cdn.crusoe.com.br\/uploads\/2025\/11\/acari-alagada.jpeg\" \/>\n\t<meta property=\"og:image:width\" content=\"600\" \/>\n\t<meta property=\"og:image:height\" content=\"338\" \/>\n\t<meta property=\"og:image:type\" content=\"image\/jpeg\" \/>\n<meta name=\"author\" content=\"Milena Armando\" \/>\n<meta name=\"twitter:card\" content=\"summary_large_image\" \/>\n<meta name=\"twitter:label1\" content=\"Escrito por\" \/>\n\t<meta name=\"twitter:data1\" content=\"Milena Armando\" \/>\n\t<meta name=\"twitter:label2\" content=\"Est. tempo de leitura\" \/>\n\t<meta name=\"twitter:data2\" content=\"2 minutos\" \/>\n<script type=\"application\/ld+json\" class=\"yoast-schema-graph\">{\"@context\":\"https:\/\/schema.org\",\"@graph\":[{\"@type\":\"WebPage\",\"@id\":\"https:\/\/crusoe.audiencelabs.com.br\/alerta-nacional-milhares-de-brasileiros-que-vivem-nessa-regiao-enfrentam-ameaca-real-de-alagamentos\/\",\"url\":\"https:\/\/crusoe.audiencelabs.com.br\/alerta-nacional-milhares-de-brasileiros-que-vivem-nessa-regiao-enfrentam-ameaca-real-de-alagamentos\/\",\"name\":\"Alerta nacional: milhares de brasileiros que vivem nessa regi\u00e3o enfrentam amea\u00e7a real de alagamentos\",\"isPartOf\":{\"@id\":\"https:\/\/crusoe.audiencelabs.com.br\/#website\"},\"primaryImageOfPage\":{\"@id\":\"https:\/\/crusoe.audiencelabs.com.br\/alerta-nacional-milhares-de-brasileiros-que-vivem-nessa-regiao-enfrentam-ameaca-real-de-alagamentos\/#primaryimage\"},\"image\":{\"@id\":\"https:\/\/crusoe.audiencelabs.com.br\/alerta-nacional-milhares-de-brasileiros-que-vivem-nessa-regiao-enfrentam-ameaca-real-de-alagamentos\/#primaryimage\"},\"thumbnailUrl\":\"https:\/\/cdn.crusoe.com.br\/uploads\/2025\/11\/acari-alagada.jpeg\",\"datePublished\":\"2025-11-21T11:30:00+00:00\",\"author\":{\"@id\":\"https:\/\/crusoe.audiencelabs.com.br\/#\/schema\/person\/f87f73cfe89e5360de2c006bd4bd6a74\"},\"breadcrumb\":{\"@id\":\"https:\/\/crusoe.audiencelabs.com.br\/alerta-nacional-milhares-de-brasileiros-que-vivem-nessa-regiao-enfrentam-ameaca-real-de-alagamentos\/#breadcrumb\"},\"inLanguage\":\"pt-BR\",\"potentialAction\":[{\"@type\":\"ReadAction\",\"target\":[\"https:\/\/crusoe.audiencelabs.com.br\/alerta-nacional-milhares-de-brasileiros-que-vivem-nessa-regiao-enfrentam-ameaca-real-de-alagamentos\/\"]}]},{\"@type\":\"ImageObject\",\"inLanguage\":\"pt-BR\",\"@id\":\"https:\/\/crusoe.audiencelabs.com.br\/alerta-nacional-milhares-de-brasileiros-que-vivem-nessa-regiao-enfrentam-ameaca-real-de-alagamentos\/#primaryimage\",\"url\":\"https:\/\/cdn.crusoe.com.br\/uploads\/2025\/11\/acari-alagada.jpeg\",\"contentUrl\":\"https:\/\/cdn.crusoe.com.br\/uploads\/2025\/11\/acari-alagada.jpeg\",\"width\":600,\"height\":338,\"caption\":\"Foto: G1\"},{\"@type\":\"BreadcrumbList\",\"@id\":\"https:\/\/crusoe.audiencelabs.com.br\/alerta-nacional-milhares-de-brasileiros-que-vivem-nessa-regiao-enfrentam-ameaca-real-de-alagamentos\/#breadcrumb\",\"itemListElement\":[{\"@type\":\"ListItem\",\"position\":1,\"name\":\"Home\",\"item\":\"https:\/\/crusoe.audiencelabs.com.br\/\"},{\"@type\":\"ListItem\",\"position\":2,\"name\":\"Alerta nacional: milhares de brasileiros que vivem nessa regi\u00e3o enfrentam amea\u00e7a real de alagamentos\"}]},{\"@type\":\"WebSite\",\"@id\":\"https:\/\/crusoe.audiencelabs.com.br\/#website\",\"url\":\"https:\/\/crusoe.audiencelabs.com.br\/\",\"name\":\"Variedades - Cruso\u00e9\",\"description\":\"\",\"potentialAction\":[{\"@type\":\"SearchAction\",\"target\":{\"@type\":\"EntryPoint\",\"urlTemplate\":\"https:\/\/crusoe.audiencelabs.com.br\/?s={search_term_string}\"},\"query-input\":{\"@type\":\"PropertyValueSpecification\",\"valueRequired\":true,\"valueName\":\"search_term_string\"}}],\"inLanguage\":\"pt-BR\"},{\"@type\":\"Person\",\"@id\":\"https:\/\/crusoe.audiencelabs.com.br\/#\/schema\/person\/f87f73cfe89e5360de2c006bd4bd6a74\",\"name\":\"Milena Armando\",\"image\":{\"@type\":\"ImageObject\",\"inLanguage\":\"pt-BR\",\"@id\":\"https:\/\/crusoe.audiencelabs.com.br\/#\/schema\/person\/image\/\",\"url\":\"https:\/\/secure.gravatar.com\/avatar\/ea14ecddc9e9d202b698b18f9f69e09c9fd74cfbed5c6008d55f11faefdbdab7?s=96&d=mm&r=g\",\"contentUrl\":\"https:\/\/secure.gravatar.com\/avatar\/ea14ecddc9e9d202b698b18f9f69e09c9fd74cfbed5c6008d55f11faefdbdab7?s=96&d=mm&r=g\",\"caption\":\"Milena Armando\"},\"description\":\"Jornalista, redatora e revisora.\",\"url\":\"https:\/\/crusoe.audiencelabs.com.br\/author\/milena\/\"}]}<\/script>\n<!-- \/ Yoast SEO plugin. -->","yoast_head_json":{"title":"Alerta nacional: milhares de brasileiros que vivem nessa regi\u00e3o enfrentam amea\u00e7a real de alagamentos","robots":{"index":"index","follow":"follow","max-snippet":"max-snippet:-1","max-image-preview":"max-image-preview:large","max-video-preview":"max-video-preview:-1"},"canonical":"https:\/\/crusoe.audiencelabs.com.br\/alerta-nacional-milhares-de-brasileiros-que-vivem-nessa-regiao-enfrentam-ameaca-real-de-alagamentos\/","og_locale":"pt_BR","og_type":"article","og_title":"Alerta nacional: milhares de brasileiros que vivem nessa regi\u00e3o enfrentam amea\u00e7a real de alagamentos","og_description":"Acari, uma comunidade na Zona Norte do Rio de Janeiro, est\u00e1 enfrentando um desafio cr\u00edtico com alagamentos cont\u00ednuos.&nbsp; Um estudo do Instituto Decodifica revela que 91,2% dos moradores afirmam que suas ruas sofrem com alaga\u00e7\u00f5es regulares.&nbsp; Essa situa\u00e7\u00e3o ressalta a vulnerabilidade de aproximadamente 29 mil habitantes da regi\u00e3o, que s\u00e3o impactados pelas constantes inunda\u00e7\u00f5es decorrentes [&hellip;]","og_url":"https:\/\/crusoe.audiencelabs.com.br\/alerta-nacional-milhares-de-brasileiros-que-vivem-nessa-regiao-enfrentam-ameaca-real-de-alagamentos\/","og_site_name":"Variedades - Cruso\u00e9","article_published_time":"2025-11-21T11:30:00+00:00","og_image":[{"width":600,"height":338,"url":"https:\/\/cdn.crusoe.com.br\/uploads\/2025\/11\/acari-alagada.jpeg","type":"image\/jpeg"}],"author":"Milena Armando","twitter_card":"summary_large_image","twitter_misc":{"Escrito por":"Milena Armando","Est. tempo de leitura":"2 minutos"},"schema":{"@context":"https:\/\/schema.org","@graph":[{"@type":"WebPage","@id":"https:\/\/crusoe.audiencelabs.com.br\/alerta-nacional-milhares-de-brasileiros-que-vivem-nessa-regiao-enfrentam-ameaca-real-de-alagamentos\/","url":"https:\/\/crusoe.audiencelabs.com.br\/alerta-nacional-milhares-de-brasileiros-que-vivem-nessa-regiao-enfrentam-ameaca-real-de-alagamentos\/","name":"Alerta nacional: milhares de brasileiros que vivem nessa regi\u00e3o enfrentam amea\u00e7a real de alagamentos","isPartOf":{"@id":"https:\/\/crusoe.audiencelabs.com.br\/#website"},"primaryImageOfPage":{"@id":"https:\/\/crusoe.audiencelabs.com.br\/alerta-nacional-milhares-de-brasileiros-que-vivem-nessa-regiao-enfrentam-ameaca-real-de-alagamentos\/#primaryimage"},"image":{"@id":"https:\/\/crusoe.audiencelabs.com.br\/alerta-nacional-milhares-de-brasileiros-que-vivem-nessa-regiao-enfrentam-ameaca-real-de-alagamentos\/#primaryimage"},"thumbnailUrl":"https:\/\/cdn.crusoe.com.br\/uploads\/2025\/11\/acari-alagada.jpeg","datePublished":"2025-11-21T11:30:00+00:00","author":{"@id":"https:\/\/crusoe.audiencelabs.com.br\/#\/schema\/person\/f87f73cfe89e5360de2c006bd4bd6a74"},"breadcrumb":{"@id":"https:\/\/crusoe.audiencelabs.com.br\/alerta-nacional-milhares-de-brasileiros-que-vivem-nessa-regiao-enfrentam-ameaca-real-de-alagamentos\/#breadcrumb"},"inLanguage":"pt-BR","potentialAction":[{"@type":"ReadAction","target":["https:\/\/crusoe.audiencelabs.com.br\/alerta-nacional-milhares-de-brasileiros-que-vivem-nessa-regiao-enfrentam-ameaca-real-de-alagamentos\/"]}]},{"@type":"ImageObject","inLanguage":"pt-BR","@id":"https:\/\/crusoe.audiencelabs.com.br\/alerta-nacional-milhares-de-brasileiros-que-vivem-nessa-regiao-enfrentam-ameaca-real-de-alagamentos\/#primaryimage","url":"https:\/\/cdn.crusoe.com.br\/uploads\/2025\/11\/acari-alagada.jpeg","contentUrl":"https:\/\/cdn.crusoe.com.br\/uploads\/2025\/11\/acari-alagada.jpeg","width":600,"height":338,"caption":"Foto: G1"},{"@type":"BreadcrumbList","@id":"https:\/\/crusoe.audiencelabs.com.br\/alerta-nacional-milhares-de-brasileiros-que-vivem-nessa-regiao-enfrentam-ameaca-real-de-alagamentos\/#breadcrumb","itemListElement":[{"@type":"ListItem","position":1,"name":"Home","item":"https:\/\/crusoe.audiencelabs.com.br\/"},{"@type":"ListItem","position":2,"name":"Alerta nacional: milhares de brasileiros que vivem nessa regi\u00e3o enfrentam amea\u00e7a real de alagamentos"}]},{"@type":"WebSite","@id":"https:\/\/crusoe.audiencelabs.com.br\/#website","url":"https:\/\/crusoe.audiencelabs.com.br\/","name":"Variedades - Cruso\u00e9","description":"","potentialAction":[{"@type":"SearchAction","target":{"@type":"EntryPoint","urlTemplate":"https:\/\/crusoe.audiencelabs.com.br\/?s={search_term_string}"},"query-input":{"@type":"PropertyValueSpecification","valueRequired":true,"valueName":"search_term_string"}}],"inLanguage":"pt-BR"},{"@type":"Person","@id":"https:\/\/crusoe.audiencelabs.com.br\/#\/schema\/person\/f87f73cfe89e5360de2c006bd4bd6a74","name":"Milena Armando","image":{"@type":"ImageObject","inLanguage":"pt-BR","@id":"https:\/\/crusoe.audiencelabs.com.br\/#\/schema\/person\/image\/","url":"https:\/\/secure.gravatar.com\/avatar\/ea14ecddc9e9d202b698b18f9f69e09c9fd74cfbed5c6008d55f11faefdbdab7?s=96&d=mm&r=g","contentUrl":"https:\/\/secure.gravatar.com\/avatar\/ea14ecddc9e9d202b698b18f9f69e09c9fd74cfbed5c6008d55f11faefdbdab7?s=96&d=mm&r=g","caption":"Milena Armando"},"description":"Jornalista, redatora e revisora.","url":"https:\/\/crusoe.audiencelabs.com.br\/author\/milena\/"}]}},"_links":{"self":[{"href":"https:\/\/crusoe.audiencelabs.com.br\/wp-json\/wp\/v2\/posts\/23437","targetHints":{"allow":["GET"]}}],"collection":[{"href":"https:\/\/crusoe.audiencelabs.com.br\/wp-json\/wp\/v2\/posts"}],"about":[{"href":"https:\/\/crusoe.audiencelabs.com.br\/wp-json\/wp\/v2\/types\/post"}],"author":[{"embeddable":true,"href":"https:\/\/crusoe.audiencelabs.com.br\/wp-json\/wp\/v2\/users\/5"}],"replies":[{"embeddable":true,"href":"https:\/\/crusoe.audiencelabs.com.br\/wp-json\/wp\/v2\/comments?post=23437"}],"version-history":[{"count":2,"href":"https:\/\/crusoe.audiencelabs.com.br\/wp-json\/wp\/v2\/posts\/23437\/revisions"}],"predecessor-version":[{"id":23441,"href":"https:\/\/crusoe.audiencelabs.com.br\/wp-json\/wp\/v2\/posts\/23437\/revisions\/23441"}],"wp:featuredmedia":[{"embeddable":true,"href":"https:\/\/crusoe.audiencelabs.com.br\/wp-json\/wp\/v2\/media\/23438"}],"wp:attachment":[{"href":"https:\/\/crusoe.audiencelabs.com.br\/wp-json\/wp\/v2\/media?parent=23437"}],"wp:term":[{"taxonomy":"category","embeddable":true,"href":"https:\/\/crusoe.audiencelabs.com.br\/wp-json\/wp\/v2\/categories?post=23437"},{"taxonomy":"post_tag","embeddable":true,"href":"https:\/\/crusoe.audiencelabs.com.br\/wp-json\/wp\/v2\/tags?post=23437"}],"curies":[{"name":"wp","href":"https:\/\/api.w.org\/{rel}","templated":true}]}}