{"id":23405,"date":"2025-11-19T15:30:00","date_gmt":"2025-11-19T18:30:00","guid":{"rendered":"https:\/\/crusoe.audiencelabs.com.br\/?p=23405"},"modified":"2025-11-19T15:36:16","modified_gmt":"2025-11-19T18:36:16","slug":"governo-federal-passa-a-regua-e-corta-bolsa-familia-de-mais-de-150-mil-familias","status":"publish","type":"post","link":"https:\/\/crusoe.audiencelabs.com.br\/governo-federal-passa-a-regua-e-corta-bolsa-familia-de-mais-de-150-mil-familias\/","title":{"rendered":"Governo federal passa a r\u00e9gua e corta Bolsa Fam\u00edlia de mais de 150 mil fam\u00edlias"},"content":{"rendered":"\n<p>No m\u00eas de outubro, o governo federal tomou medidas significativas em rela\u00e7\u00e3o ao <strong>Bolsa Fam\u00edlia<\/strong>, resultando no <strong>corte de benef\u00edcios para cerca de 160 mil fam\u00edlias<\/strong>. O pente-fino incluiu<strong> cruzamentos de dados trabalhistas e de renda <\/strong>como forma de detec\u00e7\u00e3o de irregularidades.<\/p>\n\n\n\n<p>Essa decis\u00e3o faz parte de uma an\u00e1lise minuciosa para garantir que os fundos sejam direcionados apenas \u00e0s fam\u00edlias que se encaixam nos crit\u00e9rios estabelecidos de vulnerabilidade social.&nbsp;<\/p>\n\n\n\n<p>O governo afirmou que muitos benefici\u00e1rios<strong> superaram a renda per capita m\u00e1xima de R$218<\/strong>, o que inviabiliza a continuidade do benef\u00edcio. A <strong>falta de atualiza\u00e7\u00f5es cadastrais<\/strong> \u00e9 apontada como fator prejudicial para fam\u00edlias que dependem do aux\u00edlio.<\/p>\n\n\n\n<h2 class=\"wp-block-heading\">Desafios encontrados pelos benefici\u00e1rios<\/h2>\n\n\n\n<p>Para milh\u00f5es de fam\u00edlias, o Bolsa Fam\u00edlia \u00e9 n\u00e3o apenas aux\u00edlio financeiro, mas essencial para a subsist\u00eancia.<\/p>\n\n\n\n<p>Com as revis\u00f5es em andamento, muitas fam\u00edlias enfrentam incertezas. Benefici\u00e1rios que tiveram seus aux\u00edlios suspensos devem se dirigir ao Centro de Refer\u00eancia de Assist\u00eancia Social (CRAS) para atualizar seu Cadastro \u00danico.&nbsp;<\/p>\n\n\n\n<p>Estes processos podem ser prolongados e demandam comprova\u00e7\u00e3o de renda, com uma dura\u00e7\u00e3o de avalia\u00e7\u00e3o que pode chegar a 90 dias.<\/p>\n\n\n\n<h2 class=\"wp-block-heading\">Futuro do programa&nbsp;<\/h2>\n\n\n\n<p>As mudan\u00e7as no Bolsa Fam\u00edlia suscitam discuss\u00f5es sobre o longo prazo do programa e a sua adaptabilidade para satisfazer adequadamente aqueles que dependem dele.&nbsp;<\/p>\n\n\n\n<p>A miss\u00e3o atual est\u00e1 voltada para a detec\u00e7\u00e3o de fraudes, mas \u00e9 essencial que essa dilig\u00eancia n\u00e3o prejudique fam\u00edlias que est\u00e3o em transi\u00e7\u00e3o econ\u00f4mica. <\/p>\n\n\n\n<p>O maior impacto do pente-fino se manifesta em estados como S\u00e3o Paulo, Bahia e Pernambuco, que concentram boa parte dos benefici\u00e1rios desligados.\u00a0<\/p>\n\n\n\n<h3 class=\"wp-block-heading\">Calend\u00e1rio de pagamentos do Bolsa Fam\u00edlia em dezembro<\/h3>\n\n\n\n<ul class=\"wp-block-list\">\n<li>Final do NIS 1: 10\/12<\/li>\n\n\n\n<li>Final do NIS 2: 11\/12<\/li>\n\n\n\n<li>Final do NIS 3: 12\/12<\/li>\n\n\n\n<li>Final do NIS 4: 15\/12<\/li>\n\n\n\n<li>Final do NIS 5: 16\/12<\/li>\n\n\n\n<li>Final do NIS 6: 17\/12<\/li>\n\n\n\n<li>Final do NIS 7: 18\/12<\/li>\n\n\n\n<li>Final do NIS 8: 19\/12<\/li>\n\n\n\n<li>Final do NIS 9: 22\/12<\/li>\n\n\n\n<li>Final do NIS 0: 23\/12<\/li>\n<\/ul>\n","protected":false},"excerpt":{"rendered":"<p>No m\u00eas de outubro, o governo federal tomou medidas significativas em rela\u00e7\u00e3o ao Bolsa Fam\u00edlia, resultando no corte de benef\u00edcios para cerca de 160 mil fam\u00edlias. O pente-fino incluiu cruzamentos de dados trabalhistas e de renda como forma de detec\u00e7\u00e3o de irregularidades. Essa decis\u00e3o faz parte de uma an\u00e1lise minuciosa para garantir que os fundos [&hellip;]<\/p>\n","protected":false},"author":5,"featured_media":23406,"comment_status":"open","ping_status":"open","sticky":false,"template":"","format":"standard","meta":{"jnews-multi-image_gallery":[],"jnews_single_post":{"format":"standard"},"jnews_primary_category":[],"jnews_override_counter":[],"jnews_post_split":[],"footnotes":""},"categories":[1],"tags":[314],"class_list":["post-23405","post","type-post","status-publish","format-standard","has-post-thumbnail","hentry","category-geral","tag-bolsa-familia-2"],"yoast_head":"<!-- This site is optimized with the Yoast SEO plugin v25.0 - https:\/\/yoast.com\/wordpress\/plugins\/seo\/ -->\n<title>Governo federal passa a r\u00e9gua e corta Bolsa Fam\u00edlia de mais de 150 mil fam\u00edlias<\/title>\n<meta name=\"description\" content=\"O governo federal tomou medidas significativas em rela\u00e7\u00e3o ao Bolsa Fam\u00edlia, resultando no corte de benef\u00edcios para cerca de 160 mil fam\u00edlias.\" \/>\n<meta name=\"robots\" content=\"index, follow, max-snippet:-1, max-image-preview:large, max-video-preview:-1\" \/>\n<link rel=\"canonical\" href=\"https:\/\/crusoe.audiencelabs.com.br\/governo-federal-passa-a-regua-e-corta-bolsa-familia-de-mais-de-150-mil-familias\/\" \/>\n<meta property=\"og:locale\" content=\"pt_BR\" \/>\n<meta property=\"og:type\" content=\"article\" \/>\n<meta property=\"og:title\" content=\"Governo federal passa a r\u00e9gua e corta Bolsa Fam\u00edlia de mais de 150 mil fam\u00edlias\" \/>\n<meta property=\"og:description\" content=\"O governo federal tomou medidas significativas em rela\u00e7\u00e3o ao Bolsa Fam\u00edlia, resultando no corte de benef\u00edcios para cerca de 160 mil fam\u00edlias.\" \/>\n<meta property=\"og:url\" content=\"https:\/\/crusoe.audiencelabs.com.br\/governo-federal-passa-a-regua-e-corta-bolsa-familia-de-mais-de-150-mil-familias\/\" \/>\n<meta property=\"og:site_name\" content=\"Variedades - Cruso\u00e9\" \/>\n<meta property=\"article:published_time\" content=\"2025-11-19T18:30:00+00:00\" \/>\n<meta property=\"article:modified_time\" content=\"2025-11-19T18:36:16+00:00\" \/>\n<meta property=\"og:image\" content=\"https:\/\/cdn.crusoe.com.br\/uploads\/2025\/11\/Quem-tem-direito-ao-Bolsa-Familia-e1747855358553.webp\" \/>\n\t<meta property=\"og:image:width\" content=\"1146\" \/>\n\t<meta property=\"og:image:height\" content=\"800\" \/>\n\t<meta property=\"og:image:type\" content=\"image\/webp\" \/>\n<meta name=\"author\" content=\"Milena Armando\" \/>\n<meta name=\"twitter:card\" content=\"summary_large_image\" \/>\n<meta name=\"twitter:label1\" content=\"Escrito por\" \/>\n\t<meta name=\"twitter:data1\" content=\"Milena Armando\" \/>\n\t<meta name=\"twitter:label2\" content=\"Est. tempo de leitura\" \/>\n\t<meta name=\"twitter:data2\" content=\"2 minutos\" \/>\n<script type=\"application\/ld+json\" class=\"yoast-schema-graph\">{\"@context\":\"https:\/\/schema.org\",\"@graph\":[{\"@type\":\"WebPage\",\"@id\":\"https:\/\/crusoe.audiencelabs.com.br\/governo-federal-passa-a-regua-e-corta-bolsa-familia-de-mais-de-150-mil-familias\/\",\"url\":\"https:\/\/crusoe.audiencelabs.com.br\/governo-federal-passa-a-regua-e-corta-bolsa-familia-de-mais-de-150-mil-familias\/\",\"name\":\"Governo federal passa a r\u00e9gua e corta Bolsa Fam\u00edlia de mais de 150 mil fam\u00edlias\",\"isPartOf\":{\"@id\":\"https:\/\/crusoe.audiencelabs.com.br\/#website\"},\"primaryImageOfPage\":{\"@id\":\"https:\/\/crusoe.audiencelabs.com.br\/governo-federal-passa-a-regua-e-corta-bolsa-familia-de-mais-de-150-mil-familias\/#primaryimage\"},\"image\":{\"@id\":\"https:\/\/crusoe.audiencelabs.com.br\/governo-federal-passa-a-regua-e-corta-bolsa-familia-de-mais-de-150-mil-familias\/#primaryimage\"},\"thumbnailUrl\":\"https:\/\/cdn.crusoe.com.br\/uploads\/2025\/11\/Quem-tem-direito-ao-Bolsa-Familia-e1747855358553.webp\",\"datePublished\":\"2025-11-19T18:30:00+00:00\",\"dateModified\":\"2025-11-19T18:36:16+00:00\",\"author\":{\"@id\":\"https:\/\/crusoe.audiencelabs.com.br\/#\/schema\/person\/f87f73cfe89e5360de2c006bd4bd6a74\"},\"description\":\"O governo federal tomou medidas significativas em rela\u00e7\u00e3o ao Bolsa Fam\u00edlia, resultando no corte de benef\u00edcios para cerca de 160 mil fam\u00edlias.\",\"breadcrumb\":{\"@id\":\"https:\/\/crusoe.audiencelabs.com.br\/governo-federal-passa-a-regua-e-corta-bolsa-familia-de-mais-de-150-mil-familias\/#breadcrumb\"},\"inLanguage\":\"pt-BR\",\"potentialAction\":[{\"@type\":\"ReadAction\",\"target\":[\"https:\/\/crusoe.audiencelabs.com.br\/governo-federal-passa-a-regua-e-corta-bolsa-familia-de-mais-de-150-mil-familias\/\"]}]},{\"@type\":\"ImageObject\",\"inLanguage\":\"pt-BR\",\"@id\":\"https:\/\/crusoe.audiencelabs.com.br\/governo-federal-passa-a-regua-e-corta-bolsa-familia-de-mais-de-150-mil-familias\/#primaryimage\",\"url\":\"https:\/\/cdn.crusoe.com.br\/uploads\/2025\/11\/Quem-tem-direito-ao-Bolsa-Familia-e1747855358553.webp\",\"contentUrl\":\"https:\/\/cdn.crusoe.com.br\/uploads\/2025\/11\/Quem-tem-direito-ao-Bolsa-Familia-e1747855358553.webp\",\"width\":1146,\"height\":800,\"caption\":\"Foto: Info Money\"},{\"@type\":\"BreadcrumbList\",\"@id\":\"https:\/\/crusoe.audiencelabs.com.br\/governo-federal-passa-a-regua-e-corta-bolsa-familia-de-mais-de-150-mil-familias\/#breadcrumb\",\"itemListElement\":[{\"@type\":\"ListItem\",\"position\":1,\"name\":\"Home\",\"item\":\"https:\/\/crusoe.audiencelabs.com.br\/\"},{\"@type\":\"ListItem\",\"position\":2,\"name\":\"Governo federal passa a r\u00e9gua e corta Bolsa Fam\u00edlia de mais de 150 mil fam\u00edlias\"}]},{\"@type\":\"WebSite\",\"@id\":\"https:\/\/crusoe.audiencelabs.com.br\/#website\",\"url\":\"https:\/\/crusoe.audiencelabs.com.br\/\",\"name\":\"Variedades - Cruso\u00e9\",\"description\":\"\",\"potentialAction\":[{\"@type\":\"SearchAction\",\"target\":{\"@type\":\"EntryPoint\",\"urlTemplate\":\"https:\/\/crusoe.audiencelabs.com.br\/?s={search_term_string}\"},\"query-input\":{\"@type\":\"PropertyValueSpecification\",\"valueRequired\":true,\"valueName\":\"search_term_string\"}}],\"inLanguage\":\"pt-BR\"},{\"@type\":\"Person\",\"@id\":\"https:\/\/crusoe.audiencelabs.com.br\/#\/schema\/person\/f87f73cfe89e5360de2c006bd4bd6a74\",\"name\":\"Milena Armando\",\"image\":{\"@type\":\"ImageObject\",\"inLanguage\":\"pt-BR\",\"@id\":\"https:\/\/crusoe.audiencelabs.com.br\/#\/schema\/person\/image\/\",\"url\":\"https:\/\/secure.gravatar.com\/avatar\/ea14ecddc9e9d202b698b18f9f69e09c9fd74cfbed5c6008d55f11faefdbdab7?s=96&d=mm&r=g\",\"contentUrl\":\"https:\/\/secure.gravatar.com\/avatar\/ea14ecddc9e9d202b698b18f9f69e09c9fd74cfbed5c6008d55f11faefdbdab7?s=96&d=mm&r=g\",\"caption\":\"Milena Armando\"},\"description\":\"Jornalista, redatora e revisora.\",\"url\":\"https:\/\/crusoe.audiencelabs.com.br\/author\/milena\/\"}]}<\/script>\n<!-- \/ Yoast SEO plugin. -->","yoast_head_json":{"title":"Governo federal passa a r\u00e9gua e corta Bolsa Fam\u00edlia de mais de 150 mil fam\u00edlias","description":"O governo federal tomou medidas significativas em rela\u00e7\u00e3o ao Bolsa Fam\u00edlia, resultando no corte de benef\u00edcios para cerca de 160 mil fam\u00edlias.","robots":{"index":"index","follow":"follow","max-snippet":"max-snippet:-1","max-image-preview":"max-image-preview:large","max-video-preview":"max-video-preview:-1"},"canonical":"https:\/\/crusoe.audiencelabs.com.br\/governo-federal-passa-a-regua-e-corta-bolsa-familia-de-mais-de-150-mil-familias\/","og_locale":"pt_BR","og_type":"article","og_title":"Governo federal passa a r\u00e9gua e corta Bolsa Fam\u00edlia de mais de 150 mil fam\u00edlias","og_description":"O governo federal tomou medidas significativas em rela\u00e7\u00e3o ao Bolsa Fam\u00edlia, resultando no corte de benef\u00edcios para cerca de 160 mil fam\u00edlias.","og_url":"https:\/\/crusoe.audiencelabs.com.br\/governo-federal-passa-a-regua-e-corta-bolsa-familia-de-mais-de-150-mil-familias\/","og_site_name":"Variedades - Cruso\u00e9","article_published_time":"2025-11-19T18:30:00+00:00","article_modified_time":"2025-11-19T18:36:16+00:00","og_image":[{"width":1146,"height":800,"url":"https:\/\/cdn.crusoe.com.br\/uploads\/2025\/11\/Quem-tem-direito-ao-Bolsa-Familia-e1747855358553.webp","type":"image\/webp"}],"author":"Milena Armando","twitter_card":"summary_large_image","twitter_misc":{"Escrito por":"Milena Armando","Est. tempo de leitura":"2 minutos"},"schema":{"@context":"https:\/\/schema.org","@graph":[{"@type":"WebPage","@id":"https:\/\/crusoe.audiencelabs.com.br\/governo-federal-passa-a-regua-e-corta-bolsa-familia-de-mais-de-150-mil-familias\/","url":"https:\/\/crusoe.audiencelabs.com.br\/governo-federal-passa-a-regua-e-corta-bolsa-familia-de-mais-de-150-mil-familias\/","name":"Governo federal passa a r\u00e9gua e corta Bolsa Fam\u00edlia de mais de 150 mil fam\u00edlias","isPartOf":{"@id":"https:\/\/crusoe.audiencelabs.com.br\/#website"},"primaryImageOfPage":{"@id":"https:\/\/crusoe.audiencelabs.com.br\/governo-federal-passa-a-regua-e-corta-bolsa-familia-de-mais-de-150-mil-familias\/#primaryimage"},"image":{"@id":"https:\/\/crusoe.audiencelabs.com.br\/governo-federal-passa-a-regua-e-corta-bolsa-familia-de-mais-de-150-mil-familias\/#primaryimage"},"thumbnailUrl":"https:\/\/cdn.crusoe.com.br\/uploads\/2025\/11\/Quem-tem-direito-ao-Bolsa-Familia-e1747855358553.webp","datePublished":"2025-11-19T18:30:00+00:00","dateModified":"2025-11-19T18:36:16+00:00","author":{"@id":"https:\/\/crusoe.audiencelabs.com.br\/#\/schema\/person\/f87f73cfe89e5360de2c006bd4bd6a74"},"description":"O governo federal tomou medidas significativas em rela\u00e7\u00e3o ao Bolsa Fam\u00edlia, resultando no corte de benef\u00edcios para cerca de 160 mil fam\u00edlias.","breadcrumb":{"@id":"https:\/\/crusoe.audiencelabs.com.br\/governo-federal-passa-a-regua-e-corta-bolsa-familia-de-mais-de-150-mil-familias\/#breadcrumb"},"inLanguage":"pt-BR","potentialAction":[{"@type":"ReadAction","target":["https:\/\/crusoe.audiencelabs.com.br\/governo-federal-passa-a-regua-e-corta-bolsa-familia-de-mais-de-150-mil-familias\/"]}]},{"@type":"ImageObject","inLanguage":"pt-BR","@id":"https:\/\/crusoe.audiencelabs.com.br\/governo-federal-passa-a-regua-e-corta-bolsa-familia-de-mais-de-150-mil-familias\/#primaryimage","url":"https:\/\/cdn.crusoe.com.br\/uploads\/2025\/11\/Quem-tem-direito-ao-Bolsa-Familia-e1747855358553.webp","contentUrl":"https:\/\/cdn.crusoe.com.br\/uploads\/2025\/11\/Quem-tem-direito-ao-Bolsa-Familia-e1747855358553.webp","width":1146,"height":800,"caption":"Foto: Info Money"},{"@type":"BreadcrumbList","@id":"https:\/\/crusoe.audiencelabs.com.br\/governo-federal-passa-a-regua-e-corta-bolsa-familia-de-mais-de-150-mil-familias\/#breadcrumb","itemListElement":[{"@type":"ListItem","position":1,"name":"Home","item":"https:\/\/crusoe.audiencelabs.com.br\/"},{"@type":"ListItem","position":2,"name":"Governo federal passa a r\u00e9gua e corta Bolsa Fam\u00edlia de mais de 150 mil fam\u00edlias"}]},{"@type":"WebSite","@id":"https:\/\/crusoe.audiencelabs.com.br\/#website","url":"https:\/\/crusoe.audiencelabs.com.br\/","name":"Variedades - Cruso\u00e9","description":"","potentialAction":[{"@type":"SearchAction","target":{"@type":"EntryPoint","urlTemplate":"https:\/\/crusoe.audiencelabs.com.br\/?s={search_term_string}"},"query-input":{"@type":"PropertyValueSpecification","valueRequired":true,"valueName":"search_term_string"}}],"inLanguage":"pt-BR"},{"@type":"Person","@id":"https:\/\/crusoe.audiencelabs.com.br\/#\/schema\/person\/f87f73cfe89e5360de2c006bd4bd6a74","name":"Milena Armando","image":{"@type":"ImageObject","inLanguage":"pt-BR","@id":"https:\/\/crusoe.audiencelabs.com.br\/#\/schema\/person\/image\/","url":"https:\/\/secure.gravatar.com\/avatar\/ea14ecddc9e9d202b698b18f9f69e09c9fd74cfbed5c6008d55f11faefdbdab7?s=96&d=mm&r=g","contentUrl":"https:\/\/secure.gravatar.com\/avatar\/ea14ecddc9e9d202b698b18f9f69e09c9fd74cfbed5c6008d55f11faefdbdab7?s=96&d=mm&r=g","caption":"Milena Armando"},"description":"Jornalista, redatora e revisora.","url":"https:\/\/crusoe.audiencelabs.com.br\/author\/milena\/"}]}},"_links":{"self":[{"href":"https:\/\/crusoe.audiencelabs.com.br\/wp-json\/wp\/v2\/posts\/23405","targetHints":{"allow":["GET"]}}],"collection":[{"href":"https:\/\/crusoe.audiencelabs.com.br\/wp-json\/wp\/v2\/posts"}],"about":[{"href":"https:\/\/crusoe.audiencelabs.com.br\/wp-json\/wp\/v2\/types\/post"}],"author":[{"embeddable":true,"href":"https:\/\/crusoe.audiencelabs.com.br\/wp-json\/wp\/v2\/users\/5"}],"replies":[{"embeddable":true,"href":"https:\/\/crusoe.audiencelabs.com.br\/wp-json\/wp\/v2\/comments?post=23405"}],"version-history":[{"count":2,"href":"https:\/\/crusoe.audiencelabs.com.br\/wp-json\/wp\/v2\/posts\/23405\/revisions"}],"predecessor-version":[{"id":23411,"href":"https:\/\/crusoe.audiencelabs.com.br\/wp-json\/wp\/v2\/posts\/23405\/revisions\/23411"}],"wp:featuredmedia":[{"embeddable":true,"href":"https:\/\/crusoe.audiencelabs.com.br\/wp-json\/wp\/v2\/media\/23406"}],"wp:attachment":[{"href":"https:\/\/crusoe.audiencelabs.com.br\/wp-json\/wp\/v2\/media?parent=23405"}],"wp:term":[{"taxonomy":"category","embeddable":true,"href":"https:\/\/crusoe.audiencelabs.com.br\/wp-json\/wp\/v2\/categories?post=23405"},{"taxonomy":"post_tag","embeddable":true,"href":"https:\/\/crusoe.audiencelabs.com.br\/wp-json\/wp\/v2\/tags?post=23405"}],"curies":[{"name":"wp","href":"https:\/\/api.w.org\/{rel}","templated":true}]}}