{"id":23383,"date":"2025-12-30T14:00:00","date_gmt":"2025-12-30T17:00:00","guid":{"rendered":"https:\/\/crusoe.audiencelabs.com.br\/?p=23383"},"modified":"2025-12-30T14:07:08","modified_gmt":"2025-12-30T17:07:08","slug":"quem-vai-ter-direito-ao-bolsa-familia-em-2026","status":"publish","type":"post","link":"https:\/\/crusoe.audiencelabs.com.br\/quem-vai-ter-direito-ao-bolsa-familia-em-2026\/","title":{"rendered":"Quem vai ter direito ao Bolsa Fam\u00edlia em 2026?"},"content":{"rendered":"\n<p>A partir de 2026, os crit\u00e9rios para receber o <strong>Bolsa Fam\u00edlia<\/strong> continuam rigorosos e estruturados, segundo o Minist\u00e9rio do Desenvolvimento e Assist\u00eancia Social (MDS).\u00a0<\/p>\n\n\n\n<p>Administrado pelo MDS em parceria com a Caixa Econ\u00f4mica, o programa continuar\u00e1 essencial no pr\u00f3ximo ano para milh\u00f5es de fam\u00edlias em situa\u00e7\u00e3o de vulnerabilidade social. <\/p>\n\n\n\n<p>Aqui est\u00e1 um panorama de<strong> quem tem direito direito ao Bolsa Fam\u00edlia em 2026<\/strong>:<\/p>\n\n\n\n<h3 class=\"wp-block-heading\">Crit\u00e9rio de renda per capita<\/h3>\n\n\n\n<p>A renda m\u00e9dia por pessoa na fam\u00edlia (renda per capita) precisa ser de <strong>at\u00e9 R$ 218 por m\u00eas <\/strong>para a elegibilidade. Esse limite garante que o benef\u00edcio seja direcionado a fam\u00edlias em situa\u00e7\u00e3o de pobreza ou vulnerabilidade social.<\/p>\n\n\n\n<h3 class=\"wp-block-heading\">Cadastro no Cadastro \u00danico <\/h3>\n\n\n\n<p>\u00c9 necess\u00e1rio que a fam\u00edlia esteja<strong> inscrita e com dados atualizados no Cadastro \u00danico<\/strong>. Manter o cadastro em dia \u00e9 importante para que o governo verifique se a fam\u00edlia ainda preenche os requisitos.<\/p>\n\n\n\n<h3 class=\"wp-block-heading\">Condicionalidades sociais<\/h3>\n\n\n\n<ul class=\"wp-block-list\">\n<li><strong>Crian\u00e7as e adolescentes: <\/strong>\u00e9 exigida frequ\u00eancia escolar, para garantir a perman\u00eancia na escola;<\/li>\n\n\n\n<li><strong>Sa\u00fade<\/strong>: para gestantes e crian\u00e7as pequenas, h\u00e1 condicionalidades como acompanhamento pr\u00e9-natal, vacina\u00e7\u00e3o em dia e monitoramento nutricional.&nbsp;<\/li>\n<\/ul>\n\n\n\n<h2 class=\"wp-block-heading\">Regra de Prote\u00e7\u00e3o<\/h2>\n\n\n\n<p>Para fam\u00edlias que t\u00eam um aumento de renda acima do limite de entrada, existe a <strong>Regra de Prote\u00e7\u00e3o<\/strong>: essas fam\u00edlias podem continuar recebendo 50% do benef\u00edcio, desde que a renda per capita n\u00e3o ultrapasse R$ 706 por pessoa.<\/p>\n\n\n\n<p>A perman\u00eancia nessa condi\u00e7\u00e3o depende do tipo de renda da fam\u00edlia:<\/p>\n\n\n\n<ul class=\"wp-block-list\">\n<li>Se a renda for est\u00e1vel (por exemplo, aposentadoria, pens\u00e3o, BPC), a fam\u00edlia pode permanecer por at\u00e9 2 meses com 50% do benef\u00edcio;<\/li>\n\n\n\n<li>Se a renda for inst\u00e1vel (proveniente de trabalho, por exemplo), esse prazo pode ser de 12 meses.<\/li>\n<\/ul>\n\n\n\n<p>Al\u00e9m disso, h\u00e1 o <strong>Retorno Garantido<\/strong>: se a fam\u00edlia foi desligada por ter ultrapassado os limites, ela tem prioridade para voltar ao programa dentro de 36 meses caso volte \u00e0 situa\u00e7\u00e3o de pobreza (ou seja, renda per capita volte para at\u00e9 R$ 218).<\/p>\n\n\n\n<h2 class=\"wp-block-heading\">Valor do Bolsa Fam\u00edlia em 2026<\/h2>\n\n\n\n<p>O benef\u00edcio m\u00ednimo garantido por fam\u00edlia <strong>permanece R$ 600 mensais<\/strong>. H\u00e1 adicionais dependendo da composi\u00e7\u00e3o familiar:<\/p>\n\n\n\n<ul class=\"wp-block-list\">\n<li>R$ 150 para cada crian\u00e7a de 0 a 6 anos;<\/li>\n\n\n\n<li>R$ 50 para cada crian\u00e7a ou adolescente de 7 a 18 anos, gestante ou nutriz (quem amamenta).<\/li>\n<\/ul>\n\n\n\n<p>Tamb\u00e9m existe uma renda m\u00ednima por pessoa de R$ 142, que pode compor parte do benef\u00edcio para garantir esse m\u00ednimo de R$ 600 para a fam\u00edlia.<br><br><\/p>\n","protected":false},"excerpt":{"rendered":"<p>A partir de 2026, os crit\u00e9rios para receber o Bolsa Fam\u00edlia continuam rigorosos e estruturados, segundo o Minist\u00e9rio do Desenvolvimento e Assist\u00eancia Social (MDS).\u00a0 Administrado pelo MDS em parceria com a Caixa Econ\u00f4mica, o programa continuar\u00e1 essencial no pr\u00f3ximo ano para milh\u00f5es de fam\u00edlias em situa\u00e7\u00e3o de vulnerabilidade social. Aqui est\u00e1 um panorama de quem [&hellip;]<\/p>\n","protected":false},"author":5,"featured_media":23384,"comment_status":"open","ping_status":"open","sticky":false,"template":"","format":"standard","meta":{"jnews-multi-image_gallery":[],"jnews_single_post":{"format":"standard"},"jnews_primary_category":[],"jnews_override_counter":[],"jnews_post_split":[],"footnotes":""},"categories":[1],"tags":[4304],"class_list":["post-23383","post","type-post","status-publish","format-standard","has-post-thumbnail","hentry","category-geral","tag-bolsa-familia-2026"],"yoast_head":"<!-- This site is optimized with the Yoast SEO plugin v25.0 - https:\/\/yoast.com\/wordpress\/plugins\/seo\/ -->\n<title>Quem vai ter direito ao Bolsa Fam\u00edlia em 2026?<\/title>\n<meta name=\"robots\" content=\"index, follow, max-snippet:-1, max-image-preview:large, max-video-preview:-1\" \/>\n<link rel=\"canonical\" href=\"https:\/\/crusoe.audiencelabs.com.br\/quem-vai-ter-direito-ao-bolsa-familia-em-2026\/\" \/>\n<meta property=\"og:locale\" content=\"pt_BR\" \/>\n<meta property=\"og:type\" content=\"article\" \/>\n<meta property=\"og:title\" content=\"Quem vai ter direito ao Bolsa Fam\u00edlia em 2026?\" \/>\n<meta property=\"og:description\" content=\"A partir de 2026, os crit\u00e9rios para receber o Bolsa Fam\u00edlia continuam rigorosos e estruturados, segundo o Minist\u00e9rio do Desenvolvimento e Assist\u00eancia Social (MDS).\u00a0 Administrado pelo MDS em parceria com a Caixa Econ\u00f4mica, o programa continuar\u00e1 essencial no pr\u00f3ximo ano para milh\u00f5es de fam\u00edlias em situa\u00e7\u00e3o de vulnerabilidade social. Aqui est\u00e1 um panorama de quem [&hellip;]\" \/>\n<meta property=\"og:url\" content=\"https:\/\/crusoe.audiencelabs.com.br\/quem-vai-ter-direito-ao-bolsa-familia-em-2026\/\" \/>\n<meta property=\"og:site_name\" content=\"Variedades - Cruso\u00e9\" \/>\n<meta property=\"article:published_time\" content=\"2025-12-30T17:00:00+00:00\" \/>\n<meta property=\"article:modified_time\" content=\"2025-12-30T17:07:08+00:00\" \/>\n<meta property=\"og:image\" content=\"https:\/\/cdn.crusoe.com.br\/uploads\/2025\/11\/16956499176511907d48b95_1695649917_3x2_md.jpg\" \/>\n\t<meta property=\"og:image:width\" content=\"768\" \/>\n\t<meta property=\"og:image:height\" content=\"512\" \/>\n\t<meta property=\"og:image:type\" content=\"image\/jpeg\" \/>\n<meta name=\"author\" content=\"Milena Armando\" \/>\n<meta name=\"twitter:card\" content=\"summary_large_image\" \/>\n<meta name=\"twitter:label1\" content=\"Escrito por\" \/>\n\t<meta name=\"twitter:data1\" content=\"Milena Armando\" \/>\n\t<meta name=\"twitter:label2\" content=\"Est. tempo de leitura\" \/>\n\t<meta name=\"twitter:data2\" content=\"3 minutos\" \/>\n<script type=\"application\/ld+json\" class=\"yoast-schema-graph\">{\"@context\":\"https:\/\/schema.org\",\"@graph\":[{\"@type\":\"WebPage\",\"@id\":\"https:\/\/crusoe.audiencelabs.com.br\/quem-vai-ter-direito-ao-bolsa-familia-em-2026\/\",\"url\":\"https:\/\/crusoe.audiencelabs.com.br\/quem-vai-ter-direito-ao-bolsa-familia-em-2026\/\",\"name\":\"Quem vai ter direito ao Bolsa Fam\u00edlia em 2026?\",\"isPartOf\":{\"@id\":\"https:\/\/crusoe.audiencelabs.com.br\/#website\"},\"primaryImageOfPage\":{\"@id\":\"https:\/\/crusoe.audiencelabs.com.br\/quem-vai-ter-direito-ao-bolsa-familia-em-2026\/#primaryimage\"},\"image\":{\"@id\":\"https:\/\/crusoe.audiencelabs.com.br\/quem-vai-ter-direito-ao-bolsa-familia-em-2026\/#primaryimage\"},\"thumbnailUrl\":\"https:\/\/cdn.crusoe.com.br\/uploads\/2025\/11\/16956499176511907d48b95_1695649917_3x2_md.jpg\",\"datePublished\":\"2025-12-30T17:00:00+00:00\",\"dateModified\":\"2025-12-30T17:07:08+00:00\",\"author\":{\"@id\":\"https:\/\/crusoe.audiencelabs.com.br\/#\/schema\/person\/f87f73cfe89e5360de2c006bd4bd6a74\"},\"breadcrumb\":{\"@id\":\"https:\/\/crusoe.audiencelabs.com.br\/quem-vai-ter-direito-ao-bolsa-familia-em-2026\/#breadcrumb\"},\"inLanguage\":\"pt-BR\",\"potentialAction\":[{\"@type\":\"ReadAction\",\"target\":[\"https:\/\/crusoe.audiencelabs.com.br\/quem-vai-ter-direito-ao-bolsa-familia-em-2026\/\"]}]},{\"@type\":\"ImageObject\",\"inLanguage\":\"pt-BR\",\"@id\":\"https:\/\/crusoe.audiencelabs.com.br\/quem-vai-ter-direito-ao-bolsa-familia-em-2026\/#primaryimage\",\"url\":\"https:\/\/cdn.crusoe.com.br\/uploads\/2025\/11\/16956499176511907d48b95_1695649917_3x2_md.jpg\",\"contentUrl\":\"https:\/\/cdn.crusoe.com.br\/uploads\/2025\/11\/16956499176511907d48b95_1695649917_3x2_md.jpg\",\"width\":768,\"height\":512,\"caption\":\"Foto: Folha UOL\"},{\"@type\":\"BreadcrumbList\",\"@id\":\"https:\/\/crusoe.audiencelabs.com.br\/quem-vai-ter-direito-ao-bolsa-familia-em-2026\/#breadcrumb\",\"itemListElement\":[{\"@type\":\"ListItem\",\"position\":1,\"name\":\"Home\",\"item\":\"https:\/\/crusoe.audiencelabs.com.br\/\"},{\"@type\":\"ListItem\",\"position\":2,\"name\":\"Quem vai ter direito ao Bolsa Fam\u00edlia em 2026?\"}]},{\"@type\":\"WebSite\",\"@id\":\"https:\/\/crusoe.audiencelabs.com.br\/#website\",\"url\":\"https:\/\/crusoe.audiencelabs.com.br\/\",\"name\":\"Variedades - Cruso\u00e9\",\"description\":\"\",\"potentialAction\":[{\"@type\":\"SearchAction\",\"target\":{\"@type\":\"EntryPoint\",\"urlTemplate\":\"https:\/\/crusoe.audiencelabs.com.br\/?s={search_term_string}\"},\"query-input\":{\"@type\":\"PropertyValueSpecification\",\"valueRequired\":true,\"valueName\":\"search_term_string\"}}],\"inLanguage\":\"pt-BR\"},{\"@type\":\"Person\",\"@id\":\"https:\/\/crusoe.audiencelabs.com.br\/#\/schema\/person\/f87f73cfe89e5360de2c006bd4bd6a74\",\"name\":\"Milena Armando\",\"image\":{\"@type\":\"ImageObject\",\"inLanguage\":\"pt-BR\",\"@id\":\"https:\/\/crusoe.audiencelabs.com.br\/#\/schema\/person\/image\/\",\"url\":\"https:\/\/secure.gravatar.com\/avatar\/ea14ecddc9e9d202b698b18f9f69e09c9fd74cfbed5c6008d55f11faefdbdab7?s=96&d=mm&r=g\",\"contentUrl\":\"https:\/\/secure.gravatar.com\/avatar\/ea14ecddc9e9d202b698b18f9f69e09c9fd74cfbed5c6008d55f11faefdbdab7?s=96&d=mm&r=g\",\"caption\":\"Milena Armando\"},\"description\":\"Jornalista, redatora e revisora.\",\"url\":\"https:\/\/crusoe.audiencelabs.com.br\/author\/milena\/\"}]}<\/script>\n<!-- \/ Yoast SEO plugin. -->","yoast_head_json":{"title":"Quem vai ter direito ao Bolsa Fam\u00edlia em 2026?","robots":{"index":"index","follow":"follow","max-snippet":"max-snippet:-1","max-image-preview":"max-image-preview:large","max-video-preview":"max-video-preview:-1"},"canonical":"https:\/\/crusoe.audiencelabs.com.br\/quem-vai-ter-direito-ao-bolsa-familia-em-2026\/","og_locale":"pt_BR","og_type":"article","og_title":"Quem vai ter direito ao Bolsa Fam\u00edlia em 2026?","og_description":"A partir de 2026, os crit\u00e9rios para receber o Bolsa Fam\u00edlia continuam rigorosos e estruturados, segundo o Minist\u00e9rio do Desenvolvimento e Assist\u00eancia Social (MDS).\u00a0 Administrado pelo MDS em parceria com a Caixa Econ\u00f4mica, o programa continuar\u00e1 essencial no pr\u00f3ximo ano para milh\u00f5es de fam\u00edlias em situa\u00e7\u00e3o de vulnerabilidade social. Aqui est\u00e1 um panorama de quem [&hellip;]","og_url":"https:\/\/crusoe.audiencelabs.com.br\/quem-vai-ter-direito-ao-bolsa-familia-em-2026\/","og_site_name":"Variedades - Cruso\u00e9","article_published_time":"2025-12-30T17:00:00+00:00","article_modified_time":"2025-12-30T17:07:08+00:00","og_image":[{"width":768,"height":512,"url":"https:\/\/cdn.crusoe.com.br\/uploads\/2025\/11\/16956499176511907d48b95_1695649917_3x2_md.jpg","type":"image\/jpeg"}],"author":"Milena Armando","twitter_card":"summary_large_image","twitter_misc":{"Escrito por":"Milena Armando","Est. tempo de leitura":"3 minutos"},"schema":{"@context":"https:\/\/schema.org","@graph":[{"@type":"WebPage","@id":"https:\/\/crusoe.audiencelabs.com.br\/quem-vai-ter-direito-ao-bolsa-familia-em-2026\/","url":"https:\/\/crusoe.audiencelabs.com.br\/quem-vai-ter-direito-ao-bolsa-familia-em-2026\/","name":"Quem vai ter direito ao Bolsa Fam\u00edlia em 2026?","isPartOf":{"@id":"https:\/\/crusoe.audiencelabs.com.br\/#website"},"primaryImageOfPage":{"@id":"https:\/\/crusoe.audiencelabs.com.br\/quem-vai-ter-direito-ao-bolsa-familia-em-2026\/#primaryimage"},"image":{"@id":"https:\/\/crusoe.audiencelabs.com.br\/quem-vai-ter-direito-ao-bolsa-familia-em-2026\/#primaryimage"},"thumbnailUrl":"https:\/\/cdn.crusoe.com.br\/uploads\/2025\/11\/16956499176511907d48b95_1695649917_3x2_md.jpg","datePublished":"2025-12-30T17:00:00+00:00","dateModified":"2025-12-30T17:07:08+00:00","author":{"@id":"https:\/\/crusoe.audiencelabs.com.br\/#\/schema\/person\/f87f73cfe89e5360de2c006bd4bd6a74"},"breadcrumb":{"@id":"https:\/\/crusoe.audiencelabs.com.br\/quem-vai-ter-direito-ao-bolsa-familia-em-2026\/#breadcrumb"},"inLanguage":"pt-BR","potentialAction":[{"@type":"ReadAction","target":["https:\/\/crusoe.audiencelabs.com.br\/quem-vai-ter-direito-ao-bolsa-familia-em-2026\/"]}]},{"@type":"ImageObject","inLanguage":"pt-BR","@id":"https:\/\/crusoe.audiencelabs.com.br\/quem-vai-ter-direito-ao-bolsa-familia-em-2026\/#primaryimage","url":"https:\/\/cdn.crusoe.com.br\/uploads\/2025\/11\/16956499176511907d48b95_1695649917_3x2_md.jpg","contentUrl":"https:\/\/cdn.crusoe.com.br\/uploads\/2025\/11\/16956499176511907d48b95_1695649917_3x2_md.jpg","width":768,"height":512,"caption":"Foto: Folha UOL"},{"@type":"BreadcrumbList","@id":"https:\/\/crusoe.audiencelabs.com.br\/quem-vai-ter-direito-ao-bolsa-familia-em-2026\/#breadcrumb","itemListElement":[{"@type":"ListItem","position":1,"name":"Home","item":"https:\/\/crusoe.audiencelabs.com.br\/"},{"@type":"ListItem","position":2,"name":"Quem vai ter direito ao Bolsa Fam\u00edlia em 2026?"}]},{"@type":"WebSite","@id":"https:\/\/crusoe.audiencelabs.com.br\/#website","url":"https:\/\/crusoe.audiencelabs.com.br\/","name":"Variedades - Cruso\u00e9","description":"","potentialAction":[{"@type":"SearchAction","target":{"@type":"EntryPoint","urlTemplate":"https:\/\/crusoe.audiencelabs.com.br\/?s={search_term_string}"},"query-input":{"@type":"PropertyValueSpecification","valueRequired":true,"valueName":"search_term_string"}}],"inLanguage":"pt-BR"},{"@type":"Person","@id":"https:\/\/crusoe.audiencelabs.com.br\/#\/schema\/person\/f87f73cfe89e5360de2c006bd4bd6a74","name":"Milena Armando","image":{"@type":"ImageObject","inLanguage":"pt-BR","@id":"https:\/\/crusoe.audiencelabs.com.br\/#\/schema\/person\/image\/","url":"https:\/\/secure.gravatar.com\/avatar\/ea14ecddc9e9d202b698b18f9f69e09c9fd74cfbed5c6008d55f11faefdbdab7?s=96&d=mm&r=g","contentUrl":"https:\/\/secure.gravatar.com\/avatar\/ea14ecddc9e9d202b698b18f9f69e09c9fd74cfbed5c6008d55f11faefdbdab7?s=96&d=mm&r=g","caption":"Milena Armando"},"description":"Jornalista, redatora e revisora.","url":"https:\/\/crusoe.audiencelabs.com.br\/author\/milena\/"}]}},"_links":{"self":[{"href":"https:\/\/crusoe.audiencelabs.com.br\/wp-json\/wp\/v2\/posts\/23383","targetHints":{"allow":["GET"]}}],"collection":[{"href":"https:\/\/crusoe.audiencelabs.com.br\/wp-json\/wp\/v2\/posts"}],"about":[{"href":"https:\/\/crusoe.audiencelabs.com.br\/wp-json\/wp\/v2\/types\/post"}],"author":[{"embeddable":true,"href":"https:\/\/crusoe.audiencelabs.com.br\/wp-json\/wp\/v2\/users\/5"}],"replies":[{"embeddable":true,"href":"https:\/\/crusoe.audiencelabs.com.br\/wp-json\/wp\/v2\/comments?post=23383"}],"version-history":[{"count":2,"href":"https:\/\/crusoe.audiencelabs.com.br\/wp-json\/wp\/v2\/posts\/23383\/revisions"}],"predecessor-version":[{"id":23800,"href":"https:\/\/crusoe.audiencelabs.com.br\/wp-json\/wp\/v2\/posts\/23383\/revisions\/23800"}],"wp:featuredmedia":[{"embeddable":true,"href":"https:\/\/crusoe.audiencelabs.com.br\/wp-json\/wp\/v2\/media\/23384"}],"wp:attachment":[{"href":"https:\/\/crusoe.audiencelabs.com.br\/wp-json\/wp\/v2\/media?parent=23383"}],"wp:term":[{"taxonomy":"category","embeddable":true,"href":"https:\/\/crusoe.audiencelabs.com.br\/wp-json\/wp\/v2\/categories?post=23383"},{"taxonomy":"post_tag","embeddable":true,"href":"https:\/\/crusoe.audiencelabs.com.br\/wp-json\/wp\/v2\/tags?post=23383"}],"curies":[{"name":"wp","href":"https:\/\/api.w.org\/{rel}","templated":true}]}}