{"id":2338,"date":"2025-06-13T16:24:16","date_gmt":"2025-06-13T19:24:16","guid":{"rendered":"https:\/\/crusoe.com.br\/variedades\/?p=2338"},"modified":"2025-06-13T16:24:17","modified_gmt":"2025-06-13T19:24:17","slug":"instagram-impoe-restricoes-duras-para-menores-de-16-anos","status":"publish","type":"post","link":"https:\/\/crusoe.audiencelabs.com.br\/instagram-impoe-restricoes-duras-para-menores-de-16-anos\/","title":{"rendered":"Instagram imp\u00f5e restri\u00e7\u00f5es duras para menores de 16 anos"},"content":{"rendered":"\n<p>Nesta quarta-feira (11), a classifica\u00e7\u00e3o indicativa do <strong>Instagram<\/strong>, a rede social da Meta, foi oficialmente alterada no Brasil pelo Minist\u00e9rio da Justi\u00e7a.<\/p>\n\n\n\n<p>A partir desta decis\u00e3o, a restri\u00e7\u00e3o de acesso j\u00e1 aparecer\u00e1 nas lojas de aplicativos, como a Play Store, do Android, e a App Store, da Apple, indicando a nova classifica\u00e7\u00e3o da plataforma.<\/p>\n\n\n\n<p>De acordo com o MJ, a altera\u00e7\u00e3o tem como objetivo proteger crian\u00e7as e adolescentes da exposi\u00e7\u00e3o a conte\u00fados sens\u00edveis, avaliados conforme os crit\u00e9rios do Guia Pr\u00e1tico de Audiovisual, que orienta a classifica\u00e7\u00e3o indicativa no pa\u00eds (via Seu Cr\u00e9dito Digital).<\/p>\n\n\n\n<p>Atrav\u00e9s de uma an\u00e1lise na rede social, o \u00f3rg\u00e3o identificou a presen\u00e7a de elementos como drogas il\u00edcitas, viol\u00eancia extrema e material sexual expl\u00edcito, que podem prejudicar o desenvolvimento dos jovens.<\/p>\n\n\n\n<p>Segundo a secret\u00e1ria de Direito Digital do Minist\u00e9rio da Justi\u00e7a, L\u00edlian Cintra de Melo, a medida pretende n\u00e3o s\u00f3 ampliar a seguran\u00e7a nas redes sociais para crian\u00e7as e adolescentes, mas tamb\u00e9m refor\u00e7ar o controle parental na media\u00e7\u00e3o do acesso.<\/p>\n\n\n\n<h2 class=\"wp-block-heading\">Meta discorda do aumento de classifica\u00e7\u00e3o indicativa do Instagram<\/h2>\n\n\n\n<p>Em nota, a Meta sinalizou que pode recorrer da decis\u00e3o, pois a a metodologia adotada pelo Minist\u00e9rio da Justi\u00e7a supostamente desconsidera os esfor\u00e7os da pr\u00f3pria empresa para proteger jovens que utilizem o Instagram.<\/p>\n\n\n\n<p>Algumas das ferramentas da plataforma incluem<strong> filtros de conte\u00fado, restri\u00e7\u00e3o de mensagens diretas e controles parentais oferecidos pelo pr\u00f3prio Instagram<\/strong>.<\/p>\n\n\n\n<p>Ainda n\u00e3o se sabe quando a Meta pretende apresentar o recurso, mas isso n\u00e3o garante que a decis\u00e3o do MJ seja alterada, levando em conta que a atualiza\u00e7\u00e3o acontece em um momento de intensifica\u00e7\u00e3o do debate sobre a seguran\u00e7a nas redes sociais no Brasil.<\/p>\n\n\n\n<p>Considerando que muitos especialistas em sa\u00fade mental e direito digital refor\u00e7am que a exposi\u00e7\u00e3o precoce a conte\u00fados violentos, er\u00f3ticos ou relacionados ao uso de drogas pode afetar profundamente o psicol\u00f3gico dos jovens, a medida parece ter uma base s\u00f3lida.<\/p>\n","protected":false},"excerpt":{"rendered":"<p>Nesta quarta-feira (11), a classifica\u00e7\u00e3o indicativa do Instagram, a rede social da Meta, foi oficialmente alterada no Brasil pelo Minist\u00e9rio da Justi\u00e7a. A partir desta decis\u00e3o, a restri\u00e7\u00e3o de acesso j\u00e1 aparecer\u00e1 nas lojas de aplicativos, como a Play Store, do Android, e a App Store, da Apple, indicando a nova classifica\u00e7\u00e3o da plataforma. De [&hellip;]<\/p>\n","protected":false},"author":7,"featured_media":2339,"comment_status":"open","ping_status":"open","sticky":false,"template":"","format":"standard","meta":{"jnews-multi-image_gallery":[],"jnews_single_post":{"format":"standard"},"jnews_primary_category":[],"jnews_override_counter":[],"jnews_post_split":[],"footnotes":""},"categories":[1],"tags":[],"class_list":["post-2338","post","type-post","status-publish","format-standard","has-post-thumbnail","hentry","category-geral"],"yoast_head":"<!-- This site is optimized with the Yoast SEO plugin v25.0 - https:\/\/yoast.com\/wordpress\/plugins\/seo\/ -->\n<title>Instagram imp\u00f5e restri\u00e7\u00f5es duras para menores de 16 anos<\/title>\n<meta name=\"robots\" content=\"index, follow, max-snippet:-1, max-image-preview:large, max-video-preview:-1\" \/>\n<link rel=\"canonical\" href=\"https:\/\/crusoe.audiencelabs.com.br\/instagram-impoe-restricoes-duras-para-menores-de-16-anos\/\" \/>\n<meta property=\"og:locale\" content=\"pt_BR\" \/>\n<meta property=\"og:type\" content=\"article\" \/>\n<meta property=\"og:title\" content=\"Instagram imp\u00f5e restri\u00e7\u00f5es duras para menores de 16 anos\" \/>\n<meta property=\"og:description\" content=\"Nesta quarta-feira (11), a classifica\u00e7\u00e3o indicativa do Instagram, a rede social da Meta, foi oficialmente alterada no Brasil pelo Minist\u00e9rio da Justi\u00e7a. A partir desta decis\u00e3o, a restri\u00e7\u00e3o de acesso j\u00e1 aparecer\u00e1 nas lojas de aplicativos, como a Play Store, do Android, e a App Store, da Apple, indicando a nova classifica\u00e7\u00e3o da plataforma. De [&hellip;]\" \/>\n<meta property=\"og:url\" content=\"https:\/\/crusoe.audiencelabs.com.br\/instagram-impoe-restricoes-duras-para-menores-de-16-anos\/\" \/>\n<meta property=\"og:site_name\" content=\"Variedades - Cruso\u00e9\" \/>\n<meta property=\"article:published_time\" content=\"2025-06-13T19:24:16+00:00\" \/>\n<meta property=\"article:modified_time\" content=\"2025-06-13T19:24:17+00:00\" \/>\n<meta property=\"og:image\" content=\"https:\/\/cdn.crusoe.com.br\/uploads\/2025\/06\/instagram-restricoes.jpg\" \/>\n\t<meta property=\"og:image:width\" content=\"1600\" \/>\n\t<meta property=\"og:image:height\" content=\"900\" \/>\n\t<meta property=\"og:image:type\" content=\"image\/jpeg\" \/>\n<meta name=\"author\" content=\"Jo\u00e3o Carlos Gomes\" \/>\n<meta name=\"twitter:card\" content=\"summary_large_image\" \/>\n<meta name=\"twitter:label1\" content=\"Escrito por\" \/>\n\t<meta name=\"twitter:data1\" content=\"Jo\u00e3o Carlos Gomes\" \/>\n\t<meta name=\"twitter:label2\" content=\"Est. tempo de leitura\" \/>\n\t<meta name=\"twitter:data2\" content=\"2 minutos\" \/>\n<script type=\"application\/ld+json\" class=\"yoast-schema-graph\">{\"@context\":\"https:\/\/schema.org\",\"@graph\":[{\"@type\":\"WebPage\",\"@id\":\"https:\/\/crusoe.audiencelabs.com.br\/instagram-impoe-restricoes-duras-para-menores-de-16-anos\/\",\"url\":\"https:\/\/crusoe.audiencelabs.com.br\/instagram-impoe-restricoes-duras-para-menores-de-16-anos\/\",\"name\":\"Instagram imp\u00f5e restri\u00e7\u00f5es duras para menores de 16 anos\",\"isPartOf\":{\"@id\":\"https:\/\/crusoe.audiencelabs.com.br\/#website\"},\"primaryImageOfPage\":{\"@id\":\"https:\/\/crusoe.audiencelabs.com.br\/instagram-impoe-restricoes-duras-para-menores-de-16-anos\/#primaryimage\"},\"image\":{\"@id\":\"https:\/\/crusoe.audiencelabs.com.br\/instagram-impoe-restricoes-duras-para-menores-de-16-anos\/#primaryimage\"},\"thumbnailUrl\":\"https:\/\/cdn.crusoe.com.br\/uploads\/2025\/06\/instagram-restricoes.jpg\",\"datePublished\":\"2025-06-13T19:24:16+00:00\",\"dateModified\":\"2025-06-13T19:24:17+00:00\",\"author\":{\"@id\":\"https:\/\/crusoe.audiencelabs.com.br\/#\/schema\/person\/4a23399b23149df2eab6637fd2fd2bfc\"},\"breadcrumb\":{\"@id\":\"https:\/\/crusoe.audiencelabs.com.br\/instagram-impoe-restricoes-duras-para-menores-de-16-anos\/#breadcrumb\"},\"inLanguage\":\"pt-BR\",\"potentialAction\":[{\"@type\":\"ReadAction\",\"target\":[\"https:\/\/crusoe.audiencelabs.com.br\/instagram-impoe-restricoes-duras-para-menores-de-16-anos\/\"]}]},{\"@type\":\"ImageObject\",\"inLanguage\":\"pt-BR\",\"@id\":\"https:\/\/crusoe.audiencelabs.com.br\/instagram-impoe-restricoes-duras-para-menores-de-16-anos\/#primaryimage\",\"url\":\"https:\/\/cdn.crusoe.com.br\/uploads\/2025\/06\/instagram-restricoes.jpg\",\"contentUrl\":\"https:\/\/cdn.crusoe.com.br\/uploads\/2025\/06\/instagram-restricoes.jpg\",\"width\":1600,\"height\":900,\"caption\":\"Foto: Solen Feyissa\/Unsplash\"},{\"@type\":\"BreadcrumbList\",\"@id\":\"https:\/\/crusoe.audiencelabs.com.br\/instagram-impoe-restricoes-duras-para-menores-de-16-anos\/#breadcrumb\",\"itemListElement\":[{\"@type\":\"ListItem\",\"position\":1,\"name\":\"Home\",\"item\":\"https:\/\/crusoe.audiencelabs.com.br\/\"},{\"@type\":\"ListItem\",\"position\":2,\"name\":\"Instagram imp\u00f5e restri\u00e7\u00f5es duras para menores de 16 anos\"}]},{\"@type\":\"WebSite\",\"@id\":\"https:\/\/crusoe.audiencelabs.com.br\/#website\",\"url\":\"https:\/\/crusoe.audiencelabs.com.br\/\",\"name\":\"Variedades - Cruso\u00e9\",\"description\":\"\",\"potentialAction\":[{\"@type\":\"SearchAction\",\"target\":{\"@type\":\"EntryPoint\",\"urlTemplate\":\"https:\/\/crusoe.audiencelabs.com.br\/?s={search_term_string}\"},\"query-input\":{\"@type\":\"PropertyValueSpecification\",\"valueRequired\":true,\"valueName\":\"search_term_string\"}}],\"inLanguage\":\"pt-BR\"},{\"@type\":\"Person\",\"@id\":\"https:\/\/crusoe.audiencelabs.com.br\/#\/schema\/person\/4a23399b23149df2eab6637fd2fd2bfc\",\"name\":\"Jo\u00e3o Carlos Gomes\",\"image\":{\"@type\":\"ImageObject\",\"inLanguage\":\"pt-BR\",\"@id\":\"https:\/\/crusoe.audiencelabs.com.br\/#\/schema\/person\/image\/\",\"url\":\"https:\/\/secure.gravatar.com\/avatar\/4ce4672dbdd694b329cd6fdb51bee7d1409be1f0ff76a537e4c4a737b2c7d1a9?s=96&d=mm&r=g\",\"contentUrl\":\"https:\/\/secure.gravatar.com\/avatar\/4ce4672dbdd694b329cd6fdb51bee7d1409be1f0ff76a537e4c4a737b2c7d1a9?s=96&d=mm&r=g\",\"caption\":\"Jo\u00e3o Carlos Gomes\"},\"description\":\"Jornalista, criador de conte\u00fado e m\u00fasico independente nas horas vagas.\",\"url\":\"https:\/\/crusoe.audiencelabs.com.br\/author\/joaoc-junior66\/\"}]}<\/script>\n<!-- \/ Yoast SEO plugin. -->","yoast_head_json":{"title":"Instagram imp\u00f5e restri\u00e7\u00f5es duras para menores de 16 anos","robots":{"index":"index","follow":"follow","max-snippet":"max-snippet:-1","max-image-preview":"max-image-preview:large","max-video-preview":"max-video-preview:-1"},"canonical":"https:\/\/crusoe.audiencelabs.com.br\/instagram-impoe-restricoes-duras-para-menores-de-16-anos\/","og_locale":"pt_BR","og_type":"article","og_title":"Instagram imp\u00f5e restri\u00e7\u00f5es duras para menores de 16 anos","og_description":"Nesta quarta-feira (11), a classifica\u00e7\u00e3o indicativa do Instagram, a rede social da Meta, foi oficialmente alterada no Brasil pelo Minist\u00e9rio da Justi\u00e7a. A partir desta decis\u00e3o, a restri\u00e7\u00e3o de acesso j\u00e1 aparecer\u00e1 nas lojas de aplicativos, como a Play Store, do Android, e a App Store, da Apple, indicando a nova classifica\u00e7\u00e3o da plataforma. De [&hellip;]","og_url":"https:\/\/crusoe.audiencelabs.com.br\/instagram-impoe-restricoes-duras-para-menores-de-16-anos\/","og_site_name":"Variedades - Cruso\u00e9","article_published_time":"2025-06-13T19:24:16+00:00","article_modified_time":"2025-06-13T19:24:17+00:00","og_image":[{"width":1600,"height":900,"url":"https:\/\/cdn.crusoe.com.br\/uploads\/2025\/06\/instagram-restricoes.jpg","type":"image\/jpeg"}],"author":"Jo\u00e3o Carlos Gomes","twitter_card":"summary_large_image","twitter_misc":{"Escrito por":"Jo\u00e3o Carlos Gomes","Est. tempo de leitura":"2 minutos"},"schema":{"@context":"https:\/\/schema.org","@graph":[{"@type":"WebPage","@id":"https:\/\/crusoe.audiencelabs.com.br\/instagram-impoe-restricoes-duras-para-menores-de-16-anos\/","url":"https:\/\/crusoe.audiencelabs.com.br\/instagram-impoe-restricoes-duras-para-menores-de-16-anos\/","name":"Instagram imp\u00f5e restri\u00e7\u00f5es duras para menores de 16 anos","isPartOf":{"@id":"https:\/\/crusoe.audiencelabs.com.br\/#website"},"primaryImageOfPage":{"@id":"https:\/\/crusoe.audiencelabs.com.br\/instagram-impoe-restricoes-duras-para-menores-de-16-anos\/#primaryimage"},"image":{"@id":"https:\/\/crusoe.audiencelabs.com.br\/instagram-impoe-restricoes-duras-para-menores-de-16-anos\/#primaryimage"},"thumbnailUrl":"https:\/\/cdn.crusoe.com.br\/uploads\/2025\/06\/instagram-restricoes.jpg","datePublished":"2025-06-13T19:24:16+00:00","dateModified":"2025-06-13T19:24:17+00:00","author":{"@id":"https:\/\/crusoe.audiencelabs.com.br\/#\/schema\/person\/4a23399b23149df2eab6637fd2fd2bfc"},"breadcrumb":{"@id":"https:\/\/crusoe.audiencelabs.com.br\/instagram-impoe-restricoes-duras-para-menores-de-16-anos\/#breadcrumb"},"inLanguage":"pt-BR","potentialAction":[{"@type":"ReadAction","target":["https:\/\/crusoe.audiencelabs.com.br\/instagram-impoe-restricoes-duras-para-menores-de-16-anos\/"]}]},{"@type":"ImageObject","inLanguage":"pt-BR","@id":"https:\/\/crusoe.audiencelabs.com.br\/instagram-impoe-restricoes-duras-para-menores-de-16-anos\/#primaryimage","url":"https:\/\/cdn.crusoe.com.br\/uploads\/2025\/06\/instagram-restricoes.jpg","contentUrl":"https:\/\/cdn.crusoe.com.br\/uploads\/2025\/06\/instagram-restricoes.jpg","width":1600,"height":900,"caption":"Foto: Solen Feyissa\/Unsplash"},{"@type":"BreadcrumbList","@id":"https:\/\/crusoe.audiencelabs.com.br\/instagram-impoe-restricoes-duras-para-menores-de-16-anos\/#breadcrumb","itemListElement":[{"@type":"ListItem","position":1,"name":"Home","item":"https:\/\/crusoe.audiencelabs.com.br\/"},{"@type":"ListItem","position":2,"name":"Instagram imp\u00f5e restri\u00e7\u00f5es duras para menores de 16 anos"}]},{"@type":"WebSite","@id":"https:\/\/crusoe.audiencelabs.com.br\/#website","url":"https:\/\/crusoe.audiencelabs.com.br\/","name":"Variedades - Cruso\u00e9","description":"","potentialAction":[{"@type":"SearchAction","target":{"@type":"EntryPoint","urlTemplate":"https:\/\/crusoe.audiencelabs.com.br\/?s={search_term_string}"},"query-input":{"@type":"PropertyValueSpecification","valueRequired":true,"valueName":"search_term_string"}}],"inLanguage":"pt-BR"},{"@type":"Person","@id":"https:\/\/crusoe.audiencelabs.com.br\/#\/schema\/person\/4a23399b23149df2eab6637fd2fd2bfc","name":"Jo\u00e3o Carlos Gomes","image":{"@type":"ImageObject","inLanguage":"pt-BR","@id":"https:\/\/crusoe.audiencelabs.com.br\/#\/schema\/person\/image\/","url":"https:\/\/secure.gravatar.com\/avatar\/4ce4672dbdd694b329cd6fdb51bee7d1409be1f0ff76a537e4c4a737b2c7d1a9?s=96&d=mm&r=g","contentUrl":"https:\/\/secure.gravatar.com\/avatar\/4ce4672dbdd694b329cd6fdb51bee7d1409be1f0ff76a537e4c4a737b2c7d1a9?s=96&d=mm&r=g","caption":"Jo\u00e3o Carlos Gomes"},"description":"Jornalista, criador de conte\u00fado e m\u00fasico independente nas horas vagas.","url":"https:\/\/crusoe.audiencelabs.com.br\/author\/joaoc-junior66\/"}]}},"_links":{"self":[{"href":"https:\/\/crusoe.audiencelabs.com.br\/wp-json\/wp\/v2\/posts\/2338","targetHints":{"allow":["GET"]}}],"collection":[{"href":"https:\/\/crusoe.audiencelabs.com.br\/wp-json\/wp\/v2\/posts"}],"about":[{"href":"https:\/\/crusoe.audiencelabs.com.br\/wp-json\/wp\/v2\/types\/post"}],"author":[{"embeddable":true,"href":"https:\/\/crusoe.audiencelabs.com.br\/wp-json\/wp\/v2\/users\/7"}],"replies":[{"embeddable":true,"href":"https:\/\/crusoe.audiencelabs.com.br\/wp-json\/wp\/v2\/comments?post=2338"}],"version-history":[{"count":1,"href":"https:\/\/crusoe.audiencelabs.com.br\/wp-json\/wp\/v2\/posts\/2338\/revisions"}],"predecessor-version":[{"id":2352,"href":"https:\/\/crusoe.audiencelabs.com.br\/wp-json\/wp\/v2\/posts\/2338\/revisions\/2352"}],"wp:featuredmedia":[{"embeddable":true,"href":"https:\/\/crusoe.audiencelabs.com.br\/wp-json\/wp\/v2\/media\/2339"}],"wp:attachment":[{"href":"https:\/\/crusoe.audiencelabs.com.br\/wp-json\/wp\/v2\/media?parent=2338"}],"wp:term":[{"taxonomy":"category","embeddable":true,"href":"https:\/\/crusoe.audiencelabs.com.br\/wp-json\/wp\/v2\/categories?post=2338"},{"taxonomy":"post_tag","embeddable":true,"href":"https:\/\/crusoe.audiencelabs.com.br\/wp-json\/wp\/v2\/tags?post=2338"}],"curies":[{"name":"wp","href":"https:\/\/api.w.org\/{rel}","templated":true}]}}