{"id":23293,"date":"2025-11-19T09:00:00","date_gmt":"2025-11-19T12:00:00","guid":{"rendered":"https:\/\/crusoe.audiencelabs.com.br\/?p=23293"},"modified":"2025-11-18T15:48:08","modified_gmt":"2025-11-18T18:48:08","slug":"americanas-revela-que-nao-tinha-viabilidade-economica-e-decide-fechar-as-lojas","status":"publish","type":"post","link":"https:\/\/crusoe.audiencelabs.com.br\/americanas-revela-que-nao-tinha-viabilidade-economica-e-decide-fechar-as-lojas\/","title":{"rendered":"Americanas revela que n\u00e3o tinha viabilidade econ\u00f4mica e decide fechar lojas"},"content":{"rendered":"\n<p>Nos \u00faltimos meses, a<strong> Americanas<\/strong> tem colocado em pr\u00e1tica algumas estrat\u00e9gias para garantir sua recupera\u00e7\u00e3o operacional. Entretanto, a gigante varejista acabou sendo obrigada a fechar algumas portas no processo.<\/p>\n\n\n\n<p>Estima-se que, at\u00e9 o m\u00eas de setembro,<strong> pelo menos 112 lojas<\/strong> espalhadas por todo o pa\u00eds encerraram suas atividades, uma vez que n\u00e3o conseguiram atender aos crit\u00e9rios m\u00ednimos de viabilidade econ\u00f4mica estabelecidos para evitar mais perdas.<\/p>\n\n\n\n<p>De acordo com o que foi divulgado, pelo menos 51 das unidades fechadas eram convencionais, enquanto as outras 61 seguiam o modelo express. E vale destacar que a medida acarretou em <strong>uma redu\u00e7\u00e3o de 6,4% da presen\u00e7a f\u00edsica da Americanas<\/strong>.<\/p>\n\n\n\n<p>Apesar disso, a empresa afirmou que a decis\u00e3o foi crucial para<strong> aperfei\u00e7oar a efici\u00eancia operacional<\/strong>, ajustando a opera\u00e7\u00e3o para que a Americanas recupere seu espa\u00e7o no varejo nacional de forma mais eficaz.<\/p>\n\n\n\n<p>Ainda n\u00e3o se sabe se haver\u00e3o novos fechamentos. Contudo, a empresa deixou claro que <strong>a estrat\u00e9gia de omnicanalidade continuar\u00e1 sendo seu foco<\/strong>, e por conta disso, n\u00e3o pretende encerrar as atividades presenciais de forma definitiva.<\/p>\n\n\n\n<h2 class=\"wp-block-heading\">Vendas f\u00edsicas da Americanas apresenta estabilidade<\/h2>\n\n\n\n<p>\u00c9 importante destacar que, ao longo do per\u00edodo, as lojas f\u00edsicas se consolidaram como as principais fontes de renda da Americanas, pois de acordo com ve\u00edculos como portal <em>Seu Cr\u00e9dito Digital<\/em>, resultaram na<strong> arrecada\u00e7\u00e3o de cerca de 3,4 bilh\u00f5es<\/strong>.<\/p>\n\n\n\n<p>O marketplace, por outro lado, apresentou forte redu\u00e7\u00e3o. Por conta disso, a Americanas pretende reduzir o peso da modalidade em seu neg\u00f3cio, passando a focar na integra\u00e7\u00e3o entre canais, mas priorizando suas opera\u00e7\u00f5es pr\u00f3prias.<\/p>\n\n\n\n<h2 class=\"wp-block-heading\">Pr\u00f3ximos passos da Americanas<\/h2>\n\n\n\n<p>A Americanas afirmou, em seu relat\u00f3rio do trimestre, que o fechamento das centenas de unidades representou o momento mais cr\u00edtico de sua reestrutura\u00e7\u00e3o, mas que<strong> ele chegou ao fim<\/strong>.<\/p>\n\n\n\n<p>Agora, a empresa afirmou que o caminho para um novo ciclo operacional est\u00e1 aberto, e isso inclui a ado\u00e7\u00e3o de diversas estrat\u00e9gias al\u00e9m da integra\u00e7\u00e3o de canais de atendimento.<\/p>\n\n\n\n<p>A varejista confirmou ter refor\u00e7ado acordos e aprimorado a oferta de servi\u00e7os financeiros, bem como ainda aperfei\u00e7oou seu programa de fidelidade. Desta forma, apesar dos riscos seguirem elevados, a Americanas parece demonstrar f\u00f4lego para seguir adiante.<\/p>\n","protected":false},"excerpt":{"rendered":"<p>Nos \u00faltimos meses, a Americanas tem colocado em pr\u00e1tica algumas estrat\u00e9gias para garantir sua recupera\u00e7\u00e3o operacional. Entretanto, a gigante varejista acabou sendo obrigada a fechar algumas portas no processo. Estima-se que, at\u00e9 o m\u00eas de setembro, pelo menos 112 lojas espalhadas por todo o pa\u00eds encerraram suas atividades, uma vez que n\u00e3o conseguiram atender aos [&hellip;]<\/p>\n","protected":false},"author":7,"featured_media":23294,"comment_status":"open","ping_status":"open","sticky":false,"template":"","format":"standard","meta":{"jnews-multi-image_gallery":[],"jnews_single_post":{"format":"standard"},"jnews_primary_category":[],"jnews_override_counter":[],"jnews_post_split":[],"footnotes":""},"categories":[1],"tags":[],"class_list":["post-23293","post","type-post","status-publish","format-standard","has-post-thumbnail","hentry","category-geral"],"yoast_head":"<!-- This site is optimized with the Yoast SEO plugin v25.0 - https:\/\/yoast.com\/wordpress\/plugins\/seo\/ -->\n<title>Americanas revela que n\u00e3o tinha viabilidade econ\u00f4mica e decide fechar lojas<\/title>\n<meta name=\"robots\" content=\"index, follow, max-snippet:-1, max-image-preview:large, max-video-preview:-1\" \/>\n<link rel=\"canonical\" href=\"https:\/\/crusoe.audiencelabs.com.br\/americanas-revela-que-nao-tinha-viabilidade-economica-e-decide-fechar-as-lojas\/\" \/>\n<meta property=\"og:locale\" content=\"pt_BR\" \/>\n<meta property=\"og:type\" content=\"article\" \/>\n<meta property=\"og:title\" content=\"Americanas revela que n\u00e3o tinha viabilidade econ\u00f4mica e decide fechar lojas\" \/>\n<meta property=\"og:description\" content=\"Nos \u00faltimos meses, a Americanas tem colocado em pr\u00e1tica algumas estrat\u00e9gias para garantir sua recupera\u00e7\u00e3o operacional. Entretanto, a gigante varejista acabou sendo obrigada a fechar algumas portas no processo. Estima-se que, at\u00e9 o m\u00eas de setembro, pelo menos 112 lojas espalhadas por todo o pa\u00eds encerraram suas atividades, uma vez que n\u00e3o conseguiram atender aos [&hellip;]\" \/>\n<meta property=\"og:url\" content=\"https:\/\/crusoe.audiencelabs.com.br\/americanas-revela-que-nao-tinha-viabilidade-economica-e-decide-fechar-as-lojas\/\" \/>\n<meta property=\"og:site_name\" content=\"Variedades - Cruso\u00e9\" \/>\n<meta property=\"article:published_time\" content=\"2025-11-19T12:00:00+00:00\" \/>\n<meta property=\"og:image\" content=\"https:\/\/cdn.crusoe.com.br\/uploads\/2025\/11\/americanas-revela-nao-tinha-viabilidade-economica-decide-fechar-lojas.jpg\" \/>\n\t<meta property=\"og:image:width\" content=\"1600\" \/>\n\t<meta property=\"og:image:height\" content=\"900\" \/>\n\t<meta property=\"og:image:type\" content=\"image\/jpeg\" \/>\n<meta name=\"author\" content=\"Jo\u00e3o Carlos Gomes\" \/>\n<meta name=\"twitter:card\" content=\"summary_large_image\" \/>\n<meta name=\"twitter:label1\" content=\"Escrito por\" \/>\n\t<meta name=\"twitter:data1\" content=\"Jo\u00e3o Carlos Gomes\" \/>\n\t<meta name=\"twitter:label2\" content=\"Est. tempo de leitura\" \/>\n\t<meta name=\"twitter:data2\" content=\"3 minutos\" \/>\n<script type=\"application\/ld+json\" class=\"yoast-schema-graph\">{\"@context\":\"https:\/\/schema.org\",\"@graph\":[{\"@type\":\"WebPage\",\"@id\":\"https:\/\/crusoe.audiencelabs.com.br\/americanas-revela-que-nao-tinha-viabilidade-economica-e-decide-fechar-as-lojas\/\",\"url\":\"https:\/\/crusoe.audiencelabs.com.br\/americanas-revela-que-nao-tinha-viabilidade-economica-e-decide-fechar-as-lojas\/\",\"name\":\"Americanas revela que n\u00e3o tinha viabilidade econ\u00f4mica e decide fechar lojas\",\"isPartOf\":{\"@id\":\"https:\/\/crusoe.audiencelabs.com.br\/#website\"},\"primaryImageOfPage\":{\"@id\":\"https:\/\/crusoe.audiencelabs.com.br\/americanas-revela-que-nao-tinha-viabilidade-economica-e-decide-fechar-as-lojas\/#primaryimage\"},\"image\":{\"@id\":\"https:\/\/crusoe.audiencelabs.com.br\/americanas-revela-que-nao-tinha-viabilidade-economica-e-decide-fechar-as-lojas\/#primaryimage\"},\"thumbnailUrl\":\"https:\/\/cdn.crusoe.com.br\/uploads\/2025\/11\/americanas-revela-nao-tinha-viabilidade-economica-decide-fechar-lojas.jpg\",\"datePublished\":\"2025-11-19T12:00:00+00:00\",\"author\":{\"@id\":\"https:\/\/crusoe.audiencelabs.com.br\/#\/schema\/person\/4a23399b23149df2eab6637fd2fd2bfc\"},\"breadcrumb\":{\"@id\":\"https:\/\/crusoe.audiencelabs.com.br\/americanas-revela-que-nao-tinha-viabilidade-economica-e-decide-fechar-as-lojas\/#breadcrumb\"},\"inLanguage\":\"pt-BR\",\"potentialAction\":[{\"@type\":\"ReadAction\",\"target\":[\"https:\/\/crusoe.audiencelabs.com.br\/americanas-revela-que-nao-tinha-viabilidade-economica-e-decide-fechar-as-lojas\/\"]}]},{\"@type\":\"ImageObject\",\"inLanguage\":\"pt-BR\",\"@id\":\"https:\/\/crusoe.audiencelabs.com.br\/americanas-revela-que-nao-tinha-viabilidade-economica-e-decide-fechar-as-lojas\/#primaryimage\",\"url\":\"https:\/\/cdn.crusoe.com.br\/uploads\/2025\/11\/americanas-revela-nao-tinha-viabilidade-economica-decide-fechar-lojas.jpg\",\"contentUrl\":\"https:\/\/cdn.crusoe.com.br\/uploads\/2025\/11\/americanas-revela-nao-tinha-viabilidade-economica-decide-fechar-lojas.jpg\",\"width\":1600,\"height\":900,\"caption\":\"Foto: Bruno Peres\/Ag\u00eancia Brasil\"},{\"@type\":\"BreadcrumbList\",\"@id\":\"https:\/\/crusoe.audiencelabs.com.br\/americanas-revela-que-nao-tinha-viabilidade-economica-e-decide-fechar-as-lojas\/#breadcrumb\",\"itemListElement\":[{\"@type\":\"ListItem\",\"position\":1,\"name\":\"Home\",\"item\":\"https:\/\/crusoe.audiencelabs.com.br\/\"},{\"@type\":\"ListItem\",\"position\":2,\"name\":\"Americanas revela que n\u00e3o tinha viabilidade econ\u00f4mica e decide fechar lojas\"}]},{\"@type\":\"WebSite\",\"@id\":\"https:\/\/crusoe.audiencelabs.com.br\/#website\",\"url\":\"https:\/\/crusoe.audiencelabs.com.br\/\",\"name\":\"Variedades - Cruso\u00e9\",\"description\":\"\",\"potentialAction\":[{\"@type\":\"SearchAction\",\"target\":{\"@type\":\"EntryPoint\",\"urlTemplate\":\"https:\/\/crusoe.audiencelabs.com.br\/?s={search_term_string}\"},\"query-input\":{\"@type\":\"PropertyValueSpecification\",\"valueRequired\":true,\"valueName\":\"search_term_string\"}}],\"inLanguage\":\"pt-BR\"},{\"@type\":\"Person\",\"@id\":\"https:\/\/crusoe.audiencelabs.com.br\/#\/schema\/person\/4a23399b23149df2eab6637fd2fd2bfc\",\"name\":\"Jo\u00e3o Carlos Gomes\",\"image\":{\"@type\":\"ImageObject\",\"inLanguage\":\"pt-BR\",\"@id\":\"https:\/\/crusoe.audiencelabs.com.br\/#\/schema\/person\/image\/\",\"url\":\"https:\/\/secure.gravatar.com\/avatar\/4ce4672dbdd694b329cd6fdb51bee7d1409be1f0ff76a537e4c4a737b2c7d1a9?s=96&d=mm&r=g\",\"contentUrl\":\"https:\/\/secure.gravatar.com\/avatar\/4ce4672dbdd694b329cd6fdb51bee7d1409be1f0ff76a537e4c4a737b2c7d1a9?s=96&d=mm&r=g\",\"caption\":\"Jo\u00e3o Carlos Gomes\"},\"description\":\"Jornalista, criador de conte\u00fado e m\u00fasico independente nas horas vagas.\",\"url\":\"https:\/\/crusoe.audiencelabs.com.br\/author\/joaoc-junior66\/\"}]}<\/script>\n<!-- \/ Yoast SEO plugin. -->","yoast_head_json":{"title":"Americanas revela que n\u00e3o tinha viabilidade econ\u00f4mica e decide fechar lojas","robots":{"index":"index","follow":"follow","max-snippet":"max-snippet:-1","max-image-preview":"max-image-preview:large","max-video-preview":"max-video-preview:-1"},"canonical":"https:\/\/crusoe.audiencelabs.com.br\/americanas-revela-que-nao-tinha-viabilidade-economica-e-decide-fechar-as-lojas\/","og_locale":"pt_BR","og_type":"article","og_title":"Americanas revela que n\u00e3o tinha viabilidade econ\u00f4mica e decide fechar lojas","og_description":"Nos \u00faltimos meses, a Americanas tem colocado em pr\u00e1tica algumas estrat\u00e9gias para garantir sua recupera\u00e7\u00e3o operacional. Entretanto, a gigante varejista acabou sendo obrigada a fechar algumas portas no processo. Estima-se que, at\u00e9 o m\u00eas de setembro, pelo menos 112 lojas espalhadas por todo o pa\u00eds encerraram suas atividades, uma vez que n\u00e3o conseguiram atender aos [&hellip;]","og_url":"https:\/\/crusoe.audiencelabs.com.br\/americanas-revela-que-nao-tinha-viabilidade-economica-e-decide-fechar-as-lojas\/","og_site_name":"Variedades - Cruso\u00e9","article_published_time":"2025-11-19T12:00:00+00:00","og_image":[{"width":1600,"height":900,"url":"https:\/\/cdn.crusoe.com.br\/uploads\/2025\/11\/americanas-revela-nao-tinha-viabilidade-economica-decide-fechar-lojas.jpg","type":"image\/jpeg"}],"author":"Jo\u00e3o Carlos Gomes","twitter_card":"summary_large_image","twitter_misc":{"Escrito por":"Jo\u00e3o Carlos Gomes","Est. tempo de leitura":"3 minutos"},"schema":{"@context":"https:\/\/schema.org","@graph":[{"@type":"WebPage","@id":"https:\/\/crusoe.audiencelabs.com.br\/americanas-revela-que-nao-tinha-viabilidade-economica-e-decide-fechar-as-lojas\/","url":"https:\/\/crusoe.audiencelabs.com.br\/americanas-revela-que-nao-tinha-viabilidade-economica-e-decide-fechar-as-lojas\/","name":"Americanas revela que n\u00e3o tinha viabilidade econ\u00f4mica e decide fechar lojas","isPartOf":{"@id":"https:\/\/crusoe.audiencelabs.com.br\/#website"},"primaryImageOfPage":{"@id":"https:\/\/crusoe.audiencelabs.com.br\/americanas-revela-que-nao-tinha-viabilidade-economica-e-decide-fechar-as-lojas\/#primaryimage"},"image":{"@id":"https:\/\/crusoe.audiencelabs.com.br\/americanas-revela-que-nao-tinha-viabilidade-economica-e-decide-fechar-as-lojas\/#primaryimage"},"thumbnailUrl":"https:\/\/cdn.crusoe.com.br\/uploads\/2025\/11\/americanas-revela-nao-tinha-viabilidade-economica-decide-fechar-lojas.jpg","datePublished":"2025-11-19T12:00:00+00:00","author":{"@id":"https:\/\/crusoe.audiencelabs.com.br\/#\/schema\/person\/4a23399b23149df2eab6637fd2fd2bfc"},"breadcrumb":{"@id":"https:\/\/crusoe.audiencelabs.com.br\/americanas-revela-que-nao-tinha-viabilidade-economica-e-decide-fechar-as-lojas\/#breadcrumb"},"inLanguage":"pt-BR","potentialAction":[{"@type":"ReadAction","target":["https:\/\/crusoe.audiencelabs.com.br\/americanas-revela-que-nao-tinha-viabilidade-economica-e-decide-fechar-as-lojas\/"]}]},{"@type":"ImageObject","inLanguage":"pt-BR","@id":"https:\/\/crusoe.audiencelabs.com.br\/americanas-revela-que-nao-tinha-viabilidade-economica-e-decide-fechar-as-lojas\/#primaryimage","url":"https:\/\/cdn.crusoe.com.br\/uploads\/2025\/11\/americanas-revela-nao-tinha-viabilidade-economica-decide-fechar-lojas.jpg","contentUrl":"https:\/\/cdn.crusoe.com.br\/uploads\/2025\/11\/americanas-revela-nao-tinha-viabilidade-economica-decide-fechar-lojas.jpg","width":1600,"height":900,"caption":"Foto: Bruno Peres\/Ag\u00eancia Brasil"},{"@type":"BreadcrumbList","@id":"https:\/\/crusoe.audiencelabs.com.br\/americanas-revela-que-nao-tinha-viabilidade-economica-e-decide-fechar-as-lojas\/#breadcrumb","itemListElement":[{"@type":"ListItem","position":1,"name":"Home","item":"https:\/\/crusoe.audiencelabs.com.br\/"},{"@type":"ListItem","position":2,"name":"Americanas revela que n\u00e3o tinha viabilidade econ\u00f4mica e decide fechar lojas"}]},{"@type":"WebSite","@id":"https:\/\/crusoe.audiencelabs.com.br\/#website","url":"https:\/\/crusoe.audiencelabs.com.br\/","name":"Variedades - Cruso\u00e9","description":"","potentialAction":[{"@type":"SearchAction","target":{"@type":"EntryPoint","urlTemplate":"https:\/\/crusoe.audiencelabs.com.br\/?s={search_term_string}"},"query-input":{"@type":"PropertyValueSpecification","valueRequired":true,"valueName":"search_term_string"}}],"inLanguage":"pt-BR"},{"@type":"Person","@id":"https:\/\/crusoe.audiencelabs.com.br\/#\/schema\/person\/4a23399b23149df2eab6637fd2fd2bfc","name":"Jo\u00e3o Carlos Gomes","image":{"@type":"ImageObject","inLanguage":"pt-BR","@id":"https:\/\/crusoe.audiencelabs.com.br\/#\/schema\/person\/image\/","url":"https:\/\/secure.gravatar.com\/avatar\/4ce4672dbdd694b329cd6fdb51bee7d1409be1f0ff76a537e4c4a737b2c7d1a9?s=96&d=mm&r=g","contentUrl":"https:\/\/secure.gravatar.com\/avatar\/4ce4672dbdd694b329cd6fdb51bee7d1409be1f0ff76a537e4c4a737b2c7d1a9?s=96&d=mm&r=g","caption":"Jo\u00e3o Carlos Gomes"},"description":"Jornalista, criador de conte\u00fado e m\u00fasico independente nas horas vagas.","url":"https:\/\/crusoe.audiencelabs.com.br\/author\/joaoc-junior66\/"}]}},"_links":{"self":[{"href":"https:\/\/crusoe.audiencelabs.com.br\/wp-json\/wp\/v2\/posts\/23293","targetHints":{"allow":["GET"]}}],"collection":[{"href":"https:\/\/crusoe.audiencelabs.com.br\/wp-json\/wp\/v2\/posts"}],"about":[{"href":"https:\/\/crusoe.audiencelabs.com.br\/wp-json\/wp\/v2\/types\/post"}],"author":[{"embeddable":true,"href":"https:\/\/crusoe.audiencelabs.com.br\/wp-json\/wp\/v2\/users\/7"}],"replies":[{"embeddable":true,"href":"https:\/\/crusoe.audiencelabs.com.br\/wp-json\/wp\/v2\/comments?post=23293"}],"version-history":[{"count":2,"href":"https:\/\/crusoe.audiencelabs.com.br\/wp-json\/wp\/v2\/posts\/23293\/revisions"}],"predecessor-version":[{"id":23313,"href":"https:\/\/crusoe.audiencelabs.com.br\/wp-json\/wp\/v2\/posts\/23293\/revisions\/23313"}],"wp:featuredmedia":[{"embeddable":true,"href":"https:\/\/crusoe.audiencelabs.com.br\/wp-json\/wp\/v2\/media\/23294"}],"wp:attachment":[{"href":"https:\/\/crusoe.audiencelabs.com.br\/wp-json\/wp\/v2\/media?parent=23293"}],"wp:term":[{"taxonomy":"category","embeddable":true,"href":"https:\/\/crusoe.audiencelabs.com.br\/wp-json\/wp\/v2\/categories?post=23293"},{"taxonomy":"post_tag","embeddable":true,"href":"https:\/\/crusoe.audiencelabs.com.br\/wp-json\/wp\/v2\/tags?post=23293"}],"curies":[{"name":"wp","href":"https:\/\/api.w.org\/{rel}","templated":true}]}}