{"id":23227,"date":"2025-11-18T13:00:00","date_gmt":"2025-11-18T16:00:00","guid":{"rendered":"https:\/\/crusoe.audiencelabs.com.br\/?p=23227"},"modified":"2025-11-18T16:32:37","modified_gmt":"2025-11-18T19:32:37","slug":"governo-confirma-programa-vai-acabar-no-05-12-e-familias-tem-poucos-dias-para-garantir-ajuda","status":"publish","type":"post","link":"https:\/\/crusoe.audiencelabs.com.br\/governo-confirma-programa-vai-acabar-no-05-12-e-familias-tem-poucos-dias-para-garantir-ajuda\/","title":{"rendered":"Governo confirma: programa vai acabar no 05\/12 e fam\u00edlias t\u00eam poucos dias para garantir ajuda"},"content":{"rendered":"\n<p>O programa habitacional <strong>Compra Assistida<\/strong>, do governo federal, est\u00e1 prestes a <strong>encerrar as inscri\u00e7\u00f5es para fam\u00edlias afetadas pelas enchentes de 2024 no sul do Brasil.<\/strong> A data limite para as inscri\u00e7\u00f5es \u00e9<strong> 5 de dezembro<\/strong>.&nbsp;<\/p>\n\n\n\n<p>Desenvolvido como uma solu\u00e7\u00e3o emergencial, o programa oferece a<strong> compra de im\u00f3veis prontos<\/strong>,<strong> com valores de at\u00e9 R$ 200 mil<\/strong>, subsidiados por recursos p\u00fablicos, para aqueles que perderam suas casas devido aos desastres naturais.<\/p>\n\n\n\n<p>As enchentes do in\u00edcio do ano passado provocaram crises na regi\u00e3o Sul, principalmente no estado do Rio Grande do Sul, e o Compra Assistida surgiu como uma resposta r\u00e1pida.&nbsp;<\/p>\n\n\n\n<h2 class=\"wp-block-heading\">Resultados alcan\u00e7ados e urg\u00eancias<\/h2>\n\n\n<style>@media (min-width: 992px) {\n    .recomendadorV2Area1 {\n        width: 280px;\n    }\n    .recomendadorV2Area2 {\n        padding: 0px 20px;\n        width: calc(100% - 280px);\n    }\n}\n\n@media (max-width: 992px) {\n    .recomendadorV2Button {\n        margin: 0 auto;\n    }\n    .recomendadorV2Area {\n        flex-direction: column;\n        text-align: center;\n    }\n    .recomendadorV2Area2 {\n        padding: 0px 20px;\n    }\n}\n\n.recomendadorV2Area {\n    background: #eeeeee3d;\n    border-radius: 10px;\n    padding: 15px;\n    display: flex;\n    margin: 15px auto;\n    border: 1px solid #00000014;\n    max-width: 800px;\n}\n\n.recomendadorV2Area1 img {\n    width: 280px;\n    height: auto;\n    border-radius: 8px;\n}\n\n.linkrecomendadorv2 {\n    text-decoration: none !important;\n}\n\n.recomendadorV2Area2 .recomendadorV2Type {\n    text-transform: uppercase;\n    font-weight: 500;\n    font-size: 11px;\n    letter-spacing: 2px;\n    color: #666;\n    margin: 12px 0;\n    display: block;\n}\n\n.recomendadorV2Title h2 {\n    padding-top: 0px !important;\n    margin: 0px !important;\n    border-left: none !important;\n    padding-left: 0px !important;\n    line-height: 1.3;\n    color: #000 !important;\n    font-size: 24px;\n    margin-bottom: 12px !important;\n}\n\n.recomendadorV2Desc {\n    color: #333;\n    margin: 12px 0px !important;\n    font-size: 15px;\n    line-height: 1.5;\n}\n\n.recomendadorV2Button {\n    width: auto;\n    max-width: 200px;\n    margin: 0;\n    display: inline-flex;\n    align-items: center;\n    background: #1D3557;\n    border-radius: 8px;\n    color: #fff;\n    height: 36px;\n    justify-content: center;\n    text-align: center;\n    font-size: 14px;\n    padding: 0 20px;\n    transition: background-color 0.2s ease;\n}\n\n.recomendadorV2Button:hover {\n    background: #2a4d7a;\n}\n\n.recomendadorV2Button:after {\n    margin-top: -2px;\n    content: \"\u2192\";\n    padding: 0px 0px 0px 8px;\n}\n\n.recomendadorV2Alert {\n    text-align: left;\n    font-size: 11px;\n    margin-top: 8px;\n    color: #666;\n}\n\n.recomendadorFixedArea {\n    width: 100%;\n    display: flex;\n    justify-content: center;\n    align-items: center;\n}\n\n@media (min-width: 992px) {\n    #recomendadorFixed {\n        width: 32% !important;\n        left: 5%;\n    }\n    .recomendadorCloseFixed{\n        right: inherit !important;\n        left: 378px !important;\n    }\n}\n\n#recomendadorFixed {\n    width: 90%;\n    box-shadow: 0 10px 20px 0px #00000057;\n    display: none;\n    height: 90px;\n    background: #F6F6F6;\n    position: fixed;\n    flex-direction: row;\n    bottom: 10px;\n    z-index: 9999;\n    border-radius: 16px;\n    padding: 7px 10px;\n}\n\n.recomendadorLeftArea {\n    width: 160px;\n}\n\n.recomendadorRightArea h2 {\n    padding-top: 0px;\n    margin: 2px 0px 4px 0px !important;\n    font-weight: 400;\n    text-align: center;\n    padding-left: 0px !important;\n    color: #000 !important;\n    border-left: none !important;\n    line-height: 20px;\n    font-size: 12px !important;\n}\n\n.recomendadorImgFixed {\n    overflow: hidden;\n    padding: 8px 6px;\n    height: 100%;\n}\n\n.recomendadorImgFixed img {\n    height: 100% !important;\n    border-radius: 16px;\n}\n\n.recomendadorRightArea {\n    padding-top: 6px;\n    display: flex;\n    width: calc(100% - 130px);\n    justify-content: space-between;\n    align-items: center;\n    flex-direction: column;\n}\n\n.recomendadorButtonFixed {\n    margin: 0 auto;\n    background: #1D3557;\n    width: 80%;\n    text-align: center;\n    font-size: 10px;\n    color: #FFF;\n    padding: 2px 10px;\n    border-radius: 3px;\n}\n\n.recomendadorButtonFixed:after {\n    margin-top: -3px;\n    content: \"\u2192\";\n    padding: 0px 0px 0px 10px;\n}\n\n.recomendadorAlertFixed {\n    font-weight: 400;\n    text-align: center;\n    color: #484848;\n    font-size: 8px;\n}\n\n.recomendadorCloseFixed {\n    z-index: 99999;\n    display: none;\n    right: 0px;\n    left: inherit;\n    bottom: 99px;\n    position: fixed;\n    justify-content: center;\n    background: #F6F6F6;\n    width: 25px;\n    align-items: center;\n    height: 25px;\n    font-weight: 800;\n    border-radius: 50%;\n    border: 1px solid #EBEBEB;\n}\n\n.recomendadorV2Desc{\n    color: #000000;\n    margin: 20px 0px;\n}\n\n@media (max-width: 576px) {\n    .recomendadorV2Area {\n      padding: 10px;\n      max-width: 100%;\n    }\n  \n    .recomendadorV2Area1 img {\n      width: 100%;\n      border-radius: 6px;\n    }\n  \n    .recomendadorV2Area2 .recomendadorV2Type {\n      font-size: 9px;\n      letter-spacing: 1px;\n      margin: 8px 0;\n    }\n  \n    .recomendadorV2Title h2 {\n      font-size: 18px !important;\n      margin-bottom: 8px !important;\n      line-height: 1.2;\n    }\n  \n    .recomendadorV2Desc {\n      font-size: 14px;\n      margin: 8px 0 !important;\n      line-height: 1.4;\n    }\n  \n    .recomendadorV2Button {\n      font-size: 14px;\n      height: 40px;\n      padding: 0 12px;\n      max-width: 100%;\n      width: 100%;\n    }\n  \n    .recomendadorV2Button:after {\n      padding-left: 6px;\n    }\n  }\n  <\/style>\n        <div class=\"lazyblock-recomendador-v2-2jDGz wp-block-lazyblock-recomendador-v2\">\n        <a class=\"linkrecomendadorv2\" href=\"https:\/\/crusoe.com.br\/variedades\/estudantes-de-todo-o-brasil-podem-ganhar-segunda-chance-de-fazer-o-enem\/?utm_source=lazy\">\n            <div class=\"recomendadorV2Area\">\n            <div class=\"recomendadorV2Area1\">\n                <div class=\"recomendadorV2Img\">\n                <img class=\"lazyloaded\" decoding=\"async\" src=\"https:\/\/cdn.crusoe.com.br\/uploads\/2025\/11\/image_processing20200201-29235-rihhux.jpg\" data-src=\"https:\/\/cdn.crusoe.com.br\/uploads\/2025\/11\/image_processing20200201-29235-rihhux.jpg\" alt=\"\">\n                <\/div>\n            <\/div>\n            <div class=\"recomendadorV2Area2\">\n                <div class=\"recomendadorV2Type\">\n                    <span>Educa\u00e7\u00e3o Brasil<\/span>\n                <\/div>\n                <div class=\"recomendadorV2Title\">\n                <h2><span>Nova chance no Enem \ud83c\udf93<\/span><\/h2>\n                <\/div>\n                <div class=\"recomendadorV2Desc\">\n                <span>Estudantes podem ganhar segunda aplica\u00e7\u00e3o<\/span>\n                <\/div>\n                <div class=\"recomendadorV2Button\">Confira agora<\/div>\n                <div class=\"recomendadorV2Alert\"><\/div>\n            <\/div>\n            <\/div>\n        <\/a>\n        <div>\n            <div style=\"z-index:99999;\" id=\"buttonClose\" onclick=\"closeRecomendadorFixed()\">\n            <div class=\"recomendadorCloseFixed\">X<\/div>\n            <\/div>\n            <a href=\"https:\/\/crusoe.com.br\/variedades\/estudantes-de-todo-o-brasil-podem-ganhar-segunda-chance-de-fazer-o-enem\/?utm_source=lazy\">\n            <div class=\"recomendadorFixedArea\">\n                <div id=\"recomendadorFixed\">\n                <div class=\"recomendadorLeftArea\">\n                    <div class=\"recomendadorImgFixed\">\n                    <img class=\"lazyload\" decoding=\"async\" src=\"https:\/\/cdn.crusoe.com.br\/uploads\/2025\/11\/image_processing20200201-29235-rihhux.jpg\" alt=\"\">\n                    <\/div>\n                <\/div>\n                <div class=\"recomendadorRightArea\">\n                    <div class=\"recomendadorTitleFixed\">\n                    <h2><span>Nova chance no Enem \ud83c\udf93<\/span><\/h2>\n                    <\/div>\n                    <div class=\"recomendadorButtonFixed\">Confira agora<\/div>\n                    <div class=\"recomendadorAlertFixed\"><\/div>\n                <\/div>\n                <\/div>\n            <\/div>\n            <\/a>\n        <\/div>\n        <\/div>\n\n\n\n<p>Atualmente, 7.555 fam\u00edlias j\u00e1 assinaram contratos por meio do Compra Assistida. No entanto, 915 fam\u00edlias aguardam a finaliza\u00e7\u00e3o dos documentos, enquanto<strong> mais de 17, 5 ainda n\u00e3o foram contempladas<\/strong>.&nbsp;<\/p>\n\n\n\n<p>Dessas, mais de 5 mil j\u00e1 est\u00e3o aprovadas para escolha dos im\u00f3veis, mas outras continuam em an\u00e1lise, sem garantia de atendimento antes do prazo final. Caso o prazo termine sem abranger todas as fam\u00edlias, os n\u00e3o contemplados ser\u00e3o remetidos ao<strong><a href=\"https:\/\/www.caixa.gov.br\/voce\/habitacao\/minha-casa-minha-vida\/Paginas\/default.aspx\"> Minha Casa Minha Vida<\/a><\/strong>.<\/p>\n\n\n\n<h2 class=\"wp-block-heading\">Estrutura e mecanismos do Compra Assistida<\/h2>\n\n\n\n<p>O Compra Assistida \u00e9 coordenado em parceria com as prefeituras locais, o governo federal e a Caixa Econ\u00f4mica Federal.&nbsp;<\/p>\n\n\n\n<p>O processo envolve desde vistorias das casas danificadas at\u00e9 a libera\u00e7\u00e3o de recursos e entrega das chaves. As etapas s\u00e3o estruturadas para promover acesso r\u00e1pido \u00e0s novas resid\u00eancias.&nbsp;<\/p>\n\n\n\n<p>Os benefici\u00e1rios s\u00e3o classificados em categorias como <strong>cadastrados<\/strong>,<strong> em an\u00e1lise<\/strong>, <strong>homologados <\/strong>e em<strong> fase de contrata\u00e7\u00e3o<\/strong>.<\/p>\n\n\n\n<h2 class=\"wp-block-heading\">Desafios<\/h2>\n\n\n\n<p>O investimento no sul do Brasil foi significativo, mostrando o empenho do governo em dar respostas eficazes a desastres naturais. Entretanto, a alta demanda e a complexidade dos processos ainda geram desafios.<\/p>\n\n\n\n<p>Especialistas discutem a necessidade de expans\u00e3o e adapta\u00e7\u00e3o do Minha Casa Minha Vida para lidar com a frequ\u00eancia crescente dos eventos clim\u00e1ticos extremos.<\/p>\n","protected":false},"excerpt":{"rendered":"<p>O programa habitacional Compra Assistida, do governo federal, est\u00e1 prestes a encerrar as inscri\u00e7\u00f5es para fam\u00edlias afetadas pelas enchentes de 2024 no sul do Brasil. A data limite para as inscri\u00e7\u00f5es \u00e9 5 de dezembro.&nbsp; Desenvolvido como uma solu\u00e7\u00e3o emergencial, o programa oferece a compra de im\u00f3veis prontos, com valores de at\u00e9 R$ 200 mil, [&hellip;]<\/p>\n","protected":false},"author":5,"featured_media":23241,"comment_status":"open","ping_status":"open","sticky":false,"template":"","format":"standard","meta":{"jnews-multi-image_gallery":[],"jnews_single_post":{"format":"standard"},"jnews_primary_category":[],"jnews_override_counter":[],"jnews_post_split":[],"footnotes":""},"categories":[1],"tags":[4191,4192],"class_list":["post-23227","post","type-post","status-publish","format-standard","has-post-thumbnail","hentry","category-geral","tag-compra-assistida","tag-minha-casa-minha-vida"],"yoast_head":"<!-- This site is optimized with the Yoast SEO plugin v25.0 - https:\/\/yoast.com\/wordpress\/plugins\/seo\/ -->\n<title>Governo confirma: programa vai acabar no 05\/12 e fam\u00edlias t\u00eam poucos dias para garantir ajuda<\/title>\n<meta name=\"robots\" content=\"index, follow, max-snippet:-1, max-image-preview:large, max-video-preview:-1\" \/>\n<link rel=\"canonical\" href=\"https:\/\/crusoe.audiencelabs.com.br\/governo-confirma-programa-vai-acabar-no-05-12-e-familias-tem-poucos-dias-para-garantir-ajuda\/\" \/>\n<meta property=\"og:locale\" content=\"pt_BR\" \/>\n<meta property=\"og:type\" content=\"article\" \/>\n<meta property=\"og:title\" content=\"Governo confirma: programa vai acabar no 05\/12 e fam\u00edlias t\u00eam poucos dias para garantir ajuda\" \/>\n<meta property=\"og:description\" content=\"O programa habitacional Compra Assistida, do governo federal, est\u00e1 prestes a encerrar as inscri\u00e7\u00f5es para fam\u00edlias afetadas pelas enchentes de 2024 no sul do Brasil. A data limite para as inscri\u00e7\u00f5es \u00e9 5 de dezembro.&nbsp; Desenvolvido como uma solu\u00e7\u00e3o emergencial, o programa oferece a compra de im\u00f3veis prontos, com valores de at\u00e9 R$ 200 mil, [&hellip;]\" \/>\n<meta property=\"og:url\" content=\"https:\/\/crusoe.audiencelabs.com.br\/governo-confirma-programa-vai-acabar-no-05-12-e-familias-tem-poucos-dias-para-garantir-ajuda\/\" \/>\n<meta property=\"og:site_name\" content=\"Variedades - Cruso\u00e9\" \/>\n<meta property=\"article:published_time\" content=\"2025-11-18T16:00:00+00:00\" \/>\n<meta property=\"article:modified_time\" content=\"2025-11-18T19:32:37+00:00\" \/>\n<meta property=\"og:image\" content=\"https:\/\/cdn.crusoe.com.br\/uploads\/2025\/11\/tipos-de-moradia-blog-conecta.jpg\" \/>\n\t<meta property=\"og:image:width\" content=\"1000\" \/>\n\t<meta property=\"og:image:height\" content=\"666\" \/>\n\t<meta property=\"og:image:type\" content=\"image\/jpeg\" \/>\n<meta name=\"author\" content=\"Milena Armando\" \/>\n<meta name=\"twitter:card\" content=\"summary_large_image\" \/>\n<meta name=\"twitter:label1\" content=\"Escrito por\" \/>\n\t<meta name=\"twitter:data1\" content=\"Milena Armando\" \/>\n\t<meta name=\"twitter:label2\" content=\"Est. tempo de leitura\" \/>\n\t<meta name=\"twitter:data2\" content=\"2 minutos\" \/>\n<script type=\"application\/ld+json\" class=\"yoast-schema-graph\">{\"@context\":\"https:\/\/schema.org\",\"@graph\":[{\"@type\":\"WebPage\",\"@id\":\"https:\/\/crusoe.audiencelabs.com.br\/governo-confirma-programa-vai-acabar-no-05-12-e-familias-tem-poucos-dias-para-garantir-ajuda\/\",\"url\":\"https:\/\/crusoe.audiencelabs.com.br\/governo-confirma-programa-vai-acabar-no-05-12-e-familias-tem-poucos-dias-para-garantir-ajuda\/\",\"name\":\"Governo confirma: programa vai acabar no 05\/12 e fam\u00edlias t\u00eam poucos dias para garantir ajuda\",\"isPartOf\":{\"@id\":\"https:\/\/crusoe.audiencelabs.com.br\/#website\"},\"primaryImageOfPage\":{\"@id\":\"https:\/\/crusoe.audiencelabs.com.br\/governo-confirma-programa-vai-acabar-no-05-12-e-familias-tem-poucos-dias-para-garantir-ajuda\/#primaryimage\"},\"image\":{\"@id\":\"https:\/\/crusoe.audiencelabs.com.br\/governo-confirma-programa-vai-acabar-no-05-12-e-familias-tem-poucos-dias-para-garantir-ajuda\/#primaryimage\"},\"thumbnailUrl\":\"https:\/\/cdn.crusoe.com.br\/uploads\/2025\/11\/tipos-de-moradia-blog-conecta.jpg\",\"datePublished\":\"2025-11-18T16:00:00+00:00\",\"dateModified\":\"2025-11-18T19:32:37+00:00\",\"author\":{\"@id\":\"https:\/\/crusoe.audiencelabs.com.br\/#\/schema\/person\/f87f73cfe89e5360de2c006bd4bd6a74\"},\"breadcrumb\":{\"@id\":\"https:\/\/crusoe.audiencelabs.com.br\/governo-confirma-programa-vai-acabar-no-05-12-e-familias-tem-poucos-dias-para-garantir-ajuda\/#breadcrumb\"},\"inLanguage\":\"pt-BR\",\"potentialAction\":[{\"@type\":\"ReadAction\",\"target\":[\"https:\/\/crusoe.audiencelabs.com.br\/governo-confirma-programa-vai-acabar-no-05-12-e-familias-tem-poucos-dias-para-garantir-ajuda\/\"]}]},{\"@type\":\"ImageObject\",\"inLanguage\":\"pt-BR\",\"@id\":\"https:\/\/crusoe.audiencelabs.com.br\/governo-confirma-programa-vai-acabar-no-05-12-e-familias-tem-poucos-dias-para-garantir-ajuda\/#primaryimage\",\"url\":\"https:\/\/cdn.crusoe.com.br\/uploads\/2025\/11\/tipos-de-moradia-blog-conecta.jpg\",\"contentUrl\":\"https:\/\/cdn.crusoe.com.br\/uploads\/2025\/11\/tipos-de-moradia-blog-conecta.jpg\",\"width\":1000,\"height\":666,\"caption\":\"Foto: Conecta Imobi\"},{\"@type\":\"BreadcrumbList\",\"@id\":\"https:\/\/crusoe.audiencelabs.com.br\/governo-confirma-programa-vai-acabar-no-05-12-e-familias-tem-poucos-dias-para-garantir-ajuda\/#breadcrumb\",\"itemListElement\":[{\"@type\":\"ListItem\",\"position\":1,\"name\":\"Home\",\"item\":\"https:\/\/crusoe.audiencelabs.com.br\/\"},{\"@type\":\"ListItem\",\"position\":2,\"name\":\"Governo confirma: programa vai acabar no 05\/12 e fam\u00edlias t\u00eam poucos dias para garantir ajuda\"}]},{\"@type\":\"WebSite\",\"@id\":\"https:\/\/crusoe.audiencelabs.com.br\/#website\",\"url\":\"https:\/\/crusoe.audiencelabs.com.br\/\",\"name\":\"Variedades - Cruso\u00e9\",\"description\":\"\",\"potentialAction\":[{\"@type\":\"SearchAction\",\"target\":{\"@type\":\"EntryPoint\",\"urlTemplate\":\"https:\/\/crusoe.audiencelabs.com.br\/?s={search_term_string}\"},\"query-input\":{\"@type\":\"PropertyValueSpecification\",\"valueRequired\":true,\"valueName\":\"search_term_string\"}}],\"inLanguage\":\"pt-BR\"},{\"@type\":\"Person\",\"@id\":\"https:\/\/crusoe.audiencelabs.com.br\/#\/schema\/person\/f87f73cfe89e5360de2c006bd4bd6a74\",\"name\":\"Milena Armando\",\"image\":{\"@type\":\"ImageObject\",\"inLanguage\":\"pt-BR\",\"@id\":\"https:\/\/crusoe.audiencelabs.com.br\/#\/schema\/person\/image\/\",\"url\":\"https:\/\/secure.gravatar.com\/avatar\/ea14ecddc9e9d202b698b18f9f69e09c9fd74cfbed5c6008d55f11faefdbdab7?s=96&d=mm&r=g\",\"contentUrl\":\"https:\/\/secure.gravatar.com\/avatar\/ea14ecddc9e9d202b698b18f9f69e09c9fd74cfbed5c6008d55f11faefdbdab7?s=96&d=mm&r=g\",\"caption\":\"Milena Armando\"},\"description\":\"Jornalista, redatora e revisora.\",\"url\":\"https:\/\/crusoe.audiencelabs.com.br\/author\/milena\/\"}]}<\/script>\n<!-- \/ Yoast SEO plugin. -->","yoast_head_json":{"title":"Governo confirma: programa vai acabar no 05\/12 e fam\u00edlias t\u00eam poucos dias para garantir ajuda","robots":{"index":"index","follow":"follow","max-snippet":"max-snippet:-1","max-image-preview":"max-image-preview:large","max-video-preview":"max-video-preview:-1"},"canonical":"https:\/\/crusoe.audiencelabs.com.br\/governo-confirma-programa-vai-acabar-no-05-12-e-familias-tem-poucos-dias-para-garantir-ajuda\/","og_locale":"pt_BR","og_type":"article","og_title":"Governo confirma: programa vai acabar no 05\/12 e fam\u00edlias t\u00eam poucos dias para garantir ajuda","og_description":"O programa habitacional Compra Assistida, do governo federal, est\u00e1 prestes a encerrar as inscri\u00e7\u00f5es para fam\u00edlias afetadas pelas enchentes de 2024 no sul do Brasil. A data limite para as inscri\u00e7\u00f5es \u00e9 5 de dezembro.&nbsp; Desenvolvido como uma solu\u00e7\u00e3o emergencial, o programa oferece a compra de im\u00f3veis prontos, com valores de at\u00e9 R$ 200 mil, [&hellip;]","og_url":"https:\/\/crusoe.audiencelabs.com.br\/governo-confirma-programa-vai-acabar-no-05-12-e-familias-tem-poucos-dias-para-garantir-ajuda\/","og_site_name":"Variedades - Cruso\u00e9","article_published_time":"2025-11-18T16:00:00+00:00","article_modified_time":"2025-11-18T19:32:37+00:00","og_image":[{"width":1000,"height":666,"url":"https:\/\/cdn.crusoe.com.br\/uploads\/2025\/11\/tipos-de-moradia-blog-conecta.jpg","type":"image\/jpeg"}],"author":"Milena Armando","twitter_card":"summary_large_image","twitter_misc":{"Escrito por":"Milena Armando","Est. tempo de leitura":"2 minutos"},"schema":{"@context":"https:\/\/schema.org","@graph":[{"@type":"WebPage","@id":"https:\/\/crusoe.audiencelabs.com.br\/governo-confirma-programa-vai-acabar-no-05-12-e-familias-tem-poucos-dias-para-garantir-ajuda\/","url":"https:\/\/crusoe.audiencelabs.com.br\/governo-confirma-programa-vai-acabar-no-05-12-e-familias-tem-poucos-dias-para-garantir-ajuda\/","name":"Governo confirma: programa vai acabar no 05\/12 e fam\u00edlias t\u00eam poucos dias para garantir ajuda","isPartOf":{"@id":"https:\/\/crusoe.audiencelabs.com.br\/#website"},"primaryImageOfPage":{"@id":"https:\/\/crusoe.audiencelabs.com.br\/governo-confirma-programa-vai-acabar-no-05-12-e-familias-tem-poucos-dias-para-garantir-ajuda\/#primaryimage"},"image":{"@id":"https:\/\/crusoe.audiencelabs.com.br\/governo-confirma-programa-vai-acabar-no-05-12-e-familias-tem-poucos-dias-para-garantir-ajuda\/#primaryimage"},"thumbnailUrl":"https:\/\/cdn.crusoe.com.br\/uploads\/2025\/11\/tipos-de-moradia-blog-conecta.jpg","datePublished":"2025-11-18T16:00:00+00:00","dateModified":"2025-11-18T19:32:37+00:00","author":{"@id":"https:\/\/crusoe.audiencelabs.com.br\/#\/schema\/person\/f87f73cfe89e5360de2c006bd4bd6a74"},"breadcrumb":{"@id":"https:\/\/crusoe.audiencelabs.com.br\/governo-confirma-programa-vai-acabar-no-05-12-e-familias-tem-poucos-dias-para-garantir-ajuda\/#breadcrumb"},"inLanguage":"pt-BR","potentialAction":[{"@type":"ReadAction","target":["https:\/\/crusoe.audiencelabs.com.br\/governo-confirma-programa-vai-acabar-no-05-12-e-familias-tem-poucos-dias-para-garantir-ajuda\/"]}]},{"@type":"ImageObject","inLanguage":"pt-BR","@id":"https:\/\/crusoe.audiencelabs.com.br\/governo-confirma-programa-vai-acabar-no-05-12-e-familias-tem-poucos-dias-para-garantir-ajuda\/#primaryimage","url":"https:\/\/cdn.crusoe.com.br\/uploads\/2025\/11\/tipos-de-moradia-blog-conecta.jpg","contentUrl":"https:\/\/cdn.crusoe.com.br\/uploads\/2025\/11\/tipos-de-moradia-blog-conecta.jpg","width":1000,"height":666,"caption":"Foto: Conecta Imobi"},{"@type":"BreadcrumbList","@id":"https:\/\/crusoe.audiencelabs.com.br\/governo-confirma-programa-vai-acabar-no-05-12-e-familias-tem-poucos-dias-para-garantir-ajuda\/#breadcrumb","itemListElement":[{"@type":"ListItem","position":1,"name":"Home","item":"https:\/\/crusoe.audiencelabs.com.br\/"},{"@type":"ListItem","position":2,"name":"Governo confirma: programa vai acabar no 05\/12 e fam\u00edlias t\u00eam poucos dias para garantir ajuda"}]},{"@type":"WebSite","@id":"https:\/\/crusoe.audiencelabs.com.br\/#website","url":"https:\/\/crusoe.audiencelabs.com.br\/","name":"Variedades - Cruso\u00e9","description":"","potentialAction":[{"@type":"SearchAction","target":{"@type":"EntryPoint","urlTemplate":"https:\/\/crusoe.audiencelabs.com.br\/?s={search_term_string}"},"query-input":{"@type":"PropertyValueSpecification","valueRequired":true,"valueName":"search_term_string"}}],"inLanguage":"pt-BR"},{"@type":"Person","@id":"https:\/\/crusoe.audiencelabs.com.br\/#\/schema\/person\/f87f73cfe89e5360de2c006bd4bd6a74","name":"Milena Armando","image":{"@type":"ImageObject","inLanguage":"pt-BR","@id":"https:\/\/crusoe.audiencelabs.com.br\/#\/schema\/person\/image\/","url":"https:\/\/secure.gravatar.com\/avatar\/ea14ecddc9e9d202b698b18f9f69e09c9fd74cfbed5c6008d55f11faefdbdab7?s=96&d=mm&r=g","contentUrl":"https:\/\/secure.gravatar.com\/avatar\/ea14ecddc9e9d202b698b18f9f69e09c9fd74cfbed5c6008d55f11faefdbdab7?s=96&d=mm&r=g","caption":"Milena Armando"},"description":"Jornalista, redatora e revisora.","url":"https:\/\/crusoe.audiencelabs.com.br\/author\/milena\/"}]}},"_links":{"self":[{"href":"https:\/\/crusoe.audiencelabs.com.br\/wp-json\/wp\/v2\/posts\/23227","targetHints":{"allow":["GET"]}}],"collection":[{"href":"https:\/\/crusoe.audiencelabs.com.br\/wp-json\/wp\/v2\/posts"}],"about":[{"href":"https:\/\/crusoe.audiencelabs.com.br\/wp-json\/wp\/v2\/types\/post"}],"author":[{"embeddable":true,"href":"https:\/\/crusoe.audiencelabs.com.br\/wp-json\/wp\/v2\/users\/5"}],"replies":[{"embeddable":true,"href":"https:\/\/crusoe.audiencelabs.com.br\/wp-json\/wp\/v2\/comments?post=23227"}],"version-history":[{"count":3,"href":"https:\/\/crusoe.audiencelabs.com.br\/wp-json\/wp\/v2\/posts\/23227\/revisions"}],"predecessor-version":[{"id":23315,"href":"https:\/\/crusoe.audiencelabs.com.br\/wp-json\/wp\/v2\/posts\/23227\/revisions\/23315"}],"wp:featuredmedia":[{"embeddable":true,"href":"https:\/\/crusoe.audiencelabs.com.br\/wp-json\/wp\/v2\/media\/23241"}],"wp:attachment":[{"href":"https:\/\/crusoe.audiencelabs.com.br\/wp-json\/wp\/v2\/media?parent=23227"}],"wp:term":[{"taxonomy":"category","embeddable":true,"href":"https:\/\/crusoe.audiencelabs.com.br\/wp-json\/wp\/v2\/categories?post=23227"},{"taxonomy":"post_tag","embeddable":true,"href":"https:\/\/crusoe.audiencelabs.com.br\/wp-json\/wp\/v2\/tags?post=23227"}],"curies":[{"name":"wp","href":"https:\/\/api.w.org\/{rel}","templated":true}]}}