{"id":22509,"date":"2025-11-11T13:30:00","date_gmt":"2025-11-11T16:30:00","guid":{"rendered":"https:\/\/crusoe.audiencelabs.com.br\/?p=22509"},"modified":"2025-11-10T20:37:53","modified_gmt":"2025-11-10T23:37:53","slug":"beneficiarios-tem-confirmacao-bolsa-familia-sera-antecipado-em-novembro","status":"publish","type":"post","link":"https:\/\/crusoe.audiencelabs.com.br\/beneficiarios-tem-confirmacao-bolsa-familia-sera-antecipado-em-novembro\/","title":{"rendered":"Benefici\u00e1rios t\u00eam confirma\u00e7\u00e3o: Bolsa Fam\u00edlia ser\u00e1 antecipado em novembro"},"content":{"rendered":"\n<p>O Governo Federal come\u00e7ar\u00e1 a antecipa\u00e7\u00e3o do pagamento do <strong>Bolsa Fam\u00edlia<\/strong> em resposta \u00e0 <strong>seca severa<\/strong> que assola diversas regi\u00f5es do Brasil.&nbsp;<\/p>\n\n\n\n<p>Com o objetivo de mitigar o impacto nas fam\u00edlias mais afetadas pela adversidade, o Minist\u00e9rio do Desenvolvimento e Assist\u00eancia Social (MDS) est\u00e1 coordenando a\u00e7\u00f5es para permitir que esses benefici\u00e1rios acessem o aux\u00edlio j\u00e1 no primeiro dia do cronograma, que ser\u00e1 na pr\u00f3xima sexta-feira (14), independente do n\u00famero do NIS.&nbsp;&nbsp;<\/p>\n\n\n\n<p>Mais de 632 munic\u00edpios vem sofrendo com os efeitos da estiagem, tornando a assist\u00eancia essencial em estados como Mato Grosso do Sul, Alagoas, Bahia, Maranh\u00e3o, Para\u00edba e Piau\u00ed.<\/p>\n\n\n\n<h2 class=\"wp-block-heading\">Antecipa\u00e7\u00e3o do Bolsa Fam\u00edlia em novembro<\/h2>\n\n\n\n<p>A antecipa\u00e7\u00e3o beneficia cidades como Campina Grande (PB), Paraibano (MA) e Alegrete do Piau\u00ed (PI), que enfrentam falta de chuvas.&nbsp;<\/p>\n\n\n\n<p>A <strong>crise h\u00eddrica <\/strong>comprometeu a produ\u00e7\u00e3o agr\u00edcola, essencial para a subsist\u00eancia de milhares de fam\u00edlias, al\u00e9m de dificultar o abastecimento de \u00e1gua.&nbsp;<\/p>\n\n\n\n<p>A antecipa\u00e7\u00e3o proporciona um al\u00edvio necess\u00e1rio em comunidades cuja economia \u00e9 baseada primariamente na agricultura. Confira o calend\u00e1rio:&nbsp;<\/p>\n\n\n\n<ul class=\"wp-block-list\">\n<li>Final do NIS: 1 &#8211; pagamento em 14\/11<\/li>\n\n\n\n<li>Final do NIS: 2 &#8211; pagamento em 17\/11<\/li>\n\n\n\n<li>Final do NIS: 3 &#8211; pagamento em 18\/11<\/li>\n\n\n\n<li>Final do NIS: 4 &#8211; pagamento em 19\/11<\/li>\n\n\n\n<li>Final do NIS: 5 &#8211; pagamento em 21\/11<\/li>\n\n\n\n<li>Final do NIS: 6 &#8211; pagamento em 24\/11<\/li>\n\n\n\n<li>Final do NIS: 7 &#8211; pagamento em 25\/11<\/li>\n\n\n\n<li>Final do NIS: 8 &#8211; pagamento em 26\/11<\/li>\n\n\n\n<li>Final do NIS: 9 &#8211; pagamento em 27\/11<\/li>\n\n\n\n<li>Final do NIS: 0 &#8211; pagamento em 28\/11<\/li>\n<\/ul>\n\n\n\n<h2 class=\"wp-block-heading\">Funcionamento da antecipa\u00e7\u00e3o<\/h2>\n\n\n\n<p>A libera\u00e7\u00e3o antecipada do benef\u00edcio est\u00e1 fundamentada em portarias conjuntas do MDS e do Minist\u00e9rio da Integra\u00e7\u00e3o e do Desenvolvimento Regional.&nbsp;<\/p>\n\n\n\n<p>As fam\u00edlias cadastradas nessas regi\u00f5es recebem automaticamente sem precisar de solicita\u00e7\u00f5es adicionais. Esse m\u00e9todo garante a r\u00e1pida assist\u00eancia financeira em locais que tiveram suas situa\u00e7\u00f5es de emerg\u00eancia reconhecidas pela Defesa Civil Nacional.<\/p>\n\n\n\n<h2 class=\"wp-block-heading\">Impacto da seca na economia local<\/h2>\n\n\n\n<p>A seca prolongada n\u00e3o afeta apenas a agricultura, mas toda a economia local e a vida di\u00e1ria nas regi\u00f5es atingidas. A antecipa\u00e7\u00e3o do Bolsa Fam\u00edlia integra um pacote de a\u00e7\u00f5es de suporte financeiro imediato.&nbsp;<\/p>\n\n\n\n<p>Com previs\u00f5es de poucas chuvas nos pr\u00f3ximos meses, o governo mant\u00e9m o monitoramento das condi\u00e7\u00f5es clim\u00e1ticas. \u00c9 poss\u00edvel que mais munic\u00edpios sejam inclu\u00eddos nas portarias de emerg\u00eancia para receber pagamentos antecipados e outras formas de assist\u00eancia federal.<\/p>\n\n\n\n<p>O MDS monitora continuamente a situa\u00e7\u00e3o e trabalha na r\u00e1pida adapta\u00e7\u00e3o \u00e0s necessidades que surgem por conta da estiagem.<\/p>\n","protected":false},"excerpt":{"rendered":"<p>O Governo Federal come\u00e7ar\u00e1 a antecipa\u00e7\u00e3o do pagamento do Bolsa Fam\u00edlia em resposta \u00e0 seca severa que assola diversas regi\u00f5es do Brasil.&nbsp; Com o objetivo de mitigar o impacto nas fam\u00edlias mais afetadas pela adversidade, o Minist\u00e9rio do Desenvolvimento e Assist\u00eancia Social (MDS) est\u00e1 coordenando a\u00e7\u00f5es para permitir que esses benefici\u00e1rios acessem o aux\u00edlio j\u00e1 [&hellip;]<\/p>\n","protected":false},"author":5,"featured_media":22510,"comment_status":"open","ping_status":"open","sticky":false,"template":"","format":"standard","meta":{"jnews-multi-image_gallery":[],"jnews_single_post":{"format":"standard"},"jnews_primary_category":[],"jnews_override_counter":[],"jnews_post_split":[],"footnotes":""},"categories":[1],"tags":[4022,314,3845,1688],"class_list":["post-22509","post","type-post","status-publish","format-standard","has-post-thumbnail","hentry","category-geral","tag-antecipacao","tag-bolsa-familia-2","tag-novembro","tag-seca"],"yoast_head":"<!-- This site is optimized with the Yoast SEO plugin v25.0 - https:\/\/yoast.com\/wordpress\/plugins\/seo\/ -->\n<title>Benefici\u00e1rios t\u00eam confirma\u00e7\u00e3o: Bolsa Fam\u00edlia ser\u00e1 antecipado em novembro<\/title>\n<meta name=\"robots\" content=\"index, follow, max-snippet:-1, max-image-preview:large, max-video-preview:-1\" \/>\n<link rel=\"canonical\" href=\"https:\/\/crusoe.audiencelabs.com.br\/beneficiarios-tem-confirmacao-bolsa-familia-sera-antecipado-em-novembro\/\" \/>\n<meta property=\"og:locale\" content=\"pt_BR\" \/>\n<meta property=\"og:type\" content=\"article\" \/>\n<meta property=\"og:title\" content=\"Benefici\u00e1rios t\u00eam confirma\u00e7\u00e3o: Bolsa Fam\u00edlia ser\u00e1 antecipado em novembro\" \/>\n<meta property=\"og:description\" content=\"O Governo Federal come\u00e7ar\u00e1 a antecipa\u00e7\u00e3o do pagamento do Bolsa Fam\u00edlia em resposta \u00e0 seca severa que assola diversas regi\u00f5es do Brasil.&nbsp; Com o objetivo de mitigar o impacto nas fam\u00edlias mais afetadas pela adversidade, o Minist\u00e9rio do Desenvolvimento e Assist\u00eancia Social (MDS) est\u00e1 coordenando a\u00e7\u00f5es para permitir que esses benefici\u00e1rios acessem o aux\u00edlio j\u00e1 [&hellip;]\" \/>\n<meta property=\"og:url\" content=\"https:\/\/crusoe.audiencelabs.com.br\/beneficiarios-tem-confirmacao-bolsa-familia-sera-antecipado-em-novembro\/\" \/>\n<meta property=\"og:site_name\" content=\"Variedades - Cruso\u00e9\" \/>\n<meta property=\"article:published_time\" content=\"2025-11-11T16:30:00+00:00\" \/>\n<meta property=\"og:image\" content=\"https:\/\/cdn.crusoe.com.br\/uploads\/2025\/11\/image_processing20210303-1558-1y8ub8e.jpeg\" \/>\n\t<meta property=\"og:image:width\" content=\"800\" \/>\n\t<meta property=\"og:image:height\" content=\"533\" \/>\n\t<meta property=\"og:image:type\" content=\"image\/jpeg\" \/>\n<meta name=\"author\" content=\"Milena Armando\" \/>\n<meta name=\"twitter:card\" content=\"summary_large_image\" \/>\n<meta name=\"twitter:label1\" content=\"Escrito por\" \/>\n\t<meta name=\"twitter:data1\" content=\"Milena Armando\" \/>\n\t<meta name=\"twitter:label2\" content=\"Est. tempo de leitura\" \/>\n\t<meta name=\"twitter:data2\" content=\"3 minutos\" \/>\n<script type=\"application\/ld+json\" class=\"yoast-schema-graph\">{\"@context\":\"https:\/\/schema.org\",\"@graph\":[{\"@type\":\"WebPage\",\"@id\":\"https:\/\/crusoe.audiencelabs.com.br\/beneficiarios-tem-confirmacao-bolsa-familia-sera-antecipado-em-novembro\/\",\"url\":\"https:\/\/crusoe.audiencelabs.com.br\/beneficiarios-tem-confirmacao-bolsa-familia-sera-antecipado-em-novembro\/\",\"name\":\"Benefici\u00e1rios t\u00eam confirma\u00e7\u00e3o: Bolsa Fam\u00edlia ser\u00e1 antecipado em novembro\",\"isPartOf\":{\"@id\":\"https:\/\/crusoe.audiencelabs.com.br\/#website\"},\"primaryImageOfPage\":{\"@id\":\"https:\/\/crusoe.audiencelabs.com.br\/beneficiarios-tem-confirmacao-bolsa-familia-sera-antecipado-em-novembro\/#primaryimage\"},\"image\":{\"@id\":\"https:\/\/crusoe.audiencelabs.com.br\/beneficiarios-tem-confirmacao-bolsa-familia-sera-antecipado-em-novembro\/#primaryimage\"},\"thumbnailUrl\":\"https:\/\/cdn.crusoe.com.br\/uploads\/2025\/11\/image_processing20210303-1558-1y8ub8e.jpeg\",\"datePublished\":\"2025-11-11T16:30:00+00:00\",\"author\":{\"@id\":\"https:\/\/crusoe.audiencelabs.com.br\/#\/schema\/person\/f87f73cfe89e5360de2c006bd4bd6a74\"},\"breadcrumb\":{\"@id\":\"https:\/\/crusoe.audiencelabs.com.br\/beneficiarios-tem-confirmacao-bolsa-familia-sera-antecipado-em-novembro\/#breadcrumb\"},\"inLanguage\":\"pt-BR\",\"potentialAction\":[{\"@type\":\"ReadAction\",\"target\":[\"https:\/\/crusoe.audiencelabs.com.br\/beneficiarios-tem-confirmacao-bolsa-familia-sera-antecipado-em-novembro\/\"]}]},{\"@type\":\"ImageObject\",\"inLanguage\":\"pt-BR\",\"@id\":\"https:\/\/crusoe.audiencelabs.com.br\/beneficiarios-tem-confirmacao-bolsa-familia-sera-antecipado-em-novembro\/#primaryimage\",\"url\":\"https:\/\/cdn.crusoe.com.br\/uploads\/2025\/11\/image_processing20210303-1558-1y8ub8e.jpeg\",\"contentUrl\":\"https:\/\/cdn.crusoe.com.br\/uploads\/2025\/11\/image_processing20210303-1558-1y8ub8e.jpeg\",\"width\":800,\"height\":533,\"caption\":\"Foto: Brasil de Fato\"},{\"@type\":\"BreadcrumbList\",\"@id\":\"https:\/\/crusoe.audiencelabs.com.br\/beneficiarios-tem-confirmacao-bolsa-familia-sera-antecipado-em-novembro\/#breadcrumb\",\"itemListElement\":[{\"@type\":\"ListItem\",\"position\":1,\"name\":\"Home\",\"item\":\"https:\/\/crusoe.audiencelabs.com.br\/\"},{\"@type\":\"ListItem\",\"position\":2,\"name\":\"Benefici\u00e1rios t\u00eam confirma\u00e7\u00e3o: Bolsa Fam\u00edlia ser\u00e1 antecipado em novembro\"}]},{\"@type\":\"WebSite\",\"@id\":\"https:\/\/crusoe.audiencelabs.com.br\/#website\",\"url\":\"https:\/\/crusoe.audiencelabs.com.br\/\",\"name\":\"Variedades - Cruso\u00e9\",\"description\":\"\",\"potentialAction\":[{\"@type\":\"SearchAction\",\"target\":{\"@type\":\"EntryPoint\",\"urlTemplate\":\"https:\/\/crusoe.audiencelabs.com.br\/?s={search_term_string}\"},\"query-input\":{\"@type\":\"PropertyValueSpecification\",\"valueRequired\":true,\"valueName\":\"search_term_string\"}}],\"inLanguage\":\"pt-BR\"},{\"@type\":\"Person\",\"@id\":\"https:\/\/crusoe.audiencelabs.com.br\/#\/schema\/person\/f87f73cfe89e5360de2c006bd4bd6a74\",\"name\":\"Milena Armando\",\"image\":{\"@type\":\"ImageObject\",\"inLanguage\":\"pt-BR\",\"@id\":\"https:\/\/crusoe.audiencelabs.com.br\/#\/schema\/person\/image\/\",\"url\":\"https:\/\/secure.gravatar.com\/avatar\/ea14ecddc9e9d202b698b18f9f69e09c9fd74cfbed5c6008d55f11faefdbdab7?s=96&d=mm&r=g\",\"contentUrl\":\"https:\/\/secure.gravatar.com\/avatar\/ea14ecddc9e9d202b698b18f9f69e09c9fd74cfbed5c6008d55f11faefdbdab7?s=96&d=mm&r=g\",\"caption\":\"Milena Armando\"},\"description\":\"Jornalista, redatora e revisora.\",\"url\":\"https:\/\/crusoe.audiencelabs.com.br\/author\/milena\/\"}]}<\/script>\n<!-- \/ Yoast SEO plugin. -->","yoast_head_json":{"title":"Benefici\u00e1rios t\u00eam confirma\u00e7\u00e3o: Bolsa Fam\u00edlia ser\u00e1 antecipado em novembro","robots":{"index":"index","follow":"follow","max-snippet":"max-snippet:-1","max-image-preview":"max-image-preview:large","max-video-preview":"max-video-preview:-1"},"canonical":"https:\/\/crusoe.audiencelabs.com.br\/beneficiarios-tem-confirmacao-bolsa-familia-sera-antecipado-em-novembro\/","og_locale":"pt_BR","og_type":"article","og_title":"Benefici\u00e1rios t\u00eam confirma\u00e7\u00e3o: Bolsa Fam\u00edlia ser\u00e1 antecipado em novembro","og_description":"O Governo Federal come\u00e7ar\u00e1 a antecipa\u00e7\u00e3o do pagamento do Bolsa Fam\u00edlia em resposta \u00e0 seca severa que assola diversas regi\u00f5es do Brasil.&nbsp; Com o objetivo de mitigar o impacto nas fam\u00edlias mais afetadas pela adversidade, o Minist\u00e9rio do Desenvolvimento e Assist\u00eancia Social (MDS) est\u00e1 coordenando a\u00e7\u00f5es para permitir que esses benefici\u00e1rios acessem o aux\u00edlio j\u00e1 [&hellip;]","og_url":"https:\/\/crusoe.audiencelabs.com.br\/beneficiarios-tem-confirmacao-bolsa-familia-sera-antecipado-em-novembro\/","og_site_name":"Variedades - Cruso\u00e9","article_published_time":"2025-11-11T16:30:00+00:00","og_image":[{"width":800,"height":533,"url":"https:\/\/cdn.crusoe.com.br\/uploads\/2025\/11\/image_processing20210303-1558-1y8ub8e.jpeg","type":"image\/jpeg"}],"author":"Milena Armando","twitter_card":"summary_large_image","twitter_misc":{"Escrito por":"Milena Armando","Est. tempo de leitura":"3 minutos"},"schema":{"@context":"https:\/\/schema.org","@graph":[{"@type":"WebPage","@id":"https:\/\/crusoe.audiencelabs.com.br\/beneficiarios-tem-confirmacao-bolsa-familia-sera-antecipado-em-novembro\/","url":"https:\/\/crusoe.audiencelabs.com.br\/beneficiarios-tem-confirmacao-bolsa-familia-sera-antecipado-em-novembro\/","name":"Benefici\u00e1rios t\u00eam confirma\u00e7\u00e3o: Bolsa Fam\u00edlia ser\u00e1 antecipado em novembro","isPartOf":{"@id":"https:\/\/crusoe.audiencelabs.com.br\/#website"},"primaryImageOfPage":{"@id":"https:\/\/crusoe.audiencelabs.com.br\/beneficiarios-tem-confirmacao-bolsa-familia-sera-antecipado-em-novembro\/#primaryimage"},"image":{"@id":"https:\/\/crusoe.audiencelabs.com.br\/beneficiarios-tem-confirmacao-bolsa-familia-sera-antecipado-em-novembro\/#primaryimage"},"thumbnailUrl":"https:\/\/cdn.crusoe.com.br\/uploads\/2025\/11\/image_processing20210303-1558-1y8ub8e.jpeg","datePublished":"2025-11-11T16:30:00+00:00","author":{"@id":"https:\/\/crusoe.audiencelabs.com.br\/#\/schema\/person\/f87f73cfe89e5360de2c006bd4bd6a74"},"breadcrumb":{"@id":"https:\/\/crusoe.audiencelabs.com.br\/beneficiarios-tem-confirmacao-bolsa-familia-sera-antecipado-em-novembro\/#breadcrumb"},"inLanguage":"pt-BR","potentialAction":[{"@type":"ReadAction","target":["https:\/\/crusoe.audiencelabs.com.br\/beneficiarios-tem-confirmacao-bolsa-familia-sera-antecipado-em-novembro\/"]}]},{"@type":"ImageObject","inLanguage":"pt-BR","@id":"https:\/\/crusoe.audiencelabs.com.br\/beneficiarios-tem-confirmacao-bolsa-familia-sera-antecipado-em-novembro\/#primaryimage","url":"https:\/\/cdn.crusoe.com.br\/uploads\/2025\/11\/image_processing20210303-1558-1y8ub8e.jpeg","contentUrl":"https:\/\/cdn.crusoe.com.br\/uploads\/2025\/11\/image_processing20210303-1558-1y8ub8e.jpeg","width":800,"height":533,"caption":"Foto: Brasil de Fato"},{"@type":"BreadcrumbList","@id":"https:\/\/crusoe.audiencelabs.com.br\/beneficiarios-tem-confirmacao-bolsa-familia-sera-antecipado-em-novembro\/#breadcrumb","itemListElement":[{"@type":"ListItem","position":1,"name":"Home","item":"https:\/\/crusoe.audiencelabs.com.br\/"},{"@type":"ListItem","position":2,"name":"Benefici\u00e1rios t\u00eam confirma\u00e7\u00e3o: Bolsa Fam\u00edlia ser\u00e1 antecipado em novembro"}]},{"@type":"WebSite","@id":"https:\/\/crusoe.audiencelabs.com.br\/#website","url":"https:\/\/crusoe.audiencelabs.com.br\/","name":"Variedades - Cruso\u00e9","description":"","potentialAction":[{"@type":"SearchAction","target":{"@type":"EntryPoint","urlTemplate":"https:\/\/crusoe.audiencelabs.com.br\/?s={search_term_string}"},"query-input":{"@type":"PropertyValueSpecification","valueRequired":true,"valueName":"search_term_string"}}],"inLanguage":"pt-BR"},{"@type":"Person","@id":"https:\/\/crusoe.audiencelabs.com.br\/#\/schema\/person\/f87f73cfe89e5360de2c006bd4bd6a74","name":"Milena Armando","image":{"@type":"ImageObject","inLanguage":"pt-BR","@id":"https:\/\/crusoe.audiencelabs.com.br\/#\/schema\/person\/image\/","url":"https:\/\/secure.gravatar.com\/avatar\/ea14ecddc9e9d202b698b18f9f69e09c9fd74cfbed5c6008d55f11faefdbdab7?s=96&d=mm&r=g","contentUrl":"https:\/\/secure.gravatar.com\/avatar\/ea14ecddc9e9d202b698b18f9f69e09c9fd74cfbed5c6008d55f11faefdbdab7?s=96&d=mm&r=g","caption":"Milena Armando"},"description":"Jornalista, redatora e revisora.","url":"https:\/\/crusoe.audiencelabs.com.br\/author\/milena\/"}]}},"_links":{"self":[{"href":"https:\/\/crusoe.audiencelabs.com.br\/wp-json\/wp\/v2\/posts\/22509","targetHints":{"allow":["GET"]}}],"collection":[{"href":"https:\/\/crusoe.audiencelabs.com.br\/wp-json\/wp\/v2\/posts"}],"about":[{"href":"https:\/\/crusoe.audiencelabs.com.br\/wp-json\/wp\/v2\/types\/post"}],"author":[{"embeddable":true,"href":"https:\/\/crusoe.audiencelabs.com.br\/wp-json\/wp\/v2\/users\/5"}],"replies":[{"embeddable":true,"href":"https:\/\/crusoe.audiencelabs.com.br\/wp-json\/wp\/v2\/comments?post=22509"}],"version-history":[{"count":3,"href":"https:\/\/crusoe.audiencelabs.com.br\/wp-json\/wp\/v2\/posts\/22509\/revisions"}],"predecessor-version":[{"id":22514,"href":"https:\/\/crusoe.audiencelabs.com.br\/wp-json\/wp\/v2\/posts\/22509\/revisions\/22514"}],"wp:featuredmedia":[{"embeddable":true,"href":"https:\/\/crusoe.audiencelabs.com.br\/wp-json\/wp\/v2\/media\/22510"}],"wp:attachment":[{"href":"https:\/\/crusoe.audiencelabs.com.br\/wp-json\/wp\/v2\/media?parent=22509"}],"wp:term":[{"taxonomy":"category","embeddable":true,"href":"https:\/\/crusoe.audiencelabs.com.br\/wp-json\/wp\/v2\/categories?post=22509"},{"taxonomy":"post_tag","embeddable":true,"href":"https:\/\/crusoe.audiencelabs.com.br\/wp-json\/wp\/v2\/tags?post=22509"}],"curies":[{"name":"wp","href":"https:\/\/api.w.org\/{rel}","templated":true}]}}