{"id":2218,"date":"2025-06-12T18:00:00","date_gmt":"2025-06-12T21:00:00","guid":{"rendered":"https:\/\/crusoe.com.br\/variedades\/?p=2218"},"modified":"2025-06-12T14:11:43","modified_gmt":"2025-06-12T17:11:43","slug":"descubra-se-voce-pode-receber-conta-de-luz-gratuita","status":"publish","type":"post","link":"https:\/\/crusoe.audiencelabs.com.br\/descubra-se-voce-pode-receber-conta-de-luz-gratuita\/","title":{"rendered":"Descubra se voc\u00ea pode receber conta de luz gratuita"},"content":{"rendered":"\n<p>A Ag\u00eancia Nacional de Energia El\u00e9trica (Aneel) anunciou mudan\u00e7as significativas na Tarifa Social de Energia El\u00e9trica.&nbsp;<\/p>\n\n\n\n<p>Estas altera\u00e7\u00f5es beneficiar\u00e3o at\u00e9 60 milh\u00f5es de brasileiros, oferecendo gratuidade no fornecimento de energia para determinadas fam\u00edlias de baixa renda, a partir de 5 de julho em todo o Brasil.&nbsp;<\/p>\n\n\n\n<p>A iniciativa faz parte de uma Medida Provis\u00f3ria (MP) destinada \u00e0 reformula\u00e7\u00e3o do setor el\u00e9trico, com o objetivo de melhorar o acesso a este servi\u00e7o essencial.<\/p>\n\n\n\n<h2 class=\"wp-block-heading\">Quem est\u00e1 qualificado e como funcionar\u00e1<\/h2>\n\n\n\n<p>A tarifa social oferecer\u00e1 isen\u00e7\u00e3o completa do valor da conta de luz para fam\u00edlias que consomem at\u00e9 80 kWh por m\u00eas, desde que preencham crit\u00e9rios espec\u00edficos.&nbsp;<\/p>\n\n\n\n<p>Est\u00e3o inclu\u00eddas fam\u00edlias com renda de at\u00e9 meio sal\u00e1rio m\u00ednimo per capita, idosos que recebem o Benef\u00edcio de Presta\u00e7\u00e3o Continuada (BPC), pessoas com defici\u00eancia, e fam\u00edlias ind\u00edgenas e quilombolas.\u00a0Caso o consumo mensal exceda 80 kWh, a cobran\u00e7a ser\u00e1 apenas sobre o consumo adicional.<\/p>\n\n\n\n<h2 class=\"wp-block-heading\">Impacto econ\u00f4mico das mudan\u00e7as<\/h2>\n\n\n\n<p>Anteriormente, a tarifa social oferecia descontos escalonados, mas agora a isen\u00e7\u00e3o foi ampliada para beneficiar diretamente as faixas de renda mais baixas.&nbsp;<\/p>\n\n\n\n<p>Esta decis\u00e3o dever\u00e1 aumentar significativamente o or\u00e7amento destinado \u00e0 tarifa social, refor\u00e7ando o esfor\u00e7o de promover melhorias nas condi\u00e7\u00f5es de vida dos grupos mais vulner\u00e1veis no pa\u00eds.<\/p>\n\n\n\n<h2 class=\"wp-block-heading\">Transforma\u00e7\u00f5es esperadas no setor el\u00e9trico<\/h2>\n\n\n\n<p>A maior ades\u00e3o \u00e0 tarifa social poder\u00e1 impactar positivamente o setor el\u00e9trico, ao beneficiar as fam\u00edlias diretamente.&nbsp;<\/p>\n\n\n\n<p>A expectativa \u00e9 que essa mudan\u00e7a reduza a inadimpl\u00eancia e os furtos de energia, o que incentivar\u00e1 as distribuidoras a otimizar seus processos e a gerar um ciclo mais eficiente no fornecimento de energia. A implementa\u00e7\u00e3o ser\u00e1 financiada pela Conta de Desenvolvimento Energ\u00e9tico (CDE).&nbsp;<\/p>\n\n\n\n<p>Espera-se que, com estas mudan\u00e7as, a Aneel possa beneficiar diretamente milh\u00f5es de brasileiros.\u00a0A conclus\u00e3o do processo legislativo no Congresso Nacional para converter a Medida Provis\u00f3ria em lei assegurar\u00e1 a continuidade e efic\u00e1cia desta pol\u00edtica de assist\u00eancia social no setor el\u00e9trico.\u00a0<\/p>\n","protected":false},"excerpt":{"rendered":"<p>A Ag\u00eancia Nacional de Energia El\u00e9trica (Aneel) anunciou mudan\u00e7as significativas na Tarifa Social de Energia El\u00e9trica.&nbsp; Estas altera\u00e7\u00f5es beneficiar\u00e3o at\u00e9 60 milh\u00f5es de brasileiros, oferecendo gratuidade no fornecimento de energia para determinadas fam\u00edlias de baixa renda, a partir de 5 de julho em todo o Brasil.&nbsp; A iniciativa faz parte de uma Medida Provis\u00f3ria (MP) [&hellip;]<\/p>\n","protected":false},"author":5,"featured_media":2220,"comment_status":"open","ping_status":"open","sticky":false,"template":"","format":"standard","meta":{"jnews-multi-image_gallery":[],"jnews_single_post":{"format":"standard"},"jnews_primary_category":[],"jnews_override_counter":[],"jnews_post_split":[],"footnotes":""},"categories":[1],"tags":[276,574,732,343],"class_list":["post-2218","post","type-post","status-publish","format-standard","has-post-thumbnail","hentry","category-geral","tag-cadunico","tag-conta-de-luz","tag-isencao","tag-tarifa-social"],"yoast_head":"<!-- This site is optimized with the Yoast SEO plugin v25.0 - https:\/\/yoast.com\/wordpress\/plugins\/seo\/ -->\n<title>Descubra se voc\u00ea pode receber conta de luz gratuita<\/title>\n<meta name=\"robots\" content=\"index, follow, max-snippet:-1, max-image-preview:large, max-video-preview:-1\" \/>\n<link rel=\"canonical\" href=\"https:\/\/crusoe.audiencelabs.com.br\/descubra-se-voce-pode-receber-conta-de-luz-gratuita\/\" \/>\n<meta property=\"og:locale\" content=\"pt_BR\" \/>\n<meta property=\"og:type\" content=\"article\" \/>\n<meta property=\"og:title\" content=\"Descubra se voc\u00ea pode receber conta de luz gratuita\" \/>\n<meta property=\"og:description\" content=\"A Ag\u00eancia Nacional de Energia El\u00e9trica (Aneel) anunciou mudan\u00e7as significativas na Tarifa Social de Energia El\u00e9trica.&nbsp; Estas altera\u00e7\u00f5es beneficiar\u00e3o at\u00e9 60 milh\u00f5es de brasileiros, oferecendo gratuidade no fornecimento de energia para determinadas fam\u00edlias de baixa renda, a partir de 5 de julho em todo o Brasil.&nbsp; A iniciativa faz parte de uma Medida Provis\u00f3ria (MP) [&hellip;]\" \/>\n<meta property=\"og:url\" content=\"https:\/\/crusoe.audiencelabs.com.br\/descubra-se-voce-pode-receber-conta-de-luz-gratuita\/\" \/>\n<meta property=\"og:site_name\" content=\"Variedades - Cruso\u00e9\" \/>\n<meta property=\"article:published_time\" content=\"2025-06-12T21:00:00+00:00\" \/>\n<meta property=\"og:image\" content=\"https:\/\/cdn.crusoe.com.br\/uploads\/2025\/06\/pexels-photo-6963867-e1749747794549.webp\" \/>\n\t<meta property=\"og:image:width\" content=\"1770\" \/>\n\t<meta property=\"og:image:height\" content=\"1057\" \/>\n\t<meta property=\"og:image:type\" content=\"image\/webp\" \/>\n<meta name=\"author\" content=\"Milena Armando\" \/>\n<meta name=\"twitter:card\" content=\"summary_large_image\" \/>\n<meta name=\"twitter:label1\" content=\"Escrito por\" \/>\n\t<meta name=\"twitter:data1\" content=\"Milena Armando\" \/>\n\t<meta name=\"twitter:label2\" content=\"Est. tempo de leitura\" \/>\n\t<meta name=\"twitter:data2\" content=\"2 minutos\" \/>\n<script type=\"application\/ld+json\" class=\"yoast-schema-graph\">{\"@context\":\"https:\/\/schema.org\",\"@graph\":[{\"@type\":\"WebPage\",\"@id\":\"https:\/\/crusoe.audiencelabs.com.br\/descubra-se-voce-pode-receber-conta-de-luz-gratuita\/\",\"url\":\"https:\/\/crusoe.audiencelabs.com.br\/descubra-se-voce-pode-receber-conta-de-luz-gratuita\/\",\"name\":\"Descubra se voc\u00ea pode receber conta de luz gratuita\",\"isPartOf\":{\"@id\":\"https:\/\/crusoe.audiencelabs.com.br\/#website\"},\"primaryImageOfPage\":{\"@id\":\"https:\/\/crusoe.audiencelabs.com.br\/descubra-se-voce-pode-receber-conta-de-luz-gratuita\/#primaryimage\"},\"image\":{\"@id\":\"https:\/\/crusoe.audiencelabs.com.br\/descubra-se-voce-pode-receber-conta-de-luz-gratuita\/#primaryimage\"},\"thumbnailUrl\":\"https:\/\/cdn.crusoe.com.br\/uploads\/2025\/06\/pexels-photo-6963867-e1749747794549.webp\",\"datePublished\":\"2025-06-12T21:00:00+00:00\",\"author\":{\"@id\":\"https:\/\/crusoe.audiencelabs.com.br\/#\/schema\/person\/f87f73cfe89e5360de2c006bd4bd6a74\"},\"breadcrumb\":{\"@id\":\"https:\/\/crusoe.audiencelabs.com.br\/descubra-se-voce-pode-receber-conta-de-luz-gratuita\/#breadcrumb\"},\"inLanguage\":\"pt-BR\",\"potentialAction\":[{\"@type\":\"ReadAction\",\"target\":[\"https:\/\/crusoe.audiencelabs.com.br\/descubra-se-voce-pode-receber-conta-de-luz-gratuita\/\"]}]},{\"@type\":\"ImageObject\",\"inLanguage\":\"pt-BR\",\"@id\":\"https:\/\/crusoe.audiencelabs.com.br\/descubra-se-voce-pode-receber-conta-de-luz-gratuita\/#primaryimage\",\"url\":\"https:\/\/cdn.crusoe.com.br\/uploads\/2025\/06\/pexels-photo-6963867-e1749747794549.webp\",\"contentUrl\":\"https:\/\/cdn.crusoe.com.br\/uploads\/2025\/06\/pexels-photo-6963867-e1749747794549.webp\",\"width\":1770,\"height\":1057,\"caption\":\"Foto: Mikhail Nilov\/Pexels\"},{\"@type\":\"BreadcrumbList\",\"@id\":\"https:\/\/crusoe.audiencelabs.com.br\/descubra-se-voce-pode-receber-conta-de-luz-gratuita\/#breadcrumb\",\"itemListElement\":[{\"@type\":\"ListItem\",\"position\":1,\"name\":\"Home\",\"item\":\"https:\/\/crusoe.audiencelabs.com.br\/\"},{\"@type\":\"ListItem\",\"position\":2,\"name\":\"Descubra se voc\u00ea pode receber conta de luz gratuita\"}]},{\"@type\":\"WebSite\",\"@id\":\"https:\/\/crusoe.audiencelabs.com.br\/#website\",\"url\":\"https:\/\/crusoe.audiencelabs.com.br\/\",\"name\":\"Variedades - Cruso\u00e9\",\"description\":\"\",\"potentialAction\":[{\"@type\":\"SearchAction\",\"target\":{\"@type\":\"EntryPoint\",\"urlTemplate\":\"https:\/\/crusoe.audiencelabs.com.br\/?s={search_term_string}\"},\"query-input\":{\"@type\":\"PropertyValueSpecification\",\"valueRequired\":true,\"valueName\":\"search_term_string\"}}],\"inLanguage\":\"pt-BR\"},{\"@type\":\"Person\",\"@id\":\"https:\/\/crusoe.audiencelabs.com.br\/#\/schema\/person\/f87f73cfe89e5360de2c006bd4bd6a74\",\"name\":\"Milena Armando\",\"image\":{\"@type\":\"ImageObject\",\"inLanguage\":\"pt-BR\",\"@id\":\"https:\/\/crusoe.audiencelabs.com.br\/#\/schema\/person\/image\/\",\"url\":\"https:\/\/secure.gravatar.com\/avatar\/ea14ecddc9e9d202b698b18f9f69e09c9fd74cfbed5c6008d55f11faefdbdab7?s=96&d=mm&r=g\",\"contentUrl\":\"https:\/\/secure.gravatar.com\/avatar\/ea14ecddc9e9d202b698b18f9f69e09c9fd74cfbed5c6008d55f11faefdbdab7?s=96&d=mm&r=g\",\"caption\":\"Milena Armando\"},\"description\":\"Jornalista, redatora e revisora.\",\"url\":\"https:\/\/crusoe.audiencelabs.com.br\/author\/milena\/\"}]}<\/script>\n<!-- \/ Yoast SEO plugin. -->","yoast_head_json":{"title":"Descubra se voc\u00ea pode receber conta de luz gratuita","robots":{"index":"index","follow":"follow","max-snippet":"max-snippet:-1","max-image-preview":"max-image-preview:large","max-video-preview":"max-video-preview:-1"},"canonical":"https:\/\/crusoe.audiencelabs.com.br\/descubra-se-voce-pode-receber-conta-de-luz-gratuita\/","og_locale":"pt_BR","og_type":"article","og_title":"Descubra se voc\u00ea pode receber conta de luz gratuita","og_description":"A Ag\u00eancia Nacional de Energia El\u00e9trica (Aneel) anunciou mudan\u00e7as significativas na Tarifa Social de Energia El\u00e9trica.&nbsp; Estas altera\u00e7\u00f5es beneficiar\u00e3o at\u00e9 60 milh\u00f5es de brasileiros, oferecendo gratuidade no fornecimento de energia para determinadas fam\u00edlias de baixa renda, a partir de 5 de julho em todo o Brasil.&nbsp; A iniciativa faz parte de uma Medida Provis\u00f3ria (MP) [&hellip;]","og_url":"https:\/\/crusoe.audiencelabs.com.br\/descubra-se-voce-pode-receber-conta-de-luz-gratuita\/","og_site_name":"Variedades - Cruso\u00e9","article_published_time":"2025-06-12T21:00:00+00:00","og_image":[{"width":1770,"height":1057,"url":"https:\/\/cdn.crusoe.com.br\/uploads\/2025\/06\/pexels-photo-6963867-e1749747794549.webp","type":"image\/webp"}],"author":"Milena Armando","twitter_card":"summary_large_image","twitter_misc":{"Escrito por":"Milena Armando","Est. tempo de leitura":"2 minutos"},"schema":{"@context":"https:\/\/schema.org","@graph":[{"@type":"WebPage","@id":"https:\/\/crusoe.audiencelabs.com.br\/descubra-se-voce-pode-receber-conta-de-luz-gratuita\/","url":"https:\/\/crusoe.audiencelabs.com.br\/descubra-se-voce-pode-receber-conta-de-luz-gratuita\/","name":"Descubra se voc\u00ea pode receber conta de luz gratuita","isPartOf":{"@id":"https:\/\/crusoe.audiencelabs.com.br\/#website"},"primaryImageOfPage":{"@id":"https:\/\/crusoe.audiencelabs.com.br\/descubra-se-voce-pode-receber-conta-de-luz-gratuita\/#primaryimage"},"image":{"@id":"https:\/\/crusoe.audiencelabs.com.br\/descubra-se-voce-pode-receber-conta-de-luz-gratuita\/#primaryimage"},"thumbnailUrl":"https:\/\/cdn.crusoe.com.br\/uploads\/2025\/06\/pexels-photo-6963867-e1749747794549.webp","datePublished":"2025-06-12T21:00:00+00:00","author":{"@id":"https:\/\/crusoe.audiencelabs.com.br\/#\/schema\/person\/f87f73cfe89e5360de2c006bd4bd6a74"},"breadcrumb":{"@id":"https:\/\/crusoe.audiencelabs.com.br\/descubra-se-voce-pode-receber-conta-de-luz-gratuita\/#breadcrumb"},"inLanguage":"pt-BR","potentialAction":[{"@type":"ReadAction","target":["https:\/\/crusoe.audiencelabs.com.br\/descubra-se-voce-pode-receber-conta-de-luz-gratuita\/"]}]},{"@type":"ImageObject","inLanguage":"pt-BR","@id":"https:\/\/crusoe.audiencelabs.com.br\/descubra-se-voce-pode-receber-conta-de-luz-gratuita\/#primaryimage","url":"https:\/\/cdn.crusoe.com.br\/uploads\/2025\/06\/pexels-photo-6963867-e1749747794549.webp","contentUrl":"https:\/\/cdn.crusoe.com.br\/uploads\/2025\/06\/pexels-photo-6963867-e1749747794549.webp","width":1770,"height":1057,"caption":"Foto: Mikhail Nilov\/Pexels"},{"@type":"BreadcrumbList","@id":"https:\/\/crusoe.audiencelabs.com.br\/descubra-se-voce-pode-receber-conta-de-luz-gratuita\/#breadcrumb","itemListElement":[{"@type":"ListItem","position":1,"name":"Home","item":"https:\/\/crusoe.audiencelabs.com.br\/"},{"@type":"ListItem","position":2,"name":"Descubra se voc\u00ea pode receber conta de luz gratuita"}]},{"@type":"WebSite","@id":"https:\/\/crusoe.audiencelabs.com.br\/#website","url":"https:\/\/crusoe.audiencelabs.com.br\/","name":"Variedades - Cruso\u00e9","description":"","potentialAction":[{"@type":"SearchAction","target":{"@type":"EntryPoint","urlTemplate":"https:\/\/crusoe.audiencelabs.com.br\/?s={search_term_string}"},"query-input":{"@type":"PropertyValueSpecification","valueRequired":true,"valueName":"search_term_string"}}],"inLanguage":"pt-BR"},{"@type":"Person","@id":"https:\/\/crusoe.audiencelabs.com.br\/#\/schema\/person\/f87f73cfe89e5360de2c006bd4bd6a74","name":"Milena Armando","image":{"@type":"ImageObject","inLanguage":"pt-BR","@id":"https:\/\/crusoe.audiencelabs.com.br\/#\/schema\/person\/image\/","url":"https:\/\/secure.gravatar.com\/avatar\/ea14ecddc9e9d202b698b18f9f69e09c9fd74cfbed5c6008d55f11faefdbdab7?s=96&d=mm&r=g","contentUrl":"https:\/\/secure.gravatar.com\/avatar\/ea14ecddc9e9d202b698b18f9f69e09c9fd74cfbed5c6008d55f11faefdbdab7?s=96&d=mm&r=g","caption":"Milena Armando"},"description":"Jornalista, redatora e revisora.","url":"https:\/\/crusoe.audiencelabs.com.br\/author\/milena\/"}]}},"_links":{"self":[{"href":"https:\/\/crusoe.audiencelabs.com.br\/wp-json\/wp\/v2\/posts\/2218","targetHints":{"allow":["GET"]}}],"collection":[{"href":"https:\/\/crusoe.audiencelabs.com.br\/wp-json\/wp\/v2\/posts"}],"about":[{"href":"https:\/\/crusoe.audiencelabs.com.br\/wp-json\/wp\/v2\/types\/post"}],"author":[{"embeddable":true,"href":"https:\/\/crusoe.audiencelabs.com.br\/wp-json\/wp\/v2\/users\/5"}],"replies":[{"embeddable":true,"href":"https:\/\/crusoe.audiencelabs.com.br\/wp-json\/wp\/v2\/comments?post=2218"}],"version-history":[{"count":2,"href":"https:\/\/crusoe.audiencelabs.com.br\/wp-json\/wp\/v2\/posts\/2218\/revisions"}],"predecessor-version":[{"id":2222,"href":"https:\/\/crusoe.audiencelabs.com.br\/wp-json\/wp\/v2\/posts\/2218\/revisions\/2222"}],"wp:featuredmedia":[{"embeddable":true,"href":"https:\/\/crusoe.audiencelabs.com.br\/wp-json\/wp\/v2\/media\/2220"}],"wp:attachment":[{"href":"https:\/\/crusoe.audiencelabs.com.br\/wp-json\/wp\/v2\/media?parent=2218"}],"wp:term":[{"taxonomy":"category","embeddable":true,"href":"https:\/\/crusoe.audiencelabs.com.br\/wp-json\/wp\/v2\/categories?post=2218"},{"taxonomy":"post_tag","embeddable":true,"href":"https:\/\/crusoe.audiencelabs.com.br\/wp-json\/wp\/v2\/tags?post=2218"}],"curies":[{"name":"wp","href":"https:\/\/api.w.org\/{rel}","templated":true}]}}