{"id":22163,"date":"2025-11-10T07:00:00","date_gmt":"2025-11-10T10:00:00","guid":{"rendered":"https:\/\/crusoe.audiencelabs.com.br\/?p=22163"},"modified":"2025-11-06T22:45:44","modified_gmt":"2025-11-07T01:45:44","slug":"alimento-numero-1-dos-brasileiros-e-o-responsavel-por-inflamar-o-corpo-e-provocar-dor-no-estomago","status":"publish","type":"post","link":"https:\/\/crusoe.audiencelabs.com.br\/alimento-numero-1-dos-brasileiros-e-o-responsavel-por-inflamar-o-corpo-e-provocar-dor-no-estomago\/","title":{"rendered":"Alimento n\u00famero 1 dos brasileiros \u00e9 o respons\u00e1vel por inflamar o corpo e provocar dor no est\u00f4mago"},"content":{"rendered":"\n<p>A <strong>cafe\u00edna <\/strong>\u00e9 uma constante na vida dos brasileiros, principalmente atrav\u00e9s do <strong>caf\u00e9 <\/strong>di\u00e1rio. No entanto, excessos no consumo da subst\u00e2ncia podem <strong>afetar a sa\u00fade geral<\/strong>.\u00a0<\/p>\n\n\n\n<p>No Brasil, <strong>um dos maiores consumidores de caf\u00e9<\/strong>, o consumo per capita anual \u00e9 significativamente alto.\u00a0Estima-se que cada brasileiro beba, em m\u00e9dia, mais de <strong>400 litros de caf\u00e9 ao longo do ano<\/strong>. <\/p>\n\n\n\n<p>Contudo, quando o consumo di\u00e1rio de cafe\u00edna ultrapassa 400 miligramas (<strong>normalmente quatro x\u00edcaras de caf\u00e9<\/strong>), podem surgir efeitos negativos.<\/p>\n\n\n\n<h2 class=\"wp-block-heading\">Rea\u00e7\u00f5es do corpo \u00e0 cafe\u00edna<\/h2>\n\n\n\n<p>A cafe\u00edna age <strong>bloqueando os receptores de adenosina<\/strong>, que promovem a <strong>sensa\u00e7\u00e3o de cansa\u00e7o<\/strong>. Apesar de nos deixar alertas, o consumo excessivo pode perturbar esse equil\u00edbrio.&nbsp;<\/p>\n\n\n\n<p>A sobrecarga no sistema nervoso central \u00e9 uma consequ\u00eancia potencial, levando a sintomas como <strong>ins\u00f4nia <\/strong>e <strong>aumento da frequ\u00eancia card\u00edaca<\/strong>.<\/p>\n\n\n\n<p>Quando consumido em excesso, o caf\u00e9 pode <strong>aumentar o n\u00edvel de cortisol <\/strong>(horm\u00f4nio do estresse), o que, a longo prazo, tende a favorecer processos inflamat\u00f3rios. Se for tomado com muito a\u00e7\u00facar, ado\u00e7antes artificiais ou leite de m\u00e1 qualidade, <strong>pode inflamar o corpo<\/strong>, j\u00e1 que esses ingredientes s\u00e3o inflamat\u00f3rios.<\/p>\n\n\n\n<p>O caf\u00e9 estimula a produ\u00e7\u00e3o de \u00e1cido clor\u00eddrico no est\u00f4mago. Em pessoas sens\u00edveis, isso pode causar <strong>ard\u00eancia<\/strong>, <strong>dor<\/strong>, <strong>azia <\/strong>ou <strong>queima\u00e7\u00e3o<\/strong>, principalmente se o caf\u00e9 ser tomado em jejum.<\/p>\n\n\n\n<h2 class=\"wp-block-heading\">Intera\u00e7\u00e3o da cafe\u00edna com medicamentos<\/h2>\n\n\n\n<p>O v\u00ednculo entre cafe\u00edna e medicamentos merece aten\u00e7\u00e3o especial. Esta subst\u00e2ncia pode comprometer a efic\u00e1cia de antidepressivos, rem\u00e9dios para a tireoide e outros.&nbsp;<\/p>\n\n\n\n<p>Antes de combinar a ingest\u00e3o de cafe\u00edna com medicamentos, \u00e9 prudente buscar orienta\u00e7\u00e3o m\u00e9dica para evitar intera\u00e7\u00f5es prejudiciais.<\/p>\n\n\n\n<h2 class=\"wp-block-heading\">Pr\u00e1ticas de consumo seguro de caf\u00e9&nbsp;<\/h2>\n\n\n\n<p>Para minimizar os riscos, adotar o uso respons\u00e1vel de cafe\u00edna \u00e9 fundamental. Moderar a ingest\u00e3o, espa\u00e7ar o consumo de produtos cafeinados e n\u00e3o consumir ap\u00f3s as 14h s\u00e3o medidas eficazes. Isso ajuda a regular o sono e manter o equil\u00edbrio corporal.<\/p>\n\n\n\n<p>Mantenha-se dentro dos limites recomendados e aproveite o caf\u00e9 sem comprometer sua sa\u00fade. O conhecimento dos potenciais riscos associados \u00e0 cafe\u00edna permitir\u00e1 desfrutar seus benef\u00edcios, preservando seu bem-estar.<\/p>\n","protected":false},"excerpt":{"rendered":"<p>A cafe\u00edna \u00e9 uma constante na vida dos brasileiros, principalmente atrav\u00e9s do caf\u00e9 di\u00e1rio. No entanto, excessos no consumo da subst\u00e2ncia podem afetar a sa\u00fade geral.\u00a0 No Brasil, um dos maiores consumidores de caf\u00e9, o consumo per capita anual \u00e9 significativamente alto.\u00a0Estima-se que cada brasileiro beba, em m\u00e9dia, mais de 400 litros de caf\u00e9 ao [&hellip;]<\/p>\n","protected":false},"author":5,"featured_media":22164,"comment_status":"open","ping_status":"open","sticky":false,"template":"","format":"standard","meta":{"jnews-multi-image_gallery":[],"jnews_single_post":{"format":"standard"},"jnews_primary_category":[],"jnews_override_counter":[],"jnews_post_split":[],"footnotes":""},"categories":[1],"tags":[3930,3929,917],"class_list":["post-22163","post","type-post","status-publish","format-standard","has-post-thumbnail","hentry","category-geral","tag-cafe-2","tag-cafeina","tag-saude-2"],"yoast_head":"<!-- This site is optimized with the Yoast SEO plugin v25.0 - https:\/\/yoast.com\/wordpress\/plugins\/seo\/ -->\n<title>Alimento n\u00famero 1 dos brasileiros \u00e9 o respons\u00e1vel por inflamar o corpo e provocar dor no est\u00f4mago<\/title>\n<meta name=\"robots\" content=\"index, follow, max-snippet:-1, max-image-preview:large, max-video-preview:-1\" \/>\n<link rel=\"canonical\" href=\"https:\/\/crusoe.audiencelabs.com.br\/alimento-numero-1-dos-brasileiros-e-o-responsavel-por-inflamar-o-corpo-e-provocar-dor-no-estomago\/\" \/>\n<meta property=\"og:locale\" content=\"pt_BR\" \/>\n<meta property=\"og:type\" content=\"article\" \/>\n<meta property=\"og:title\" content=\"Alimento n\u00famero 1 dos brasileiros \u00e9 o respons\u00e1vel por inflamar o corpo e provocar dor no est\u00f4mago\" \/>\n<meta property=\"og:description\" content=\"A cafe\u00edna \u00e9 uma constante na vida dos brasileiros, principalmente atrav\u00e9s do caf\u00e9 di\u00e1rio. No entanto, excessos no consumo da subst\u00e2ncia podem afetar a sa\u00fade geral.\u00a0 No Brasil, um dos maiores consumidores de caf\u00e9, o consumo per capita anual \u00e9 significativamente alto.\u00a0Estima-se que cada brasileiro beba, em m\u00e9dia, mais de 400 litros de caf\u00e9 ao [&hellip;]\" \/>\n<meta property=\"og:url\" content=\"https:\/\/crusoe.audiencelabs.com.br\/alimento-numero-1-dos-brasileiros-e-o-responsavel-por-inflamar-o-corpo-e-provocar-dor-no-estomago\/\" \/>\n<meta property=\"og:site_name\" content=\"Variedades - Cruso\u00e9\" \/>\n<meta property=\"article:published_time\" content=\"2025-11-10T10:00:00+00:00\" \/>\n<meta property=\"og:image\" content=\"https:\/\/cdn.crusoe.com.br\/uploads\/2025\/11\/dor-no-estomago-min.jpg\" \/>\n\t<meta property=\"og:image:width\" content=\"750\" \/>\n\t<meta property=\"og:image:height\" content=\"500\" \/>\n\t<meta property=\"og:image:type\" content=\"image\/jpeg\" \/>\n<meta name=\"author\" content=\"Milena Armando\" \/>\n<meta name=\"twitter:card\" content=\"summary_large_image\" \/>\n<meta name=\"twitter:label1\" content=\"Escrito por\" \/>\n\t<meta name=\"twitter:data1\" content=\"Milena Armando\" \/>\n\t<meta name=\"twitter:label2\" content=\"Est. tempo de leitura\" \/>\n\t<meta name=\"twitter:data2\" content=\"3 minutos\" \/>\n<script type=\"application\/ld+json\" class=\"yoast-schema-graph\">{\"@context\":\"https:\/\/schema.org\",\"@graph\":[{\"@type\":\"WebPage\",\"@id\":\"https:\/\/crusoe.audiencelabs.com.br\/alimento-numero-1-dos-brasileiros-e-o-responsavel-por-inflamar-o-corpo-e-provocar-dor-no-estomago\/\",\"url\":\"https:\/\/crusoe.audiencelabs.com.br\/alimento-numero-1-dos-brasileiros-e-o-responsavel-por-inflamar-o-corpo-e-provocar-dor-no-estomago\/\",\"name\":\"Alimento n\u00famero 1 dos brasileiros \u00e9 o respons\u00e1vel por inflamar o corpo e provocar dor no est\u00f4mago\",\"isPartOf\":{\"@id\":\"https:\/\/crusoe.audiencelabs.com.br\/#website\"},\"primaryImageOfPage\":{\"@id\":\"https:\/\/crusoe.audiencelabs.com.br\/alimento-numero-1-dos-brasileiros-e-o-responsavel-por-inflamar-o-corpo-e-provocar-dor-no-estomago\/#primaryimage\"},\"image\":{\"@id\":\"https:\/\/crusoe.audiencelabs.com.br\/alimento-numero-1-dos-brasileiros-e-o-responsavel-por-inflamar-o-corpo-e-provocar-dor-no-estomago\/#primaryimage\"},\"thumbnailUrl\":\"https:\/\/cdn.crusoe.com.br\/uploads\/2025\/11\/dor-no-estomago-min.jpg\",\"datePublished\":\"2025-11-10T10:00:00+00:00\",\"author\":{\"@id\":\"https:\/\/crusoe.audiencelabs.com.br\/#\/schema\/person\/f87f73cfe89e5360de2c006bd4bd6a74\"},\"breadcrumb\":{\"@id\":\"https:\/\/crusoe.audiencelabs.com.br\/alimento-numero-1-dos-brasileiros-e-o-responsavel-por-inflamar-o-corpo-e-provocar-dor-no-estomago\/#breadcrumb\"},\"inLanguage\":\"pt-BR\",\"potentialAction\":[{\"@type\":\"ReadAction\",\"target\":[\"https:\/\/crusoe.audiencelabs.com.br\/alimento-numero-1-dos-brasileiros-e-o-responsavel-por-inflamar-o-corpo-e-provocar-dor-no-estomago\/\"]}]},{\"@type\":\"ImageObject\",\"inLanguage\":\"pt-BR\",\"@id\":\"https:\/\/crusoe.audiencelabs.com.br\/alimento-numero-1-dos-brasileiros-e-o-responsavel-por-inflamar-o-corpo-e-provocar-dor-no-estomago\/#primaryimage\",\"url\":\"https:\/\/cdn.crusoe.com.br\/uploads\/2025\/11\/dor-no-estomago-min.jpg\",\"contentUrl\":\"https:\/\/cdn.crusoe.com.br\/uploads\/2025\/11\/dor-no-estomago-min.jpg\",\"width\":750,\"height\":500,\"caption\":\"Foto: IMEB\"},{\"@type\":\"BreadcrumbList\",\"@id\":\"https:\/\/crusoe.audiencelabs.com.br\/alimento-numero-1-dos-brasileiros-e-o-responsavel-por-inflamar-o-corpo-e-provocar-dor-no-estomago\/#breadcrumb\",\"itemListElement\":[{\"@type\":\"ListItem\",\"position\":1,\"name\":\"Home\",\"item\":\"https:\/\/crusoe.audiencelabs.com.br\/\"},{\"@type\":\"ListItem\",\"position\":2,\"name\":\"Alimento n\u00famero 1 dos brasileiros \u00e9 o respons\u00e1vel por inflamar o corpo e provocar dor no est\u00f4mago\"}]},{\"@type\":\"WebSite\",\"@id\":\"https:\/\/crusoe.audiencelabs.com.br\/#website\",\"url\":\"https:\/\/crusoe.audiencelabs.com.br\/\",\"name\":\"Variedades - Cruso\u00e9\",\"description\":\"\",\"potentialAction\":[{\"@type\":\"SearchAction\",\"target\":{\"@type\":\"EntryPoint\",\"urlTemplate\":\"https:\/\/crusoe.audiencelabs.com.br\/?s={search_term_string}\"},\"query-input\":{\"@type\":\"PropertyValueSpecification\",\"valueRequired\":true,\"valueName\":\"search_term_string\"}}],\"inLanguage\":\"pt-BR\"},{\"@type\":\"Person\",\"@id\":\"https:\/\/crusoe.audiencelabs.com.br\/#\/schema\/person\/f87f73cfe89e5360de2c006bd4bd6a74\",\"name\":\"Milena Armando\",\"image\":{\"@type\":\"ImageObject\",\"inLanguage\":\"pt-BR\",\"@id\":\"https:\/\/crusoe.audiencelabs.com.br\/#\/schema\/person\/image\/\",\"url\":\"https:\/\/secure.gravatar.com\/avatar\/ea14ecddc9e9d202b698b18f9f69e09c9fd74cfbed5c6008d55f11faefdbdab7?s=96&d=mm&r=g\",\"contentUrl\":\"https:\/\/secure.gravatar.com\/avatar\/ea14ecddc9e9d202b698b18f9f69e09c9fd74cfbed5c6008d55f11faefdbdab7?s=96&d=mm&r=g\",\"caption\":\"Milena Armando\"},\"description\":\"Jornalista, redatora e revisora.\",\"url\":\"https:\/\/crusoe.audiencelabs.com.br\/author\/milena\/\"}]}<\/script>\n<!-- \/ Yoast SEO plugin. -->","yoast_head_json":{"title":"Alimento n\u00famero 1 dos brasileiros \u00e9 o respons\u00e1vel por inflamar o corpo e provocar dor no est\u00f4mago","robots":{"index":"index","follow":"follow","max-snippet":"max-snippet:-1","max-image-preview":"max-image-preview:large","max-video-preview":"max-video-preview:-1"},"canonical":"https:\/\/crusoe.audiencelabs.com.br\/alimento-numero-1-dos-brasileiros-e-o-responsavel-por-inflamar-o-corpo-e-provocar-dor-no-estomago\/","og_locale":"pt_BR","og_type":"article","og_title":"Alimento n\u00famero 1 dos brasileiros \u00e9 o respons\u00e1vel por inflamar o corpo e provocar dor no est\u00f4mago","og_description":"A cafe\u00edna \u00e9 uma constante na vida dos brasileiros, principalmente atrav\u00e9s do caf\u00e9 di\u00e1rio. No entanto, excessos no consumo da subst\u00e2ncia podem afetar a sa\u00fade geral.\u00a0 No Brasil, um dos maiores consumidores de caf\u00e9, o consumo per capita anual \u00e9 significativamente alto.\u00a0Estima-se que cada brasileiro beba, em m\u00e9dia, mais de 400 litros de caf\u00e9 ao [&hellip;]","og_url":"https:\/\/crusoe.audiencelabs.com.br\/alimento-numero-1-dos-brasileiros-e-o-responsavel-por-inflamar-o-corpo-e-provocar-dor-no-estomago\/","og_site_name":"Variedades - Cruso\u00e9","article_published_time":"2025-11-10T10:00:00+00:00","og_image":[{"width":750,"height":500,"url":"https:\/\/cdn.crusoe.com.br\/uploads\/2025\/11\/dor-no-estomago-min.jpg","type":"image\/jpeg"}],"author":"Milena Armando","twitter_card":"summary_large_image","twitter_misc":{"Escrito por":"Milena Armando","Est. tempo de leitura":"3 minutos"},"schema":{"@context":"https:\/\/schema.org","@graph":[{"@type":"WebPage","@id":"https:\/\/crusoe.audiencelabs.com.br\/alimento-numero-1-dos-brasileiros-e-o-responsavel-por-inflamar-o-corpo-e-provocar-dor-no-estomago\/","url":"https:\/\/crusoe.audiencelabs.com.br\/alimento-numero-1-dos-brasileiros-e-o-responsavel-por-inflamar-o-corpo-e-provocar-dor-no-estomago\/","name":"Alimento n\u00famero 1 dos brasileiros \u00e9 o respons\u00e1vel por inflamar o corpo e provocar dor no est\u00f4mago","isPartOf":{"@id":"https:\/\/crusoe.audiencelabs.com.br\/#website"},"primaryImageOfPage":{"@id":"https:\/\/crusoe.audiencelabs.com.br\/alimento-numero-1-dos-brasileiros-e-o-responsavel-por-inflamar-o-corpo-e-provocar-dor-no-estomago\/#primaryimage"},"image":{"@id":"https:\/\/crusoe.audiencelabs.com.br\/alimento-numero-1-dos-brasileiros-e-o-responsavel-por-inflamar-o-corpo-e-provocar-dor-no-estomago\/#primaryimage"},"thumbnailUrl":"https:\/\/cdn.crusoe.com.br\/uploads\/2025\/11\/dor-no-estomago-min.jpg","datePublished":"2025-11-10T10:00:00+00:00","author":{"@id":"https:\/\/crusoe.audiencelabs.com.br\/#\/schema\/person\/f87f73cfe89e5360de2c006bd4bd6a74"},"breadcrumb":{"@id":"https:\/\/crusoe.audiencelabs.com.br\/alimento-numero-1-dos-brasileiros-e-o-responsavel-por-inflamar-o-corpo-e-provocar-dor-no-estomago\/#breadcrumb"},"inLanguage":"pt-BR","potentialAction":[{"@type":"ReadAction","target":["https:\/\/crusoe.audiencelabs.com.br\/alimento-numero-1-dos-brasileiros-e-o-responsavel-por-inflamar-o-corpo-e-provocar-dor-no-estomago\/"]}]},{"@type":"ImageObject","inLanguage":"pt-BR","@id":"https:\/\/crusoe.audiencelabs.com.br\/alimento-numero-1-dos-brasileiros-e-o-responsavel-por-inflamar-o-corpo-e-provocar-dor-no-estomago\/#primaryimage","url":"https:\/\/cdn.crusoe.com.br\/uploads\/2025\/11\/dor-no-estomago-min.jpg","contentUrl":"https:\/\/cdn.crusoe.com.br\/uploads\/2025\/11\/dor-no-estomago-min.jpg","width":750,"height":500,"caption":"Foto: IMEB"},{"@type":"BreadcrumbList","@id":"https:\/\/crusoe.audiencelabs.com.br\/alimento-numero-1-dos-brasileiros-e-o-responsavel-por-inflamar-o-corpo-e-provocar-dor-no-estomago\/#breadcrumb","itemListElement":[{"@type":"ListItem","position":1,"name":"Home","item":"https:\/\/crusoe.audiencelabs.com.br\/"},{"@type":"ListItem","position":2,"name":"Alimento n\u00famero 1 dos brasileiros \u00e9 o respons\u00e1vel por inflamar o corpo e provocar dor no est\u00f4mago"}]},{"@type":"WebSite","@id":"https:\/\/crusoe.audiencelabs.com.br\/#website","url":"https:\/\/crusoe.audiencelabs.com.br\/","name":"Variedades - Cruso\u00e9","description":"","potentialAction":[{"@type":"SearchAction","target":{"@type":"EntryPoint","urlTemplate":"https:\/\/crusoe.audiencelabs.com.br\/?s={search_term_string}"},"query-input":{"@type":"PropertyValueSpecification","valueRequired":true,"valueName":"search_term_string"}}],"inLanguage":"pt-BR"},{"@type":"Person","@id":"https:\/\/crusoe.audiencelabs.com.br\/#\/schema\/person\/f87f73cfe89e5360de2c006bd4bd6a74","name":"Milena Armando","image":{"@type":"ImageObject","inLanguage":"pt-BR","@id":"https:\/\/crusoe.audiencelabs.com.br\/#\/schema\/person\/image\/","url":"https:\/\/secure.gravatar.com\/avatar\/ea14ecddc9e9d202b698b18f9f69e09c9fd74cfbed5c6008d55f11faefdbdab7?s=96&d=mm&r=g","contentUrl":"https:\/\/secure.gravatar.com\/avatar\/ea14ecddc9e9d202b698b18f9f69e09c9fd74cfbed5c6008d55f11faefdbdab7?s=96&d=mm&r=g","caption":"Milena Armando"},"description":"Jornalista, redatora e revisora.","url":"https:\/\/crusoe.audiencelabs.com.br\/author\/milena\/"}]}},"_links":{"self":[{"href":"https:\/\/crusoe.audiencelabs.com.br\/wp-json\/wp\/v2\/posts\/22163","targetHints":{"allow":["GET"]}}],"collection":[{"href":"https:\/\/crusoe.audiencelabs.com.br\/wp-json\/wp\/v2\/posts"}],"about":[{"href":"https:\/\/crusoe.audiencelabs.com.br\/wp-json\/wp\/v2\/types\/post"}],"author":[{"embeddable":true,"href":"https:\/\/crusoe.audiencelabs.com.br\/wp-json\/wp\/v2\/users\/5"}],"replies":[{"embeddable":true,"href":"https:\/\/crusoe.audiencelabs.com.br\/wp-json\/wp\/v2\/comments?post=22163"}],"version-history":[{"count":2,"href":"https:\/\/crusoe.audiencelabs.com.br\/wp-json\/wp\/v2\/posts\/22163\/revisions"}],"predecessor-version":[{"id":22166,"href":"https:\/\/crusoe.audiencelabs.com.br\/wp-json\/wp\/v2\/posts\/22163\/revisions\/22166"}],"wp:featuredmedia":[{"embeddable":true,"href":"https:\/\/crusoe.audiencelabs.com.br\/wp-json\/wp\/v2\/media\/22164"}],"wp:attachment":[{"href":"https:\/\/crusoe.audiencelabs.com.br\/wp-json\/wp\/v2\/media?parent=22163"}],"wp:term":[{"taxonomy":"category","embeddable":true,"href":"https:\/\/crusoe.audiencelabs.com.br\/wp-json\/wp\/v2\/categories?post=22163"},{"taxonomy":"post_tag","embeddable":true,"href":"https:\/\/crusoe.audiencelabs.com.br\/wp-json\/wp\/v2\/tags?post=22163"}],"curies":[{"name":"wp","href":"https:\/\/api.w.org\/{rel}","templated":true}]}}