{"id":21930,"date":"2025-11-20T17:00:00","date_gmt":"2025-11-20T20:00:00","guid":{"rendered":"https:\/\/crusoe.audiencelabs.com.br\/?p=21930"},"modified":"2025-11-08T17:47:05","modified_gmt":"2025-11-08T20:47:05","slug":"existe-uma-maneira-correta-para-dormir-com-o-ar-condicionado-sem-que-ele-prejudique-seu-corpo","status":"publish","type":"post","link":"https:\/\/crusoe.audiencelabs.com.br\/existe-uma-maneira-correta-para-dormir-com-o-ar-condicionado-sem-que-ele-prejudique-seu-corpo\/","title":{"rendered":"Existe uma maneira correta para dormir com o ar-condicionado sem que ele prejudique seu corpo"},"content":{"rendered":"\n<p>Durante os dias mais quentes, o <strong>ar-condicionado<\/strong> se torna um aliado essencial para enfrentar o calor, principalmente na<strong> hora de dormir<\/strong>. No entanto, seu uso requer cuidados para<strong> proteger a sa\u00fade respirat\u00f3ria<\/strong>.\u00a0<\/p>\n\n\n\n<p>Manter-se informado sobre como<strong> operar o aparelho adequadamente<\/strong> \u00e9 essencial para evitar problemas respirat\u00f3rios e garantir um ambiente seguro.\u00a0<\/p>\n\n\n\n<h2 class=\"wp-block-heading\">O impacto do ar-condicionado na sa\u00fade<\/h2>\n\n\n\n<p>O ar-condicionado oferece al\u00edvio contra o calor, mas pode ser prejudicial se utilizado incorretamente.\u00a0A exposi\u00e7\u00e3o prolongada ao ar frio e seco pode r<strong>essecar as vias a\u00e9reas<\/strong>, causando <strong>irrita\u00e7\u00f5es<\/strong> e aumentando a suscetibilidade a <strong>infec\u00e7\u00f5es<\/strong>.\u00a0<\/p>\n\n\n\n<p>Filtros sujos e aparelhos mal mantidos elevam o risco de \u00e1caros e bact\u00e9rias, impactando diretamente a qualidade do ar respirado.<\/p>\n\n\n\n<h2 class=\"wp-block-heading\">Otimizando o uso do ar-condicionado<\/h2>\n\n\n\n<p>Manter a t<strong>emperatura entre 20\u00b0C e 23\u00b0C <\/strong>\u00e9 recomendado para evitar problemas respirat\u00f3rios. Essa configura\u00e7\u00e3o ajuda a evitar o ressecamento das mucosas nasais e minimiza o risco de infec\u00e7\u00f5es.\u00a0<\/p>\n\n\n\n<p>A <strong>limpeza regular dos filtros<\/strong> \u00e9 essencial para garantir um ar mais puro e um bom desempenho do aparelho. Filtros sujos podem levar o aparelho a trabalhar mais, elevando o consumo de energia e provocando falhas. <\/p>\n\n\n\n<h2 class=\"wp-block-heading\">Hidrata\u00e7\u00e3o e umidifica\u00e7\u00e3o: chaves para o conforto<\/h2>\n\n\n\n<p>O ar condicionado retira a umidade, ressecando a pele e mucosas. <strong>Beber \u00e1gua regularmente <\/strong>e usar <strong>umidificadores <\/strong>ajudar\u00e1 a manter o corpo hidratado.\u00a0<\/p>\n\n\n\n<p>Colocar r<strong>ecipientes com \u00e1gua perto da cama <\/strong>quando for dormir, pode melhorar a umidade do ambiente, preservando as mucosas do nariz e da garganta.<\/p>\n\n\n\n<p><strong>Intercalar o uso do ar-condicionado com ventila\u00e7\u00e3o natural<\/strong>, como abrir janelas em hor\u00e1rios frescos, melhora a qualidade do ar, dispersando pat\u00f3genos acumulados.\u00a0Com essas pr\u00e1ticas, \u00e9 poss\u00edvel desfrutar do conforto t\u00e9rmico sem comprometer a qualidade do ar.\u00a0<\/p>\n","protected":false},"excerpt":{"rendered":"<p>Durante os dias mais quentes, o ar-condicionado se torna um aliado essencial para enfrentar o calor, principalmente na hora de dormir. No entanto, seu uso requer cuidados para proteger a sa\u00fade respirat\u00f3ria.\u00a0 Manter-se informado sobre como operar o aparelho adequadamente \u00e9 essencial para evitar problemas respirat\u00f3rios e garantir um ambiente seguro.\u00a0 O impacto do ar-condicionado [&hellip;]<\/p>\n","protected":false},"author":5,"featured_media":21931,"comment_status":"open","ping_status":"open","sticky":false,"template":"","format":"standard","meta":{"jnews-multi-image_gallery":[],"jnews_single_post":{"format":"standard"},"jnews_primary_category":[],"jnews_override_counter":[],"jnews_post_split":[],"footnotes":""},"categories":[1],"tags":[1913,288],"class_list":["post-21930","post","type-post","status-publish","format-standard","has-post-thumbnail","hentry","category-geral","tag-ar-condicionado","tag-dicas"],"yoast_head":"<!-- This site is optimized with the Yoast SEO plugin v25.0 - https:\/\/yoast.com\/wordpress\/plugins\/seo\/ -->\n<title>Existe uma maneira correta para dormir com o ar-condicionado sem que ele prejudique seu corpo<\/title>\n<meta name=\"robots\" content=\"index, follow, max-snippet:-1, max-image-preview:large, max-video-preview:-1\" \/>\n<link rel=\"canonical\" href=\"https:\/\/crusoe.audiencelabs.com.br\/existe-uma-maneira-correta-para-dormir-com-o-ar-condicionado-sem-que-ele-prejudique-seu-corpo\/\" \/>\n<meta property=\"og:locale\" content=\"pt_BR\" \/>\n<meta property=\"og:type\" content=\"article\" \/>\n<meta property=\"og:title\" content=\"Existe uma maneira correta para dormir com o ar-condicionado sem que ele prejudique seu corpo\" \/>\n<meta property=\"og:description\" content=\"Durante os dias mais quentes, o ar-condicionado se torna um aliado essencial para enfrentar o calor, principalmente na hora de dormir. No entanto, seu uso requer cuidados para proteger a sa\u00fade respirat\u00f3ria.\u00a0 Manter-se informado sobre como operar o aparelho adequadamente \u00e9 essencial para evitar problemas respirat\u00f3rios e garantir um ambiente seguro.\u00a0 O impacto do ar-condicionado [&hellip;]\" \/>\n<meta property=\"og:url\" content=\"https:\/\/crusoe.audiencelabs.com.br\/existe-uma-maneira-correta-para-dormir-com-o-ar-condicionado-sem-que-ele-prejudique-seu-corpo\/\" \/>\n<meta property=\"og:site_name\" content=\"Variedades - Cruso\u00e9\" \/>\n<meta property=\"article:published_time\" content=\"2025-11-20T20:00:00+00:00\" \/>\n<meta property=\"og:image\" content=\"https:\/\/cdn.crusoe.com.br\/uploads\/2025\/11\/Ar-condicionado-para-ambiente-pequeno.jpg\" \/>\n\t<meta property=\"og:image:width\" content=\"700\" \/>\n\t<meta property=\"og:image:height\" content=\"400\" \/>\n\t<meta property=\"og:image:type\" content=\"image\/jpeg\" \/>\n<meta name=\"author\" content=\"Milena Armando\" \/>\n<meta name=\"twitter:card\" content=\"summary_large_image\" \/>\n<meta name=\"twitter:label1\" content=\"Escrito por\" \/>\n\t<meta name=\"twitter:data1\" content=\"Milena Armando\" \/>\n\t<meta name=\"twitter:label2\" content=\"Est. tempo de leitura\" \/>\n\t<meta name=\"twitter:data2\" content=\"2 minutos\" \/>\n<script type=\"application\/ld+json\" class=\"yoast-schema-graph\">{\"@context\":\"https:\/\/schema.org\",\"@graph\":[{\"@type\":\"WebPage\",\"@id\":\"https:\/\/crusoe.audiencelabs.com.br\/existe-uma-maneira-correta-para-dormir-com-o-ar-condicionado-sem-que-ele-prejudique-seu-corpo\/\",\"url\":\"https:\/\/crusoe.audiencelabs.com.br\/existe-uma-maneira-correta-para-dormir-com-o-ar-condicionado-sem-que-ele-prejudique-seu-corpo\/\",\"name\":\"Existe uma maneira correta para dormir com o ar-condicionado sem que ele prejudique seu corpo\",\"isPartOf\":{\"@id\":\"https:\/\/crusoe.audiencelabs.com.br\/#website\"},\"primaryImageOfPage\":{\"@id\":\"https:\/\/crusoe.audiencelabs.com.br\/existe-uma-maneira-correta-para-dormir-com-o-ar-condicionado-sem-que-ele-prejudique-seu-corpo\/#primaryimage\"},\"image\":{\"@id\":\"https:\/\/crusoe.audiencelabs.com.br\/existe-uma-maneira-correta-para-dormir-com-o-ar-condicionado-sem-que-ele-prejudique-seu-corpo\/#primaryimage\"},\"thumbnailUrl\":\"https:\/\/cdn.crusoe.com.br\/uploads\/2025\/11\/Ar-condicionado-para-ambiente-pequeno.jpg\",\"datePublished\":\"2025-11-20T20:00:00+00:00\",\"author\":{\"@id\":\"https:\/\/crusoe.audiencelabs.com.br\/#\/schema\/person\/f87f73cfe89e5360de2c006bd4bd6a74\"},\"breadcrumb\":{\"@id\":\"https:\/\/crusoe.audiencelabs.com.br\/existe-uma-maneira-correta-para-dormir-com-o-ar-condicionado-sem-que-ele-prejudique-seu-corpo\/#breadcrumb\"},\"inLanguage\":\"pt-BR\",\"potentialAction\":[{\"@type\":\"ReadAction\",\"target\":[\"https:\/\/crusoe.audiencelabs.com.br\/existe-uma-maneira-correta-para-dormir-com-o-ar-condicionado-sem-que-ele-prejudique-seu-corpo\/\"]}]},{\"@type\":\"ImageObject\",\"inLanguage\":\"pt-BR\",\"@id\":\"https:\/\/crusoe.audiencelabs.com.br\/existe-uma-maneira-correta-para-dormir-com-o-ar-condicionado-sem-que-ele-prejudique-seu-corpo\/#primaryimage\",\"url\":\"https:\/\/cdn.crusoe.com.br\/uploads\/2025\/11\/Ar-condicionado-para-ambiente-pequeno.jpg\",\"contentUrl\":\"https:\/\/cdn.crusoe.com.br\/uploads\/2025\/11\/Ar-condicionado-para-ambiente-pequeno.jpg\",\"width\":700,\"height\":400,\"caption\":\"Foto: Bem Geladin\"},{\"@type\":\"BreadcrumbList\",\"@id\":\"https:\/\/crusoe.audiencelabs.com.br\/existe-uma-maneira-correta-para-dormir-com-o-ar-condicionado-sem-que-ele-prejudique-seu-corpo\/#breadcrumb\",\"itemListElement\":[{\"@type\":\"ListItem\",\"position\":1,\"name\":\"Home\",\"item\":\"https:\/\/crusoe.audiencelabs.com.br\/\"},{\"@type\":\"ListItem\",\"position\":2,\"name\":\"Existe uma maneira correta para dormir com o ar-condicionado sem que ele prejudique seu corpo\"}]},{\"@type\":\"WebSite\",\"@id\":\"https:\/\/crusoe.audiencelabs.com.br\/#website\",\"url\":\"https:\/\/crusoe.audiencelabs.com.br\/\",\"name\":\"Variedades - Cruso\u00e9\",\"description\":\"\",\"potentialAction\":[{\"@type\":\"SearchAction\",\"target\":{\"@type\":\"EntryPoint\",\"urlTemplate\":\"https:\/\/crusoe.audiencelabs.com.br\/?s={search_term_string}\"},\"query-input\":{\"@type\":\"PropertyValueSpecification\",\"valueRequired\":true,\"valueName\":\"search_term_string\"}}],\"inLanguage\":\"pt-BR\"},{\"@type\":\"Person\",\"@id\":\"https:\/\/crusoe.audiencelabs.com.br\/#\/schema\/person\/f87f73cfe89e5360de2c006bd4bd6a74\",\"name\":\"Milena Armando\",\"image\":{\"@type\":\"ImageObject\",\"inLanguage\":\"pt-BR\",\"@id\":\"https:\/\/crusoe.audiencelabs.com.br\/#\/schema\/person\/image\/\",\"url\":\"https:\/\/secure.gravatar.com\/avatar\/ea14ecddc9e9d202b698b18f9f69e09c9fd74cfbed5c6008d55f11faefdbdab7?s=96&d=mm&r=g\",\"contentUrl\":\"https:\/\/secure.gravatar.com\/avatar\/ea14ecddc9e9d202b698b18f9f69e09c9fd74cfbed5c6008d55f11faefdbdab7?s=96&d=mm&r=g\",\"caption\":\"Milena Armando\"},\"description\":\"Jornalista, redatora e revisora.\",\"url\":\"https:\/\/crusoe.audiencelabs.com.br\/author\/milena\/\"}]}<\/script>\n<!-- \/ Yoast SEO plugin. -->","yoast_head_json":{"title":"Existe uma maneira correta para dormir com o ar-condicionado sem que ele prejudique seu corpo","robots":{"index":"index","follow":"follow","max-snippet":"max-snippet:-1","max-image-preview":"max-image-preview:large","max-video-preview":"max-video-preview:-1"},"canonical":"https:\/\/crusoe.audiencelabs.com.br\/existe-uma-maneira-correta-para-dormir-com-o-ar-condicionado-sem-que-ele-prejudique-seu-corpo\/","og_locale":"pt_BR","og_type":"article","og_title":"Existe uma maneira correta para dormir com o ar-condicionado sem que ele prejudique seu corpo","og_description":"Durante os dias mais quentes, o ar-condicionado se torna um aliado essencial para enfrentar o calor, principalmente na hora de dormir. No entanto, seu uso requer cuidados para proteger a sa\u00fade respirat\u00f3ria.\u00a0 Manter-se informado sobre como operar o aparelho adequadamente \u00e9 essencial para evitar problemas respirat\u00f3rios e garantir um ambiente seguro.\u00a0 O impacto do ar-condicionado [&hellip;]","og_url":"https:\/\/crusoe.audiencelabs.com.br\/existe-uma-maneira-correta-para-dormir-com-o-ar-condicionado-sem-que-ele-prejudique-seu-corpo\/","og_site_name":"Variedades - Cruso\u00e9","article_published_time":"2025-11-20T20:00:00+00:00","og_image":[{"width":700,"height":400,"url":"https:\/\/cdn.crusoe.com.br\/uploads\/2025\/11\/Ar-condicionado-para-ambiente-pequeno.jpg","type":"image\/jpeg"}],"author":"Milena Armando","twitter_card":"summary_large_image","twitter_misc":{"Escrito por":"Milena Armando","Est. tempo de leitura":"2 minutos"},"schema":{"@context":"https:\/\/schema.org","@graph":[{"@type":"WebPage","@id":"https:\/\/crusoe.audiencelabs.com.br\/existe-uma-maneira-correta-para-dormir-com-o-ar-condicionado-sem-que-ele-prejudique-seu-corpo\/","url":"https:\/\/crusoe.audiencelabs.com.br\/existe-uma-maneira-correta-para-dormir-com-o-ar-condicionado-sem-que-ele-prejudique-seu-corpo\/","name":"Existe uma maneira correta para dormir com o ar-condicionado sem que ele prejudique seu corpo","isPartOf":{"@id":"https:\/\/crusoe.audiencelabs.com.br\/#website"},"primaryImageOfPage":{"@id":"https:\/\/crusoe.audiencelabs.com.br\/existe-uma-maneira-correta-para-dormir-com-o-ar-condicionado-sem-que-ele-prejudique-seu-corpo\/#primaryimage"},"image":{"@id":"https:\/\/crusoe.audiencelabs.com.br\/existe-uma-maneira-correta-para-dormir-com-o-ar-condicionado-sem-que-ele-prejudique-seu-corpo\/#primaryimage"},"thumbnailUrl":"https:\/\/cdn.crusoe.com.br\/uploads\/2025\/11\/Ar-condicionado-para-ambiente-pequeno.jpg","datePublished":"2025-11-20T20:00:00+00:00","author":{"@id":"https:\/\/crusoe.audiencelabs.com.br\/#\/schema\/person\/f87f73cfe89e5360de2c006bd4bd6a74"},"breadcrumb":{"@id":"https:\/\/crusoe.audiencelabs.com.br\/existe-uma-maneira-correta-para-dormir-com-o-ar-condicionado-sem-que-ele-prejudique-seu-corpo\/#breadcrumb"},"inLanguage":"pt-BR","potentialAction":[{"@type":"ReadAction","target":["https:\/\/crusoe.audiencelabs.com.br\/existe-uma-maneira-correta-para-dormir-com-o-ar-condicionado-sem-que-ele-prejudique-seu-corpo\/"]}]},{"@type":"ImageObject","inLanguage":"pt-BR","@id":"https:\/\/crusoe.audiencelabs.com.br\/existe-uma-maneira-correta-para-dormir-com-o-ar-condicionado-sem-que-ele-prejudique-seu-corpo\/#primaryimage","url":"https:\/\/cdn.crusoe.com.br\/uploads\/2025\/11\/Ar-condicionado-para-ambiente-pequeno.jpg","contentUrl":"https:\/\/cdn.crusoe.com.br\/uploads\/2025\/11\/Ar-condicionado-para-ambiente-pequeno.jpg","width":700,"height":400,"caption":"Foto: Bem Geladin"},{"@type":"BreadcrumbList","@id":"https:\/\/crusoe.audiencelabs.com.br\/existe-uma-maneira-correta-para-dormir-com-o-ar-condicionado-sem-que-ele-prejudique-seu-corpo\/#breadcrumb","itemListElement":[{"@type":"ListItem","position":1,"name":"Home","item":"https:\/\/crusoe.audiencelabs.com.br\/"},{"@type":"ListItem","position":2,"name":"Existe uma maneira correta para dormir com o ar-condicionado sem que ele prejudique seu corpo"}]},{"@type":"WebSite","@id":"https:\/\/crusoe.audiencelabs.com.br\/#website","url":"https:\/\/crusoe.audiencelabs.com.br\/","name":"Variedades - Cruso\u00e9","description":"","potentialAction":[{"@type":"SearchAction","target":{"@type":"EntryPoint","urlTemplate":"https:\/\/crusoe.audiencelabs.com.br\/?s={search_term_string}"},"query-input":{"@type":"PropertyValueSpecification","valueRequired":true,"valueName":"search_term_string"}}],"inLanguage":"pt-BR"},{"@type":"Person","@id":"https:\/\/crusoe.audiencelabs.com.br\/#\/schema\/person\/f87f73cfe89e5360de2c006bd4bd6a74","name":"Milena Armando","image":{"@type":"ImageObject","inLanguage":"pt-BR","@id":"https:\/\/crusoe.audiencelabs.com.br\/#\/schema\/person\/image\/","url":"https:\/\/secure.gravatar.com\/avatar\/ea14ecddc9e9d202b698b18f9f69e09c9fd74cfbed5c6008d55f11faefdbdab7?s=96&d=mm&r=g","contentUrl":"https:\/\/secure.gravatar.com\/avatar\/ea14ecddc9e9d202b698b18f9f69e09c9fd74cfbed5c6008d55f11faefdbdab7?s=96&d=mm&r=g","caption":"Milena Armando"},"description":"Jornalista, redatora e revisora.","url":"https:\/\/crusoe.audiencelabs.com.br\/author\/milena\/"}]}},"_links":{"self":[{"href":"https:\/\/crusoe.audiencelabs.com.br\/wp-json\/wp\/v2\/posts\/21930","targetHints":{"allow":["GET"]}}],"collection":[{"href":"https:\/\/crusoe.audiencelabs.com.br\/wp-json\/wp\/v2\/posts"}],"about":[{"href":"https:\/\/crusoe.audiencelabs.com.br\/wp-json\/wp\/v2\/types\/post"}],"author":[{"embeddable":true,"href":"https:\/\/crusoe.audiencelabs.com.br\/wp-json\/wp\/v2\/users\/5"}],"replies":[{"embeddable":true,"href":"https:\/\/crusoe.audiencelabs.com.br\/wp-json\/wp\/v2\/comments?post=21930"}],"version-history":[{"count":2,"href":"https:\/\/crusoe.audiencelabs.com.br\/wp-json\/wp\/v2\/posts\/21930\/revisions"}],"predecessor-version":[{"id":22346,"href":"https:\/\/crusoe.audiencelabs.com.br\/wp-json\/wp\/v2\/posts\/21930\/revisions\/22346"}],"wp:featuredmedia":[{"embeddable":true,"href":"https:\/\/crusoe.audiencelabs.com.br\/wp-json\/wp\/v2\/media\/21931"}],"wp:attachment":[{"href":"https:\/\/crusoe.audiencelabs.com.br\/wp-json\/wp\/v2\/media?parent=21930"}],"wp:term":[{"taxonomy":"category","embeddable":true,"href":"https:\/\/crusoe.audiencelabs.com.br\/wp-json\/wp\/v2\/categories?post=21930"},{"taxonomy":"post_tag","embeddable":true,"href":"https:\/\/crusoe.audiencelabs.com.br\/wp-json\/wp\/v2\/tags?post=21930"}],"curies":[{"name":"wp","href":"https:\/\/api.w.org\/{rel}","templated":true}]}}