{"id":21679,"date":"2025-11-04T13:00:00","date_gmt":"2025-11-04T16:00:00","guid":{"rendered":"https:\/\/crusoe.audiencelabs.com.br\/?p=21679"},"modified":"2025-11-05T14:56:51","modified_gmt":"2025-11-05T17:56:51","slug":"liberacao-da-maconha-foi-aprovada-no-brasil-inteiro","status":"publish","type":"post","link":"https:\/\/crusoe.audiencelabs.com.br\/liberacao-da-maconha-foi-aprovada-no-brasil-inteiro\/","title":{"rendered":"Libera\u00e7\u00e3o da maconha foi aprovada no Brasil inteiro, ap\u00f3s pesquisa"},"content":{"rendered":"\n<p>Uma pesquisa recente do PoderDat, revela que <strong>66% dos brasileiros aprovam a libera\u00e7\u00e3o da maconha medicinal<\/strong> no pa\u00eds.<\/p>\n\n\n\n<p>Este \u00e9 o maior \u00edndice registrado desde o in\u00edcio da s\u00e9rie hist\u00f3rica, em janeiro de 2022.&nbsp;A pesquisa foi realizada entre 27 e 29 de setembro deste ano e ouviu 2.500 pessoas em todo o pa\u00eds.&nbsp;<\/p>\n\n\n\n<p>A maioria dos entrevistados acredita que a regulamenta\u00e7\u00e3o trar\u00e1 benef\u00edcios, como o acesso a<strong> tratamentos para diversas doen\u00e7as, incluindo epilepsia e Parkinson<\/strong>.<\/p>\n\n\n\n<h2 class=\"wp-block-heading\">Crescimento do apoio popular<\/h2>\n\n\n\n<p>O <strong>aumento no apoio \u00e0 libera\u00e7\u00e3o da maconha medicinal <\/strong>no Brasil reflete um avan\u00e7o nas discuss\u00f5es sobre o tema.&nbsp;<\/p>\n\n\n<style>@media (min-width: 992px) {\n    .recomendadorV2Area1 {\n        width: 280px;\n    }\n    .recomendadorV2Area2 {\n        padding: 0px 20px;\n        width: calc(100% - 280px);\n    }\n}\n\n@media (max-width: 992px) {\n    .recomendadorV2Button {\n        margin: 0 auto;\n    }\n    .recomendadorV2Area {\n        flex-direction: column;\n        text-align: center;\n    }\n    .recomendadorV2Area2 {\n        padding: 0px 20px;\n    }\n}\n\n.recomendadorV2Area {\n    background: #eeeeee3d;\n    border-radius: 10px;\n    padding: 15px;\n    display: flex;\n    margin: 15px auto;\n    border: 1px solid #00000014;\n    max-width: 800px;\n}\n\n.recomendadorV2Area1 img {\n    width: 280px;\n    height: auto;\n    border-radius: 8px;\n}\n\n.linkrecomendadorv2 {\n    text-decoration: none !important;\n}\n\n.recomendadorV2Area2 .recomendadorV2Type {\n    text-transform: uppercase;\n    font-weight: 500;\n    font-size: 11px;\n    letter-spacing: 2px;\n    color: #666;\n    margin: 12px 0;\n    display: block;\n}\n\n.recomendadorV2Title h2 {\n    padding-top: 0px !important;\n    margin: 0px !important;\n    border-left: none !important;\n    padding-left: 0px !important;\n    line-height: 1.3;\n    color: #000 !important;\n    font-size: 24px;\n    margin-bottom: 12px !important;\n}\n\n.recomendadorV2Desc {\n    color: #333;\n    margin: 12px 0px !important;\n    font-size: 15px;\n    line-height: 1.5;\n}\n\n.recomendadorV2Button {\n    width: auto;\n    max-width: 200px;\n    margin: 0;\n    display: inline-flex;\n    align-items: center;\n    background: #1D3557;\n    border-radius: 8px;\n    color: #fff;\n    height: 36px;\n    justify-content: center;\n    text-align: center;\n    font-size: 14px;\n    padding: 0 20px;\n    transition: background-color 0.2s ease;\n}\n\n.recomendadorV2Button:hover {\n    background: #2a4d7a;\n}\n\n.recomendadorV2Button:after {\n    margin-top: -2px;\n    content: \"\u2192\";\n    padding: 0px 0px 0px 8px;\n}\n\n.recomendadorV2Alert {\n    text-align: left;\n    font-size: 11px;\n    margin-top: 8px;\n    color: #666;\n}\n\n.recomendadorFixedArea {\n    width: 100%;\n    display: flex;\n    justify-content: center;\n    align-items: center;\n}\n\n@media (min-width: 992px) {\n    #recomendadorFixed {\n        width: 32% !important;\n        left: 5%;\n    }\n    .recomendadorCloseFixed{\n        right: inherit !important;\n        left: 378px !important;\n    }\n}\n\n#recomendadorFixed {\n    width: 90%;\n    box-shadow: 0 10px 20px 0px #00000057;\n    display: none;\n    height: 90px;\n    background: #F6F6F6;\n    position: fixed;\n    flex-direction: row;\n    bottom: 10px;\n    z-index: 9999;\n    border-radius: 16px;\n    padding: 7px 10px;\n}\n\n.recomendadorLeftArea {\n    width: 160px;\n}\n\n.recomendadorRightArea h2 {\n    padding-top: 0px;\n    margin: 2px 0px 4px 0px !important;\n    font-weight: 400;\n    text-align: center;\n    padding-left: 0px !important;\n    color: #000 !important;\n    border-left: none !important;\n    line-height: 20px;\n    font-size: 12px !important;\n}\n\n.recomendadorImgFixed {\n    overflow: hidden;\n    padding: 8px 6px;\n    height: 100%;\n}\n\n.recomendadorImgFixed img {\n    height: 100% !important;\n    border-radius: 16px;\n}\n\n.recomendadorRightArea {\n    padding-top: 6px;\n    display: flex;\n    width: calc(100% - 130px);\n    justify-content: space-between;\n    align-items: center;\n    flex-direction: column;\n}\n\n.recomendadorButtonFixed {\n    margin: 0 auto;\n    background: #1D3557;\n    width: 80%;\n    text-align: center;\n    font-size: 10px;\n    color: #FFF;\n    padding: 2px 10px;\n    border-radius: 3px;\n}\n\n.recomendadorButtonFixed:after {\n    margin-top: -3px;\n    content: \"\u2192\";\n    padding: 0px 0px 0px 10px;\n}\n\n.recomendadorAlertFixed {\n    font-weight: 400;\n    text-align: center;\n    color: #484848;\n    font-size: 8px;\n}\n\n.recomendadorCloseFixed {\n    z-index: 99999;\n    display: none;\n    right: 0px;\n    left: inherit;\n    bottom: 99px;\n    position: fixed;\n    justify-content: center;\n    background: #F6F6F6;\n    width: 25px;\n    align-items: center;\n    height: 25px;\n    font-weight: 800;\n    border-radius: 50%;\n    border: 1px solid #EBEBEB;\n}\n\n.recomendadorV2Desc{\n    color: #000000;\n    margin: 20px 0px;\n}\n\n@media (max-width: 576px) {\n    .recomendadorV2Area {\n      padding: 10px;\n      max-width: 100%;\n    }\n  \n    .recomendadorV2Area1 img {\n      width: 100%;\n      border-radius: 6px;\n    }\n  \n    .recomendadorV2Area2 .recomendadorV2Type {\n      font-size: 9px;\n      letter-spacing: 1px;\n      margin: 8px 0;\n    }\n  \n    .recomendadorV2Title h2 {\n      font-size: 18px !important;\n      margin-bottom: 8px !important;\n      line-height: 1.2;\n    }\n  \n    .recomendadorV2Desc {\n      font-size: 14px;\n      margin: 8px 0 !important;\n      line-height: 1.4;\n    }\n  \n    .recomendadorV2Button {\n      font-size: 14px;\n      height: 40px;\n      padding: 0 12px;\n      max-width: 100%;\n      width: 100%;\n    }\n  \n    .recomendadorV2Button:after {\n      padding-left: 6px;\n    }\n  }\n  <\/style>\n        <div class=\"lazyblock-recomendador-v2-2jDGz wp-block-lazyblock-recomendador-v2\">\n        <a class=\"linkrecomendadorv2\" href=\"https:\/\/crusoe.com.br\/variedades\/nova-vacina-feita-no-brasil-sera-aplicada-entre-pessoas-de-2-a-59-anos-ja-em-2026\/?utm_source=lazy\">\n            <div class=\"recomendadorV2Area\">\n            <div class=\"recomendadorV2Area1\">\n                <div class=\"recomendadorV2Img\">\n                <img class=\"lazyloaded\" decoding=\"async\" src=\"https:\/\/cdn.crusoe.com.br\/uploads\/2025\/11\/vacina_1.jpg\" data-src=\"https:\/\/cdn.crusoe.com.br\/uploads\/2025\/11\/vacina_1.jpg\" alt=\"\">\n                <\/div>\n            <\/div>\n            <div class=\"recomendadorV2Area2\">\n                <div class=\"recomendadorV2Type\">\n                    <span>Vacina nacional<\/span>\n                <\/div>\n                <div class=\"recomendadorV2Title\">\n                <h2><span>Brasil prepara vacina contra dengue para 2026 \ud83d\udc89<\/span><\/h2>\n                <\/div>\n                <div class=\"recomendadorV2Desc\">\n                <span>Faixa de 2 a 59 anos ser\u00e1 abrangida<\/span>\n                <\/div>\n                <div class=\"recomendadorV2Button\">Saiba mais<\/div>\n                <div class=\"recomendadorV2Alert\"><\/div>\n            <\/div>\n            <\/div>\n        <\/a>\n        <div>\n            <div style=\"z-index:99999;\" id=\"buttonClose\" onclick=\"closeRecomendadorFixed()\">\n            <div class=\"recomendadorCloseFixed\">X<\/div>\n            <\/div>\n            <a href=\"https:\/\/crusoe.com.br\/variedades\/nova-vacina-feita-no-brasil-sera-aplicada-entre-pessoas-de-2-a-59-anos-ja-em-2026\/?utm_source=lazy\">\n            <div class=\"recomendadorFixedArea\">\n                <div id=\"recomendadorFixed\">\n                <div class=\"recomendadorLeftArea\">\n                    <div class=\"recomendadorImgFixed\">\n                    <img class=\"lazyload\" decoding=\"async\" src=\"https:\/\/cdn.crusoe.com.br\/uploads\/2025\/11\/vacina_1.jpg\" alt=\"\">\n                    <\/div>\n                <\/div>\n                <div class=\"recomendadorRightArea\">\n                    <div class=\"recomendadorTitleFixed\">\n                    <h2><span>Brasil prepara vacina contra dengue para 2026 \ud83d\udc89<\/span><\/h2>\n                    <\/div>\n                    <div class=\"recomendadorButtonFixed\">Saiba mais<\/div>\n                    <div class=\"recomendadorAlertFixed\"><\/div>\n                <\/div>\n                <\/div>\n            <\/div>\n            <\/a>\n        <\/div>\n        <\/div>\n\n\n\n<p>A Advocacia-Geral da Uni\u00e3o (AGU) solicitou ao Superior Tribunal de Justi\u00e7a (STJ) mais tempo para criar regras claras sobre o cultivo e comercializa\u00e7\u00e3o de cannabis para fins medicinais.&nbsp;<\/p>\n\n\n\n<p>Em S\u00e3o Paulo, a <a href=\"https:\/\/www.al.sp.gov.br\/repositorio\/legislacao\/lei\/2023\/lei-17618-31.01.2023.html\">Lei n\u00ba 17.618<\/a>, sancionada em 2023, prev\u00ea a distribui\u00e7\u00e3o gratuita de medicamentos \u00e0 base de cannabis na rede p\u00fablica de sa\u00fade, refor\u00e7ando iniciativas regionais para amplia\u00e7\u00e3o do acesso \u00e0s terapias.<\/p>\n\n\n\n<h2 class=\"wp-block-heading\">Debate e desafios na regulamenta\u00e7\u00e3o da maconha<\/h2>\n\n\n\n<p>O debate sobre a regulamenta\u00e7\u00e3o da maconha medicinal tem ganhado for\u00e7a, impulsionado por decis\u00f5es judiciais e a\u00e7\u00f5es governamentais.&nbsp;<\/p>\n\n\n\n<p>Em maio, o governo apresentou um plano de regulamenta\u00e7\u00e3o ao STJ, buscando definir um marco regulat\u00f3rio robusto para o uso medicinal da cannabis. Paralelamente, <strong>propostas legislativas tramitam no Senado<\/strong>, visando permitir o cultivo controlado para fins medicinais.<\/p>\n\n\n\n<p>Especialistas destacam a import\u00e2ncia de garantir qualidade e seguran\u00e7a nos medicamentos \u00e0 base de cannabis.&nbsp;A Ag\u00eancia Nacional de Vigil\u00e2ncia Sanit\u00e1ria (Anvisa) tem discutido altera\u00e7\u00f5es na legisla\u00e7\u00e3o atual, levando em considera\u00e7\u00e3o a press\u00e3o social e a necessidade de atualizar normas desatualizadas.<\/p>\n\n\n\n<h2 class=\"wp-block-heading\">Papel das associa\u00e7\u00f5es civis<\/h2>\n\n\n\n<p>As associa\u00e7\u00f5es civis sem fins lucrativos t\u00eam um papel fundamental no acesso a medicamentos \u00e0 base de cannabis no Brasil.&nbsp;<\/p>\n\n\n\n<p>Criadas para apoiar fam\u00edlias com dificuldades financeiras em adquirir tratamentos formais, essas entidades democratizam o acesso a terapias essenciais. Atualmente, existem mais de 200 associa\u00e7\u00f5es operando nacionalmente.<\/p>\n\n\n\n<p>Elas n\u00e3o s\u00f3 fornecem medicamentos a pre\u00e7os acess\u00edveis, como tamb\u00e9m estabelecem parcerias com universidades para desenvolver e testar novos produtos.&nbsp;<\/p>\n\n\n\n<h2 class=\"wp-block-heading\">Expectativas e pr\u00f3ximos passos na libera\u00e7\u00e3o da maconha<\/h2>\n\n\n\n<p>Com o apoio popular crescente e novas iniciativas legislativas, h\u00e1 uma expectativa de que a regulamenta\u00e7\u00e3o da maconha medicinal no Brasil se concretize em breve.&nbsp;No entanto, o governo ainda enfrenta desafios para equilibrar necessidades regulat\u00f3rias com aspectos sociais e cient\u00edficos.<\/p>\n\n\n\n<p>A prorroga\u00e7\u00e3o do prazo para a regulamenta\u00e7\u00e3o visa assegurar que todas as partes interessadas, desde pacientes at\u00e9 profissionais de sa\u00fade, possam contribuir para um marco regulat\u00f3rio eficaz.&nbsp;<\/p>\n\n\n\n<p>Embora a regulamenta\u00e7\u00e3o ainda esteja em processo, a popula\u00e7\u00e3o brasileira demonstra crescente abertura \u00e0 inova\u00e7\u00e3o terap\u00eautica.<\/p>\n\n\n\n<p>Com um \u00edndice de aprova\u00e7\u00e3o de 66% entre os brasileiros, a maconha medicinal avan\u00e7a como uma ferramenta terap\u00eautica essencial, apontando para um futuro de mudan\u00e7as na pol\u00edtica de sa\u00fade p\u00fablica do pa\u00eds.<\/p>\n","protected":false},"excerpt":{"rendered":"<p>Uma pesquisa recente do PoderDat, revela que 66% dos brasileiros aprovam a libera\u00e7\u00e3o da maconha medicinal no pa\u00eds. Este \u00e9 o maior \u00edndice registrado desde o in\u00edcio da s\u00e9rie hist\u00f3rica, em janeiro de 2022.&nbsp;A pesquisa foi realizada entre 27 e 29 de setembro deste ano e ouviu 2.500 pessoas em todo o pa\u00eds.&nbsp; A maioria [&hellip;]<\/p>\n","protected":false},"author":5,"featured_media":21680,"comment_status":"open","ping_status":"open","sticky":false,"template":"","format":"standard","meta":{"jnews-multi-image_gallery":[],"jnews_single_post":{"format":"standard"},"jnews_primary_category":[],"jnews_override_counter":[],"jnews_post_split":[],"footnotes":""},"categories":[1],"tags":[3858,234],"class_list":["post-21679","post","type-post","status-publish","format-standard","has-post-thumbnail","hentry","category-geral","tag-maconha-medicinal","tag-saude"],"yoast_head":"<!-- This site is optimized with the Yoast SEO plugin v25.0 - https:\/\/yoast.com\/wordpress\/plugins\/seo\/ -->\n<title>Libera\u00e7\u00e3o da maconha foi aprovada no Brasil inteiro, ap\u00f3s pesquisa<\/title>\n<meta name=\"description\" content=\"Uma pesquisa recente acabou revelando a aprova\u00e7\u00e3o em rela\u00e7\u00e3o \u00e0 libera\u00e7\u00e3o da maconha no pa\u00eds, chamando a aten\u00e7\u00e3o.\" \/>\n<meta name=\"robots\" content=\"index, follow, max-snippet:-1, max-image-preview:large, max-video-preview:-1\" \/>\n<link rel=\"canonical\" href=\"https:\/\/crusoe.audiencelabs.com.br\/liberacao-da-maconha-foi-aprovada-no-brasil-inteiro\/\" \/>\n<meta property=\"og:locale\" content=\"pt_BR\" \/>\n<meta property=\"og:type\" content=\"article\" \/>\n<meta property=\"og:title\" content=\"Libera\u00e7\u00e3o da maconha foi aprovada no Brasil inteiro, ap\u00f3s pesquisa\" \/>\n<meta property=\"og:description\" content=\"Uma pesquisa recente acabou revelando a aprova\u00e7\u00e3o em rela\u00e7\u00e3o \u00e0 libera\u00e7\u00e3o da maconha no pa\u00eds, chamando a aten\u00e7\u00e3o.\" \/>\n<meta property=\"og:url\" content=\"https:\/\/crusoe.audiencelabs.com.br\/liberacao-da-maconha-foi-aprovada-no-brasil-inteiro\/\" \/>\n<meta property=\"og:site_name\" content=\"Variedades - Cruso\u00e9\" \/>\n<meta property=\"article:published_time\" content=\"2025-11-04T16:00:00+00:00\" \/>\n<meta property=\"article:modified_time\" content=\"2025-11-05T17:56:51+00:00\" \/>\n<meta property=\"og:image\" content=\"https:\/\/cdn.crusoe.com.br\/uploads\/2025\/11\/Foto4_Justica-nega-maioria-dos-pedidos-por-maconha-medicinal-gratuita-no-Brasil.webp\" \/>\n\t<meta property=\"og:image:width\" content=\"640\" \/>\n\t<meta property=\"og:image:height\" content=\"427\" \/>\n\t<meta property=\"og:image:type\" content=\"image\/webp\" \/>\n<meta name=\"author\" content=\"Milena Armando\" \/>\n<meta name=\"twitter:card\" content=\"summary_large_image\" \/>\n<meta name=\"twitter:label1\" content=\"Escrito por\" \/>\n\t<meta name=\"twitter:data1\" content=\"Milena Armando\" \/>\n\t<meta name=\"twitter:label2\" content=\"Est. tempo de leitura\" \/>\n\t<meta name=\"twitter:data2\" content=\"3 minutos\" \/>\n<script type=\"application\/ld+json\" class=\"yoast-schema-graph\">{\"@context\":\"https:\/\/schema.org\",\"@graph\":[{\"@type\":\"WebPage\",\"@id\":\"https:\/\/crusoe.audiencelabs.com.br\/liberacao-da-maconha-foi-aprovada-no-brasil-inteiro\/\",\"url\":\"https:\/\/crusoe.audiencelabs.com.br\/liberacao-da-maconha-foi-aprovada-no-brasil-inteiro\/\",\"name\":\"Libera\u00e7\u00e3o da maconha foi aprovada no Brasil inteiro, ap\u00f3s pesquisa\",\"isPartOf\":{\"@id\":\"https:\/\/crusoe.audiencelabs.com.br\/#website\"},\"primaryImageOfPage\":{\"@id\":\"https:\/\/crusoe.audiencelabs.com.br\/liberacao-da-maconha-foi-aprovada-no-brasil-inteiro\/#primaryimage\"},\"image\":{\"@id\":\"https:\/\/crusoe.audiencelabs.com.br\/liberacao-da-maconha-foi-aprovada-no-brasil-inteiro\/#primaryimage\"},\"thumbnailUrl\":\"https:\/\/cdn.crusoe.com.br\/uploads\/2025\/11\/Foto4_Justica-nega-maioria-dos-pedidos-por-maconha-medicinal-gratuita-no-Brasil.webp\",\"datePublished\":\"2025-11-04T16:00:00+00:00\",\"dateModified\":\"2025-11-05T17:56:51+00:00\",\"author\":{\"@id\":\"https:\/\/crusoe.audiencelabs.com.br\/#\/schema\/person\/f87f73cfe89e5360de2c006bd4bd6a74\"},\"description\":\"Uma pesquisa recente acabou revelando a aprova\u00e7\u00e3o em rela\u00e7\u00e3o \u00e0 libera\u00e7\u00e3o da maconha no pa\u00eds, chamando a aten\u00e7\u00e3o.\",\"breadcrumb\":{\"@id\":\"https:\/\/crusoe.audiencelabs.com.br\/liberacao-da-maconha-foi-aprovada-no-brasil-inteiro\/#breadcrumb\"},\"inLanguage\":\"pt-BR\",\"potentialAction\":[{\"@type\":\"ReadAction\",\"target\":[\"https:\/\/crusoe.audiencelabs.com.br\/liberacao-da-maconha-foi-aprovada-no-brasil-inteiro\/\"]}]},{\"@type\":\"ImageObject\",\"inLanguage\":\"pt-BR\",\"@id\":\"https:\/\/crusoe.audiencelabs.com.br\/liberacao-da-maconha-foi-aprovada-no-brasil-inteiro\/#primaryimage\",\"url\":\"https:\/\/cdn.crusoe.com.br\/uploads\/2025\/11\/Foto4_Justica-nega-maioria-dos-pedidos-por-maconha-medicinal-gratuita-no-Brasil.webp\",\"contentUrl\":\"https:\/\/cdn.crusoe.com.br\/uploads\/2025\/11\/Foto4_Justica-nega-maioria-dos-pedidos-por-maconha-medicinal-gratuita-no-Brasil.webp\",\"width\":640,\"height\":427,\"caption\":\"Foto: Agencia P\u00fablica\"},{\"@type\":\"BreadcrumbList\",\"@id\":\"https:\/\/crusoe.audiencelabs.com.br\/liberacao-da-maconha-foi-aprovada-no-brasil-inteiro\/#breadcrumb\",\"itemListElement\":[{\"@type\":\"ListItem\",\"position\":1,\"name\":\"Home\",\"item\":\"https:\/\/crusoe.audiencelabs.com.br\/\"},{\"@type\":\"ListItem\",\"position\":2,\"name\":\"Libera\u00e7\u00e3o da maconha foi aprovada no Brasil inteiro, ap\u00f3s pesquisa\"}]},{\"@type\":\"WebSite\",\"@id\":\"https:\/\/crusoe.audiencelabs.com.br\/#website\",\"url\":\"https:\/\/crusoe.audiencelabs.com.br\/\",\"name\":\"Variedades - Cruso\u00e9\",\"description\":\"\",\"potentialAction\":[{\"@type\":\"SearchAction\",\"target\":{\"@type\":\"EntryPoint\",\"urlTemplate\":\"https:\/\/crusoe.audiencelabs.com.br\/?s={search_term_string}\"},\"query-input\":{\"@type\":\"PropertyValueSpecification\",\"valueRequired\":true,\"valueName\":\"search_term_string\"}}],\"inLanguage\":\"pt-BR\"},{\"@type\":\"Person\",\"@id\":\"https:\/\/crusoe.audiencelabs.com.br\/#\/schema\/person\/f87f73cfe89e5360de2c006bd4bd6a74\",\"name\":\"Milena Armando\",\"image\":{\"@type\":\"ImageObject\",\"inLanguage\":\"pt-BR\",\"@id\":\"https:\/\/crusoe.audiencelabs.com.br\/#\/schema\/person\/image\/\",\"url\":\"https:\/\/secure.gravatar.com\/avatar\/ea14ecddc9e9d202b698b18f9f69e09c9fd74cfbed5c6008d55f11faefdbdab7?s=96&d=mm&r=g\",\"contentUrl\":\"https:\/\/secure.gravatar.com\/avatar\/ea14ecddc9e9d202b698b18f9f69e09c9fd74cfbed5c6008d55f11faefdbdab7?s=96&d=mm&r=g\",\"caption\":\"Milena Armando\"},\"description\":\"Jornalista, redatora e revisora.\",\"url\":\"https:\/\/crusoe.audiencelabs.com.br\/author\/milena\/\"}]}<\/script>\n<!-- \/ Yoast SEO plugin. -->","yoast_head_json":{"title":"Libera\u00e7\u00e3o da maconha foi aprovada no Brasil inteiro, ap\u00f3s pesquisa","description":"Uma pesquisa recente acabou revelando a aprova\u00e7\u00e3o em rela\u00e7\u00e3o \u00e0 libera\u00e7\u00e3o da maconha no pa\u00eds, chamando a aten\u00e7\u00e3o.","robots":{"index":"index","follow":"follow","max-snippet":"max-snippet:-1","max-image-preview":"max-image-preview:large","max-video-preview":"max-video-preview:-1"},"canonical":"https:\/\/crusoe.audiencelabs.com.br\/liberacao-da-maconha-foi-aprovada-no-brasil-inteiro\/","og_locale":"pt_BR","og_type":"article","og_title":"Libera\u00e7\u00e3o da maconha foi aprovada no Brasil inteiro, ap\u00f3s pesquisa","og_description":"Uma pesquisa recente acabou revelando a aprova\u00e7\u00e3o em rela\u00e7\u00e3o \u00e0 libera\u00e7\u00e3o da maconha no pa\u00eds, chamando a aten\u00e7\u00e3o.","og_url":"https:\/\/crusoe.audiencelabs.com.br\/liberacao-da-maconha-foi-aprovada-no-brasil-inteiro\/","og_site_name":"Variedades - Cruso\u00e9","article_published_time":"2025-11-04T16:00:00+00:00","article_modified_time":"2025-11-05T17:56:51+00:00","og_image":[{"width":640,"height":427,"url":"https:\/\/cdn.crusoe.com.br\/uploads\/2025\/11\/Foto4_Justica-nega-maioria-dos-pedidos-por-maconha-medicinal-gratuita-no-Brasil.webp","type":"image\/webp"}],"author":"Milena Armando","twitter_card":"summary_large_image","twitter_misc":{"Escrito por":"Milena Armando","Est. tempo de leitura":"3 minutos"},"schema":{"@context":"https:\/\/schema.org","@graph":[{"@type":"WebPage","@id":"https:\/\/crusoe.audiencelabs.com.br\/liberacao-da-maconha-foi-aprovada-no-brasil-inteiro\/","url":"https:\/\/crusoe.audiencelabs.com.br\/liberacao-da-maconha-foi-aprovada-no-brasil-inteiro\/","name":"Libera\u00e7\u00e3o da maconha foi aprovada no Brasil inteiro, ap\u00f3s pesquisa","isPartOf":{"@id":"https:\/\/crusoe.audiencelabs.com.br\/#website"},"primaryImageOfPage":{"@id":"https:\/\/crusoe.audiencelabs.com.br\/liberacao-da-maconha-foi-aprovada-no-brasil-inteiro\/#primaryimage"},"image":{"@id":"https:\/\/crusoe.audiencelabs.com.br\/liberacao-da-maconha-foi-aprovada-no-brasil-inteiro\/#primaryimage"},"thumbnailUrl":"https:\/\/cdn.crusoe.com.br\/uploads\/2025\/11\/Foto4_Justica-nega-maioria-dos-pedidos-por-maconha-medicinal-gratuita-no-Brasil.webp","datePublished":"2025-11-04T16:00:00+00:00","dateModified":"2025-11-05T17:56:51+00:00","author":{"@id":"https:\/\/crusoe.audiencelabs.com.br\/#\/schema\/person\/f87f73cfe89e5360de2c006bd4bd6a74"},"description":"Uma pesquisa recente acabou revelando a aprova\u00e7\u00e3o em rela\u00e7\u00e3o \u00e0 libera\u00e7\u00e3o da maconha no pa\u00eds, chamando a aten\u00e7\u00e3o.","breadcrumb":{"@id":"https:\/\/crusoe.audiencelabs.com.br\/liberacao-da-maconha-foi-aprovada-no-brasil-inteiro\/#breadcrumb"},"inLanguage":"pt-BR","potentialAction":[{"@type":"ReadAction","target":["https:\/\/crusoe.audiencelabs.com.br\/liberacao-da-maconha-foi-aprovada-no-brasil-inteiro\/"]}]},{"@type":"ImageObject","inLanguage":"pt-BR","@id":"https:\/\/crusoe.audiencelabs.com.br\/liberacao-da-maconha-foi-aprovada-no-brasil-inteiro\/#primaryimage","url":"https:\/\/cdn.crusoe.com.br\/uploads\/2025\/11\/Foto4_Justica-nega-maioria-dos-pedidos-por-maconha-medicinal-gratuita-no-Brasil.webp","contentUrl":"https:\/\/cdn.crusoe.com.br\/uploads\/2025\/11\/Foto4_Justica-nega-maioria-dos-pedidos-por-maconha-medicinal-gratuita-no-Brasil.webp","width":640,"height":427,"caption":"Foto: Agencia P\u00fablica"},{"@type":"BreadcrumbList","@id":"https:\/\/crusoe.audiencelabs.com.br\/liberacao-da-maconha-foi-aprovada-no-brasil-inteiro\/#breadcrumb","itemListElement":[{"@type":"ListItem","position":1,"name":"Home","item":"https:\/\/crusoe.audiencelabs.com.br\/"},{"@type":"ListItem","position":2,"name":"Libera\u00e7\u00e3o da maconha foi aprovada no Brasil inteiro, ap\u00f3s pesquisa"}]},{"@type":"WebSite","@id":"https:\/\/crusoe.audiencelabs.com.br\/#website","url":"https:\/\/crusoe.audiencelabs.com.br\/","name":"Variedades - Cruso\u00e9","description":"","potentialAction":[{"@type":"SearchAction","target":{"@type":"EntryPoint","urlTemplate":"https:\/\/crusoe.audiencelabs.com.br\/?s={search_term_string}"},"query-input":{"@type":"PropertyValueSpecification","valueRequired":true,"valueName":"search_term_string"}}],"inLanguage":"pt-BR"},{"@type":"Person","@id":"https:\/\/crusoe.audiencelabs.com.br\/#\/schema\/person\/f87f73cfe89e5360de2c006bd4bd6a74","name":"Milena Armando","image":{"@type":"ImageObject","inLanguage":"pt-BR","@id":"https:\/\/crusoe.audiencelabs.com.br\/#\/schema\/person\/image\/","url":"https:\/\/secure.gravatar.com\/avatar\/ea14ecddc9e9d202b698b18f9f69e09c9fd74cfbed5c6008d55f11faefdbdab7?s=96&d=mm&r=g","contentUrl":"https:\/\/secure.gravatar.com\/avatar\/ea14ecddc9e9d202b698b18f9f69e09c9fd74cfbed5c6008d55f11faefdbdab7?s=96&d=mm&r=g","caption":"Milena Armando"},"description":"Jornalista, redatora e revisora.","url":"https:\/\/crusoe.audiencelabs.com.br\/author\/milena\/"}]}},"_links":{"self":[{"href":"https:\/\/crusoe.audiencelabs.com.br\/wp-json\/wp\/v2\/posts\/21679","targetHints":{"allow":["GET"]}}],"collection":[{"href":"https:\/\/crusoe.audiencelabs.com.br\/wp-json\/wp\/v2\/posts"}],"about":[{"href":"https:\/\/crusoe.audiencelabs.com.br\/wp-json\/wp\/v2\/types\/post"}],"author":[{"embeddable":true,"href":"https:\/\/crusoe.audiencelabs.com.br\/wp-json\/wp\/v2\/users\/5"}],"replies":[{"embeddable":true,"href":"https:\/\/crusoe.audiencelabs.com.br\/wp-json\/wp\/v2\/comments?post=21679"}],"version-history":[{"count":6,"href":"https:\/\/crusoe.audiencelabs.com.br\/wp-json\/wp\/v2\/posts\/21679\/revisions"}],"predecessor-version":[{"id":21990,"href":"https:\/\/crusoe.audiencelabs.com.br\/wp-json\/wp\/v2\/posts\/21679\/revisions\/21990"}],"wp:featuredmedia":[{"embeddable":true,"href":"https:\/\/crusoe.audiencelabs.com.br\/wp-json\/wp\/v2\/media\/21680"}],"wp:attachment":[{"href":"https:\/\/crusoe.audiencelabs.com.br\/wp-json\/wp\/v2\/media?parent=21679"}],"wp:term":[{"taxonomy":"category","embeddable":true,"href":"https:\/\/crusoe.audiencelabs.com.br\/wp-json\/wp\/v2\/categories?post=21679"},{"taxonomy":"post_tag","embeddable":true,"href":"https:\/\/crusoe.audiencelabs.com.br\/wp-json\/wp\/v2\/tags?post=21679"}],"curies":[{"name":"wp","href":"https:\/\/api.w.org\/{rel}","templated":true}]}}