{"id":21590,"date":"2025-11-04T07:30:00","date_gmt":"2025-11-04T10:30:00","guid":{"rendered":"https:\/\/crusoe.audiencelabs.com.br\/?p=21590"},"modified":"2025-11-03T13:14:58","modified_gmt":"2025-11-03T16:14:58","slug":"governo-vai-depositar-pelo-menos-r-600-na-conta-dos-brasileiros-em-novembro-data-ja-esta-confirmada","status":"publish","type":"post","link":"https:\/\/crusoe.audiencelabs.com.br\/governo-vai-depositar-pelo-menos-r-600-na-conta-dos-brasileiros-em-novembro-data-ja-esta-confirmada\/","title":{"rendered":"Governo vai depositar pelo menos R$ 600 na conta dos brasileiros em novembro \u2014 data j\u00e1 est\u00e1 confirmada"},"content":{"rendered":"\n<p>O <strong>calend\u00e1rio do Bolsa Fam\u00edlia para novembro<\/strong> j\u00e1 est\u00e1 definido. Os pagamentos, ser\u00e3o realizados entre os dias 14 e 28 de novembro conforme o final do N\u00famero de Identifica\u00e7\u00e3o Social (NIS).&nbsp;<\/p>\n\n\n\n<p>Al\u00e9m do pagamento do Bolsa Fam\u00edlia, as fam\u00edlias cadastradas ainda t\u00eam acesso ao <strong>aux\u00edlio-g\u00e1s<\/strong>, criado para mitigar os custos elevados do g\u00e1s de cozinha, um elemento essencial para as fam\u00edlias de baixa renda.<\/p>\n\n\n\n<h2 class=\"wp-block-heading\">Detalhes do Bolsa Fam\u00edlia<\/h2>\n\n\n\n<p>O Bolsa Fam\u00edlia, em 2025, mant\u00e9m um<strong> valor base de R$ 600 por fam\u00edlia<\/strong>. Esse montante pode aumentar de acordo com a composi\u00e7\u00e3o familiar.&nbsp;<\/p>\n\n\n\n<p>Adicionais espec\u00edficos incluem R$ 150 para crian\u00e7as de at\u00e9 6 anos e R$ 50 para gestantes, nutrizes, e jovens entre 7 e 18 anos incompletos. Essas incrementa\u00e7\u00f5es visam adaptar o aux\u00edlio \u00e0s necessidades das fam\u00edlias, refor\u00e7ando o foco em sa\u00fade e educa\u00e7\u00e3o.<\/p>\n\n\n<style>@media (min-width: 992px) {\n    .recomendadorV2Area1 {\n        width: 280px;\n    }\n    .recomendadorV2Area2 {\n        padding: 0px 20px;\n        width: calc(100% - 280px);\n    }\n}\n\n@media (max-width: 992px) {\n    .recomendadorV2Button {\n        margin: 0 auto;\n    }\n    .recomendadorV2Area {\n        flex-direction: column;\n        text-align: center;\n    }\n    .recomendadorV2Area2 {\n        padding: 0px 20px;\n    }\n}\n\n.recomendadorV2Area {\n    background: #eeeeee3d;\n    border-radius: 10px;\n    padding: 15px;\n    display: flex;\n    margin: 15px auto;\n    border: 1px solid #00000014;\n    max-width: 800px;\n}\n\n.recomendadorV2Area1 img {\n    width: 280px;\n    height: auto;\n    border-radius: 8px;\n}\n\n.linkrecomendadorv2 {\n    text-decoration: none !important;\n}\n\n.recomendadorV2Area2 .recomendadorV2Type {\n    text-transform: uppercase;\n    font-weight: 500;\n    font-size: 11px;\n    letter-spacing: 2px;\n    color: #666;\n    margin: 12px 0;\n    display: block;\n}\n\n.recomendadorV2Title h2 {\n    padding-top: 0px !important;\n    margin: 0px !important;\n    border-left: none !important;\n    padding-left: 0px !important;\n    line-height: 1.3;\n    color: #000 !important;\n    font-size: 24px;\n    margin-bottom: 12px !important;\n}\n\n.recomendadorV2Desc {\n    color: #333;\n    margin: 12px 0px !important;\n    font-size: 15px;\n    line-height: 1.5;\n}\n\n.recomendadorV2Button {\n    width: auto;\n    max-width: 200px;\n    margin: 0;\n    display: inline-flex;\n    align-items: center;\n    background: #1D3557;\n    border-radius: 8px;\n    color: #fff;\n    height: 36px;\n    justify-content: center;\n    text-align: center;\n    font-size: 14px;\n    padding: 0 20px;\n    transition: background-color 0.2s ease;\n}\n\n.recomendadorV2Button:hover {\n    background: #2a4d7a;\n}\n\n.recomendadorV2Button:after {\n    margin-top: -2px;\n    content: \"\u2192\";\n    padding: 0px 0px 0px 8px;\n}\n\n.recomendadorV2Alert {\n    text-align: left;\n    font-size: 11px;\n    margin-top: 8px;\n    color: #666;\n}\n\n.recomendadorFixedArea {\n    width: 100%;\n    display: flex;\n    justify-content: center;\n    align-items: center;\n}\n\n@media (min-width: 992px) {\n    #recomendadorFixed {\n        width: 32% !important;\n        left: 5%;\n    }\n    .recomendadorCloseFixed{\n        right: inherit !important;\n        left: 378px !important;\n    }\n}\n\n#recomendadorFixed {\n    width: 90%;\n    box-shadow: 0 10px 20px 0px #00000057;\n    display: none;\n    height: 90px;\n    background: #F6F6F6;\n    position: fixed;\n    flex-direction: row;\n    bottom: 10px;\n    z-index: 9999;\n    border-radius: 16px;\n    padding: 7px 10px;\n}\n\n.recomendadorLeftArea {\n    width: 160px;\n}\n\n.recomendadorRightArea h2 {\n    padding-top: 0px;\n    margin: 2px 0px 4px 0px !important;\n    font-weight: 400;\n    text-align: center;\n    padding-left: 0px !important;\n    color: #000 !important;\n    border-left: none !important;\n    line-height: 20px;\n    font-size: 12px !important;\n}\n\n.recomendadorImgFixed {\n    overflow: hidden;\n    padding: 8px 6px;\n    height: 100%;\n}\n\n.recomendadorImgFixed img {\n    height: 100% !important;\n    border-radius: 16px;\n}\n\n.recomendadorRightArea {\n    padding-top: 6px;\n    display: flex;\n    width: calc(100% - 130px);\n    justify-content: space-between;\n    align-items: center;\n    flex-direction: column;\n}\n\n.recomendadorButtonFixed {\n    margin: 0 auto;\n    background: #1D3557;\n    width: 80%;\n    text-align: center;\n    font-size: 10px;\n    color: #FFF;\n    padding: 2px 10px;\n    border-radius: 3px;\n}\n\n.recomendadorButtonFixed:after {\n    margin-top: -3px;\n    content: \"\u2192\";\n    padding: 0px 0px 0px 10px;\n}\n\n.recomendadorAlertFixed {\n    font-weight: 400;\n    text-align: center;\n    color: #484848;\n    font-size: 8px;\n}\n\n.recomendadorCloseFixed {\n    z-index: 99999;\n    display: none;\n    right: 0px;\n    left: inherit;\n    bottom: 99px;\n    position: fixed;\n    justify-content: center;\n    background: #F6F6F6;\n    width: 25px;\n    align-items: center;\n    height: 25px;\n    font-weight: 800;\n    border-radius: 50%;\n    border: 1px solid #EBEBEB;\n}\n\n.recomendadorV2Desc{\n    color: #000000;\n    margin: 20px 0px;\n}\n\n@media (max-width: 576px) {\n    .recomendadorV2Area {\n      padding: 10px;\n      max-width: 100%;\n    }\n  \n    .recomendadorV2Area1 img {\n      width: 100%;\n      border-radius: 6px;\n    }\n  \n    .recomendadorV2Area2 .recomendadorV2Type {\n      font-size: 9px;\n      letter-spacing: 1px;\n      margin: 8px 0;\n    }\n  \n    .recomendadorV2Title h2 {\n      font-size: 18px !important;\n      margin-bottom: 8px !important;\n      line-height: 1.2;\n    }\n  \n    .recomendadorV2Desc {\n      font-size: 14px;\n      margin: 8px 0 !important;\n      line-height: 1.4;\n    }\n  \n    .recomendadorV2Button {\n      font-size: 14px;\n      height: 40px;\n      padding: 0 12px;\n      max-width: 100%;\n      width: 100%;\n    }\n  \n    .recomendadorV2Button:after {\n      padding-left: 6px;\n    }\n  }\n  <\/style>\n        <div class=\"lazyblock-recomendador-v2-2jDGz wp-block-lazyblock-recomendador-v2\">\n        <a class=\"linkrecomendadorv2\" href=\"https:\/\/crusoe.com.br\/variedades\/nova-lei-ja-comecou-a-valer-no-brasil-e-vai-afetar-mais-de-21-milhoes-de-trabalhadores\/?utm_source=lazy\">\n            <div class=\"recomendadorV2Area\">\n            <div class=\"recomendadorV2Area1\">\n                <div class=\"recomendadorV2Img\">\n                <img class=\"lazyloaded\" decoding=\"async\" src=\"https:\/\/cdn.crusoe.com.br\/uploads\/2025\/11\/O-que-significa-CLT.jpg\" data-src=\"https:\/\/cdn.crusoe.com.br\/uploads\/2025\/11\/O-que-significa-CLT.jpg\" alt=\"\">\n                <\/div>\n            <\/div>\n            <div class=\"recomendadorV2Area2\">\n                <div class=\"recomendadorV2Type\">\n                    <span>Nova legisla\u00e7\u00e3o<\/span>\n                <\/div>\n                <div class=\"recomendadorV2Title\">\n                <h2><span>Lei que atinge +21 milh\u00f5es de trabalhadores \ud83d\udccc<\/span><\/h2>\n                <\/div>\n                <div class=\"recomendadorV2Desc\">\n                <span>Veja o que mudou e como ser\u00e1 afetado<\/span>\n                <\/div>\n                <div class=\"recomendadorV2Button\">Descubra os detalhes<\/div>\n                <div class=\"recomendadorV2Alert\"><\/div>\n            <\/div>\n            <\/div>\n        <\/a>\n        <div>\n            <div style=\"z-index:99999;\" id=\"buttonClose\" onclick=\"closeRecomendadorFixed()\">\n            <div class=\"recomendadorCloseFixed\">X<\/div>\n            <\/div>\n            <a href=\"https:\/\/crusoe.com.br\/variedades\/nova-lei-ja-comecou-a-valer-no-brasil-e-vai-afetar-mais-de-21-milhoes-de-trabalhadores\/?utm_source=lazy\">\n            <div class=\"recomendadorFixedArea\">\n                <div id=\"recomendadorFixed\">\n                <div class=\"recomendadorLeftArea\">\n                    <div class=\"recomendadorImgFixed\">\n                    <img class=\"lazyload\" decoding=\"async\" src=\"https:\/\/cdn.crusoe.com.br\/uploads\/2025\/11\/O-que-significa-CLT.jpg\" alt=\"\">\n                    <\/div>\n                <\/div>\n                <div class=\"recomendadorRightArea\">\n                    <div class=\"recomendadorTitleFixed\">\n                    <h2><span>Lei que atinge +21 milh\u00f5es de trabalhadores \ud83d\udccc<\/span><\/h2>\n                    <\/div>\n                    <div class=\"recomendadorButtonFixed\">Descubra os detalhes<\/div>\n                    <div class=\"recomendadorAlertFixed\"><\/div>\n                <\/div>\n                <\/div>\n            <\/div>\n            <\/a>\n        <\/div>\n        <\/div>\n\n\n\n<p>Ademais, em situa\u00e7\u00f5es como desastres naturais, h\u00e1 a antecipa\u00e7\u00e3o dos pagamentos para as regi\u00f5es afetadas, evidenciando o comprometimento do governo com as diferentes necessidades regionais.<\/p>\n\n\n\n<h2 class=\"wp-block-heading\">Crit\u00e9rios de elegibilidade ao Bolsa Fam\u00edlia<\/h2>\n\n\n\n<p>Para participar do Bolsa Fam\u00edlia, as fam\u00edlias devem atender ao crit\u00e9rio de renda: at\u00e9 R$ 218 por pessoa da casa.&nbsp;<\/p>\n\n\n\n<p>\u00c9 obrigat\u00f3rio estar inscrito no Cadastro \u00danico (<a href=\"https:\/\/crusoe.audiencelabs.com.br\/cadunico-descubra-como-garantir-mais-de-r-3-000-mensais\/\">Cad\u00danico<\/a>), mas <strong>esta inscri\u00e7\u00e3o n\u00e3o assegura a entrada no programa automaticamente<\/strong>. A inclus\u00e3o \u00e9 avaliada com base em um acompanhamento rigoroso que verifica a adequa\u00e7\u00e3o aos crit\u00e9rios estabelecidos.<\/p>\n\n\n\n<p>Manter crian\u00e7as e adolescentes frequentando a escola e com a vacina\u00e7\u00e3o em dia s\u00e3o requisitos essenciais. O descumprimento dessas condi\u00e7\u00f5es pode resultar na suspens\u00e3o do benef\u00edcio.&nbsp;<\/p>\n\n\n\n<h2 class=\"wp-block-heading\">Acesso ao Bolsa Fam\u00edlia<\/h2>\n\n\n\n<p>Os pagamentos do Bolsa Fam\u00edlia s\u00e3o acessados via aplicativo Caixa Tem, permitindo que os benefici\u00e1rios movimentem os valores sem precisar visitar fisicamente as ag\u00eancias.&nbsp;<\/p>\n\n\n\n<p>Al\u00e9m disso, a atualiza\u00e7\u00e3o dos dados do Cad\u00danico pode agora ser feita atrav\u00e9s do aplicativo, um avan\u00e7o que torna o processo mais pr\u00e1tico e eficiente para os benefici\u00e1rios, simplificando o acompanhamento do cadastro e do recebimento do benef\u00edcio.<\/p>\n\n\n\n<h2 class=\"wp-block-heading\">Datas do Bolsa Fam\u00edlia em novembro<\/h2>\n\n\n\n<ul class=\"wp-block-list\">\n<li>Final do NIS 1 \u2013 14\/11<\/li>\n\n\n\n<li>Final do NIS 2 \u2013 17\/11<\/li>\n\n\n\n<li>Final do NIS 3 \u2013 18\/11<\/li>\n\n\n\n<li>Final do NIS 4 \u2013 19\/11<\/li>\n\n\n\n<li>Final do NIS 5 \u2013 21\/11<\/li>\n\n\n\n<li>Final do NIS 6 \u2013 24\/11<\/li>\n\n\n\n<li>Final do NIS 7 \u2013 25\/11<\/li>\n\n\n\n<li>Final do NIS 8 \u2013 26\/11<\/li>\n\n\n\n<li>Final do NIS 9 \u2013 27\/11<\/li>\n\n\n\n<li>Final do NIS 0 \u2013 28\/11<\/li>\n<\/ul>\n\n\n\n<p>Com o cronograma de novembro estabelecido, milh\u00f5es de fam\u00edlias podem se planejar financeiramente. O governo federal garante que os pagamentos sejam realizados conforme as datas acordadas, dando previsibilidade \u00e0s fam\u00edlias sobre os recebimentos.<\/p>\n\n\n\n<p>Em dezembro, os pagamentos iniciar\u00e3o no dia 10 e devem ser conclu\u00eddos at\u00e9 o dia 23. Essa programa\u00e7\u00e3o permite que as fam\u00edlias recebam o benef\u00edcio em tempo de preparar as festividades natalinas com maior tranquilidade.&nbsp;<\/p>\n","protected":false},"excerpt":{"rendered":"<p>O calend\u00e1rio do Bolsa Fam\u00edlia para novembro j\u00e1 est\u00e1 definido. Os pagamentos, ser\u00e3o realizados entre os dias 14 e 28 de novembro conforme o final do N\u00famero de Identifica\u00e7\u00e3o Social (NIS).&nbsp; Al\u00e9m do pagamento do Bolsa Fam\u00edlia, as fam\u00edlias cadastradas ainda t\u00eam acesso ao aux\u00edlio-g\u00e1s, criado para mitigar os custos elevados do g\u00e1s de cozinha, [&hellip;]<\/p>\n","protected":false},"author":5,"featured_media":21592,"comment_status":"open","ping_status":"open","sticky":false,"template":"","format":"standard","meta":{"jnews-multi-image_gallery":[],"jnews_single_post":{"format":"standard"},"jnews_primary_category":[],"jnews_override_counter":[],"jnews_post_split":[],"footnotes":""},"categories":[1],"tags":[314,3846,3845],"class_list":["post-21590","post","type-post","status-publish","format-standard","has-post-thumbnail","hentry","category-geral","tag-bolsa-familia-2","tag-datas-de-pagamento","tag-novembro"],"yoast_head":"<!-- This site is optimized with the Yoast SEO plugin v25.0 - https:\/\/yoast.com\/wordpress\/plugins\/seo\/ -->\n<title>Governo vai depositar pelo menos R$ 600 na conta dos brasileiros em novembro \u2014 data j\u00e1 est\u00e1 confirmada<\/title>\n<meta name=\"robots\" content=\"index, follow, max-snippet:-1, max-image-preview:large, max-video-preview:-1\" \/>\n<link rel=\"canonical\" href=\"https:\/\/crusoe.audiencelabs.com.br\/governo-vai-depositar-pelo-menos-r-600-na-conta-dos-brasileiros-em-novembro-data-ja-esta-confirmada\/\" \/>\n<meta property=\"og:locale\" content=\"pt_BR\" \/>\n<meta property=\"og:type\" content=\"article\" \/>\n<meta property=\"og:title\" content=\"Governo vai depositar pelo menos R$ 600 na conta dos brasileiros em novembro \u2014 data j\u00e1 est\u00e1 confirmada\" \/>\n<meta property=\"og:description\" content=\"O calend\u00e1rio do Bolsa Fam\u00edlia para novembro j\u00e1 est\u00e1 definido. Os pagamentos, ser\u00e3o realizados entre os dias 14 e 28 de novembro conforme o final do N\u00famero de Identifica\u00e7\u00e3o Social (NIS).&nbsp; Al\u00e9m do pagamento do Bolsa Fam\u00edlia, as fam\u00edlias cadastradas ainda t\u00eam acesso ao aux\u00edlio-g\u00e1s, criado para mitigar os custos elevados do g\u00e1s de cozinha, [&hellip;]\" \/>\n<meta property=\"og:url\" content=\"https:\/\/crusoe.audiencelabs.com.br\/governo-vai-depositar-pelo-menos-r-600-na-conta-dos-brasileiros-em-novembro-data-ja-esta-confirmada\/\" \/>\n<meta property=\"og:site_name\" content=\"Variedades - Cruso\u00e9\" \/>\n<meta property=\"article:published_time\" content=\"2025-11-04T10:30:00+00:00\" \/>\n<meta property=\"og:image\" content=\"https:\/\/cdn.crusoe.com.br\/uploads\/2025\/11\/20200213115009.jpg\" \/>\n\t<meta property=\"og:image:width\" content=\"1414\" \/>\n\t<meta property=\"og:image:height\" content=\"900\" \/>\n\t<meta property=\"og:image:type\" content=\"image\/jpeg\" \/>\n<meta name=\"author\" content=\"Milena Armando\" \/>\n<meta name=\"twitter:card\" content=\"summary_large_image\" \/>\n<meta name=\"twitter:label1\" content=\"Escrito por\" \/>\n\t<meta name=\"twitter:data1\" content=\"Milena Armando\" \/>\n\t<meta name=\"twitter:label2\" content=\"Est. tempo de leitura\" \/>\n\t<meta name=\"twitter:data2\" content=\"3 minutos\" \/>\n<script type=\"application\/ld+json\" class=\"yoast-schema-graph\">{\"@context\":\"https:\/\/schema.org\",\"@graph\":[{\"@type\":\"WebPage\",\"@id\":\"https:\/\/crusoe.audiencelabs.com.br\/governo-vai-depositar-pelo-menos-r-600-na-conta-dos-brasileiros-em-novembro-data-ja-esta-confirmada\/\",\"url\":\"https:\/\/crusoe.audiencelabs.com.br\/governo-vai-depositar-pelo-menos-r-600-na-conta-dos-brasileiros-em-novembro-data-ja-esta-confirmada\/\",\"name\":\"Governo vai depositar pelo menos R$ 600 na conta dos brasileiros em novembro \u2014 data j\u00e1 est\u00e1 confirmada\",\"isPartOf\":{\"@id\":\"https:\/\/crusoe.audiencelabs.com.br\/#website\"},\"primaryImageOfPage\":{\"@id\":\"https:\/\/crusoe.audiencelabs.com.br\/governo-vai-depositar-pelo-menos-r-600-na-conta-dos-brasileiros-em-novembro-data-ja-esta-confirmada\/#primaryimage\"},\"image\":{\"@id\":\"https:\/\/crusoe.audiencelabs.com.br\/governo-vai-depositar-pelo-menos-r-600-na-conta-dos-brasileiros-em-novembro-data-ja-esta-confirmada\/#primaryimage\"},\"thumbnailUrl\":\"https:\/\/cdn.crusoe.com.br\/uploads\/2025\/11\/20200213115009.jpg\",\"datePublished\":\"2025-11-04T10:30:00+00:00\",\"author\":{\"@id\":\"https:\/\/crusoe.audiencelabs.com.br\/#\/schema\/person\/f87f73cfe89e5360de2c006bd4bd6a74\"},\"breadcrumb\":{\"@id\":\"https:\/\/crusoe.audiencelabs.com.br\/governo-vai-depositar-pelo-menos-r-600-na-conta-dos-brasileiros-em-novembro-data-ja-esta-confirmada\/#breadcrumb\"},\"inLanguage\":\"pt-BR\",\"potentialAction\":[{\"@type\":\"ReadAction\",\"target\":[\"https:\/\/crusoe.audiencelabs.com.br\/governo-vai-depositar-pelo-menos-r-600-na-conta-dos-brasileiros-em-novembro-data-ja-esta-confirmada\/\"]}]},{\"@type\":\"ImageObject\",\"inLanguage\":\"pt-BR\",\"@id\":\"https:\/\/crusoe.audiencelabs.com.br\/governo-vai-depositar-pelo-menos-r-600-na-conta-dos-brasileiros-em-novembro-data-ja-esta-confirmada\/#primaryimage\",\"url\":\"https:\/\/cdn.crusoe.com.br\/uploads\/2025\/11\/20200213115009.jpg\",\"contentUrl\":\"https:\/\/cdn.crusoe.com.br\/uploads\/2025\/11\/20200213115009.jpg\",\"width\":1414,\"height\":900,\"caption\":\"Foto: Olhar Digital\"},{\"@type\":\"BreadcrumbList\",\"@id\":\"https:\/\/crusoe.audiencelabs.com.br\/governo-vai-depositar-pelo-menos-r-600-na-conta-dos-brasileiros-em-novembro-data-ja-esta-confirmada\/#breadcrumb\",\"itemListElement\":[{\"@type\":\"ListItem\",\"position\":1,\"name\":\"Home\",\"item\":\"https:\/\/crusoe.audiencelabs.com.br\/\"},{\"@type\":\"ListItem\",\"position\":2,\"name\":\"Governo vai depositar pelo menos R$ 600 na conta dos brasileiros em novembro \u2014 data j\u00e1 est\u00e1 confirmada\"}]},{\"@type\":\"WebSite\",\"@id\":\"https:\/\/crusoe.audiencelabs.com.br\/#website\",\"url\":\"https:\/\/crusoe.audiencelabs.com.br\/\",\"name\":\"Variedades - Cruso\u00e9\",\"description\":\"\",\"potentialAction\":[{\"@type\":\"SearchAction\",\"target\":{\"@type\":\"EntryPoint\",\"urlTemplate\":\"https:\/\/crusoe.audiencelabs.com.br\/?s={search_term_string}\"},\"query-input\":{\"@type\":\"PropertyValueSpecification\",\"valueRequired\":true,\"valueName\":\"search_term_string\"}}],\"inLanguage\":\"pt-BR\"},{\"@type\":\"Person\",\"@id\":\"https:\/\/crusoe.audiencelabs.com.br\/#\/schema\/person\/f87f73cfe89e5360de2c006bd4bd6a74\",\"name\":\"Milena Armando\",\"image\":{\"@type\":\"ImageObject\",\"inLanguage\":\"pt-BR\",\"@id\":\"https:\/\/crusoe.audiencelabs.com.br\/#\/schema\/person\/image\/\",\"url\":\"https:\/\/secure.gravatar.com\/avatar\/ea14ecddc9e9d202b698b18f9f69e09c9fd74cfbed5c6008d55f11faefdbdab7?s=96&d=mm&r=g\",\"contentUrl\":\"https:\/\/secure.gravatar.com\/avatar\/ea14ecddc9e9d202b698b18f9f69e09c9fd74cfbed5c6008d55f11faefdbdab7?s=96&d=mm&r=g\",\"caption\":\"Milena Armando\"},\"description\":\"Jornalista, redatora e revisora.\",\"url\":\"https:\/\/crusoe.audiencelabs.com.br\/author\/milena\/\"}]}<\/script>\n<!-- \/ Yoast SEO plugin. -->","yoast_head_json":{"title":"Governo vai depositar pelo menos R$ 600 na conta dos brasileiros em novembro \u2014 data j\u00e1 est\u00e1 confirmada","robots":{"index":"index","follow":"follow","max-snippet":"max-snippet:-1","max-image-preview":"max-image-preview:large","max-video-preview":"max-video-preview:-1"},"canonical":"https:\/\/crusoe.audiencelabs.com.br\/governo-vai-depositar-pelo-menos-r-600-na-conta-dos-brasileiros-em-novembro-data-ja-esta-confirmada\/","og_locale":"pt_BR","og_type":"article","og_title":"Governo vai depositar pelo menos R$ 600 na conta dos brasileiros em novembro \u2014 data j\u00e1 est\u00e1 confirmada","og_description":"O calend\u00e1rio do Bolsa Fam\u00edlia para novembro j\u00e1 est\u00e1 definido. Os pagamentos, ser\u00e3o realizados entre os dias 14 e 28 de novembro conforme o final do N\u00famero de Identifica\u00e7\u00e3o Social (NIS).&nbsp; Al\u00e9m do pagamento do Bolsa Fam\u00edlia, as fam\u00edlias cadastradas ainda t\u00eam acesso ao aux\u00edlio-g\u00e1s, criado para mitigar os custos elevados do g\u00e1s de cozinha, [&hellip;]","og_url":"https:\/\/crusoe.audiencelabs.com.br\/governo-vai-depositar-pelo-menos-r-600-na-conta-dos-brasileiros-em-novembro-data-ja-esta-confirmada\/","og_site_name":"Variedades - Cruso\u00e9","article_published_time":"2025-11-04T10:30:00+00:00","og_image":[{"width":1414,"height":900,"url":"https:\/\/cdn.crusoe.com.br\/uploads\/2025\/11\/20200213115009.jpg","type":"image\/jpeg"}],"author":"Milena Armando","twitter_card":"summary_large_image","twitter_misc":{"Escrito por":"Milena Armando","Est. tempo de leitura":"3 minutos"},"schema":{"@context":"https:\/\/schema.org","@graph":[{"@type":"WebPage","@id":"https:\/\/crusoe.audiencelabs.com.br\/governo-vai-depositar-pelo-menos-r-600-na-conta-dos-brasileiros-em-novembro-data-ja-esta-confirmada\/","url":"https:\/\/crusoe.audiencelabs.com.br\/governo-vai-depositar-pelo-menos-r-600-na-conta-dos-brasileiros-em-novembro-data-ja-esta-confirmada\/","name":"Governo vai depositar pelo menos R$ 600 na conta dos brasileiros em novembro \u2014 data j\u00e1 est\u00e1 confirmada","isPartOf":{"@id":"https:\/\/crusoe.audiencelabs.com.br\/#website"},"primaryImageOfPage":{"@id":"https:\/\/crusoe.audiencelabs.com.br\/governo-vai-depositar-pelo-menos-r-600-na-conta-dos-brasileiros-em-novembro-data-ja-esta-confirmada\/#primaryimage"},"image":{"@id":"https:\/\/crusoe.audiencelabs.com.br\/governo-vai-depositar-pelo-menos-r-600-na-conta-dos-brasileiros-em-novembro-data-ja-esta-confirmada\/#primaryimage"},"thumbnailUrl":"https:\/\/cdn.crusoe.com.br\/uploads\/2025\/11\/20200213115009.jpg","datePublished":"2025-11-04T10:30:00+00:00","author":{"@id":"https:\/\/crusoe.audiencelabs.com.br\/#\/schema\/person\/f87f73cfe89e5360de2c006bd4bd6a74"},"breadcrumb":{"@id":"https:\/\/crusoe.audiencelabs.com.br\/governo-vai-depositar-pelo-menos-r-600-na-conta-dos-brasileiros-em-novembro-data-ja-esta-confirmada\/#breadcrumb"},"inLanguage":"pt-BR","potentialAction":[{"@type":"ReadAction","target":["https:\/\/crusoe.audiencelabs.com.br\/governo-vai-depositar-pelo-menos-r-600-na-conta-dos-brasileiros-em-novembro-data-ja-esta-confirmada\/"]}]},{"@type":"ImageObject","inLanguage":"pt-BR","@id":"https:\/\/crusoe.audiencelabs.com.br\/governo-vai-depositar-pelo-menos-r-600-na-conta-dos-brasileiros-em-novembro-data-ja-esta-confirmada\/#primaryimage","url":"https:\/\/cdn.crusoe.com.br\/uploads\/2025\/11\/20200213115009.jpg","contentUrl":"https:\/\/cdn.crusoe.com.br\/uploads\/2025\/11\/20200213115009.jpg","width":1414,"height":900,"caption":"Foto: Olhar Digital"},{"@type":"BreadcrumbList","@id":"https:\/\/crusoe.audiencelabs.com.br\/governo-vai-depositar-pelo-menos-r-600-na-conta-dos-brasileiros-em-novembro-data-ja-esta-confirmada\/#breadcrumb","itemListElement":[{"@type":"ListItem","position":1,"name":"Home","item":"https:\/\/crusoe.audiencelabs.com.br\/"},{"@type":"ListItem","position":2,"name":"Governo vai depositar pelo menos R$ 600 na conta dos brasileiros em novembro \u2014 data j\u00e1 est\u00e1 confirmada"}]},{"@type":"WebSite","@id":"https:\/\/crusoe.audiencelabs.com.br\/#website","url":"https:\/\/crusoe.audiencelabs.com.br\/","name":"Variedades - Cruso\u00e9","description":"","potentialAction":[{"@type":"SearchAction","target":{"@type":"EntryPoint","urlTemplate":"https:\/\/crusoe.audiencelabs.com.br\/?s={search_term_string}"},"query-input":{"@type":"PropertyValueSpecification","valueRequired":true,"valueName":"search_term_string"}}],"inLanguage":"pt-BR"},{"@type":"Person","@id":"https:\/\/crusoe.audiencelabs.com.br\/#\/schema\/person\/f87f73cfe89e5360de2c006bd4bd6a74","name":"Milena Armando","image":{"@type":"ImageObject","inLanguage":"pt-BR","@id":"https:\/\/crusoe.audiencelabs.com.br\/#\/schema\/person\/image\/","url":"https:\/\/secure.gravatar.com\/avatar\/ea14ecddc9e9d202b698b18f9f69e09c9fd74cfbed5c6008d55f11faefdbdab7?s=96&d=mm&r=g","contentUrl":"https:\/\/secure.gravatar.com\/avatar\/ea14ecddc9e9d202b698b18f9f69e09c9fd74cfbed5c6008d55f11faefdbdab7?s=96&d=mm&r=g","caption":"Milena Armando"},"description":"Jornalista, redatora e revisora.","url":"https:\/\/crusoe.audiencelabs.com.br\/author\/milena\/"}]}},"_links":{"self":[{"href":"https:\/\/crusoe.audiencelabs.com.br\/wp-json\/wp\/v2\/posts\/21590","targetHints":{"allow":["GET"]}}],"collection":[{"href":"https:\/\/crusoe.audiencelabs.com.br\/wp-json\/wp\/v2\/posts"}],"about":[{"href":"https:\/\/crusoe.audiencelabs.com.br\/wp-json\/wp\/v2\/types\/post"}],"author":[{"embeddable":true,"href":"https:\/\/crusoe.audiencelabs.com.br\/wp-json\/wp\/v2\/users\/5"}],"replies":[{"embeddable":true,"href":"https:\/\/crusoe.audiencelabs.com.br\/wp-json\/wp\/v2\/comments?post=21590"}],"version-history":[{"count":3,"href":"https:\/\/crusoe.audiencelabs.com.br\/wp-json\/wp\/v2\/posts\/21590\/revisions"}],"predecessor-version":[{"id":21671,"href":"https:\/\/crusoe.audiencelabs.com.br\/wp-json\/wp\/v2\/posts\/21590\/revisions\/21671"}],"wp:featuredmedia":[{"embeddable":true,"href":"https:\/\/crusoe.audiencelabs.com.br\/wp-json\/wp\/v2\/media\/21592"}],"wp:attachment":[{"href":"https:\/\/crusoe.audiencelabs.com.br\/wp-json\/wp\/v2\/media?parent=21590"}],"wp:term":[{"taxonomy":"category","embeddable":true,"href":"https:\/\/crusoe.audiencelabs.com.br\/wp-json\/wp\/v2\/categories?post=21590"},{"taxonomy":"post_tag","embeddable":true,"href":"https:\/\/crusoe.audiencelabs.com.br\/wp-json\/wp\/v2\/tags?post=21590"}],"curies":[{"name":"wp","href":"https:\/\/api.w.org\/{rel}","templated":true}]}}