{"id":21579,"date":"2025-11-03T23:00:00","date_gmt":"2025-11-04T02:00:00","guid":{"rendered":"https:\/\/crusoe.audiencelabs.com.br\/?p=21579"},"modified":"2025-11-03T09:01:00","modified_gmt":"2025-11-03T12:01:00","slug":"o-cafe-que-voce-toma-todo-dia-esta-errado-e-e-dessa-maneira-que-voce-vai-deixar-ele-perfeito","status":"publish","type":"post","link":"https:\/\/crusoe.audiencelabs.com.br\/o-cafe-que-voce-toma-todo-dia-esta-errado-e-e-dessa-maneira-que-voce-vai-deixar-ele-perfeito\/","title":{"rendered":"O caf\u00e9 que voc\u00ea toma todo dia est\u00e1 errado e \u00e9 dessa maneira que voc\u00ea vai deixar ele perfeito!"},"content":{"rendered":"\n<p>Atr\u00e1s apenas da \u00e1gua, <strong>o caf\u00e9<\/strong> \u00e9 a segunda bebida mais consumida do mundo e faz parte da rotina de bilh\u00f5es de pessoas, se consolidando como um elemento essencial da alimenta\u00e7\u00e3o di\u00e1ria.<\/p>\n\n\n\n<p>E vale destacar que, no Brasil, estes dados s\u00e3o ainda mais expressivos, considerando que o pa\u00eds \u00e9 o segundo maior consumidor de caf\u00e9 do planeta, com a bebida presente em cerca de 98% dos lares.<\/p>\n\n\n\n<p>Entretanto, embora o caf\u00e9 seja considerado uma verdadeira tradi\u00e7\u00e3o nacional, estima-se que grande parte da bebida consumida no pa\u00eds seja <strong>preparada de maneira inadequada<\/strong>, o que compromete sua qualidade e sabor.<\/p>\n\n\n\n<p>De acordo com especialistas do setor, n\u00e3o \u00e9 imposs\u00edvel<strong> preparar um caf\u00e9 perfeito<\/strong>. Por\u00e9m, para que isso ocorra, \u00e9 fundamental seguir um passo a passo que se divide entre os seguintes detalhes:<\/p>\n\n\n\n<ul class=\"wp-block-list\">\n<li><strong>\u00c1gua: <\/strong>sempre utilizar \u00e1gua filtrada para preparar o caf\u00e9, pois desta forma, se evita a contamina\u00e7\u00e3o de impurezas como cloro e sedimentos que podem afetar o sabor do caf\u00e9;<\/li>\n\n\n\n<li><strong>Temperatura:<\/strong> a temperatura ideal da \u00e1gua \u00e9 entre 90\u00b0C e 96\u00b0C para garantir a extra\u00e7\u00e3o do sabor e aromas de forma equilibrada;<\/li>\n\n\n\n<li><strong>Filtro: <\/strong>o filtro de papel \u00e9 ideal para preparar o caf\u00e9 perfeito, mas \u00e9 importante escald\u00e1-lo antes do preparo para evitar a transfer\u00eancia de sabores indesejados;<\/li>\n\n\n\n<li><strong>P\u00f3: <\/strong>\u00e9 fundamental escolher um p\u00f3 de caf\u00e9 de qualidade para obter uma bebida com sabor e aroma mais agrad\u00e1veis.<\/li>\n<\/ul>\n\n\n\n<h2 class=\"wp-block-heading\">Outras dicas para preparar um caf\u00e9 perfeito<\/h2>\n\n\n\n<p>Al\u00e9m dos processos mencionados anteriormente, h\u00e1 ainda outras medidas que podem ser adotadas para assegurar que o caf\u00e9 consumido diariamente seja plenamente aproveitado. Entre elas, destacam-se:<\/p>\n\n\n\n<ul class=\"wp-block-list\">\n<li><strong>Evitar o caf\u00e9 extra-forte:<\/strong> apesar da cren\u00e7a de que ele \u00e9 um produto de alto n\u00edvel, o caf\u00e9 extra-forte \u00e9 feito com gr\u00e3os de baixa qualidade, que s\u00e3o torrados de forma mais intensa para que estes defeitos n\u00e3o sejam percebidos;<\/li>\n\n\n\n<li><strong>Adi\u00e7\u00e3o de a\u00e7\u00facar: <\/strong>geralmente, os caf\u00e9s de alta qualidade apresentam um dul\u00e7or natural que dispensam a adi\u00e7\u00e3o de a\u00e7\u00facares ou ado\u00e7antes;<\/li>\n\n\n\n<li><strong>Gr\u00e3o ou p\u00f3: <\/strong>para extrair ao m\u00e1ximo o sabor do caf\u00e9, \u00e9 ideal compr\u00e1-lo ainda em gr\u00e3os;<\/li>\n\n\n\n<li><strong>Aferindo a qualidade:<\/strong> \u00e9 fundamental se atentar ao r\u00f3tulo e \u00e0 embalagem do caf\u00e9 para confirmar se a bebida \u00e9 de qualidade, verificando sua pontua\u00e7\u00e3o, classifica\u00e7\u00e3o e se h\u00e1 v\u00e1lvula de preserva\u00e7\u00e3o de sabor.<\/li>\n<\/ul>\n","protected":false},"excerpt":{"rendered":"<p>Atr\u00e1s apenas da \u00e1gua, o caf\u00e9 \u00e9 a segunda bebida mais consumida do mundo e faz parte da rotina de bilh\u00f5es de pessoas, se consolidando como um elemento essencial da alimenta\u00e7\u00e3o di\u00e1ria. E vale destacar que, no Brasil, estes dados s\u00e3o ainda mais expressivos, considerando que o pa\u00eds \u00e9 o segundo maior consumidor de caf\u00e9 [&hellip;]<\/p>\n","protected":false},"author":7,"featured_media":21580,"comment_status":"open","ping_status":"open","sticky":false,"template":"","format":"standard","meta":{"jnews-multi-image_gallery":[],"jnews_single_post":{"format":"standard"},"jnews_primary_category":[],"jnews_override_counter":[],"jnews_post_split":[],"footnotes":""},"categories":[1],"tags":[],"class_list":["post-21579","post","type-post","status-publish","format-standard","has-post-thumbnail","hentry","category-geral"],"yoast_head":"<!-- This site is optimized with the Yoast SEO plugin v25.0 - https:\/\/yoast.com\/wordpress\/plugins\/seo\/ -->\n<title>O caf\u00e9 que voc\u00ea toma todo dia est\u00e1 errado e \u00e9 dessa maneira que voc\u00ea vai deixar ele perfeito!<\/title>\n<meta name=\"robots\" content=\"index, follow, max-snippet:-1, max-image-preview:large, max-video-preview:-1\" \/>\n<link rel=\"canonical\" href=\"https:\/\/crusoe.audiencelabs.com.br\/o-cafe-que-voce-toma-todo-dia-esta-errado-e-e-dessa-maneira-que-voce-vai-deixar-ele-perfeito\/\" \/>\n<meta property=\"og:locale\" content=\"pt_BR\" \/>\n<meta property=\"og:type\" content=\"article\" \/>\n<meta property=\"og:title\" content=\"O caf\u00e9 que voc\u00ea toma todo dia est\u00e1 errado e \u00e9 dessa maneira que voc\u00ea vai deixar ele perfeito!\" \/>\n<meta property=\"og:description\" content=\"Atr\u00e1s apenas da \u00e1gua, o caf\u00e9 \u00e9 a segunda bebida mais consumida do mundo e faz parte da rotina de bilh\u00f5es de pessoas, se consolidando como um elemento essencial da alimenta\u00e7\u00e3o di\u00e1ria. E vale destacar que, no Brasil, estes dados s\u00e3o ainda mais expressivos, considerando que o pa\u00eds \u00e9 o segundo maior consumidor de caf\u00e9 [&hellip;]\" \/>\n<meta property=\"og:url\" content=\"https:\/\/crusoe.audiencelabs.com.br\/o-cafe-que-voce-toma-todo-dia-esta-errado-e-e-dessa-maneira-que-voce-vai-deixar-ele-perfeito\/\" \/>\n<meta property=\"og:site_name\" content=\"Variedades - Cruso\u00e9\" \/>\n<meta property=\"article:published_time\" content=\"2025-11-04T02:00:00+00:00\" \/>\n<meta property=\"og:image\" content=\"https:\/\/cdn.crusoe.com.br\/uploads\/2025\/11\/cafe-toma-todo-dia-esta-errado-dessa-maneira-deixar-ele-perfeito.jpg\" \/>\n\t<meta property=\"og:image:width\" content=\"1920\" \/>\n\t<meta property=\"og:image:height\" content=\"1080\" \/>\n\t<meta property=\"og:image:type\" content=\"image\/jpeg\" \/>\n<meta name=\"author\" content=\"Jo\u00e3o Carlos Gomes\" \/>\n<meta name=\"twitter:card\" content=\"summary_large_image\" \/>\n<meta name=\"twitter:label1\" content=\"Escrito por\" \/>\n\t<meta name=\"twitter:data1\" content=\"Jo\u00e3o Carlos Gomes\" \/>\n\t<meta name=\"twitter:label2\" content=\"Est. tempo de leitura\" \/>\n\t<meta name=\"twitter:data2\" content=\"3 minutos\" \/>\n<script type=\"application\/ld+json\" class=\"yoast-schema-graph\">{\"@context\":\"https:\/\/schema.org\",\"@graph\":[{\"@type\":\"WebPage\",\"@id\":\"https:\/\/crusoe.audiencelabs.com.br\/o-cafe-que-voce-toma-todo-dia-esta-errado-e-e-dessa-maneira-que-voce-vai-deixar-ele-perfeito\/\",\"url\":\"https:\/\/crusoe.audiencelabs.com.br\/o-cafe-que-voce-toma-todo-dia-esta-errado-e-e-dessa-maneira-que-voce-vai-deixar-ele-perfeito\/\",\"name\":\"O caf\u00e9 que voc\u00ea toma todo dia est\u00e1 errado e \u00e9 dessa maneira que voc\u00ea vai deixar ele perfeito!\",\"isPartOf\":{\"@id\":\"https:\/\/crusoe.audiencelabs.com.br\/#website\"},\"primaryImageOfPage\":{\"@id\":\"https:\/\/crusoe.audiencelabs.com.br\/o-cafe-que-voce-toma-todo-dia-esta-errado-e-e-dessa-maneira-que-voce-vai-deixar-ele-perfeito\/#primaryimage\"},\"image\":{\"@id\":\"https:\/\/crusoe.audiencelabs.com.br\/o-cafe-que-voce-toma-todo-dia-esta-errado-e-e-dessa-maneira-que-voce-vai-deixar-ele-perfeito\/#primaryimage\"},\"thumbnailUrl\":\"https:\/\/cdn.crusoe.com.br\/uploads\/2025\/11\/cafe-toma-todo-dia-esta-errado-dessa-maneira-deixar-ele-perfeito.jpg\",\"datePublished\":\"2025-11-04T02:00:00+00:00\",\"author\":{\"@id\":\"https:\/\/crusoe.audiencelabs.com.br\/#\/schema\/person\/4a23399b23149df2eab6637fd2fd2bfc\"},\"breadcrumb\":{\"@id\":\"https:\/\/crusoe.audiencelabs.com.br\/o-cafe-que-voce-toma-todo-dia-esta-errado-e-e-dessa-maneira-que-voce-vai-deixar-ele-perfeito\/#breadcrumb\"},\"inLanguage\":\"pt-BR\",\"potentialAction\":[{\"@type\":\"ReadAction\",\"target\":[\"https:\/\/crusoe.audiencelabs.com.br\/o-cafe-que-voce-toma-todo-dia-esta-errado-e-e-dessa-maneira-que-voce-vai-deixar-ele-perfeito\/\"]}]},{\"@type\":\"ImageObject\",\"inLanguage\":\"pt-BR\",\"@id\":\"https:\/\/crusoe.audiencelabs.com.br\/o-cafe-que-voce-toma-todo-dia-esta-errado-e-e-dessa-maneira-que-voce-vai-deixar-ele-perfeito\/#primaryimage\",\"url\":\"https:\/\/cdn.crusoe.com.br\/uploads\/2025\/11\/cafe-toma-todo-dia-esta-errado-dessa-maneira-deixar-ele-perfeito.jpg\",\"contentUrl\":\"https:\/\/cdn.crusoe.com.br\/uploads\/2025\/11\/cafe-toma-todo-dia-esta-errado-dessa-maneira-deixar-ele-perfeito.jpg\",\"width\":1920,\"height\":1080,\"caption\":\"Foto: Devin Avery\/Unsplash\"},{\"@type\":\"BreadcrumbList\",\"@id\":\"https:\/\/crusoe.audiencelabs.com.br\/o-cafe-que-voce-toma-todo-dia-esta-errado-e-e-dessa-maneira-que-voce-vai-deixar-ele-perfeito\/#breadcrumb\",\"itemListElement\":[{\"@type\":\"ListItem\",\"position\":1,\"name\":\"Home\",\"item\":\"https:\/\/crusoe.audiencelabs.com.br\/\"},{\"@type\":\"ListItem\",\"position\":2,\"name\":\"O caf\u00e9 que voc\u00ea toma todo dia est\u00e1 errado e \u00e9 dessa maneira que voc\u00ea vai deixar ele perfeito!\"}]},{\"@type\":\"WebSite\",\"@id\":\"https:\/\/crusoe.audiencelabs.com.br\/#website\",\"url\":\"https:\/\/crusoe.audiencelabs.com.br\/\",\"name\":\"Variedades - Cruso\u00e9\",\"description\":\"\",\"potentialAction\":[{\"@type\":\"SearchAction\",\"target\":{\"@type\":\"EntryPoint\",\"urlTemplate\":\"https:\/\/crusoe.audiencelabs.com.br\/?s={search_term_string}\"},\"query-input\":{\"@type\":\"PropertyValueSpecification\",\"valueRequired\":true,\"valueName\":\"search_term_string\"}}],\"inLanguage\":\"pt-BR\"},{\"@type\":\"Person\",\"@id\":\"https:\/\/crusoe.audiencelabs.com.br\/#\/schema\/person\/4a23399b23149df2eab6637fd2fd2bfc\",\"name\":\"Jo\u00e3o Carlos Gomes\",\"image\":{\"@type\":\"ImageObject\",\"inLanguage\":\"pt-BR\",\"@id\":\"https:\/\/crusoe.audiencelabs.com.br\/#\/schema\/person\/image\/\",\"url\":\"https:\/\/secure.gravatar.com\/avatar\/4ce4672dbdd694b329cd6fdb51bee7d1409be1f0ff76a537e4c4a737b2c7d1a9?s=96&d=mm&r=g\",\"contentUrl\":\"https:\/\/secure.gravatar.com\/avatar\/4ce4672dbdd694b329cd6fdb51bee7d1409be1f0ff76a537e4c4a737b2c7d1a9?s=96&d=mm&r=g\",\"caption\":\"Jo\u00e3o Carlos Gomes\"},\"description\":\"Jornalista, criador de conte\u00fado e m\u00fasico independente nas horas vagas.\",\"url\":\"https:\/\/crusoe.audiencelabs.com.br\/author\/joaoc-junior66\/\"}]}<\/script>\n<!-- \/ Yoast SEO plugin. -->","yoast_head_json":{"title":"O caf\u00e9 que voc\u00ea toma todo dia est\u00e1 errado e \u00e9 dessa maneira que voc\u00ea vai deixar ele perfeito!","robots":{"index":"index","follow":"follow","max-snippet":"max-snippet:-1","max-image-preview":"max-image-preview:large","max-video-preview":"max-video-preview:-1"},"canonical":"https:\/\/crusoe.audiencelabs.com.br\/o-cafe-que-voce-toma-todo-dia-esta-errado-e-e-dessa-maneira-que-voce-vai-deixar-ele-perfeito\/","og_locale":"pt_BR","og_type":"article","og_title":"O caf\u00e9 que voc\u00ea toma todo dia est\u00e1 errado e \u00e9 dessa maneira que voc\u00ea vai deixar ele perfeito!","og_description":"Atr\u00e1s apenas da \u00e1gua, o caf\u00e9 \u00e9 a segunda bebida mais consumida do mundo e faz parte da rotina de bilh\u00f5es de pessoas, se consolidando como um elemento essencial da alimenta\u00e7\u00e3o di\u00e1ria. E vale destacar que, no Brasil, estes dados s\u00e3o ainda mais expressivos, considerando que o pa\u00eds \u00e9 o segundo maior consumidor de caf\u00e9 [&hellip;]","og_url":"https:\/\/crusoe.audiencelabs.com.br\/o-cafe-que-voce-toma-todo-dia-esta-errado-e-e-dessa-maneira-que-voce-vai-deixar-ele-perfeito\/","og_site_name":"Variedades - Cruso\u00e9","article_published_time":"2025-11-04T02:00:00+00:00","og_image":[{"width":1920,"height":1080,"url":"https:\/\/cdn.crusoe.com.br\/uploads\/2025\/11\/cafe-toma-todo-dia-esta-errado-dessa-maneira-deixar-ele-perfeito.jpg","type":"image\/jpeg"}],"author":"Jo\u00e3o Carlos Gomes","twitter_card":"summary_large_image","twitter_misc":{"Escrito por":"Jo\u00e3o Carlos Gomes","Est. tempo de leitura":"3 minutos"},"schema":{"@context":"https:\/\/schema.org","@graph":[{"@type":"WebPage","@id":"https:\/\/crusoe.audiencelabs.com.br\/o-cafe-que-voce-toma-todo-dia-esta-errado-e-e-dessa-maneira-que-voce-vai-deixar-ele-perfeito\/","url":"https:\/\/crusoe.audiencelabs.com.br\/o-cafe-que-voce-toma-todo-dia-esta-errado-e-e-dessa-maneira-que-voce-vai-deixar-ele-perfeito\/","name":"O caf\u00e9 que voc\u00ea toma todo dia est\u00e1 errado e \u00e9 dessa maneira que voc\u00ea vai deixar ele perfeito!","isPartOf":{"@id":"https:\/\/crusoe.audiencelabs.com.br\/#website"},"primaryImageOfPage":{"@id":"https:\/\/crusoe.audiencelabs.com.br\/o-cafe-que-voce-toma-todo-dia-esta-errado-e-e-dessa-maneira-que-voce-vai-deixar-ele-perfeito\/#primaryimage"},"image":{"@id":"https:\/\/crusoe.audiencelabs.com.br\/o-cafe-que-voce-toma-todo-dia-esta-errado-e-e-dessa-maneira-que-voce-vai-deixar-ele-perfeito\/#primaryimage"},"thumbnailUrl":"https:\/\/cdn.crusoe.com.br\/uploads\/2025\/11\/cafe-toma-todo-dia-esta-errado-dessa-maneira-deixar-ele-perfeito.jpg","datePublished":"2025-11-04T02:00:00+00:00","author":{"@id":"https:\/\/crusoe.audiencelabs.com.br\/#\/schema\/person\/4a23399b23149df2eab6637fd2fd2bfc"},"breadcrumb":{"@id":"https:\/\/crusoe.audiencelabs.com.br\/o-cafe-que-voce-toma-todo-dia-esta-errado-e-e-dessa-maneira-que-voce-vai-deixar-ele-perfeito\/#breadcrumb"},"inLanguage":"pt-BR","potentialAction":[{"@type":"ReadAction","target":["https:\/\/crusoe.audiencelabs.com.br\/o-cafe-que-voce-toma-todo-dia-esta-errado-e-e-dessa-maneira-que-voce-vai-deixar-ele-perfeito\/"]}]},{"@type":"ImageObject","inLanguage":"pt-BR","@id":"https:\/\/crusoe.audiencelabs.com.br\/o-cafe-que-voce-toma-todo-dia-esta-errado-e-e-dessa-maneira-que-voce-vai-deixar-ele-perfeito\/#primaryimage","url":"https:\/\/cdn.crusoe.com.br\/uploads\/2025\/11\/cafe-toma-todo-dia-esta-errado-dessa-maneira-deixar-ele-perfeito.jpg","contentUrl":"https:\/\/cdn.crusoe.com.br\/uploads\/2025\/11\/cafe-toma-todo-dia-esta-errado-dessa-maneira-deixar-ele-perfeito.jpg","width":1920,"height":1080,"caption":"Foto: Devin Avery\/Unsplash"},{"@type":"BreadcrumbList","@id":"https:\/\/crusoe.audiencelabs.com.br\/o-cafe-que-voce-toma-todo-dia-esta-errado-e-e-dessa-maneira-que-voce-vai-deixar-ele-perfeito\/#breadcrumb","itemListElement":[{"@type":"ListItem","position":1,"name":"Home","item":"https:\/\/crusoe.audiencelabs.com.br\/"},{"@type":"ListItem","position":2,"name":"O caf\u00e9 que voc\u00ea toma todo dia est\u00e1 errado e \u00e9 dessa maneira que voc\u00ea vai deixar ele perfeito!"}]},{"@type":"WebSite","@id":"https:\/\/crusoe.audiencelabs.com.br\/#website","url":"https:\/\/crusoe.audiencelabs.com.br\/","name":"Variedades - Cruso\u00e9","description":"","potentialAction":[{"@type":"SearchAction","target":{"@type":"EntryPoint","urlTemplate":"https:\/\/crusoe.audiencelabs.com.br\/?s={search_term_string}"},"query-input":{"@type":"PropertyValueSpecification","valueRequired":true,"valueName":"search_term_string"}}],"inLanguage":"pt-BR"},{"@type":"Person","@id":"https:\/\/crusoe.audiencelabs.com.br\/#\/schema\/person\/4a23399b23149df2eab6637fd2fd2bfc","name":"Jo\u00e3o Carlos Gomes","image":{"@type":"ImageObject","inLanguage":"pt-BR","@id":"https:\/\/crusoe.audiencelabs.com.br\/#\/schema\/person\/image\/","url":"https:\/\/secure.gravatar.com\/avatar\/4ce4672dbdd694b329cd6fdb51bee7d1409be1f0ff76a537e4c4a737b2c7d1a9?s=96&d=mm&r=g","contentUrl":"https:\/\/secure.gravatar.com\/avatar\/4ce4672dbdd694b329cd6fdb51bee7d1409be1f0ff76a537e4c4a737b2c7d1a9?s=96&d=mm&r=g","caption":"Jo\u00e3o Carlos Gomes"},"description":"Jornalista, criador de conte\u00fado e m\u00fasico independente nas horas vagas.","url":"https:\/\/crusoe.audiencelabs.com.br\/author\/joaoc-junior66\/"}]}},"_links":{"self":[{"href":"https:\/\/crusoe.audiencelabs.com.br\/wp-json\/wp\/v2\/posts\/21579","targetHints":{"allow":["GET"]}}],"collection":[{"href":"https:\/\/crusoe.audiencelabs.com.br\/wp-json\/wp\/v2\/posts"}],"about":[{"href":"https:\/\/crusoe.audiencelabs.com.br\/wp-json\/wp\/v2\/types\/post"}],"author":[{"embeddable":true,"href":"https:\/\/crusoe.audiencelabs.com.br\/wp-json\/wp\/v2\/users\/7"}],"replies":[{"embeddable":true,"href":"https:\/\/crusoe.audiencelabs.com.br\/wp-json\/wp\/v2\/comments?post=21579"}],"version-history":[{"count":1,"href":"https:\/\/crusoe.audiencelabs.com.br\/wp-json\/wp\/v2\/posts\/21579\/revisions"}],"predecessor-version":[{"id":21591,"href":"https:\/\/crusoe.audiencelabs.com.br\/wp-json\/wp\/v2\/posts\/21579\/revisions\/21591"}],"wp:featuredmedia":[{"embeddable":true,"href":"https:\/\/crusoe.audiencelabs.com.br\/wp-json\/wp\/v2\/media\/21580"}],"wp:attachment":[{"href":"https:\/\/crusoe.audiencelabs.com.br\/wp-json\/wp\/v2\/media?parent=21579"}],"wp:term":[{"taxonomy":"category","embeddable":true,"href":"https:\/\/crusoe.audiencelabs.com.br\/wp-json\/wp\/v2\/categories?post=21579"},{"taxonomy":"post_tag","embeddable":true,"href":"https:\/\/crusoe.audiencelabs.com.br\/wp-json\/wp\/v2\/tags?post=21579"}],"curies":[{"name":"wp","href":"https:\/\/api.w.org\/{rel}","templated":true}]}}