{"id":2149,"date":"2025-06-11T15:13:09","date_gmt":"2025-06-11T18:13:09","guid":{"rendered":"https:\/\/crusoe.com.br\/variedades\/?p=2149"},"modified":"2025-06-11T15:13:20","modified_gmt":"2025-06-11T18:13:20","slug":"como-se-aposentar-pelo-inss-em-2025","status":"publish","type":"post","link":"https:\/\/crusoe.audiencelabs.com.br\/como-se-aposentar-pelo-inss-em-2025\/","title":{"rendered":"Como se aposentar pelo INSS em 2025"},"content":{"rendered":"\n<p>Enquanto muitas pessoas est\u00e3o adentrando no mercado de trabalho em 2025, outras est\u00e3o deixando-o ap\u00f3s anos de contribui\u00e7\u00e3o, buscando assim seus direitos previdenci\u00e1rios.<\/p>\n\n\n\n<p>Mas vale lembrar que, por conta de mudan\u00e7as causadas pelas regras de transi\u00e7\u00e3o do<strong> Instituto Nacional do Seguro Social (INSS)<\/strong>, estabelecidas pela Reforma da Previd\u00eancia de 2019, muitos brasileiros ainda n\u00e3o sabem se realmente podem se aposentar.<\/p>\n\n\n\n<p>Ainda mais considerando que algumas mudan\u00e7as autom\u00e1ticas ocorreram justamente neste ano de 2025. Desta forma, para saber se \u00e9 poss\u00edvel dar entrada na aposentadoria, confira os detalhes do procedimento atual:<\/p>\n\n\n\n<h2 class=\"wp-block-heading\">Quem pode se aposentar pelo INSS em 2025?<\/h2>\n\n\n\n<ul class=\"wp-block-list\">\n<li><strong>Novos contribuintes<\/strong><\/li>\n<\/ul>\n\n\n\n<p>Segurados que come\u00e7aram a contribuir ap\u00f3s a reforma precisam ter pelo menos <strong>65 anos de idade e 20 de contribui\u00e7\u00e3o se forem homens <\/strong>e <strong>62 anos de idade e 15 de contribui\u00e7\u00e3o se forem mulheres<\/strong>.<\/p>\n\n\n\n<ul class=\"wp-block-list\">\n<li><strong>Antigos contribuintes<\/strong><\/li>\n<\/ul>\n\n\n\n<p>Para antigos contribuintes, o tempo de contribui\u00e7\u00e3o \u00e9 fixo, variando entre <strong>30 anos para mulheres e 35 para homens<\/strong>. J\u00e1 a idade varia de <strong>59 a 64 anos<\/strong>, respectivamente.<\/p>\n\n\n\n<ul class=\"wp-block-list\">\n<li><strong>Regra de pontos<\/strong><\/li>\n<\/ul>\n\n\n\n<p>A soma entre idade e tempo de contribui\u00e7\u00e3o deve atingir um valor m\u00ednimo, ficando em um total de <strong>92 pontos para mulheres <\/strong>e <strong>102 pontos para homens<\/strong>.<\/p>\n\n\n\n<ul class=\"wp-block-list\">\n<li><strong>Ped\u00e1gio<\/strong><\/li>\n<\/ul>\n\n\n\n<p>A regra de ped\u00e1gio se tornou mais rigorosa em 2025, exigindo que o trabalhador cumpra o dobro do tempo que faltava para se aposentar em 2019.<\/p>\n\n\n\n<ul class=\"wp-block-list\">\n<li><strong>Aposentadoria por idade<\/strong><\/li>\n<\/ul>\n\n\n\n<p>No caso de trabalhadores que j\u00e1 contribu\u00edram por <strong>cerca de 15 anos no m\u00ednimo<\/strong>, e j\u00e1 atingiram <strong>idades entre 62 (mulheres) e 65 anos (homens)<\/strong>, tamb\u00e9m ser\u00e1 poss\u00edvel solicitar a aposentadoria.<\/p>\n\n\n\n<h2 class=\"wp-block-heading\">Como solicitar a aposentadoria pelo INSS?<\/h2>\n\n\n\n<p>Os segurados podem dar entrada no processo de aposentadoria atrav\u00e9s da internet (app <strong>Meu INSS<\/strong>), telefone (n\u00famero <strong>135<\/strong>) ou via atendimento presencial (ag\u00eancias da Previd\u00eancia Social). e vale lembrar que, em todos os casos, \u00e9 necess\u00e1rio apresentar a seguinte documenta\u00e7\u00e3o:<\/p>\n\n\n\n<ul class=\"wp-block-list\">\n<li><strong>RG, CPF, CNH ou outro documento de identifica\u00e7\u00e3o com foto;<\/strong><\/li>\n\n\n\n<li><strong>Carteira de Trabalho (CTPS);<\/strong><\/li>\n\n\n\n<li><strong>Extrato de Contribui\u00e7\u00e3o (CNIS);<\/strong><\/li>\n\n\n\n<li><strong>Comprovante de resid\u00eancia;<\/strong><\/li>\n\n\n\n<li><strong>Holerites<\/strong> (em caso de diverg\u00eancias no CNIS)<strong>;<\/strong><\/li>\n\n\n\n<li><strong>CTC (Certid\u00e3o de Tempo de Contribui\u00e7\u00e3o, para servidores p\u00fablicos).<\/strong><\/li>\n<\/ul>\n","protected":false},"excerpt":{"rendered":"<p>Enquanto muitas pessoas est\u00e3o adentrando no mercado de trabalho em 2025, outras est\u00e3o deixando-o ap\u00f3s anos de contribui\u00e7\u00e3o, buscando assim seus direitos previdenci\u00e1rios. Mas vale lembrar que, por conta de mudan\u00e7as causadas pelas regras de transi\u00e7\u00e3o do Instituto Nacional do Seguro Social (INSS), estabelecidas pela Reforma da Previd\u00eancia de 2019, muitos brasileiros ainda n\u00e3o sabem [&hellip;]<\/p>\n","protected":false},"author":7,"featured_media":2150,"comment_status":"open","ping_status":"open","sticky":false,"template":"","format":"standard","meta":{"jnews-multi-image_gallery":[],"jnews_single_post":{"format":"standard"},"jnews_primary_category":[],"jnews_override_counter":[],"jnews_post_split":[],"footnotes":""},"categories":[1],"tags":[],"class_list":["post-2149","post","type-post","status-publish","format-standard","has-post-thumbnail","hentry","category-geral"],"yoast_head":"<!-- This site is optimized with the Yoast SEO plugin v25.0 - https:\/\/yoast.com\/wordpress\/plugins\/seo\/ -->\n<title>Como se aposentar pelo INSS em 2025<\/title>\n<meta name=\"robots\" content=\"index, follow, max-snippet:-1, max-image-preview:large, max-video-preview:-1\" \/>\n<link rel=\"canonical\" href=\"https:\/\/crusoe.audiencelabs.com.br\/como-se-aposentar-pelo-inss-em-2025\/\" \/>\n<meta property=\"og:locale\" content=\"pt_BR\" \/>\n<meta property=\"og:type\" content=\"article\" \/>\n<meta property=\"og:title\" content=\"Como se aposentar pelo INSS em 2025\" \/>\n<meta property=\"og:description\" content=\"Enquanto muitas pessoas est\u00e3o adentrando no mercado de trabalho em 2025, outras est\u00e3o deixando-o ap\u00f3s anos de contribui\u00e7\u00e3o, buscando assim seus direitos previdenci\u00e1rios. Mas vale lembrar que, por conta de mudan\u00e7as causadas pelas regras de transi\u00e7\u00e3o do Instituto Nacional do Seguro Social (INSS), estabelecidas pela Reforma da Previd\u00eancia de 2019, muitos brasileiros ainda n\u00e3o sabem [&hellip;]\" \/>\n<meta property=\"og:url\" content=\"https:\/\/crusoe.audiencelabs.com.br\/como-se-aposentar-pelo-inss-em-2025\/\" \/>\n<meta property=\"og:site_name\" content=\"Variedades - Cruso\u00e9\" \/>\n<meta property=\"article:published_time\" content=\"2025-06-11T18:13:09+00:00\" \/>\n<meta property=\"article:modified_time\" content=\"2025-06-11T18:13:20+00:00\" \/>\n<meta property=\"og:image\" content=\"https:\/\/cdn.crusoe.com.br\/uploads\/2025\/06\/como-se-aposentar-inss-2025.webp\" \/>\n\t<meta property=\"og:image:width\" content=\"1280\" \/>\n\t<meta property=\"og:image:height\" content=\"720\" \/>\n\t<meta property=\"og:image:type\" content=\"image\/webp\" \/>\n<meta name=\"author\" content=\"Jo\u00e3o Carlos Gomes\" \/>\n<meta name=\"twitter:card\" content=\"summary_large_image\" \/>\n<meta name=\"twitter:label1\" content=\"Escrito por\" \/>\n\t<meta name=\"twitter:data1\" content=\"Jo\u00e3o Carlos Gomes\" \/>\n\t<meta name=\"twitter:label2\" content=\"Est. tempo de leitura\" \/>\n\t<meta name=\"twitter:data2\" content=\"3 minutos\" \/>\n<script type=\"application\/ld+json\" class=\"yoast-schema-graph\">{\"@context\":\"https:\/\/schema.org\",\"@graph\":[{\"@type\":\"WebPage\",\"@id\":\"https:\/\/crusoe.audiencelabs.com.br\/como-se-aposentar-pelo-inss-em-2025\/\",\"url\":\"https:\/\/crusoe.audiencelabs.com.br\/como-se-aposentar-pelo-inss-em-2025\/\",\"name\":\"Como se aposentar pelo INSS em 2025\",\"isPartOf\":{\"@id\":\"https:\/\/crusoe.audiencelabs.com.br\/#website\"},\"primaryImageOfPage\":{\"@id\":\"https:\/\/crusoe.audiencelabs.com.br\/como-se-aposentar-pelo-inss-em-2025\/#primaryimage\"},\"image\":{\"@id\":\"https:\/\/crusoe.audiencelabs.com.br\/como-se-aposentar-pelo-inss-em-2025\/#primaryimage\"},\"thumbnailUrl\":\"https:\/\/cdn.crusoe.com.br\/uploads\/2025\/06\/como-se-aposentar-inss-2025.webp\",\"datePublished\":\"2025-06-11T18:13:09+00:00\",\"dateModified\":\"2025-06-11T18:13:20+00:00\",\"author\":{\"@id\":\"https:\/\/crusoe.audiencelabs.com.br\/#\/schema\/person\/4a23399b23149df2eab6637fd2fd2bfc\"},\"breadcrumb\":{\"@id\":\"https:\/\/crusoe.audiencelabs.com.br\/como-se-aposentar-pelo-inss-em-2025\/#breadcrumb\"},\"inLanguage\":\"pt-BR\",\"potentialAction\":[{\"@type\":\"ReadAction\",\"target\":[\"https:\/\/crusoe.audiencelabs.com.br\/como-se-aposentar-pelo-inss-em-2025\/\"]}]},{\"@type\":\"ImageObject\",\"inLanguage\":\"pt-BR\",\"@id\":\"https:\/\/crusoe.audiencelabs.com.br\/como-se-aposentar-pelo-inss-em-2025\/#primaryimage\",\"url\":\"https:\/\/cdn.crusoe.com.br\/uploads\/2025\/06\/como-se-aposentar-inss-2025.webp\",\"contentUrl\":\"https:\/\/cdn.crusoe.com.br\/uploads\/2025\/06\/como-se-aposentar-inss-2025.webp\",\"width\":1280,\"height\":720,\"caption\":\"Foto: Rafa Neddermeyer\/Ag\u00eancia Brasil\"},{\"@type\":\"BreadcrumbList\",\"@id\":\"https:\/\/crusoe.audiencelabs.com.br\/como-se-aposentar-pelo-inss-em-2025\/#breadcrumb\",\"itemListElement\":[{\"@type\":\"ListItem\",\"position\":1,\"name\":\"Home\",\"item\":\"https:\/\/crusoe.audiencelabs.com.br\/\"},{\"@type\":\"ListItem\",\"position\":2,\"name\":\"Como se aposentar pelo INSS em 2025\"}]},{\"@type\":\"WebSite\",\"@id\":\"https:\/\/crusoe.audiencelabs.com.br\/#website\",\"url\":\"https:\/\/crusoe.audiencelabs.com.br\/\",\"name\":\"Variedades - Cruso\u00e9\",\"description\":\"\",\"potentialAction\":[{\"@type\":\"SearchAction\",\"target\":{\"@type\":\"EntryPoint\",\"urlTemplate\":\"https:\/\/crusoe.audiencelabs.com.br\/?s={search_term_string}\"},\"query-input\":{\"@type\":\"PropertyValueSpecification\",\"valueRequired\":true,\"valueName\":\"search_term_string\"}}],\"inLanguage\":\"pt-BR\"},{\"@type\":\"Person\",\"@id\":\"https:\/\/crusoe.audiencelabs.com.br\/#\/schema\/person\/4a23399b23149df2eab6637fd2fd2bfc\",\"name\":\"Jo\u00e3o Carlos Gomes\",\"image\":{\"@type\":\"ImageObject\",\"inLanguage\":\"pt-BR\",\"@id\":\"https:\/\/crusoe.audiencelabs.com.br\/#\/schema\/person\/image\/\",\"url\":\"https:\/\/secure.gravatar.com\/avatar\/4ce4672dbdd694b329cd6fdb51bee7d1409be1f0ff76a537e4c4a737b2c7d1a9?s=96&d=mm&r=g\",\"contentUrl\":\"https:\/\/secure.gravatar.com\/avatar\/4ce4672dbdd694b329cd6fdb51bee7d1409be1f0ff76a537e4c4a737b2c7d1a9?s=96&d=mm&r=g\",\"caption\":\"Jo\u00e3o Carlos Gomes\"},\"description\":\"Jornalista, criador de conte\u00fado e m\u00fasico independente nas horas vagas.\",\"url\":\"https:\/\/crusoe.audiencelabs.com.br\/author\/joaoc-junior66\/\"}]}<\/script>\n<!-- \/ Yoast SEO plugin. -->","yoast_head_json":{"title":"Como se aposentar pelo INSS em 2025","robots":{"index":"index","follow":"follow","max-snippet":"max-snippet:-1","max-image-preview":"max-image-preview:large","max-video-preview":"max-video-preview:-1"},"canonical":"https:\/\/crusoe.audiencelabs.com.br\/como-se-aposentar-pelo-inss-em-2025\/","og_locale":"pt_BR","og_type":"article","og_title":"Como se aposentar pelo INSS em 2025","og_description":"Enquanto muitas pessoas est\u00e3o adentrando no mercado de trabalho em 2025, outras est\u00e3o deixando-o ap\u00f3s anos de contribui\u00e7\u00e3o, buscando assim seus direitos previdenci\u00e1rios. Mas vale lembrar que, por conta de mudan\u00e7as causadas pelas regras de transi\u00e7\u00e3o do Instituto Nacional do Seguro Social (INSS), estabelecidas pela Reforma da Previd\u00eancia de 2019, muitos brasileiros ainda n\u00e3o sabem [&hellip;]","og_url":"https:\/\/crusoe.audiencelabs.com.br\/como-se-aposentar-pelo-inss-em-2025\/","og_site_name":"Variedades - Cruso\u00e9","article_published_time":"2025-06-11T18:13:09+00:00","article_modified_time":"2025-06-11T18:13:20+00:00","og_image":[{"width":1280,"height":720,"url":"https:\/\/cdn.crusoe.com.br\/uploads\/2025\/06\/como-se-aposentar-inss-2025.webp","type":"image\/webp"}],"author":"Jo\u00e3o Carlos Gomes","twitter_card":"summary_large_image","twitter_misc":{"Escrito por":"Jo\u00e3o Carlos Gomes","Est. tempo de leitura":"3 minutos"},"schema":{"@context":"https:\/\/schema.org","@graph":[{"@type":"WebPage","@id":"https:\/\/crusoe.audiencelabs.com.br\/como-se-aposentar-pelo-inss-em-2025\/","url":"https:\/\/crusoe.audiencelabs.com.br\/como-se-aposentar-pelo-inss-em-2025\/","name":"Como se aposentar pelo INSS em 2025","isPartOf":{"@id":"https:\/\/crusoe.audiencelabs.com.br\/#website"},"primaryImageOfPage":{"@id":"https:\/\/crusoe.audiencelabs.com.br\/como-se-aposentar-pelo-inss-em-2025\/#primaryimage"},"image":{"@id":"https:\/\/crusoe.audiencelabs.com.br\/como-se-aposentar-pelo-inss-em-2025\/#primaryimage"},"thumbnailUrl":"https:\/\/cdn.crusoe.com.br\/uploads\/2025\/06\/como-se-aposentar-inss-2025.webp","datePublished":"2025-06-11T18:13:09+00:00","dateModified":"2025-06-11T18:13:20+00:00","author":{"@id":"https:\/\/crusoe.audiencelabs.com.br\/#\/schema\/person\/4a23399b23149df2eab6637fd2fd2bfc"},"breadcrumb":{"@id":"https:\/\/crusoe.audiencelabs.com.br\/como-se-aposentar-pelo-inss-em-2025\/#breadcrumb"},"inLanguage":"pt-BR","potentialAction":[{"@type":"ReadAction","target":["https:\/\/crusoe.audiencelabs.com.br\/como-se-aposentar-pelo-inss-em-2025\/"]}]},{"@type":"ImageObject","inLanguage":"pt-BR","@id":"https:\/\/crusoe.audiencelabs.com.br\/como-se-aposentar-pelo-inss-em-2025\/#primaryimage","url":"https:\/\/cdn.crusoe.com.br\/uploads\/2025\/06\/como-se-aposentar-inss-2025.webp","contentUrl":"https:\/\/cdn.crusoe.com.br\/uploads\/2025\/06\/como-se-aposentar-inss-2025.webp","width":1280,"height":720,"caption":"Foto: Rafa Neddermeyer\/Ag\u00eancia Brasil"},{"@type":"BreadcrumbList","@id":"https:\/\/crusoe.audiencelabs.com.br\/como-se-aposentar-pelo-inss-em-2025\/#breadcrumb","itemListElement":[{"@type":"ListItem","position":1,"name":"Home","item":"https:\/\/crusoe.audiencelabs.com.br\/"},{"@type":"ListItem","position":2,"name":"Como se aposentar pelo INSS em 2025"}]},{"@type":"WebSite","@id":"https:\/\/crusoe.audiencelabs.com.br\/#website","url":"https:\/\/crusoe.audiencelabs.com.br\/","name":"Variedades - Cruso\u00e9","description":"","potentialAction":[{"@type":"SearchAction","target":{"@type":"EntryPoint","urlTemplate":"https:\/\/crusoe.audiencelabs.com.br\/?s={search_term_string}"},"query-input":{"@type":"PropertyValueSpecification","valueRequired":true,"valueName":"search_term_string"}}],"inLanguage":"pt-BR"},{"@type":"Person","@id":"https:\/\/crusoe.audiencelabs.com.br\/#\/schema\/person\/4a23399b23149df2eab6637fd2fd2bfc","name":"Jo\u00e3o Carlos Gomes","image":{"@type":"ImageObject","inLanguage":"pt-BR","@id":"https:\/\/crusoe.audiencelabs.com.br\/#\/schema\/person\/image\/","url":"https:\/\/secure.gravatar.com\/avatar\/4ce4672dbdd694b329cd6fdb51bee7d1409be1f0ff76a537e4c4a737b2c7d1a9?s=96&d=mm&r=g","contentUrl":"https:\/\/secure.gravatar.com\/avatar\/4ce4672dbdd694b329cd6fdb51bee7d1409be1f0ff76a537e4c4a737b2c7d1a9?s=96&d=mm&r=g","caption":"Jo\u00e3o Carlos Gomes"},"description":"Jornalista, criador de conte\u00fado e m\u00fasico independente nas horas vagas.","url":"https:\/\/crusoe.audiencelabs.com.br\/author\/joaoc-junior66\/"}]}},"_links":{"self":[{"href":"https:\/\/crusoe.audiencelabs.com.br\/wp-json\/wp\/v2\/posts\/2149","targetHints":{"allow":["GET"]}}],"collection":[{"href":"https:\/\/crusoe.audiencelabs.com.br\/wp-json\/wp\/v2\/posts"}],"about":[{"href":"https:\/\/crusoe.audiencelabs.com.br\/wp-json\/wp\/v2\/types\/post"}],"author":[{"embeddable":true,"href":"https:\/\/crusoe.audiencelabs.com.br\/wp-json\/wp\/v2\/users\/7"}],"replies":[{"embeddable":true,"href":"https:\/\/crusoe.audiencelabs.com.br\/wp-json\/wp\/v2\/comments?post=2149"}],"version-history":[{"count":1,"href":"https:\/\/crusoe.audiencelabs.com.br\/wp-json\/wp\/v2\/posts\/2149\/revisions"}],"predecessor-version":[{"id":2154,"href":"https:\/\/crusoe.audiencelabs.com.br\/wp-json\/wp\/v2\/posts\/2149\/revisions\/2154"}],"wp:featuredmedia":[{"embeddable":true,"href":"https:\/\/crusoe.audiencelabs.com.br\/wp-json\/wp\/v2\/media\/2150"}],"wp:attachment":[{"href":"https:\/\/crusoe.audiencelabs.com.br\/wp-json\/wp\/v2\/media?parent=2149"}],"wp:term":[{"taxonomy":"category","embeddable":true,"href":"https:\/\/crusoe.audiencelabs.com.br\/wp-json\/wp\/v2\/categories?post=2149"},{"taxonomy":"post_tag","embeddable":true,"href":"https:\/\/crusoe.audiencelabs.com.br\/wp-json\/wp\/v2\/tags?post=2149"}],"curies":[{"name":"wp","href":"https:\/\/api.w.org\/{rel}","templated":true}]}}