{"id":2131,"date":"2025-06-11T10:49:50","date_gmt":"2025-06-11T13:49:50","guid":{"rendered":"https:\/\/crusoe.com.br\/variedades\/?p=2131"},"modified":"2025-06-11T10:49:52","modified_gmt":"2025-06-11T13:49:52","slug":"nasa-preve-brasil-inabitavel-ate-2075","status":"publish","type":"post","link":"https:\/\/crusoe.audiencelabs.com.br\/nasa-preve-brasil-inabitavel-ate-2075\/","title":{"rendered":"Nasa prev\u00ea Brasil inabit\u00e1vel at\u00e9 2075"},"content":{"rendered":"\n<p>Nos \u00faltimos anos, as varia\u00e7\u00f5es clim\u00e1ticas ficaram mais intensas e o Brasil foi um pa\u00eds que sentiu esses efeitos, tanto que diversos setores foram prejudicados, com chuvas ou secas extremas, que s\u00e3o reflexos das mudan\u00e7as do clima, ocasionada pelo aquecimento global. De acordo com as proje\u00e7\u00f5es da NASA, foi emitido um sinal de alerta aos brasileiros, pois o pa\u00eds poder\u00e1 enfrentar ondas de calor ainda mais severas nas pr\u00f3ximas d\u00e9cadas, fazendo com que algumas regi\u00f5es fiquem inabit\u00e1veis.&nbsp;<\/p>\n\n\n\n<p>De acordo com alguns estudos publicados, apesar do Brasil n\u00e3o ter sido escalado como pa\u00eds com os piores \u00edndices, algumas regi\u00f5es podem ser afetadas por causa do calor extremo e umidade, chamado de bulbo \u00famido, at\u00e9 2075. Com a combina\u00e7\u00e3o de altas temperaturas e umidade elevada pode tornar o ambiente perigoso para a sa\u00fade humana.&nbsp;<\/p>\n\n\n\n<p>Quando a temperatura do bulbo \u00famido ultrapassa 35\u00b0C, o corpo humano perde a capacidade de se resfriar pela transpira\u00e7\u00e3o, o que pode levar \u00e0 fal\u00eancia de \u00f3rg\u00e3os e morte em poucas horas de exposi\u00e7\u00e3o, especialmente para idosos e beb\u00eas.<\/p>\n\n\n\n<h2 class=\"wp-block-heading\">Saiba mais detalhes sobre as proje\u00e7\u00f5es da NASA para o Brasil at\u00e9 2075<\/h2>\n\n\n\n<p>Ao seguir o estudo do pesquisador Colin Raymond, o que ele apontou nos artigos cient\u00edficos podem coincidir com as regi\u00f5es do Brasil, como o Centro-Oeste, Norte, Nordeste e partes do Sudeste. Cidades densamente povoadas, como a Grande S\u00e3o Paulo e o Rio de Janeiro, tamb\u00e9m enfrentam o &#8220;efeito de ilha de calor&#8221;, amplificando os riscos.<\/p>\n\n\n\n<p>Lembrando que, a a\u00e7\u00e3o do homem est\u00e1 diretamente ligada aos efeitos extremos da natureza e, com destrui\u00e7\u00e3o de biomas como a Amaz\u00f4nia e o Cerrado, isso contribui para a redu\u00e7\u00e3o da umidade, aumentando do calor e o comprometimento da capacidade de regenera\u00e7\u00e3o natural, fazendo com que diversas comunidades fiquem em situa\u00e7\u00e3o cr\u00edtica.&nbsp;<\/p>\n","protected":false},"excerpt":{"rendered":"<p>Nos \u00faltimos anos, as varia\u00e7\u00f5es clim\u00e1ticas ficaram mais intensas e o Brasil foi um pa\u00eds que sentiu esses efeitos, tanto que diversos setores foram prejudicados, com chuvas ou secas extremas, que s\u00e3o reflexos das mudan\u00e7as do clima, ocasionada pelo aquecimento global. De acordo com as proje\u00e7\u00f5es da NASA, foi emitido um sinal de alerta aos [&hellip;]<\/p>\n","protected":false},"author":4,"featured_media":2132,"comment_status":"open","ping_status":"open","sticky":false,"template":"","format":"standard","meta":{"jnews-multi-image_gallery":[],"jnews_single_post":{"format":"standard"},"jnews_primary_category":[],"jnews_override_counter":[],"jnews_post_split":[],"footnotes":""},"categories":[1],"tags":[],"class_list":["post-2131","post","type-post","status-publish","format-standard","has-post-thumbnail","hentry","category-geral"],"yoast_head":"<!-- This site is optimized with the Yoast SEO plugin v25.0 - https:\/\/yoast.com\/wordpress\/plugins\/seo\/ -->\n<title>Nasa prev\u00ea Brasil inabit\u00e1vel at\u00e9 2075<\/title>\n<meta name=\"robots\" content=\"index, follow, max-snippet:-1, max-image-preview:large, max-video-preview:-1\" \/>\n<link rel=\"canonical\" href=\"https:\/\/crusoe.audiencelabs.com.br\/nasa-preve-brasil-inabitavel-ate-2075\/\" \/>\n<meta property=\"og:locale\" content=\"pt_BR\" \/>\n<meta property=\"og:type\" content=\"article\" \/>\n<meta property=\"og:title\" content=\"Nasa prev\u00ea Brasil inabit\u00e1vel at\u00e9 2075\" \/>\n<meta property=\"og:description\" content=\"Nos \u00faltimos anos, as varia\u00e7\u00f5es clim\u00e1ticas ficaram mais intensas e o Brasil foi um pa\u00eds que sentiu esses efeitos, tanto que diversos setores foram prejudicados, com chuvas ou secas extremas, que s\u00e3o reflexos das mudan\u00e7as do clima, ocasionada pelo aquecimento global. De acordo com as proje\u00e7\u00f5es da NASA, foi emitido um sinal de alerta aos [&hellip;]\" \/>\n<meta property=\"og:url\" content=\"https:\/\/crusoe.audiencelabs.com.br\/nasa-preve-brasil-inabitavel-ate-2075\/\" \/>\n<meta property=\"og:site_name\" content=\"Variedades - Cruso\u00e9\" \/>\n<meta property=\"article:published_time\" content=\"2025-06-11T13:49:50+00:00\" \/>\n<meta property=\"article:modified_time\" content=\"2025-06-11T13:49:52+00:00\" \/>\n<meta property=\"og:image\" content=\"https:\/\/cdn.crusoe.com.br\/uploads\/2025\/06\/2150498539.jpg\" \/>\n\t<meta property=\"og:image:width\" content=\"1500\" \/>\n\t<meta property=\"og:image:height\" content=\"844\" \/>\n\t<meta property=\"og:image:type\" content=\"image\/jpeg\" \/>\n<meta name=\"author\" content=\"Gabriela Giordani\" \/>\n<meta name=\"twitter:card\" content=\"summary_large_image\" \/>\n<meta name=\"twitter:label1\" content=\"Escrito por\" \/>\n\t<meta name=\"twitter:data1\" content=\"Gabriela Giordani\" \/>\n\t<meta name=\"twitter:label2\" content=\"Est. tempo de leitura\" \/>\n\t<meta name=\"twitter:data2\" content=\"2 minutos\" \/>\n<script type=\"application\/ld+json\" class=\"yoast-schema-graph\">{\"@context\":\"https:\/\/schema.org\",\"@graph\":[{\"@type\":\"WebPage\",\"@id\":\"https:\/\/crusoe.audiencelabs.com.br\/nasa-preve-brasil-inabitavel-ate-2075\/\",\"url\":\"https:\/\/crusoe.audiencelabs.com.br\/nasa-preve-brasil-inabitavel-ate-2075\/\",\"name\":\"Nasa prev\u00ea Brasil inabit\u00e1vel at\u00e9 2075\",\"isPartOf\":{\"@id\":\"https:\/\/crusoe.audiencelabs.com.br\/#website\"},\"primaryImageOfPage\":{\"@id\":\"https:\/\/crusoe.audiencelabs.com.br\/nasa-preve-brasil-inabitavel-ate-2075\/#primaryimage\"},\"image\":{\"@id\":\"https:\/\/crusoe.audiencelabs.com.br\/nasa-preve-brasil-inabitavel-ate-2075\/#primaryimage\"},\"thumbnailUrl\":\"https:\/\/cdn.crusoe.com.br\/uploads\/2025\/06\/2150498539.jpg\",\"datePublished\":\"2025-06-11T13:49:50+00:00\",\"dateModified\":\"2025-06-11T13:49:52+00:00\",\"author\":{\"@id\":\"https:\/\/crusoe.audiencelabs.com.br\/#\/schema\/person\/b2494d013cd11aa1c655f0408d00161a\"},\"breadcrumb\":{\"@id\":\"https:\/\/crusoe.audiencelabs.com.br\/nasa-preve-brasil-inabitavel-ate-2075\/#breadcrumb\"},\"inLanguage\":\"pt-BR\",\"potentialAction\":[{\"@type\":\"ReadAction\",\"target\":[\"https:\/\/crusoe.audiencelabs.com.br\/nasa-preve-brasil-inabitavel-ate-2075\/\"]}]},{\"@type\":\"ImageObject\",\"inLanguage\":\"pt-BR\",\"@id\":\"https:\/\/crusoe.audiencelabs.com.br\/nasa-preve-brasil-inabitavel-ate-2075\/#primaryimage\",\"url\":\"https:\/\/cdn.crusoe.com.br\/uploads\/2025\/06\/2150498539.jpg\",\"contentUrl\":\"https:\/\/cdn.crusoe.com.br\/uploads\/2025\/06\/2150498539.jpg\",\"width\":1500,\"height\":844},{\"@type\":\"BreadcrumbList\",\"@id\":\"https:\/\/crusoe.audiencelabs.com.br\/nasa-preve-brasil-inabitavel-ate-2075\/#breadcrumb\",\"itemListElement\":[{\"@type\":\"ListItem\",\"position\":1,\"name\":\"Home\",\"item\":\"https:\/\/crusoe.audiencelabs.com.br\/\"},{\"@type\":\"ListItem\",\"position\":2,\"name\":\"Nasa prev\u00ea Brasil inabit\u00e1vel at\u00e9 2075\"}]},{\"@type\":\"WebSite\",\"@id\":\"https:\/\/crusoe.audiencelabs.com.br\/#website\",\"url\":\"https:\/\/crusoe.audiencelabs.com.br\/\",\"name\":\"Variedades - Cruso\u00e9\",\"description\":\"\",\"potentialAction\":[{\"@type\":\"SearchAction\",\"target\":{\"@type\":\"EntryPoint\",\"urlTemplate\":\"https:\/\/crusoe.audiencelabs.com.br\/?s={search_term_string}\"},\"query-input\":{\"@type\":\"PropertyValueSpecification\",\"valueRequired\":true,\"valueName\":\"search_term_string\"}}],\"inLanguage\":\"pt-BR\"},{\"@type\":\"Person\",\"@id\":\"https:\/\/crusoe.audiencelabs.com.br\/#\/schema\/person\/b2494d013cd11aa1c655f0408d00161a\",\"name\":\"Gabriela Giordani\",\"image\":{\"@type\":\"ImageObject\",\"inLanguage\":\"pt-BR\",\"@id\":\"https:\/\/crusoe.audiencelabs.com.br\/#\/schema\/person\/image\/\",\"url\":\"https:\/\/secure.gravatar.com\/avatar\/9670c7f79ae9e94c7f6c40d36771164b2c1f55a636bc061973651a1b686ce80b?s=96&d=mm&r=g\",\"contentUrl\":\"https:\/\/secure.gravatar.com\/avatar\/9670c7f79ae9e94c7f6c40d36771164b2c1f55a636bc061973651a1b686ce80b?s=96&d=mm&r=g\",\"caption\":\"Gabriela Giordani\"},\"description\":\"Jornalista pela Unesp de Bauru.\",\"url\":\"https:\/\/crusoe.audiencelabs.com.br\/author\/gabriela\/\"}]}<\/script>\n<!-- \/ Yoast SEO plugin. -->","yoast_head_json":{"title":"Nasa prev\u00ea Brasil inabit\u00e1vel at\u00e9 2075","robots":{"index":"index","follow":"follow","max-snippet":"max-snippet:-1","max-image-preview":"max-image-preview:large","max-video-preview":"max-video-preview:-1"},"canonical":"https:\/\/crusoe.audiencelabs.com.br\/nasa-preve-brasil-inabitavel-ate-2075\/","og_locale":"pt_BR","og_type":"article","og_title":"Nasa prev\u00ea Brasil inabit\u00e1vel at\u00e9 2075","og_description":"Nos \u00faltimos anos, as varia\u00e7\u00f5es clim\u00e1ticas ficaram mais intensas e o Brasil foi um pa\u00eds que sentiu esses efeitos, tanto que diversos setores foram prejudicados, com chuvas ou secas extremas, que s\u00e3o reflexos das mudan\u00e7as do clima, ocasionada pelo aquecimento global. De acordo com as proje\u00e7\u00f5es da NASA, foi emitido um sinal de alerta aos [&hellip;]","og_url":"https:\/\/crusoe.audiencelabs.com.br\/nasa-preve-brasil-inabitavel-ate-2075\/","og_site_name":"Variedades - Cruso\u00e9","article_published_time":"2025-06-11T13:49:50+00:00","article_modified_time":"2025-06-11T13:49:52+00:00","og_image":[{"width":1500,"height":844,"url":"https:\/\/cdn.crusoe.com.br\/uploads\/2025\/06\/2150498539.jpg","type":"image\/jpeg"}],"author":"Gabriela Giordani","twitter_card":"summary_large_image","twitter_misc":{"Escrito por":"Gabriela Giordani","Est. tempo de leitura":"2 minutos"},"schema":{"@context":"https:\/\/schema.org","@graph":[{"@type":"WebPage","@id":"https:\/\/crusoe.audiencelabs.com.br\/nasa-preve-brasil-inabitavel-ate-2075\/","url":"https:\/\/crusoe.audiencelabs.com.br\/nasa-preve-brasil-inabitavel-ate-2075\/","name":"Nasa prev\u00ea Brasil inabit\u00e1vel at\u00e9 2075","isPartOf":{"@id":"https:\/\/crusoe.audiencelabs.com.br\/#website"},"primaryImageOfPage":{"@id":"https:\/\/crusoe.audiencelabs.com.br\/nasa-preve-brasil-inabitavel-ate-2075\/#primaryimage"},"image":{"@id":"https:\/\/crusoe.audiencelabs.com.br\/nasa-preve-brasil-inabitavel-ate-2075\/#primaryimage"},"thumbnailUrl":"https:\/\/cdn.crusoe.com.br\/uploads\/2025\/06\/2150498539.jpg","datePublished":"2025-06-11T13:49:50+00:00","dateModified":"2025-06-11T13:49:52+00:00","author":{"@id":"https:\/\/crusoe.audiencelabs.com.br\/#\/schema\/person\/b2494d013cd11aa1c655f0408d00161a"},"breadcrumb":{"@id":"https:\/\/crusoe.audiencelabs.com.br\/nasa-preve-brasil-inabitavel-ate-2075\/#breadcrumb"},"inLanguage":"pt-BR","potentialAction":[{"@type":"ReadAction","target":["https:\/\/crusoe.audiencelabs.com.br\/nasa-preve-brasil-inabitavel-ate-2075\/"]}]},{"@type":"ImageObject","inLanguage":"pt-BR","@id":"https:\/\/crusoe.audiencelabs.com.br\/nasa-preve-brasil-inabitavel-ate-2075\/#primaryimage","url":"https:\/\/cdn.crusoe.com.br\/uploads\/2025\/06\/2150498539.jpg","contentUrl":"https:\/\/cdn.crusoe.com.br\/uploads\/2025\/06\/2150498539.jpg","width":1500,"height":844},{"@type":"BreadcrumbList","@id":"https:\/\/crusoe.audiencelabs.com.br\/nasa-preve-brasil-inabitavel-ate-2075\/#breadcrumb","itemListElement":[{"@type":"ListItem","position":1,"name":"Home","item":"https:\/\/crusoe.audiencelabs.com.br\/"},{"@type":"ListItem","position":2,"name":"Nasa prev\u00ea Brasil inabit\u00e1vel at\u00e9 2075"}]},{"@type":"WebSite","@id":"https:\/\/crusoe.audiencelabs.com.br\/#website","url":"https:\/\/crusoe.audiencelabs.com.br\/","name":"Variedades - Cruso\u00e9","description":"","potentialAction":[{"@type":"SearchAction","target":{"@type":"EntryPoint","urlTemplate":"https:\/\/crusoe.audiencelabs.com.br\/?s={search_term_string}"},"query-input":{"@type":"PropertyValueSpecification","valueRequired":true,"valueName":"search_term_string"}}],"inLanguage":"pt-BR"},{"@type":"Person","@id":"https:\/\/crusoe.audiencelabs.com.br\/#\/schema\/person\/b2494d013cd11aa1c655f0408d00161a","name":"Gabriela Giordani","image":{"@type":"ImageObject","inLanguage":"pt-BR","@id":"https:\/\/crusoe.audiencelabs.com.br\/#\/schema\/person\/image\/","url":"https:\/\/secure.gravatar.com\/avatar\/9670c7f79ae9e94c7f6c40d36771164b2c1f55a636bc061973651a1b686ce80b?s=96&d=mm&r=g","contentUrl":"https:\/\/secure.gravatar.com\/avatar\/9670c7f79ae9e94c7f6c40d36771164b2c1f55a636bc061973651a1b686ce80b?s=96&d=mm&r=g","caption":"Gabriela Giordani"},"description":"Jornalista pela Unesp de Bauru.","url":"https:\/\/crusoe.audiencelabs.com.br\/author\/gabriela\/"}]}},"_links":{"self":[{"href":"https:\/\/crusoe.audiencelabs.com.br\/wp-json\/wp\/v2\/posts\/2131","targetHints":{"allow":["GET"]}}],"collection":[{"href":"https:\/\/crusoe.audiencelabs.com.br\/wp-json\/wp\/v2\/posts"}],"about":[{"href":"https:\/\/crusoe.audiencelabs.com.br\/wp-json\/wp\/v2\/types\/post"}],"author":[{"embeddable":true,"href":"https:\/\/crusoe.audiencelabs.com.br\/wp-json\/wp\/v2\/users\/4"}],"replies":[{"embeddable":true,"href":"https:\/\/crusoe.audiencelabs.com.br\/wp-json\/wp\/v2\/comments?post=2131"}],"version-history":[{"count":1,"href":"https:\/\/crusoe.audiencelabs.com.br\/wp-json\/wp\/v2\/posts\/2131\/revisions"}],"predecessor-version":[{"id":2133,"href":"https:\/\/crusoe.audiencelabs.com.br\/wp-json\/wp\/v2\/posts\/2131\/revisions\/2133"}],"wp:featuredmedia":[{"embeddable":true,"href":"https:\/\/crusoe.audiencelabs.com.br\/wp-json\/wp\/v2\/media\/2132"}],"wp:attachment":[{"href":"https:\/\/crusoe.audiencelabs.com.br\/wp-json\/wp\/v2\/media?parent=2131"}],"wp:term":[{"taxonomy":"category","embeddable":true,"href":"https:\/\/crusoe.audiencelabs.com.br\/wp-json\/wp\/v2\/categories?post=2131"},{"taxonomy":"post_tag","embeddable":true,"href":"https:\/\/crusoe.audiencelabs.com.br\/wp-json\/wp\/v2\/tags?post=2131"}],"curies":[{"name":"wp","href":"https:\/\/api.w.org\/{rel}","templated":true}]}}