{"id":21223,"date":"2025-10-30T14:30:00","date_gmt":"2025-10-30T17:30:00","guid":{"rendered":"https:\/\/crusoe.audiencelabs.com.br\/?p=21223"},"modified":"2025-10-30T12:45:54","modified_gmt":"2025-10-30T15:45:54","slug":"aparicao-de-monstro-de-5-metros-assustou-moradores-em-cidade-do-interior","status":"publish","type":"post","link":"https:\/\/crusoe.audiencelabs.com.br\/aparicao-de-monstro-de-5-metros-assustou-moradores-em-cidade-do-interior\/","title":{"rendered":"Apari\u00e7\u00e3o de &#8220;monstro&#8221; de 5 metros assustou moradores em cidade do interior"},"content":{"rendered":"\n<p>Na \u00faltima ter\u00e7a-feira (28), uma <strong>sucuri de cinco metros <\/strong>foi resgatada pelo Corpo de Bombeiros em <strong>Sorriso (MT)<\/strong>. O animal estava em uma<strong> \u00e1rea de mata no bairro Jardim dos Imigrantes<\/strong>, pr\u00f3ximo a um c\u00f3rrego.&nbsp;<\/p>\n\n\n\n<p>Embora<strong> n\u00e3o apresentasse comportamento agressivo<\/strong>, a presen\u00e7a da sucuri gerou preocupa\u00e7\u00e3o entre os moradores e provocou uma movimenta\u00e7\u00e3o de curiosos, o que levou ao resgate.<\/p>\n\n\n\n<h2 class=\"wp-block-heading\">Opera\u00e7\u00e3o de resgate bem-sucedida<\/h2>\n\n\n<style>@media (min-width: 992px) {\n    .recomendadorV2Area1 {\n        width: 280px;\n    }\n    .recomendadorV2Area2 {\n        padding: 0px 20px;\n        width: calc(100% - 280px);\n    }\n}\n\n@media (max-width: 992px) {\n    .recomendadorV2Button {\n        margin: 0 auto;\n    }\n    .recomendadorV2Area {\n        flex-direction: column;\n        text-align: center;\n    }\n    .recomendadorV2Area2 {\n        padding: 0px 20px;\n    }\n}\n\n.recomendadorV2Area {\n    background: #eeeeee3d;\n    border-radius: 10px;\n    padding: 15px;\n    display: flex;\n    margin: 15px auto;\n    border: 1px solid #00000014;\n    max-width: 800px;\n}\n\n.recomendadorV2Area1 img {\n    width: 280px;\n    height: auto;\n    border-radius: 8px;\n}\n\n.linkrecomendadorv2 {\n    text-decoration: none !important;\n}\n\n.recomendadorV2Area2 .recomendadorV2Type {\n    text-transform: uppercase;\n    font-weight: 500;\n    font-size: 11px;\n    letter-spacing: 2px;\n    color: #666;\n    margin: 12px 0;\n    display: block;\n}\n\n.recomendadorV2Title h2 {\n    padding-top: 0px !important;\n    margin: 0px !important;\n    border-left: none !important;\n    padding-left: 0px !important;\n    line-height: 1.3;\n    color: #000 !important;\n    font-size: 24px;\n    margin-bottom: 12px !important;\n}\n\n.recomendadorV2Desc {\n    color: #333;\n    margin: 12px 0px !important;\n    font-size: 15px;\n    line-height: 1.5;\n}\n\n.recomendadorV2Button {\n    width: auto;\n    max-width: 200px;\n    margin: 0;\n    display: inline-flex;\n    align-items: center;\n    background: #1D3557;\n    border-radius: 8px;\n    color: #fff;\n    height: 36px;\n    justify-content: center;\n    text-align: center;\n    font-size: 14px;\n    padding: 0 20px;\n    transition: background-color 0.2s ease;\n}\n\n.recomendadorV2Button:hover {\n    background: #2a4d7a;\n}\n\n.recomendadorV2Button:after {\n    margin-top: -2px;\n    content: \"\u2192\";\n    padding: 0px 0px 0px 8px;\n}\n\n.recomendadorV2Alert {\n    text-align: left;\n    font-size: 11px;\n    margin-top: 8px;\n    color: #666;\n}\n\n.recomendadorFixedArea {\n    width: 100%;\n    display: flex;\n    justify-content: center;\n    align-items: center;\n}\n\n@media (min-width: 992px) {\n    #recomendadorFixed {\n        width: 32% !important;\n        left: 5%;\n    }\n    .recomendadorCloseFixed{\n        right: inherit !important;\n        left: 378px !important;\n    }\n}\n\n#recomendadorFixed {\n    width: 90%;\n    box-shadow: 0 10px 20px 0px #00000057;\n    display: none;\n    height: 90px;\n    background: #F6F6F6;\n    position: fixed;\n    flex-direction: row;\n    bottom: 10px;\n    z-index: 9999;\n    border-radius: 16px;\n    padding: 7px 10px;\n}\n\n.recomendadorLeftArea {\n    width: 160px;\n}\n\n.recomendadorRightArea h2 {\n    padding-top: 0px;\n    margin: 2px 0px 4px 0px !important;\n    font-weight: 400;\n    text-align: center;\n    padding-left: 0px !important;\n    color: #000 !important;\n    border-left: none !important;\n    line-height: 20px;\n    font-size: 12px !important;\n}\n\n.recomendadorImgFixed {\n    overflow: hidden;\n    padding: 8px 6px;\n    height: 100%;\n}\n\n.recomendadorImgFixed img {\n    height: 100% !important;\n    border-radius: 16px;\n}\n\n.recomendadorRightArea {\n    padding-top: 6px;\n    display: flex;\n    width: calc(100% - 130px);\n    justify-content: space-between;\n    align-items: center;\n    flex-direction: column;\n}\n\n.recomendadorButtonFixed {\n    margin: 0 auto;\n    background: #1D3557;\n    width: 80%;\n    text-align: center;\n    font-size: 10px;\n    color: #FFF;\n    padding: 2px 10px;\n    border-radius: 3px;\n}\n\n.recomendadorButtonFixed:after {\n    margin-top: -3px;\n    content: \"\u2192\";\n    padding: 0px 0px 0px 10px;\n}\n\n.recomendadorAlertFixed {\n    font-weight: 400;\n    text-align: center;\n    color: #484848;\n    font-size: 8px;\n}\n\n.recomendadorCloseFixed {\n    z-index: 99999;\n    display: none;\n    right: 0px;\n    left: inherit;\n    bottom: 99px;\n    position: fixed;\n    justify-content: center;\n    background: #F6F6F6;\n    width: 25px;\n    align-items: center;\n    height: 25px;\n    font-weight: 800;\n    border-radius: 50%;\n    border: 1px solid #EBEBEB;\n}\n\n.recomendadorV2Desc{\n    color: #000000;\n    margin: 20px 0px;\n}\n\n@media (max-width: 576px) {\n    .recomendadorV2Area {\n      padding: 10px;\n      max-width: 100%;\n    }\n  \n    .recomendadorV2Area1 img {\n      width: 100%;\n      border-radius: 6px;\n    }\n  \n    .recomendadorV2Area2 .recomendadorV2Type {\n      font-size: 9px;\n      letter-spacing: 1px;\n      margin: 8px 0;\n    }\n  \n    .recomendadorV2Title h2 {\n      font-size: 18px !important;\n      margin-bottom: 8px !important;\n      line-height: 1.2;\n    }\n  \n    .recomendadorV2Desc {\n      font-size: 14px;\n      margin: 8px 0 !important;\n      line-height: 1.4;\n    }\n  \n    .recomendadorV2Button {\n      font-size: 14px;\n      height: 40px;\n      padding: 0 12px;\n      max-width: 100%;\n      width: 100%;\n    }\n  \n    .recomendadorV2Button:after {\n      padding-left: 6px;\n    }\n  }\n  <\/style>\n        <div class=\"lazyblock-recomendador-v2-2jDGz wp-block-lazyblock-recomendador-v2\">\n        <a class=\"linkrecomendadorv2\" href=\"https:\/\/crusoe.com.br\/variedades\/peixe-que-pode-curar-doencas-vive-no-brasil-e-custa-r-2-000-o-quilo\/?utm_source=lazy\">\n            <div class=\"recomendadorV2Area\">\n            <div class=\"recomendadorV2Area1\">\n                <div class=\"recomendadorV2Img\">\n                <img class=\"lazyloaded\" decoding=\"async\" src=\"https:\/\/cdn.crusoe.com.br\/uploads\/2025\/10\/pescada-amarela.jpg\" data-src=\"https:\/\/cdn.crusoe.com.br\/uploads\/2025\/10\/pescada-amarela.jpg\" alt=\"\">\n                <\/div>\n            <\/div>\n            <div class=\"recomendadorV2Area2\">\n                <div class=\"recomendadorV2Type\">\n                    <span>Segredo peixe<\/span>\n                <\/div>\n                <div class=\"recomendadorV2Title\">\n                <h2><span>Peixe de R$ 2.000\/kg que &quot;cura&quot; doen\u00e7as\ud83d\udc1f<\/span><\/h2>\n                <\/div>\n                <div class=\"recomendadorV2Desc\">\n                <span>Descubra qual esp\u00e9cie virou febre entre os ricos<\/span>\n                <\/div>\n                <div class=\"recomendadorV2Button\">Veja os detalhes<\/div>\n                <div class=\"recomendadorV2Alert\"><\/div>\n            <\/div>\n            <\/div>\n        <\/a>\n        <div>\n            <div style=\"z-index:99999;\" id=\"buttonClose\" onclick=\"closeRecomendadorFixed()\">\n            <div class=\"recomendadorCloseFixed\">X<\/div>\n            <\/div>\n            <a href=\"https:\/\/crusoe.com.br\/variedades\/peixe-que-pode-curar-doencas-vive-no-brasil-e-custa-r-2-000-o-quilo\/?utm_source=lazy\">\n            <div class=\"recomendadorFixedArea\">\n                <div id=\"recomendadorFixed\">\n                <div class=\"recomendadorLeftArea\">\n                    <div class=\"recomendadorImgFixed\">\n                    <img class=\"lazyload\" decoding=\"async\" src=\"https:\/\/cdn.crusoe.com.br\/uploads\/2025\/10\/pescada-amarela.jpg\" alt=\"\">\n                    <\/div>\n                <\/div>\n                <div class=\"recomendadorRightArea\">\n                    <div class=\"recomendadorTitleFixed\">\n                    <h2><span>Peixe de R$ 2.000\/kg que &quot;cura&quot; doen\u00e7as\ud83d\udc1f<\/span><\/h2>\n                    <\/div>\n                    <div class=\"recomendadorButtonFixed\">Veja os detalhes<\/div>\n                    <div class=\"recomendadorAlertFixed\"><\/div>\n                <\/div>\n                <\/div>\n            <\/div>\n            <\/a>\n        <\/div>\n        <\/div>\n\n\n\n<p>A sucuri permaneceu sob observa\u00e7\u00e3o por alguns dias antes do resgate. A equipe do 5\u00ba Batalh\u00e3o de Bombeiros Militar e uma veterin\u00e1ria da Secretaria de Meio Ambiente avaliaram que o local oferecia caracter\u00edsticas de habitat natural para o animal.&nbsp;<\/p>\n\n\n\n<p>No entanto, a curiosidade dos moradores aumentou, gerando riscos para eles e para a serpente. Para garantir uma captura segura, seis agentes participaram da opera\u00e7\u00e3o.&nbsp;<\/p>\n\n\n\n<p>A sucuri foi transportada em uma gaiola especial para uma \u00e1rea de preserva\u00e7\u00e3o ambiental, distante da zona urbana, assegurando sua seguran\u00e7a.<\/p>\n\n\n<div class=\"wp-block-image\">\n<figure class=\"aligncenter size-large\"><img loading=\"lazy\" decoding=\"async\" width=\"1024\" height=\"576\" src=\"https:\/\/cdn.crusoe.com.br\/uploads\/2025\/10\/1-10-1024x576.webp\" alt=\"\" class=\"wp-image-21224\" srcset=\"https:\/\/cdn.crusoe.com.br\/uploads\/2025\/10\/1-10-1024x576.webp 1024w, https:\/\/cdn.crusoe.com.br\/uploads\/2025\/10\/1-10-300x169.webp 300w, https:\/\/cdn.crusoe.com.br\/uploads\/2025\/10\/1-10-768x432.webp 768w, https:\/\/cdn.crusoe.com.br\/uploads\/2025\/10\/1-10-750x422.webp 750w, https:\/\/cdn.crusoe.com.br\/uploads\/2025\/10\/1-10-1140x641.webp 1140w, https:\/\/cdn.crusoe.com.br\/uploads\/2025\/10\/1-10.webp 1200w\" sizes=\"auto, (max-width: 1024px) 100vw, 1024px\" \/><figcaption class=\"wp-element-caption\">Foto: Corpo de Bombeiro<\/figcaption><\/figure>\n<\/div>\n\n\n<h2 class=\"wp-block-heading\">Curiosidade e riscos&nbsp;<\/h2>\n\n\n\n<p>As <a href=\"https:\/\/crusoe.audiencelabs.com.br\/sucuri-de-quase-7-metros-e-flagrada-tomando-sol-em-rio-brasileiro\/\">sucuris<\/a>, como a capturada em Sorriso, fazem parte da esp\u00e9cie <em>Eunectes murinu<\/em>s. Elas <strong>vivem perto de corpos d&#8217;\u00e1gua <\/strong>e ajudam a controlar popula\u00e7\u00f5es de pequenos mam\u00edferos e aves.&nbsp;<\/p>\n\n\n\n<p>Intera\u00e7\u00f5es humanas podem estressar os animais e alterar seus comportamentos naturais, comprometendo o equil\u00edbrio do ecossistema.<\/p>\n\n\n\n<p>Nos dias que antecederam o resgate, a sucuri atraiu a aten\u00e7\u00e3o de muitos moradores. Pessoas se reuniram para tirar fotos e v\u00eddeos, algumas at\u00e9 tentaram interagir com o animal. Esse interesse poderia ter resultado em acidentes.&nbsp;<\/p>\n\n\n\n<p>O Corpo de Bombeiros refor\u00e7a a import\u00e2ncia de <strong>manter uma dist\u00e2ncia segura de animais silvestres <\/strong>e sempre buscar aux\u00edlio especializado.<\/p>\n\n\n\n<h2 class=\"wp-block-heading\">Conserva\u00e7\u00e3o e expans\u00e3o urbana<\/h2>\n\n\n\n<p>O caso da sucuri em Sorriso destaca o desafio da<strong> conviv\u00eancia entre a fauna silvestre e a expans\u00e3o urbana<\/strong>.&nbsp;<\/p>\n\n\n\n<p>Com o crescimento das cidades, o habitat de animais como as sucuris fica mais pr\u00f3ximo das \u00e1reas habitadas por humanos.&nbsp;<\/p>\n\n\n\n<p>Este evento sublinha a necessidade de pol\u00edticas de urbaniza\u00e7\u00e3o que levem em conta a preserva\u00e7\u00e3o ambiental e criem espa\u00e7os seguros para a flora e fauna locais.<\/p>\n\n\n\n<p>A opera\u00e7\u00e3o bem-sucedida do Corpo de Bombeiros de Sorriso assegurou que a sucuri fosse devolvida em seguran\u00e7a ao seu habitat.<\/p>\n","protected":false},"excerpt":{"rendered":"<p>Na \u00faltima ter\u00e7a-feira (28), uma sucuri de cinco metros foi resgatada pelo Corpo de Bombeiros em Sorriso (MT). O animal estava em uma \u00e1rea de mata no bairro Jardim dos Imigrantes, pr\u00f3ximo a um c\u00f3rrego.&nbsp; Embora n\u00e3o apresentasse comportamento agressivo, a presen\u00e7a da sucuri gerou preocupa\u00e7\u00e3o entre os moradores e provocou uma movimenta\u00e7\u00e3o de curiosos, [&hellip;]<\/p>\n","protected":false},"author":5,"featured_media":21225,"comment_status":"open","ping_status":"open","sticky":false,"template":"","format":"standard","meta":{"jnews-multi-image_gallery":[],"jnews_single_post":{"format":"standard"},"jnews_primary_category":[],"jnews_override_counter":[],"jnews_post_split":[],"footnotes":""},"categories":[1],"tags":[3750,3748,2309],"class_list":["post-21223","post","type-post","status-publish","format-standard","has-post-thumbnail","hentry","category-geral","tag-mato-grosso","tag-sorriso","tag-sucuri"],"yoast_head":"<!-- This site is optimized with the Yoast SEO plugin v25.0 - https:\/\/yoast.com\/wordpress\/plugins\/seo\/ -->\n<title>Apari\u00e7\u00e3o de &quot;monstro&quot; de 5 metros assustou moradores em cidade do interior<\/title>\n<meta name=\"robots\" content=\"index, follow, max-snippet:-1, max-image-preview:large, max-video-preview:-1\" \/>\n<link rel=\"canonical\" href=\"https:\/\/crusoe.audiencelabs.com.br\/aparicao-de-monstro-de-5-metros-assustou-moradores-em-cidade-do-interior\/\" \/>\n<meta property=\"og:locale\" content=\"pt_BR\" \/>\n<meta property=\"og:type\" content=\"article\" \/>\n<meta property=\"og:title\" content=\"Apari\u00e7\u00e3o de &quot;monstro&quot; de 5 metros assustou moradores em cidade do interior\" \/>\n<meta property=\"og:description\" content=\"Na \u00faltima ter\u00e7a-feira (28), uma sucuri de cinco metros foi resgatada pelo Corpo de Bombeiros em Sorriso (MT). O animal estava em uma \u00e1rea de mata no bairro Jardim dos Imigrantes, pr\u00f3ximo a um c\u00f3rrego.&nbsp; Embora n\u00e3o apresentasse comportamento agressivo, a presen\u00e7a da sucuri gerou preocupa\u00e7\u00e3o entre os moradores e provocou uma movimenta\u00e7\u00e3o de curiosos, [&hellip;]\" \/>\n<meta property=\"og:url\" content=\"https:\/\/crusoe.audiencelabs.com.br\/aparicao-de-monstro-de-5-metros-assustou-moradores-em-cidade-do-interior\/\" \/>\n<meta property=\"og:site_name\" content=\"Variedades - Cruso\u00e9\" \/>\n<meta property=\"article:published_time\" content=\"2025-10-30T17:30:00+00:00\" \/>\n<meta property=\"og:image\" content=\"https:\/\/cdn.crusoe.com.br\/uploads\/2025\/10\/nationalgeographic1550531.webp\" \/>\n\t<meta property=\"og:image:width\" content=\"1600\" \/>\n\t<meta property=\"og:image:height\" content=\"900\" \/>\n\t<meta property=\"og:image:type\" content=\"image\/webp\" \/>\n<meta name=\"author\" content=\"Milena Armando\" \/>\n<meta name=\"twitter:card\" content=\"summary_large_image\" \/>\n<meta name=\"twitter:label1\" content=\"Escrito por\" \/>\n\t<meta name=\"twitter:data1\" content=\"Milena Armando\" \/>\n\t<meta name=\"twitter:label2\" content=\"Est. tempo de leitura\" \/>\n\t<meta name=\"twitter:data2\" content=\"3 minutos\" \/>\n<script type=\"application\/ld+json\" class=\"yoast-schema-graph\">{\"@context\":\"https:\/\/schema.org\",\"@graph\":[{\"@type\":\"WebPage\",\"@id\":\"https:\/\/crusoe.audiencelabs.com.br\/aparicao-de-monstro-de-5-metros-assustou-moradores-em-cidade-do-interior\/\",\"url\":\"https:\/\/crusoe.audiencelabs.com.br\/aparicao-de-monstro-de-5-metros-assustou-moradores-em-cidade-do-interior\/\",\"name\":\"Apari\u00e7\u00e3o de \\\"monstro\\\" de 5 metros assustou moradores em cidade do interior\",\"isPartOf\":{\"@id\":\"https:\/\/crusoe.audiencelabs.com.br\/#website\"},\"primaryImageOfPage\":{\"@id\":\"https:\/\/crusoe.audiencelabs.com.br\/aparicao-de-monstro-de-5-metros-assustou-moradores-em-cidade-do-interior\/#primaryimage\"},\"image\":{\"@id\":\"https:\/\/crusoe.audiencelabs.com.br\/aparicao-de-monstro-de-5-metros-assustou-moradores-em-cidade-do-interior\/#primaryimage\"},\"thumbnailUrl\":\"https:\/\/cdn.crusoe.com.br\/uploads\/2025\/10\/nationalgeographic1550531.webp\",\"datePublished\":\"2025-10-30T17:30:00+00:00\",\"author\":{\"@id\":\"https:\/\/crusoe.audiencelabs.com.br\/#\/schema\/person\/f87f73cfe89e5360de2c006bd4bd6a74\"},\"breadcrumb\":{\"@id\":\"https:\/\/crusoe.audiencelabs.com.br\/aparicao-de-monstro-de-5-metros-assustou-moradores-em-cidade-do-interior\/#breadcrumb\"},\"inLanguage\":\"pt-BR\",\"potentialAction\":[{\"@type\":\"ReadAction\",\"target\":[\"https:\/\/crusoe.audiencelabs.com.br\/aparicao-de-monstro-de-5-metros-assustou-moradores-em-cidade-do-interior\/\"]}]},{\"@type\":\"ImageObject\",\"inLanguage\":\"pt-BR\",\"@id\":\"https:\/\/crusoe.audiencelabs.com.br\/aparicao-de-monstro-de-5-metros-assustou-moradores-em-cidade-do-interior\/#primaryimage\",\"url\":\"https:\/\/cdn.crusoe.com.br\/uploads\/2025\/10\/nationalgeographic1550531.webp\",\"contentUrl\":\"https:\/\/cdn.crusoe.com.br\/uploads\/2025\/10\/nationalgeographic1550531.webp\",\"width\":1600,\"height\":900,\"caption\":\"Foto: National Geographic\"},{\"@type\":\"BreadcrumbList\",\"@id\":\"https:\/\/crusoe.audiencelabs.com.br\/aparicao-de-monstro-de-5-metros-assustou-moradores-em-cidade-do-interior\/#breadcrumb\",\"itemListElement\":[{\"@type\":\"ListItem\",\"position\":1,\"name\":\"Home\",\"item\":\"https:\/\/crusoe.audiencelabs.com.br\/\"},{\"@type\":\"ListItem\",\"position\":2,\"name\":\"Apari\u00e7\u00e3o de &#8220;monstro&#8221; de 5 metros assustou moradores em cidade do interior\"}]},{\"@type\":\"WebSite\",\"@id\":\"https:\/\/crusoe.audiencelabs.com.br\/#website\",\"url\":\"https:\/\/crusoe.audiencelabs.com.br\/\",\"name\":\"Variedades - Cruso\u00e9\",\"description\":\"\",\"potentialAction\":[{\"@type\":\"SearchAction\",\"target\":{\"@type\":\"EntryPoint\",\"urlTemplate\":\"https:\/\/crusoe.audiencelabs.com.br\/?s={search_term_string}\"},\"query-input\":{\"@type\":\"PropertyValueSpecification\",\"valueRequired\":true,\"valueName\":\"search_term_string\"}}],\"inLanguage\":\"pt-BR\"},{\"@type\":\"Person\",\"@id\":\"https:\/\/crusoe.audiencelabs.com.br\/#\/schema\/person\/f87f73cfe89e5360de2c006bd4bd6a74\",\"name\":\"Milena Armando\",\"image\":{\"@type\":\"ImageObject\",\"inLanguage\":\"pt-BR\",\"@id\":\"https:\/\/crusoe.audiencelabs.com.br\/#\/schema\/person\/image\/\",\"url\":\"https:\/\/secure.gravatar.com\/avatar\/ea14ecddc9e9d202b698b18f9f69e09c9fd74cfbed5c6008d55f11faefdbdab7?s=96&d=mm&r=g\",\"contentUrl\":\"https:\/\/secure.gravatar.com\/avatar\/ea14ecddc9e9d202b698b18f9f69e09c9fd74cfbed5c6008d55f11faefdbdab7?s=96&d=mm&r=g\",\"caption\":\"Milena Armando\"},\"description\":\"Jornalista, redatora e revisora.\",\"url\":\"https:\/\/crusoe.audiencelabs.com.br\/author\/milena\/\"}]}<\/script>\n<!-- \/ Yoast SEO plugin. -->","yoast_head_json":{"title":"Apari\u00e7\u00e3o de \"monstro\" de 5 metros assustou moradores em cidade do interior","robots":{"index":"index","follow":"follow","max-snippet":"max-snippet:-1","max-image-preview":"max-image-preview:large","max-video-preview":"max-video-preview:-1"},"canonical":"https:\/\/crusoe.audiencelabs.com.br\/aparicao-de-monstro-de-5-metros-assustou-moradores-em-cidade-do-interior\/","og_locale":"pt_BR","og_type":"article","og_title":"Apari\u00e7\u00e3o de \"monstro\" de 5 metros assustou moradores em cidade do interior","og_description":"Na \u00faltima ter\u00e7a-feira (28), uma sucuri de cinco metros foi resgatada pelo Corpo de Bombeiros em Sorriso (MT). O animal estava em uma \u00e1rea de mata no bairro Jardim dos Imigrantes, pr\u00f3ximo a um c\u00f3rrego.&nbsp; Embora n\u00e3o apresentasse comportamento agressivo, a presen\u00e7a da sucuri gerou preocupa\u00e7\u00e3o entre os moradores e provocou uma movimenta\u00e7\u00e3o de curiosos, [&hellip;]","og_url":"https:\/\/crusoe.audiencelabs.com.br\/aparicao-de-monstro-de-5-metros-assustou-moradores-em-cidade-do-interior\/","og_site_name":"Variedades - Cruso\u00e9","article_published_time":"2025-10-30T17:30:00+00:00","og_image":[{"width":1600,"height":900,"url":"https:\/\/cdn.crusoe.com.br\/uploads\/2025\/10\/nationalgeographic1550531.webp","type":"image\/webp"}],"author":"Milena Armando","twitter_card":"summary_large_image","twitter_misc":{"Escrito por":"Milena Armando","Est. tempo de leitura":"3 minutos"},"schema":{"@context":"https:\/\/schema.org","@graph":[{"@type":"WebPage","@id":"https:\/\/crusoe.audiencelabs.com.br\/aparicao-de-monstro-de-5-metros-assustou-moradores-em-cidade-do-interior\/","url":"https:\/\/crusoe.audiencelabs.com.br\/aparicao-de-monstro-de-5-metros-assustou-moradores-em-cidade-do-interior\/","name":"Apari\u00e7\u00e3o de \"monstro\" de 5 metros assustou moradores em cidade do interior","isPartOf":{"@id":"https:\/\/crusoe.audiencelabs.com.br\/#website"},"primaryImageOfPage":{"@id":"https:\/\/crusoe.audiencelabs.com.br\/aparicao-de-monstro-de-5-metros-assustou-moradores-em-cidade-do-interior\/#primaryimage"},"image":{"@id":"https:\/\/crusoe.audiencelabs.com.br\/aparicao-de-monstro-de-5-metros-assustou-moradores-em-cidade-do-interior\/#primaryimage"},"thumbnailUrl":"https:\/\/cdn.crusoe.com.br\/uploads\/2025\/10\/nationalgeographic1550531.webp","datePublished":"2025-10-30T17:30:00+00:00","author":{"@id":"https:\/\/crusoe.audiencelabs.com.br\/#\/schema\/person\/f87f73cfe89e5360de2c006bd4bd6a74"},"breadcrumb":{"@id":"https:\/\/crusoe.audiencelabs.com.br\/aparicao-de-monstro-de-5-metros-assustou-moradores-em-cidade-do-interior\/#breadcrumb"},"inLanguage":"pt-BR","potentialAction":[{"@type":"ReadAction","target":["https:\/\/crusoe.audiencelabs.com.br\/aparicao-de-monstro-de-5-metros-assustou-moradores-em-cidade-do-interior\/"]}]},{"@type":"ImageObject","inLanguage":"pt-BR","@id":"https:\/\/crusoe.audiencelabs.com.br\/aparicao-de-monstro-de-5-metros-assustou-moradores-em-cidade-do-interior\/#primaryimage","url":"https:\/\/cdn.crusoe.com.br\/uploads\/2025\/10\/nationalgeographic1550531.webp","contentUrl":"https:\/\/cdn.crusoe.com.br\/uploads\/2025\/10\/nationalgeographic1550531.webp","width":1600,"height":900,"caption":"Foto: National Geographic"},{"@type":"BreadcrumbList","@id":"https:\/\/crusoe.audiencelabs.com.br\/aparicao-de-monstro-de-5-metros-assustou-moradores-em-cidade-do-interior\/#breadcrumb","itemListElement":[{"@type":"ListItem","position":1,"name":"Home","item":"https:\/\/crusoe.audiencelabs.com.br\/"},{"@type":"ListItem","position":2,"name":"Apari\u00e7\u00e3o de &#8220;monstro&#8221; de 5 metros assustou moradores em cidade do interior"}]},{"@type":"WebSite","@id":"https:\/\/crusoe.audiencelabs.com.br\/#website","url":"https:\/\/crusoe.audiencelabs.com.br\/","name":"Variedades - Cruso\u00e9","description":"","potentialAction":[{"@type":"SearchAction","target":{"@type":"EntryPoint","urlTemplate":"https:\/\/crusoe.audiencelabs.com.br\/?s={search_term_string}"},"query-input":{"@type":"PropertyValueSpecification","valueRequired":true,"valueName":"search_term_string"}}],"inLanguage":"pt-BR"},{"@type":"Person","@id":"https:\/\/crusoe.audiencelabs.com.br\/#\/schema\/person\/f87f73cfe89e5360de2c006bd4bd6a74","name":"Milena Armando","image":{"@type":"ImageObject","inLanguage":"pt-BR","@id":"https:\/\/crusoe.audiencelabs.com.br\/#\/schema\/person\/image\/","url":"https:\/\/secure.gravatar.com\/avatar\/ea14ecddc9e9d202b698b18f9f69e09c9fd74cfbed5c6008d55f11faefdbdab7?s=96&d=mm&r=g","contentUrl":"https:\/\/secure.gravatar.com\/avatar\/ea14ecddc9e9d202b698b18f9f69e09c9fd74cfbed5c6008d55f11faefdbdab7?s=96&d=mm&r=g","caption":"Milena Armando"},"description":"Jornalista, redatora e revisora.","url":"https:\/\/crusoe.audiencelabs.com.br\/author\/milena\/"}]}},"_links":{"self":[{"href":"https:\/\/crusoe.audiencelabs.com.br\/wp-json\/wp\/v2\/posts\/21223","targetHints":{"allow":["GET"]}}],"collection":[{"href":"https:\/\/crusoe.audiencelabs.com.br\/wp-json\/wp\/v2\/posts"}],"about":[{"href":"https:\/\/crusoe.audiencelabs.com.br\/wp-json\/wp\/v2\/types\/post"}],"author":[{"embeddable":true,"href":"https:\/\/crusoe.audiencelabs.com.br\/wp-json\/wp\/v2\/users\/5"}],"replies":[{"embeddable":true,"href":"https:\/\/crusoe.audiencelabs.com.br\/wp-json\/wp\/v2\/comments?post=21223"}],"version-history":[{"count":3,"href":"https:\/\/crusoe.audiencelabs.com.br\/wp-json\/wp\/v2\/posts\/21223\/revisions"}],"predecessor-version":[{"id":21307,"href":"https:\/\/crusoe.audiencelabs.com.br\/wp-json\/wp\/v2\/posts\/21223\/revisions\/21307"}],"wp:featuredmedia":[{"embeddable":true,"href":"https:\/\/crusoe.audiencelabs.com.br\/wp-json\/wp\/v2\/media\/21225"}],"wp:attachment":[{"href":"https:\/\/crusoe.audiencelabs.com.br\/wp-json\/wp\/v2\/media?parent=21223"}],"wp:term":[{"taxonomy":"category","embeddable":true,"href":"https:\/\/crusoe.audiencelabs.com.br\/wp-json\/wp\/v2\/categories?post=21223"},{"taxonomy":"post_tag","embeddable":true,"href":"https:\/\/crusoe.audiencelabs.com.br\/wp-json\/wp\/v2\/tags?post=21223"}],"curies":[{"name":"wp","href":"https:\/\/api.w.org\/{rel}","templated":true}]}}