{"id":20777,"date":"2025-11-01T14:00:00","date_gmt":"2025-11-01T17:00:00","guid":{"rendered":"https:\/\/crusoe.audiencelabs.com.br\/?p=20777"},"modified":"2025-10-30T17:19:06","modified_gmt":"2025-10-30T20:19:06","slug":"as-pessoas-pagam-caro-no-cafe-e-entao-cometem-esse-erro-que-tira-todo-o-sabor","status":"publish","type":"post","link":"https:\/\/crusoe.audiencelabs.com.br\/as-pessoas-pagam-caro-no-cafe-e-entao-cometem-esse-erro-que-tira-todo-o-sabor\/","title":{"rendered":"As pessoas pagam caro no caf\u00e9 e ent\u00e3o cometem esse erro que tira todo o sabor"},"content":{"rendered":"\n<p>Por conta de sua recente eleva\u00e7\u00e3o de pre\u00e7os, o<strong> caf\u00e9 <\/strong>esteve pr\u00f3ximo de se tornar um produto inacess\u00edvel, mesmo desempenhando um papel fundamental na rotina de uma ampla parcela da popula\u00e7\u00e3o.<\/p>\n\n\n\n<p>Por\u00e9m, mesmo pagando caro pelo caf\u00e9, muitas pessoas acabam cometendo um erro que, apesar de parecer um ato inofensivo, pode <strong>prejudicar seriamente a sa\u00fade<\/strong> (f\u00edsica e financeira), j\u00e1 que compromete a qualidade da bebida.<\/p>\n\n\n\n<p>Trata-se da pr\u00e1tica de<strong> guardar os gr\u00e3os ou o p\u00f3 na geladeira<\/strong>, acreditando que isso poderia ajudar a manter o produto fresco por mais tempo, especialmente em dias mais quentes.<\/p>\n\n\n\n<p>De acordo com especialistas, isso pode estragar o sabor e o aroma do caf\u00e9, pois sua alta porosidade faz com que ele absorva o cheiro de outros alimentos da geladeira, como cebola, queijo ou alho.<\/p>\n\n\n\n<p>Al\u00e9m disso, a exposi\u00e7\u00e3o ao frio e \u00e0 umidade contribui para que o caf\u00e9 perca suas propriedades originais mais rapidamente, tornando a bebida praticamente desprovida de seus benef\u00edcios.<\/p>\n\n\n<style>@media (min-width: 992px) {\n    .recomendadorV2Area1 {\n        width: 280px;\n    }\n    .recomendadorV2Area2 {\n        padding: 0px 20px;\n        width: calc(100% - 280px);\n    }\n}\n\n@media (max-width: 992px) {\n    .recomendadorV2Button {\n        margin: 0 auto;\n    }\n    .recomendadorV2Area {\n        flex-direction: column;\n        text-align: center;\n    }\n    .recomendadorV2Area2 {\n        padding: 0px 20px;\n    }\n}\n\n.recomendadorV2Area {\n    background: #eeeeee3d;\n    border-radius: 10px;\n    padding: 15px;\n    display: flex;\n    margin: 15px auto;\n    border: 1px solid #00000014;\n    max-width: 800px;\n}\n\n.recomendadorV2Area1 img {\n    width: 280px;\n    height: auto;\n    border-radius: 8px;\n}\n\n.linkrecomendadorv2 {\n    text-decoration: none !important;\n}\n\n.recomendadorV2Area2 .recomendadorV2Type {\n    text-transform: uppercase;\n    font-weight: 500;\n    font-size: 11px;\n    letter-spacing: 2px;\n    color: #666;\n    margin: 12px 0;\n    display: block;\n}\n\n.recomendadorV2Title h2 {\n    padding-top: 0px !important;\n    margin: 0px !important;\n    border-left: none !important;\n    padding-left: 0px !important;\n    line-height: 1.3;\n    color: #000 !important;\n    font-size: 24px;\n    margin-bottom: 12px !important;\n}\n\n.recomendadorV2Desc {\n    color: #333;\n    margin: 12px 0px !important;\n    font-size: 15px;\n    line-height: 1.5;\n}\n\n.recomendadorV2Button {\n    width: auto;\n    max-width: 200px;\n    margin: 0;\n    display: inline-flex;\n    align-items: center;\n    background: #1D3557;\n    border-radius: 8px;\n    color: #fff;\n    height: 36px;\n    justify-content: center;\n    text-align: center;\n    font-size: 14px;\n    padding: 0 20px;\n    transition: background-color 0.2s ease;\n}\n\n.recomendadorV2Button:hover {\n    background: #2a4d7a;\n}\n\n.recomendadorV2Button:after {\n    margin-top: -2px;\n    content: \"\u2192\";\n    padding: 0px 0px 0px 8px;\n}\n\n.recomendadorV2Alert {\n    text-align: left;\n    font-size: 11px;\n    margin-top: 8px;\n    color: #666;\n}\n\n.recomendadorFixedArea {\n    width: 100%;\n    display: flex;\n    justify-content: center;\n    align-items: center;\n}\n\n@media (min-width: 992px) {\n    #recomendadorFixed {\n        width: 32% !important;\n        left: 5%;\n    }\n    .recomendadorCloseFixed{\n        right: inherit !important;\n        left: 378px !important;\n    }\n}\n\n#recomendadorFixed {\n    width: 90%;\n    box-shadow: 0 10px 20px 0px #00000057;\n    display: none;\n    height: 90px;\n    background: #F6F6F6;\n    position: fixed;\n    flex-direction: row;\n    bottom: 10px;\n    z-index: 9999;\n    border-radius: 16px;\n    padding: 7px 10px;\n}\n\n.recomendadorLeftArea {\n    width: 160px;\n}\n\n.recomendadorRightArea h2 {\n    padding-top: 0px;\n    margin: 2px 0px 4px 0px !important;\n    font-weight: 400;\n    text-align: center;\n    padding-left: 0px !important;\n    color: #000 !important;\n    border-left: none !important;\n    line-height: 20px;\n    font-size: 12px !important;\n}\n\n.recomendadorImgFixed {\n    overflow: hidden;\n    padding: 8px 6px;\n    height: 100%;\n}\n\n.recomendadorImgFixed img {\n    height: 100% !important;\n    border-radius: 16px;\n}\n\n.recomendadorRightArea {\n    padding-top: 6px;\n    display: flex;\n    width: calc(100% - 130px);\n    justify-content: space-between;\n    align-items: center;\n    flex-direction: column;\n}\n\n.recomendadorButtonFixed {\n    margin: 0 auto;\n    background: #1D3557;\n    width: 80%;\n    text-align: center;\n    font-size: 10px;\n    color: #FFF;\n    padding: 2px 10px;\n    border-radius: 3px;\n}\n\n.recomendadorButtonFixed:after {\n    margin-top: -3px;\n    content: \"\u2192\";\n    padding: 0px 0px 0px 10px;\n}\n\n.recomendadorAlertFixed {\n    font-weight: 400;\n    text-align: center;\n    color: #484848;\n    font-size: 8px;\n}\n\n.recomendadorCloseFixed {\n    z-index: 99999;\n    display: none;\n    right: 0px;\n    left: inherit;\n    bottom: 99px;\n    position: fixed;\n    justify-content: center;\n    background: #F6F6F6;\n    width: 25px;\n    align-items: center;\n    height: 25px;\n    font-weight: 800;\n    border-radius: 50%;\n    border: 1px solid #EBEBEB;\n}\n\n.recomendadorV2Desc{\n    color: #000000;\n    margin: 20px 0px;\n}\n\n@media (max-width: 576px) {\n    .recomendadorV2Area {\n      padding: 10px;\n      max-width: 100%;\n    }\n  \n    .recomendadorV2Area1 img {\n      width: 100%;\n      border-radius: 6px;\n    }\n  \n    .recomendadorV2Area2 .recomendadorV2Type {\n      font-size: 9px;\n      letter-spacing: 1px;\n      margin: 8px 0;\n    }\n  \n    .recomendadorV2Title h2 {\n      font-size: 18px !important;\n      margin-bottom: 8px !important;\n      line-height: 1.2;\n    }\n  \n    .recomendadorV2Desc {\n      font-size: 14px;\n      margin: 8px 0 !important;\n      line-height: 1.4;\n    }\n  \n    .recomendadorV2Button {\n      font-size: 14px;\n      height: 40px;\n      padding: 0 12px;\n      max-width: 100%;\n      width: 100%;\n    }\n  \n    .recomendadorV2Button:after {\n      padding-left: 6px;\n    }\n  }\n  <\/style>\n        <div class=\"lazyblock-recomendador-v2-2jDGz wp-block-lazyblock-recomendador-v2\">\n        <a class=\"linkrecomendadorv2\" href=\"https:\/\/crusoe.com.br\/variedades\/a-comida-mais-fedorenta-do-mundo-custa-mais-de-r-300-e-vem-direto-do-fundo-do-mar\/?utm_source=lazy\">\n            <div class=\"recomendadorV2Area\">\n            <div class=\"recomendadorV2Area1\">\n                <div class=\"recomendadorV2Img\">\n                <img class=\"lazyloaded\" decoding=\"async\" src=\"https:\/\/cdn.crusoe.com.br\/uploads\/2025\/10\/SUSTROMMING.jpg\" data-src=\"https:\/\/cdn.crusoe.com.br\/uploads\/2025\/10\/SUSTROMMING.jpg\" alt=\"\">\n                <\/div>\n            <\/div>\n            <div class=\"recomendadorV2Area2\">\n                <div class=\"recomendadorV2Type\">\n                    <span>Iguaria bizarra<\/span>\n                <\/div>\n                <div class=\"recomendadorV2Title\">\n                <h2><span>A comida mais fedorenta do mundo \ud83e\udd22<\/span><\/h2>\n                <\/div>\n                <div class=\"recomendadorV2Desc\">\n                <span>Descubra o prato sueco que desembarca no Brasil<\/span>\n                <\/div>\n                <div class=\"recomendadorV2Button\">Leia agora<\/div>\n                <div class=\"recomendadorV2Alert\"><\/div>\n            <\/div>\n            <\/div>\n        <\/a>\n        <div>\n            <div style=\"z-index:99999;\" id=\"buttonClose\" onclick=\"closeRecomendadorFixed()\">\n            <div class=\"recomendadorCloseFixed\">X<\/div>\n            <\/div>\n            <a href=\"https:\/\/crusoe.com.br\/variedades\/a-comida-mais-fedorenta-do-mundo-custa-mais-de-r-300-e-vem-direto-do-fundo-do-mar\/?utm_source=lazy\">\n            <div class=\"recomendadorFixedArea\">\n                <div id=\"recomendadorFixed\">\n                <div class=\"recomendadorLeftArea\">\n                    <div class=\"recomendadorImgFixed\">\n                    <img class=\"lazyload\" decoding=\"async\" src=\"https:\/\/cdn.crusoe.com.br\/uploads\/2025\/10\/SUSTROMMING.jpg\" alt=\"\">\n                    <\/div>\n                <\/div>\n                <div class=\"recomendadorRightArea\">\n                    <div class=\"recomendadorTitleFixed\">\n                    <h2><span>A comida mais fedorenta do mundo \ud83e\udd22<\/span><\/h2>\n                    <\/div>\n                    <div class=\"recomendadorButtonFixed\">Leia agora<\/div>\n                    <div class=\"recomendadorAlertFixed\"><\/div>\n                <\/div>\n                <\/div>\n            <\/div>\n            <\/a>\n        <\/div>\n        <\/div>\n\n\n\n<h2 class=\"wp-block-heading\">Como armazenar caf\u00e9 corretamente?<\/h2>\n\n\n\n<p>Especialistas refor\u00e7am que, independentemente de estar em gr\u00e3os ou mo\u00eddo, o caf\u00e9 deve ser conservado na embalagem original sempre que poss\u00edvel. E para otimizar sua preserva\u00e7\u00e3o recomenda-se seguir as seguintes pr\u00e1ticas:<\/p>\n\n\n\n<ul class=\"wp-block-list\">\n<li>Colocar a embalagem do caf\u00e9 em um recipiente herm\u00e9tico e, preferencialmente, opaco, que bloqueia o contato com a luz;<\/li>\n\n\n\n<li>Guardar o recipiente em um local fresco, mas seco e escuro, como uma despensa ou um arm\u00e1rio;<\/li>\n\n\n\n<li>Proteger o caf\u00e9 da umidade, certificando-se de que o recipiente em que a bebida foi armazenada est\u00e1 bem fechado e n\u00e3o h\u00e1 nenhum risco de infiltra\u00e7\u00e3o ou vazamento no local onde ele foi guardado.<\/li>\n<\/ul>\n\n\n\n<p>Com essas medidas, \u00e9 poss\u00edvel garantir que o caf\u00e9 permane\u00e7a sempre fresco, com aroma e sabor preservados, independentemente da temperatura ou do hor\u00e1rio, e assim mantenha a mesma qualidade e consist\u00eancia a cada preparo.<\/p>\n","protected":false},"excerpt":{"rendered":"<p>Por conta de sua recente eleva\u00e7\u00e3o de pre\u00e7os, o caf\u00e9 esteve pr\u00f3ximo de se tornar um produto inacess\u00edvel, mesmo desempenhando um papel fundamental na rotina de uma ampla parcela da popula\u00e7\u00e3o. Por\u00e9m, mesmo pagando caro pelo caf\u00e9, muitas pessoas acabam cometendo um erro que, apesar de parecer um ato inofensivo, pode prejudicar seriamente a sa\u00fade [&hellip;]<\/p>\n","protected":false},"author":7,"featured_media":20778,"comment_status":"open","ping_status":"open","sticky":false,"template":"","format":"standard","meta":{"jnews-multi-image_gallery":[],"jnews_single_post":{"format":"standard"},"jnews_primary_category":[],"jnews_override_counter":[],"jnews_post_split":[],"footnotes":""},"categories":[1],"tags":[],"class_list":["post-20777","post","type-post","status-publish","format-standard","has-post-thumbnail","hentry","category-geral"],"yoast_head":"<!-- This site is optimized with the Yoast SEO plugin v25.0 - https:\/\/yoast.com\/wordpress\/plugins\/seo\/ -->\n<title>As pessoas pagam caro no caf\u00e9 e ent\u00e3o cometem esse erro que tira todo o sabor<\/title>\n<meta name=\"description\" content=\"Por conta de sua recente eleva\u00e7\u00e3o de pre\u00e7os, o caf\u00e9 esteve pr\u00f3ximo de se tornar um produto inacess\u00edvel para os brasileiros.\" \/>\n<meta name=\"robots\" content=\"index, follow, max-snippet:-1, max-image-preview:large, max-video-preview:-1\" \/>\n<link rel=\"canonical\" href=\"https:\/\/crusoe.audiencelabs.com.br\/as-pessoas-pagam-caro-no-cafe-e-entao-cometem-esse-erro-que-tira-todo-o-sabor\/\" \/>\n<meta property=\"og:locale\" content=\"pt_BR\" \/>\n<meta property=\"og:type\" content=\"article\" \/>\n<meta property=\"og:title\" content=\"As pessoas pagam caro no caf\u00e9 e ent\u00e3o cometem esse erro que tira todo o sabor\" \/>\n<meta property=\"og:description\" content=\"Por conta de sua recente eleva\u00e7\u00e3o de pre\u00e7os, o caf\u00e9 esteve pr\u00f3ximo de se tornar um produto inacess\u00edvel para os brasileiros.\" \/>\n<meta property=\"og:url\" content=\"https:\/\/crusoe.audiencelabs.com.br\/as-pessoas-pagam-caro-no-cafe-e-entao-cometem-esse-erro-que-tira-todo-o-sabor\/\" \/>\n<meta property=\"og:site_name\" content=\"Variedades - Cruso\u00e9\" \/>\n<meta property=\"article:published_time\" content=\"2025-11-01T17:00:00+00:00\" \/>\n<meta property=\"og:image\" content=\"https:\/\/cdn.crusoe.com.br\/uploads\/2025\/10\/pessoas-pagam-caro-cafe-cometem-erro-tira-o-sabor.jpg\" \/>\n\t<meta property=\"og:image:width\" content=\"1920\" \/>\n\t<meta property=\"og:image:height\" content=\"1080\" \/>\n\t<meta property=\"og:image:type\" content=\"image\/jpeg\" \/>\n<meta name=\"author\" content=\"Jo\u00e3o Carlos Gomes\" \/>\n<meta name=\"twitter:card\" content=\"summary_large_image\" \/>\n<meta name=\"twitter:label1\" content=\"Escrito por\" \/>\n\t<meta name=\"twitter:data1\" content=\"Jo\u00e3o Carlos Gomes\" \/>\n\t<meta name=\"twitter:label2\" content=\"Est. tempo de leitura\" \/>\n\t<meta name=\"twitter:data2\" content=\"2 minutos\" \/>\n<script type=\"application\/ld+json\" class=\"yoast-schema-graph\">{\"@context\":\"https:\/\/schema.org\",\"@graph\":[{\"@type\":\"WebPage\",\"@id\":\"https:\/\/crusoe.audiencelabs.com.br\/as-pessoas-pagam-caro-no-cafe-e-entao-cometem-esse-erro-que-tira-todo-o-sabor\/\",\"url\":\"https:\/\/crusoe.audiencelabs.com.br\/as-pessoas-pagam-caro-no-cafe-e-entao-cometem-esse-erro-que-tira-todo-o-sabor\/\",\"name\":\"As pessoas pagam caro no caf\u00e9 e ent\u00e3o cometem esse erro que tira todo o sabor\",\"isPartOf\":{\"@id\":\"https:\/\/crusoe.audiencelabs.com.br\/#website\"},\"primaryImageOfPage\":{\"@id\":\"https:\/\/crusoe.audiencelabs.com.br\/as-pessoas-pagam-caro-no-cafe-e-entao-cometem-esse-erro-que-tira-todo-o-sabor\/#primaryimage\"},\"image\":{\"@id\":\"https:\/\/crusoe.audiencelabs.com.br\/as-pessoas-pagam-caro-no-cafe-e-entao-cometem-esse-erro-que-tira-todo-o-sabor\/#primaryimage\"},\"thumbnailUrl\":\"https:\/\/cdn.crusoe.com.br\/uploads\/2025\/10\/pessoas-pagam-caro-cafe-cometem-erro-tira-o-sabor.jpg\",\"datePublished\":\"2025-11-01T17:00:00+00:00\",\"author\":{\"@id\":\"https:\/\/crusoe.audiencelabs.com.br\/#\/schema\/person\/4a23399b23149df2eab6637fd2fd2bfc\"},\"description\":\"Por conta de sua recente eleva\u00e7\u00e3o de pre\u00e7os, o caf\u00e9 esteve pr\u00f3ximo de se tornar um produto inacess\u00edvel para os brasileiros.\",\"breadcrumb\":{\"@id\":\"https:\/\/crusoe.audiencelabs.com.br\/as-pessoas-pagam-caro-no-cafe-e-entao-cometem-esse-erro-que-tira-todo-o-sabor\/#breadcrumb\"},\"inLanguage\":\"pt-BR\",\"potentialAction\":[{\"@type\":\"ReadAction\",\"target\":[\"https:\/\/crusoe.audiencelabs.com.br\/as-pessoas-pagam-caro-no-cafe-e-entao-cometem-esse-erro-que-tira-todo-o-sabor\/\"]}]},{\"@type\":\"ImageObject\",\"inLanguage\":\"pt-BR\",\"@id\":\"https:\/\/crusoe.audiencelabs.com.br\/as-pessoas-pagam-caro-no-cafe-e-entao-cometem-esse-erro-que-tira-todo-o-sabor\/#primaryimage\",\"url\":\"https:\/\/cdn.crusoe.com.br\/uploads\/2025\/10\/pessoas-pagam-caro-cafe-cometem-erro-tira-o-sabor.jpg\",\"contentUrl\":\"https:\/\/cdn.crusoe.com.br\/uploads\/2025\/10\/pessoas-pagam-caro-cafe-cometem-erro-tira-o-sabor.jpg\",\"width\":1920,\"height\":1080,\"caption\":\"Foto: Ante Samarzija\/Unsplash\"},{\"@type\":\"BreadcrumbList\",\"@id\":\"https:\/\/crusoe.audiencelabs.com.br\/as-pessoas-pagam-caro-no-cafe-e-entao-cometem-esse-erro-que-tira-todo-o-sabor\/#breadcrumb\",\"itemListElement\":[{\"@type\":\"ListItem\",\"position\":1,\"name\":\"Home\",\"item\":\"https:\/\/crusoe.audiencelabs.com.br\/\"},{\"@type\":\"ListItem\",\"position\":2,\"name\":\"As pessoas pagam caro no caf\u00e9 e ent\u00e3o cometem esse erro que tira todo o sabor\"}]},{\"@type\":\"WebSite\",\"@id\":\"https:\/\/crusoe.audiencelabs.com.br\/#website\",\"url\":\"https:\/\/crusoe.audiencelabs.com.br\/\",\"name\":\"Variedades - Cruso\u00e9\",\"description\":\"\",\"potentialAction\":[{\"@type\":\"SearchAction\",\"target\":{\"@type\":\"EntryPoint\",\"urlTemplate\":\"https:\/\/crusoe.audiencelabs.com.br\/?s={search_term_string}\"},\"query-input\":{\"@type\":\"PropertyValueSpecification\",\"valueRequired\":true,\"valueName\":\"search_term_string\"}}],\"inLanguage\":\"pt-BR\"},{\"@type\":\"Person\",\"@id\":\"https:\/\/crusoe.audiencelabs.com.br\/#\/schema\/person\/4a23399b23149df2eab6637fd2fd2bfc\",\"name\":\"Jo\u00e3o Carlos Gomes\",\"image\":{\"@type\":\"ImageObject\",\"inLanguage\":\"pt-BR\",\"@id\":\"https:\/\/crusoe.audiencelabs.com.br\/#\/schema\/person\/image\/\",\"url\":\"https:\/\/secure.gravatar.com\/avatar\/4ce4672dbdd694b329cd6fdb51bee7d1409be1f0ff76a537e4c4a737b2c7d1a9?s=96&d=mm&r=g\",\"contentUrl\":\"https:\/\/secure.gravatar.com\/avatar\/4ce4672dbdd694b329cd6fdb51bee7d1409be1f0ff76a537e4c4a737b2c7d1a9?s=96&d=mm&r=g\",\"caption\":\"Jo\u00e3o Carlos Gomes\"},\"description\":\"Jornalista, criador de conte\u00fado e m\u00fasico independente nas horas vagas.\",\"url\":\"https:\/\/crusoe.audiencelabs.com.br\/author\/joaoc-junior66\/\"}]}<\/script>\n<!-- \/ Yoast SEO plugin. -->","yoast_head_json":{"title":"As pessoas pagam caro no caf\u00e9 e ent\u00e3o cometem esse erro que tira todo o sabor","description":"Por conta de sua recente eleva\u00e7\u00e3o de pre\u00e7os, o caf\u00e9 esteve pr\u00f3ximo de se tornar um produto inacess\u00edvel para os brasileiros.","robots":{"index":"index","follow":"follow","max-snippet":"max-snippet:-1","max-image-preview":"max-image-preview:large","max-video-preview":"max-video-preview:-1"},"canonical":"https:\/\/crusoe.audiencelabs.com.br\/as-pessoas-pagam-caro-no-cafe-e-entao-cometem-esse-erro-que-tira-todo-o-sabor\/","og_locale":"pt_BR","og_type":"article","og_title":"As pessoas pagam caro no caf\u00e9 e ent\u00e3o cometem esse erro que tira todo o sabor","og_description":"Por conta de sua recente eleva\u00e7\u00e3o de pre\u00e7os, o caf\u00e9 esteve pr\u00f3ximo de se tornar um produto inacess\u00edvel para os brasileiros.","og_url":"https:\/\/crusoe.audiencelabs.com.br\/as-pessoas-pagam-caro-no-cafe-e-entao-cometem-esse-erro-que-tira-todo-o-sabor\/","og_site_name":"Variedades - Cruso\u00e9","article_published_time":"2025-11-01T17:00:00+00:00","og_image":[{"width":1920,"height":1080,"url":"https:\/\/cdn.crusoe.com.br\/uploads\/2025\/10\/pessoas-pagam-caro-cafe-cometem-erro-tira-o-sabor.jpg","type":"image\/jpeg"}],"author":"Jo\u00e3o Carlos Gomes","twitter_card":"summary_large_image","twitter_misc":{"Escrito por":"Jo\u00e3o Carlos Gomes","Est. tempo de leitura":"2 minutos"},"schema":{"@context":"https:\/\/schema.org","@graph":[{"@type":"WebPage","@id":"https:\/\/crusoe.audiencelabs.com.br\/as-pessoas-pagam-caro-no-cafe-e-entao-cometem-esse-erro-que-tira-todo-o-sabor\/","url":"https:\/\/crusoe.audiencelabs.com.br\/as-pessoas-pagam-caro-no-cafe-e-entao-cometem-esse-erro-que-tira-todo-o-sabor\/","name":"As pessoas pagam caro no caf\u00e9 e ent\u00e3o cometem esse erro que tira todo o sabor","isPartOf":{"@id":"https:\/\/crusoe.audiencelabs.com.br\/#website"},"primaryImageOfPage":{"@id":"https:\/\/crusoe.audiencelabs.com.br\/as-pessoas-pagam-caro-no-cafe-e-entao-cometem-esse-erro-que-tira-todo-o-sabor\/#primaryimage"},"image":{"@id":"https:\/\/crusoe.audiencelabs.com.br\/as-pessoas-pagam-caro-no-cafe-e-entao-cometem-esse-erro-que-tira-todo-o-sabor\/#primaryimage"},"thumbnailUrl":"https:\/\/cdn.crusoe.com.br\/uploads\/2025\/10\/pessoas-pagam-caro-cafe-cometem-erro-tira-o-sabor.jpg","datePublished":"2025-11-01T17:00:00+00:00","author":{"@id":"https:\/\/crusoe.audiencelabs.com.br\/#\/schema\/person\/4a23399b23149df2eab6637fd2fd2bfc"},"description":"Por conta de sua recente eleva\u00e7\u00e3o de pre\u00e7os, o caf\u00e9 esteve pr\u00f3ximo de se tornar um produto inacess\u00edvel para os brasileiros.","breadcrumb":{"@id":"https:\/\/crusoe.audiencelabs.com.br\/as-pessoas-pagam-caro-no-cafe-e-entao-cometem-esse-erro-que-tira-todo-o-sabor\/#breadcrumb"},"inLanguage":"pt-BR","potentialAction":[{"@type":"ReadAction","target":["https:\/\/crusoe.audiencelabs.com.br\/as-pessoas-pagam-caro-no-cafe-e-entao-cometem-esse-erro-que-tira-todo-o-sabor\/"]}]},{"@type":"ImageObject","inLanguage":"pt-BR","@id":"https:\/\/crusoe.audiencelabs.com.br\/as-pessoas-pagam-caro-no-cafe-e-entao-cometem-esse-erro-que-tira-todo-o-sabor\/#primaryimage","url":"https:\/\/cdn.crusoe.com.br\/uploads\/2025\/10\/pessoas-pagam-caro-cafe-cometem-erro-tira-o-sabor.jpg","contentUrl":"https:\/\/cdn.crusoe.com.br\/uploads\/2025\/10\/pessoas-pagam-caro-cafe-cometem-erro-tira-o-sabor.jpg","width":1920,"height":1080,"caption":"Foto: Ante Samarzija\/Unsplash"},{"@type":"BreadcrumbList","@id":"https:\/\/crusoe.audiencelabs.com.br\/as-pessoas-pagam-caro-no-cafe-e-entao-cometem-esse-erro-que-tira-todo-o-sabor\/#breadcrumb","itemListElement":[{"@type":"ListItem","position":1,"name":"Home","item":"https:\/\/crusoe.audiencelabs.com.br\/"},{"@type":"ListItem","position":2,"name":"As pessoas pagam caro no caf\u00e9 e ent\u00e3o cometem esse erro que tira todo o sabor"}]},{"@type":"WebSite","@id":"https:\/\/crusoe.audiencelabs.com.br\/#website","url":"https:\/\/crusoe.audiencelabs.com.br\/","name":"Variedades - Cruso\u00e9","description":"","potentialAction":[{"@type":"SearchAction","target":{"@type":"EntryPoint","urlTemplate":"https:\/\/crusoe.audiencelabs.com.br\/?s={search_term_string}"},"query-input":{"@type":"PropertyValueSpecification","valueRequired":true,"valueName":"search_term_string"}}],"inLanguage":"pt-BR"},{"@type":"Person","@id":"https:\/\/crusoe.audiencelabs.com.br\/#\/schema\/person\/4a23399b23149df2eab6637fd2fd2bfc","name":"Jo\u00e3o Carlos Gomes","image":{"@type":"ImageObject","inLanguage":"pt-BR","@id":"https:\/\/crusoe.audiencelabs.com.br\/#\/schema\/person\/image\/","url":"https:\/\/secure.gravatar.com\/avatar\/4ce4672dbdd694b329cd6fdb51bee7d1409be1f0ff76a537e4c4a737b2c7d1a9?s=96&d=mm&r=g","contentUrl":"https:\/\/secure.gravatar.com\/avatar\/4ce4672dbdd694b329cd6fdb51bee7d1409be1f0ff76a537e4c4a737b2c7d1a9?s=96&d=mm&r=g","caption":"Jo\u00e3o Carlos Gomes"},"description":"Jornalista, criador de conte\u00fado e m\u00fasico independente nas horas vagas.","url":"https:\/\/crusoe.audiencelabs.com.br\/author\/joaoc-junior66\/"}]}},"_links":{"self":[{"href":"https:\/\/crusoe.audiencelabs.com.br\/wp-json\/wp\/v2\/posts\/20777","targetHints":{"allow":["GET"]}}],"collection":[{"href":"https:\/\/crusoe.audiencelabs.com.br\/wp-json\/wp\/v2\/posts"}],"about":[{"href":"https:\/\/crusoe.audiencelabs.com.br\/wp-json\/wp\/v2\/types\/post"}],"author":[{"embeddable":true,"href":"https:\/\/crusoe.audiencelabs.com.br\/wp-json\/wp\/v2\/users\/7"}],"replies":[{"embeddable":true,"href":"https:\/\/crusoe.audiencelabs.com.br\/wp-json\/wp\/v2\/comments?post=20777"}],"version-history":[{"count":4,"href":"https:\/\/crusoe.audiencelabs.com.br\/wp-json\/wp\/v2\/posts\/20777\/revisions"}],"predecessor-version":[{"id":21340,"href":"https:\/\/crusoe.audiencelabs.com.br\/wp-json\/wp\/v2\/posts\/20777\/revisions\/21340"}],"wp:featuredmedia":[{"embeddable":true,"href":"https:\/\/crusoe.audiencelabs.com.br\/wp-json\/wp\/v2\/media\/20778"}],"wp:attachment":[{"href":"https:\/\/crusoe.audiencelabs.com.br\/wp-json\/wp\/v2\/media?parent=20777"}],"wp:term":[{"taxonomy":"category","embeddable":true,"href":"https:\/\/crusoe.audiencelabs.com.br\/wp-json\/wp\/v2\/categories?post=20777"},{"taxonomy":"post_tag","embeddable":true,"href":"https:\/\/crusoe.audiencelabs.com.br\/wp-json\/wp\/v2\/tags?post=20777"}],"curies":[{"name":"wp","href":"https:\/\/api.w.org\/{rel}","templated":true}]}}