{"id":20202,"date":"2025-10-22T15:00:00","date_gmt":"2025-10-22T18:00:00","guid":{"rendered":"https:\/\/crusoe.audiencelabs.com.br\/?p=20202"},"modified":"2025-10-21T22:14:15","modified_gmt":"2025-10-22T01:14:15","slug":"amazonia-escondeu-isso-por-seculos-monstro-de-8-metros-finalmente-foi-avistado","status":"publish","type":"post","link":"https:\/\/crusoe.audiencelabs.com.br\/amazonia-escondeu-isso-por-seculos-monstro-de-8-metros-finalmente-foi-avistado\/","title":{"rendered":"Amaz\u00f4nia escondeu isso por s\u00e9culos: monstro de 8 metros finalmente foi avistado"},"content":{"rendered":"\n<p>Bi\u00f3logos fizeram uma descoberta significativa na <strong>Floresta Amaz\u00f4nica<\/strong>. Em uma expedi\u00e7\u00e3o ao territ\u00f3rio ind\u00edgena Baihuaeri Waorani, no <strong>Equador<\/strong>, os cientistas identificaram a <strong>anaconda verde do norte<\/strong> (<em>Eunectes akayima<\/em>).&nbsp;<\/p>\n\n\n\n<p>Esta cobra pode atingir at\u00e9 <strong>8 metros de comprimento<\/strong>, destacando-se n\u00e3o apenas pelo tamanho, mas tamb\u00e9m por diferen\u00e7as gen\u00e9ticas em rela\u00e7\u00e3o \u00e0s suas parentes do sul.\u00a0Esta descoberta marca uma separa\u00e7\u00e3o evolucion\u00e1ria de mais de 10 milh\u00f5es de anos entre as esp\u00e9cies.<\/p>\n\n\n\n<h2 class=\"wp-block-heading\">Caracter\u00edsticas gen\u00e9ticas e f\u00edsicas da anaconda verde<\/h2>\n\n\n\n<p>\u00a0A anaconda verde do norte apresenta uma diferen\u00e7a gen\u00e9tica de 5,5% em rela\u00e7\u00e3o \u00e0 anaconda do sul (<em>Eunectes murinus<\/em>).\u00a0Essa varia\u00e7\u00e3o \u00e9 consider\u00e1vel, superando a diverg\u00eancia gen\u00e9tica entre humanos e chimpanz\u00e9s, que \u00e9 de cerca de 2%.\u00a0<\/p>\n\n\n\n<p>Al\u00e9m disso, essas serpentes podem <strong>ultrapassar os 250 kg<\/strong>, sendo algumas das anacondas mais robustas e longas j\u00e1 documentadas.<\/p>\n\n\n<div class=\"wp-block-image\">\n<figure class=\"aligncenter size-large is-resized\"><img loading=\"lazy\" decoding=\"async\" width=\"1024\" height=\"536\" src=\"https:\/\/cdn.crusoe.com.br\/uploads\/2025\/10\/Eunectes-akayima-1024x536.webp\" alt=\"\" class=\"wp-image-20204\" style=\"width:638px;height:auto\" srcset=\"https:\/\/cdn.crusoe.com.br\/uploads\/2025\/10\/Eunectes-akayima-1024x536.webp 1024w, https:\/\/cdn.crusoe.com.br\/uploads\/2025\/10\/Eunectes-akayima-300x157.webp 300w, https:\/\/cdn.crusoe.com.br\/uploads\/2025\/10\/Eunectes-akayima-768x402.webp 768w, https:\/\/cdn.crusoe.com.br\/uploads\/2025\/10\/Eunectes-akayima-750x392.webp 750w, https:\/\/cdn.crusoe.com.br\/uploads\/2025\/10\/Eunectes-akayima.webp 1080w\" sizes=\"auto, (max-width: 1024px) 100vw, 1024px\" \/><figcaption class=\"wp-element-caption\">Eunectes akayima (Foto: VEJA)<\/figcaption><\/figure>\n<\/div>\n\n\n<h2 class=\"wp-block-heading\">M\u00e9todo de ca\u00e7a e preserva\u00e7\u00e3o<\/h2>\n\n\n\n<p>As anacondas verdes s\u00e3o predadoras imponentes, utilizando a constri\u00e7\u00e3o para capturar suas presas. Apesar de <strong>n\u00e3o serem venenosas<\/strong>, elas se<strong> enrolam em torno de suas presas,<\/strong> imobilizando-as com sua for\u00e7a.&nbsp;<\/p>\n\n\n\n<p>Essas qualidades as colocam no <strong>topo da cadeia alimentar nos ambientes aqu\u00e1ticos da Amaz\u00f4nia<\/strong>. As f\u00eameas s\u00e3o geralmente maiores, pesando acima de 200 kg.<\/p>\n\n\n\n<h2 class=\"wp-block-heading\">Desafios ambientais<\/h2>\n\n\n\n<p>A anaconda verde do norte enfrenta amea\u00e7as ambientais. O desmatamento e as mudan\u00e7as clim\u00e1ticas comprometem seu habitat natural.\u00a0Com a atual perda de floresta entre 20% e 31%, proje\u00e7\u00f5es indicam que at\u00e9 40% da Amaz\u00f4nia podem desaparecer at\u00e9 2050.\u00a0<\/p>\n\n\n\n<p>Esse cen\u00e1rio desafia n\u00e3o apenas as anacondas, mas todo o ecossistema amaz\u00f4nico, cuja biodiversidade \u00e9 essencial para a sa\u00fade ambiental global.<\/p>\n\n\n\n<p>A recente identifica\u00e7\u00e3o da anaconda verde do norte n\u00e3o s\u00f3 amplia o conhecimento sobre as anacondas, mas tamb\u00e9m sublinha a import\u00e2ncia da preserva\u00e7\u00e3o florestal.&nbsp;<\/p>\n\n\n\n<p>Continuar explorando e protegendo a Amaz\u00f4nia garantir\u00e1 a sobreviv\u00eancia de esp\u00e9cies como a Eunectes akayima. Estas a\u00e7\u00f5es s\u00e3o essenciais para preservar um dos ecossistemas mais valiosos do planeta.<\/p>\n","protected":false},"excerpt":{"rendered":"<p>Bi\u00f3logos fizeram uma descoberta significativa na Floresta Amaz\u00f4nica. Em uma expedi\u00e7\u00e3o ao territ\u00f3rio ind\u00edgena Baihuaeri Waorani, no Equador, os cientistas identificaram a anaconda verde do norte (Eunectes akayima).&nbsp; Esta cobra pode atingir at\u00e9 8 metros de comprimento, destacando-se n\u00e3o apenas pelo tamanho, mas tamb\u00e9m por diferen\u00e7as gen\u00e9ticas em rela\u00e7\u00e3o \u00e0s suas parentes do sul.\u00a0Esta descoberta [&hellip;]<\/p>\n","protected":false},"author":5,"featured_media":20203,"comment_status":"open","ping_status":"open","sticky":false,"template":"","format":"standard","meta":{"jnews-multi-image_gallery":[],"jnews_single_post":{"format":"standard"},"jnews_primary_category":[],"jnews_override_counter":[],"jnews_post_split":[],"footnotes":""},"categories":[1],"tags":[2500,2930],"class_list":["post-20202","post","type-post","status-publish","format-standard","has-post-thumbnail","hentry","category-geral","tag-amazonia-2","tag-anaconda-verde-do-norte"],"yoast_head":"<!-- This site is optimized with the Yoast SEO plugin v25.0 - https:\/\/yoast.com\/wordpress\/plugins\/seo\/ -->\n<title>Amaz\u00f4nia escondeu isso por s\u00e9culos: monstro de 8 metros finalmente foi avistado<\/title>\n<meta name=\"robots\" content=\"index, follow, max-snippet:-1, max-image-preview:large, max-video-preview:-1\" \/>\n<link rel=\"canonical\" href=\"https:\/\/crusoe.audiencelabs.com.br\/amazonia-escondeu-isso-por-seculos-monstro-de-8-metros-finalmente-foi-avistado\/\" \/>\n<meta property=\"og:locale\" content=\"pt_BR\" \/>\n<meta property=\"og:type\" content=\"article\" \/>\n<meta property=\"og:title\" content=\"Amaz\u00f4nia escondeu isso por s\u00e9culos: monstro de 8 metros finalmente foi avistado\" \/>\n<meta property=\"og:description\" content=\"Bi\u00f3logos fizeram uma descoberta significativa na Floresta Amaz\u00f4nica. Em uma expedi\u00e7\u00e3o ao territ\u00f3rio ind\u00edgena Baihuaeri Waorani, no Equador, os cientistas identificaram a anaconda verde do norte (Eunectes akayima).&nbsp; Esta cobra pode atingir at\u00e9 8 metros de comprimento, destacando-se n\u00e3o apenas pelo tamanho, mas tamb\u00e9m por diferen\u00e7as gen\u00e9ticas em rela\u00e7\u00e3o \u00e0s suas parentes do sul.\u00a0Esta descoberta [&hellip;]\" \/>\n<meta property=\"og:url\" content=\"https:\/\/crusoe.audiencelabs.com.br\/amazonia-escondeu-isso-por-seculos-monstro-de-8-metros-finalmente-foi-avistado\/\" \/>\n<meta property=\"og:site_name\" content=\"Variedades - Cruso\u00e9\" \/>\n<meta property=\"article:published_time\" content=\"2025-10-22T18:00:00+00:00\" \/>\n<meta property=\"og:image\" content=\"https:\/\/cdn.crusoe.com.br\/uploads\/2025\/10\/Amazonas-1.jpg\" \/>\n\t<meta property=\"og:image:width\" content=\"1024\" \/>\n\t<meta property=\"og:image:height\" content=\"684\" \/>\n\t<meta property=\"og:image:type\" content=\"image\/jpeg\" \/>\n<meta name=\"author\" content=\"Milena Armando\" \/>\n<meta name=\"twitter:card\" content=\"summary_large_image\" \/>\n<meta name=\"twitter:label1\" content=\"Escrito por\" \/>\n\t<meta name=\"twitter:data1\" content=\"Milena Armando\" \/>\n\t<meta name=\"twitter:label2\" content=\"Est. tempo de leitura\" \/>\n\t<meta name=\"twitter:data2\" content=\"3 minutos\" \/>\n<script type=\"application\/ld+json\" class=\"yoast-schema-graph\">{\"@context\":\"https:\/\/schema.org\",\"@graph\":[{\"@type\":\"WebPage\",\"@id\":\"https:\/\/crusoe.audiencelabs.com.br\/amazonia-escondeu-isso-por-seculos-monstro-de-8-metros-finalmente-foi-avistado\/\",\"url\":\"https:\/\/crusoe.audiencelabs.com.br\/amazonia-escondeu-isso-por-seculos-monstro-de-8-metros-finalmente-foi-avistado\/\",\"name\":\"Amaz\u00f4nia escondeu isso por s\u00e9culos: monstro de 8 metros finalmente foi avistado\",\"isPartOf\":{\"@id\":\"https:\/\/crusoe.audiencelabs.com.br\/#website\"},\"primaryImageOfPage\":{\"@id\":\"https:\/\/crusoe.audiencelabs.com.br\/amazonia-escondeu-isso-por-seculos-monstro-de-8-metros-finalmente-foi-avistado\/#primaryimage\"},\"image\":{\"@id\":\"https:\/\/crusoe.audiencelabs.com.br\/amazonia-escondeu-isso-por-seculos-monstro-de-8-metros-finalmente-foi-avistado\/#primaryimage\"},\"thumbnailUrl\":\"https:\/\/cdn.crusoe.com.br\/uploads\/2025\/10\/Amazonas-1.jpg\",\"datePublished\":\"2025-10-22T18:00:00+00:00\",\"author\":{\"@id\":\"https:\/\/crusoe.audiencelabs.com.br\/#\/schema\/person\/f87f73cfe89e5360de2c006bd4bd6a74\"},\"breadcrumb\":{\"@id\":\"https:\/\/crusoe.audiencelabs.com.br\/amazonia-escondeu-isso-por-seculos-monstro-de-8-metros-finalmente-foi-avistado\/#breadcrumb\"},\"inLanguage\":\"pt-BR\",\"potentialAction\":[{\"@type\":\"ReadAction\",\"target\":[\"https:\/\/crusoe.audiencelabs.com.br\/amazonia-escondeu-isso-por-seculos-monstro-de-8-metros-finalmente-foi-avistado\/\"]}]},{\"@type\":\"ImageObject\",\"inLanguage\":\"pt-BR\",\"@id\":\"https:\/\/crusoe.audiencelabs.com.br\/amazonia-escondeu-isso-por-seculos-monstro-de-8-metros-finalmente-foi-avistado\/#primaryimage\",\"url\":\"https:\/\/cdn.crusoe.com.br\/uploads\/2025\/10\/Amazonas-1.jpg\",\"contentUrl\":\"https:\/\/cdn.crusoe.com.br\/uploads\/2025\/10\/Amazonas-1.jpg\",\"width\":1024,\"height\":684,\"caption\":\"Foto: Gulliver Expedi\u00e7\u00f5es\"},{\"@type\":\"BreadcrumbList\",\"@id\":\"https:\/\/crusoe.audiencelabs.com.br\/amazonia-escondeu-isso-por-seculos-monstro-de-8-metros-finalmente-foi-avistado\/#breadcrumb\",\"itemListElement\":[{\"@type\":\"ListItem\",\"position\":1,\"name\":\"Home\",\"item\":\"https:\/\/crusoe.audiencelabs.com.br\/\"},{\"@type\":\"ListItem\",\"position\":2,\"name\":\"Amaz\u00f4nia escondeu isso por s\u00e9culos: monstro de 8 metros finalmente foi avistado\"}]},{\"@type\":\"WebSite\",\"@id\":\"https:\/\/crusoe.audiencelabs.com.br\/#website\",\"url\":\"https:\/\/crusoe.audiencelabs.com.br\/\",\"name\":\"Variedades - Cruso\u00e9\",\"description\":\"\",\"potentialAction\":[{\"@type\":\"SearchAction\",\"target\":{\"@type\":\"EntryPoint\",\"urlTemplate\":\"https:\/\/crusoe.audiencelabs.com.br\/?s={search_term_string}\"},\"query-input\":{\"@type\":\"PropertyValueSpecification\",\"valueRequired\":true,\"valueName\":\"search_term_string\"}}],\"inLanguage\":\"pt-BR\"},{\"@type\":\"Person\",\"@id\":\"https:\/\/crusoe.audiencelabs.com.br\/#\/schema\/person\/f87f73cfe89e5360de2c006bd4bd6a74\",\"name\":\"Milena Armando\",\"image\":{\"@type\":\"ImageObject\",\"inLanguage\":\"pt-BR\",\"@id\":\"https:\/\/crusoe.audiencelabs.com.br\/#\/schema\/person\/image\/\",\"url\":\"https:\/\/secure.gravatar.com\/avatar\/ea14ecddc9e9d202b698b18f9f69e09c9fd74cfbed5c6008d55f11faefdbdab7?s=96&d=mm&r=g\",\"contentUrl\":\"https:\/\/secure.gravatar.com\/avatar\/ea14ecddc9e9d202b698b18f9f69e09c9fd74cfbed5c6008d55f11faefdbdab7?s=96&d=mm&r=g\",\"caption\":\"Milena Armando\"},\"description\":\"Jornalista, redatora e revisora.\",\"url\":\"https:\/\/crusoe.audiencelabs.com.br\/author\/milena\/\"}]}<\/script>\n<!-- \/ Yoast SEO plugin. -->","yoast_head_json":{"title":"Amaz\u00f4nia escondeu isso por s\u00e9culos: monstro de 8 metros finalmente foi avistado","robots":{"index":"index","follow":"follow","max-snippet":"max-snippet:-1","max-image-preview":"max-image-preview:large","max-video-preview":"max-video-preview:-1"},"canonical":"https:\/\/crusoe.audiencelabs.com.br\/amazonia-escondeu-isso-por-seculos-monstro-de-8-metros-finalmente-foi-avistado\/","og_locale":"pt_BR","og_type":"article","og_title":"Amaz\u00f4nia escondeu isso por s\u00e9culos: monstro de 8 metros finalmente foi avistado","og_description":"Bi\u00f3logos fizeram uma descoberta significativa na Floresta Amaz\u00f4nica. Em uma expedi\u00e7\u00e3o ao territ\u00f3rio ind\u00edgena Baihuaeri Waorani, no Equador, os cientistas identificaram a anaconda verde do norte (Eunectes akayima).&nbsp; Esta cobra pode atingir at\u00e9 8 metros de comprimento, destacando-se n\u00e3o apenas pelo tamanho, mas tamb\u00e9m por diferen\u00e7as gen\u00e9ticas em rela\u00e7\u00e3o \u00e0s suas parentes do sul.\u00a0Esta descoberta [&hellip;]","og_url":"https:\/\/crusoe.audiencelabs.com.br\/amazonia-escondeu-isso-por-seculos-monstro-de-8-metros-finalmente-foi-avistado\/","og_site_name":"Variedades - Cruso\u00e9","article_published_time":"2025-10-22T18:00:00+00:00","og_image":[{"width":1024,"height":684,"url":"https:\/\/cdn.crusoe.com.br\/uploads\/2025\/10\/Amazonas-1.jpg","type":"image\/jpeg"}],"author":"Milena Armando","twitter_card":"summary_large_image","twitter_misc":{"Escrito por":"Milena Armando","Est. tempo de leitura":"3 minutos"},"schema":{"@context":"https:\/\/schema.org","@graph":[{"@type":"WebPage","@id":"https:\/\/crusoe.audiencelabs.com.br\/amazonia-escondeu-isso-por-seculos-monstro-de-8-metros-finalmente-foi-avistado\/","url":"https:\/\/crusoe.audiencelabs.com.br\/amazonia-escondeu-isso-por-seculos-monstro-de-8-metros-finalmente-foi-avistado\/","name":"Amaz\u00f4nia escondeu isso por s\u00e9culos: monstro de 8 metros finalmente foi avistado","isPartOf":{"@id":"https:\/\/crusoe.audiencelabs.com.br\/#website"},"primaryImageOfPage":{"@id":"https:\/\/crusoe.audiencelabs.com.br\/amazonia-escondeu-isso-por-seculos-monstro-de-8-metros-finalmente-foi-avistado\/#primaryimage"},"image":{"@id":"https:\/\/crusoe.audiencelabs.com.br\/amazonia-escondeu-isso-por-seculos-monstro-de-8-metros-finalmente-foi-avistado\/#primaryimage"},"thumbnailUrl":"https:\/\/cdn.crusoe.com.br\/uploads\/2025\/10\/Amazonas-1.jpg","datePublished":"2025-10-22T18:00:00+00:00","author":{"@id":"https:\/\/crusoe.audiencelabs.com.br\/#\/schema\/person\/f87f73cfe89e5360de2c006bd4bd6a74"},"breadcrumb":{"@id":"https:\/\/crusoe.audiencelabs.com.br\/amazonia-escondeu-isso-por-seculos-monstro-de-8-metros-finalmente-foi-avistado\/#breadcrumb"},"inLanguage":"pt-BR","potentialAction":[{"@type":"ReadAction","target":["https:\/\/crusoe.audiencelabs.com.br\/amazonia-escondeu-isso-por-seculos-monstro-de-8-metros-finalmente-foi-avistado\/"]}]},{"@type":"ImageObject","inLanguage":"pt-BR","@id":"https:\/\/crusoe.audiencelabs.com.br\/amazonia-escondeu-isso-por-seculos-monstro-de-8-metros-finalmente-foi-avistado\/#primaryimage","url":"https:\/\/cdn.crusoe.com.br\/uploads\/2025\/10\/Amazonas-1.jpg","contentUrl":"https:\/\/cdn.crusoe.com.br\/uploads\/2025\/10\/Amazonas-1.jpg","width":1024,"height":684,"caption":"Foto: Gulliver Expedi\u00e7\u00f5es"},{"@type":"BreadcrumbList","@id":"https:\/\/crusoe.audiencelabs.com.br\/amazonia-escondeu-isso-por-seculos-monstro-de-8-metros-finalmente-foi-avistado\/#breadcrumb","itemListElement":[{"@type":"ListItem","position":1,"name":"Home","item":"https:\/\/crusoe.audiencelabs.com.br\/"},{"@type":"ListItem","position":2,"name":"Amaz\u00f4nia escondeu isso por s\u00e9culos: monstro de 8 metros finalmente foi avistado"}]},{"@type":"WebSite","@id":"https:\/\/crusoe.audiencelabs.com.br\/#website","url":"https:\/\/crusoe.audiencelabs.com.br\/","name":"Variedades - Cruso\u00e9","description":"","potentialAction":[{"@type":"SearchAction","target":{"@type":"EntryPoint","urlTemplate":"https:\/\/crusoe.audiencelabs.com.br\/?s={search_term_string}"},"query-input":{"@type":"PropertyValueSpecification","valueRequired":true,"valueName":"search_term_string"}}],"inLanguage":"pt-BR"},{"@type":"Person","@id":"https:\/\/crusoe.audiencelabs.com.br\/#\/schema\/person\/f87f73cfe89e5360de2c006bd4bd6a74","name":"Milena Armando","image":{"@type":"ImageObject","inLanguage":"pt-BR","@id":"https:\/\/crusoe.audiencelabs.com.br\/#\/schema\/person\/image\/","url":"https:\/\/secure.gravatar.com\/avatar\/ea14ecddc9e9d202b698b18f9f69e09c9fd74cfbed5c6008d55f11faefdbdab7?s=96&d=mm&r=g","contentUrl":"https:\/\/secure.gravatar.com\/avatar\/ea14ecddc9e9d202b698b18f9f69e09c9fd74cfbed5c6008d55f11faefdbdab7?s=96&d=mm&r=g","caption":"Milena Armando"},"description":"Jornalista, redatora e revisora.","url":"https:\/\/crusoe.audiencelabs.com.br\/author\/milena\/"}]}},"_links":{"self":[{"href":"https:\/\/crusoe.audiencelabs.com.br\/wp-json\/wp\/v2\/posts\/20202","targetHints":{"allow":["GET"]}}],"collection":[{"href":"https:\/\/crusoe.audiencelabs.com.br\/wp-json\/wp\/v2\/posts"}],"about":[{"href":"https:\/\/crusoe.audiencelabs.com.br\/wp-json\/wp\/v2\/types\/post"}],"author":[{"embeddable":true,"href":"https:\/\/crusoe.audiencelabs.com.br\/wp-json\/wp\/v2\/users\/5"}],"replies":[{"embeddable":true,"href":"https:\/\/crusoe.audiencelabs.com.br\/wp-json\/wp\/v2\/comments?post=20202"}],"version-history":[{"count":2,"href":"https:\/\/crusoe.audiencelabs.com.br\/wp-json\/wp\/v2\/posts\/20202\/revisions"}],"predecessor-version":[{"id":20207,"href":"https:\/\/crusoe.audiencelabs.com.br\/wp-json\/wp\/v2\/posts\/20202\/revisions\/20207"}],"wp:featuredmedia":[{"embeddable":true,"href":"https:\/\/crusoe.audiencelabs.com.br\/wp-json\/wp\/v2\/media\/20203"}],"wp:attachment":[{"href":"https:\/\/crusoe.audiencelabs.com.br\/wp-json\/wp\/v2\/media?parent=20202"}],"wp:term":[{"taxonomy":"category","embeddable":true,"href":"https:\/\/crusoe.audiencelabs.com.br\/wp-json\/wp\/v2\/categories?post=20202"},{"taxonomy":"post_tag","embeddable":true,"href":"https:\/\/crusoe.audiencelabs.com.br\/wp-json\/wp\/v2\/tags?post=20202"}],"curies":[{"name":"wp","href":"https:\/\/api.w.org\/{rel}","templated":true}]}}