{"id":20162,"date":"2025-10-21T22:00:00","date_gmt":"2025-10-22T01:00:00","guid":{"rendered":"https:\/\/crusoe.audiencelabs.com.br\/?p=20162"},"modified":"2025-10-21T08:39:55","modified_gmt":"2025-10-21T11:39:55","slug":"por-que-os-especialistas-recomendam-nao-varrer-depois-das-21h","status":"publish","type":"post","link":"https:\/\/crusoe.audiencelabs.com.br\/por-que-os-especialistas-recomendam-nao-varrer-depois-das-21h\/","title":{"rendered":"Por que os especialistas recomendam n\u00e3o varrer depois das 21h"},"content":{"rendered":"\n<p>Seja por h\u00e1bito de limpeza ou at\u00e9 por acreditar nos efeitos terap\u00eauticos da pr\u00e1tica, muitas pessoas costumam <strong>varrer a casa <\/strong>com frequ\u00eancia. No entanto, especialistas afirmam que existem hor\u00e1rios mais adequados para realizar essa tarefa.<\/p>\n\n\n\n<p>Tanto sob o ponto de vista cient\u00edfico quanto espiritual, h\u00e1 m\u00faltiplos argumentos que <strong>desaconselham a realiza\u00e7\u00e3o da atividade durante o per\u00edodo da noite<\/strong>, principalmente ap\u00f3s as 21h.<\/p>\n\n\n\n<p>Historicamente, a varri\u00e7\u00e3o noturna representava o risco de perda de pequenos pertences, principalmente por conta da baixa luminosidade dos ambientes. Contudo, nos dias atuais, os motivos para evitar a pr\u00e1tica s\u00e3o mais detalhados, indo al\u00e9m dessa limita\u00e7\u00e3o.<\/p>\n\n\n\n<p>Afinal, para al\u00e9m dos poss\u00edveis preju\u00edzos \u00e0 sa\u00fade e \u00e0 qualidade do sono, varrer a casa no per\u00edodo \u00e9 interpretado, em algumas cren\u00e7as, como uma pr\u00e1tica que pode atrair energias negativas e causar desequil\u00edbrio no ambiente.<\/p>\n\n\n\n<ul class=\"wp-block-list\">\n<li><strong>Sa\u00fade:<\/strong> a varri\u00e7\u00e3o pode liberar part\u00edculas de poeira, \u00e1caros e al\u00e9rgenos no ar, afetando principalmente pessoas que sofrem de alergias ou asma, desencadeando efeitos como espirros, congest\u00e3o nasal e falta de ar. Al\u00e9m disso, por ser considerada uma atividade f\u00edsica, limpar a casa \u00e0 noite pode dificultar o relaxamento do corpo e da mente, impactando as etapas do sono;<\/li>\n\n\n\n<li><strong>Espiritualidade:<\/strong> para muitas culturas, varrer a casa ap\u00f3s o p\u00f4r do sol \u00e9 visto como um ato de azar, representando o ato de &#8220;espantar&#8221; boas energias para fora de casa. Al\u00e9m disso, algumas supersti\u00e7\u00f5es acreditam que o ato pode at\u00e9 mesmo atrair energias negativas.<\/li>\n<\/ul>\n\n\n\n<h2 class=\"wp-block-heading\">O que fazer em vez de varrer \u00e0 noite?<\/h2>\n\n\n\n<p>Conforme mencionado anteriormente, o h\u00e1bito de varrer a casa \u00e0 noite \u00e9 desaconselhado por especialistas de diferentes linhas de pensamento. Mas, caso seja necess\u00e1rio realizar algum tipo de limpeza noturna, existem algumas alternativas.<\/p>\n\n\n\n<p>As principais recomenda\u00e7\u00f5es incluem o uso de<strong> um pano \u00famido<\/strong>, que auxilia ainda mais na remo\u00e7\u00e3o da sujeira, ou de <strong>um aspirador de p\u00f3<\/strong>, que al\u00e9m de levantar menos poeira no ar, ainda acelera o processo de limpeza.<\/p>\n","protected":false},"excerpt":{"rendered":"<p>Seja por h\u00e1bito de limpeza ou at\u00e9 por acreditar nos efeitos terap\u00eauticos da pr\u00e1tica, muitas pessoas costumam varrer a casa com frequ\u00eancia. No entanto, especialistas afirmam que existem hor\u00e1rios mais adequados para realizar essa tarefa. Tanto sob o ponto de vista cient\u00edfico quanto espiritual, h\u00e1 m\u00faltiplos argumentos que desaconselham a realiza\u00e7\u00e3o da atividade durante o [&hellip;]<\/p>\n","protected":false},"author":7,"featured_media":20163,"comment_status":"open","ping_status":"open","sticky":false,"template":"","format":"standard","meta":{"jnews-multi-image_gallery":[],"jnews_single_post":{"format":"standard"},"jnews_primary_category":[],"jnews_override_counter":[],"jnews_post_split":[],"footnotes":""},"categories":[1],"tags":[],"class_list":["post-20162","post","type-post","status-publish","format-standard","has-post-thumbnail","hentry","category-geral"],"yoast_head":"<!-- This site is optimized with the Yoast SEO plugin v25.0 - https:\/\/yoast.com\/wordpress\/plugins\/seo\/ -->\n<title>Por que os especialistas recomendam n\u00e3o varrer depois das 21h<\/title>\n<meta name=\"robots\" content=\"index, follow, max-snippet:-1, max-image-preview:large, max-video-preview:-1\" \/>\n<link rel=\"canonical\" href=\"https:\/\/crusoe.audiencelabs.com.br\/por-que-os-especialistas-recomendam-nao-varrer-depois-das-21h\/\" \/>\n<meta property=\"og:locale\" content=\"pt_BR\" \/>\n<meta property=\"og:type\" content=\"article\" \/>\n<meta property=\"og:title\" content=\"Por que os especialistas recomendam n\u00e3o varrer depois das 21h\" \/>\n<meta property=\"og:description\" content=\"Seja por h\u00e1bito de limpeza ou at\u00e9 por acreditar nos efeitos terap\u00eauticos da pr\u00e1tica, muitas pessoas costumam varrer a casa com frequ\u00eancia. No entanto, especialistas afirmam que existem hor\u00e1rios mais adequados para realizar essa tarefa. Tanto sob o ponto de vista cient\u00edfico quanto espiritual, h\u00e1 m\u00faltiplos argumentos que desaconselham a realiza\u00e7\u00e3o da atividade durante o [&hellip;]\" \/>\n<meta property=\"og:url\" content=\"https:\/\/crusoe.audiencelabs.com.br\/por-que-os-especialistas-recomendam-nao-varrer-depois-das-21h\/\" \/>\n<meta property=\"og:site_name\" content=\"Variedades - Cruso\u00e9\" \/>\n<meta property=\"article:published_time\" content=\"2025-10-22T01:00:00+00:00\" \/>\n<meta property=\"og:image\" content=\"https:\/\/cdn.crusoe.com.br\/uploads\/2025\/10\/por-que-especialistas-recomendam-nao-varrer-depois-21.jpg\" \/>\n\t<meta property=\"og:image:width\" content=\"1920\" \/>\n\t<meta property=\"og:image:height\" content=\"1080\" \/>\n\t<meta property=\"og:image:type\" content=\"image\/jpeg\" \/>\n<meta name=\"author\" content=\"Jo\u00e3o Carlos Gomes\" \/>\n<meta name=\"twitter:card\" content=\"summary_large_image\" \/>\n<meta name=\"twitter:label1\" content=\"Escrito por\" \/>\n\t<meta name=\"twitter:data1\" content=\"Jo\u00e3o Carlos Gomes\" \/>\n\t<meta name=\"twitter:label2\" content=\"Est. tempo de leitura\" \/>\n\t<meta name=\"twitter:data2\" content=\"2 minutos\" \/>\n<script type=\"application\/ld+json\" class=\"yoast-schema-graph\">{\"@context\":\"https:\/\/schema.org\",\"@graph\":[{\"@type\":\"WebPage\",\"@id\":\"https:\/\/crusoe.audiencelabs.com.br\/por-que-os-especialistas-recomendam-nao-varrer-depois-das-21h\/\",\"url\":\"https:\/\/crusoe.audiencelabs.com.br\/por-que-os-especialistas-recomendam-nao-varrer-depois-das-21h\/\",\"name\":\"Por que os especialistas recomendam n\u00e3o varrer depois das 21h\",\"isPartOf\":{\"@id\":\"https:\/\/crusoe.audiencelabs.com.br\/#website\"},\"primaryImageOfPage\":{\"@id\":\"https:\/\/crusoe.audiencelabs.com.br\/por-que-os-especialistas-recomendam-nao-varrer-depois-das-21h\/#primaryimage\"},\"image\":{\"@id\":\"https:\/\/crusoe.audiencelabs.com.br\/por-que-os-especialistas-recomendam-nao-varrer-depois-das-21h\/#primaryimage\"},\"thumbnailUrl\":\"https:\/\/cdn.crusoe.com.br\/uploads\/2025\/10\/por-que-especialistas-recomendam-nao-varrer-depois-21.jpg\",\"datePublished\":\"2025-10-22T01:00:00+00:00\",\"author\":{\"@id\":\"https:\/\/crusoe.audiencelabs.com.br\/#\/schema\/person\/4a23399b23149df2eab6637fd2fd2bfc\"},\"breadcrumb\":{\"@id\":\"https:\/\/crusoe.audiencelabs.com.br\/por-que-os-especialistas-recomendam-nao-varrer-depois-das-21h\/#breadcrumb\"},\"inLanguage\":\"pt-BR\",\"potentialAction\":[{\"@type\":\"ReadAction\",\"target\":[\"https:\/\/crusoe.audiencelabs.com.br\/por-que-os-especialistas-recomendam-nao-varrer-depois-das-21h\/\"]}]},{\"@type\":\"ImageObject\",\"inLanguage\":\"pt-BR\",\"@id\":\"https:\/\/crusoe.audiencelabs.com.br\/por-que-os-especialistas-recomendam-nao-varrer-depois-das-21h\/#primaryimage\",\"url\":\"https:\/\/cdn.crusoe.com.br\/uploads\/2025\/10\/por-que-especialistas-recomendam-nao-varrer-depois-21.jpg\",\"contentUrl\":\"https:\/\/cdn.crusoe.com.br\/uploads\/2025\/10\/por-que-especialistas-recomendam-nao-varrer-depois-21.jpg\",\"width\":1920,\"height\":1080,\"caption\":\"Foto: cottonbro studio\/Pexels\"},{\"@type\":\"BreadcrumbList\",\"@id\":\"https:\/\/crusoe.audiencelabs.com.br\/por-que-os-especialistas-recomendam-nao-varrer-depois-das-21h\/#breadcrumb\",\"itemListElement\":[{\"@type\":\"ListItem\",\"position\":1,\"name\":\"Home\",\"item\":\"https:\/\/crusoe.audiencelabs.com.br\/\"},{\"@type\":\"ListItem\",\"position\":2,\"name\":\"Por que os especialistas recomendam n\u00e3o varrer depois das 21h\"}]},{\"@type\":\"WebSite\",\"@id\":\"https:\/\/crusoe.audiencelabs.com.br\/#website\",\"url\":\"https:\/\/crusoe.audiencelabs.com.br\/\",\"name\":\"Variedades - Cruso\u00e9\",\"description\":\"\",\"potentialAction\":[{\"@type\":\"SearchAction\",\"target\":{\"@type\":\"EntryPoint\",\"urlTemplate\":\"https:\/\/crusoe.audiencelabs.com.br\/?s={search_term_string}\"},\"query-input\":{\"@type\":\"PropertyValueSpecification\",\"valueRequired\":true,\"valueName\":\"search_term_string\"}}],\"inLanguage\":\"pt-BR\"},{\"@type\":\"Person\",\"@id\":\"https:\/\/crusoe.audiencelabs.com.br\/#\/schema\/person\/4a23399b23149df2eab6637fd2fd2bfc\",\"name\":\"Jo\u00e3o Carlos Gomes\",\"image\":{\"@type\":\"ImageObject\",\"inLanguage\":\"pt-BR\",\"@id\":\"https:\/\/crusoe.audiencelabs.com.br\/#\/schema\/person\/image\/\",\"url\":\"https:\/\/secure.gravatar.com\/avatar\/4ce4672dbdd694b329cd6fdb51bee7d1409be1f0ff76a537e4c4a737b2c7d1a9?s=96&d=mm&r=g\",\"contentUrl\":\"https:\/\/secure.gravatar.com\/avatar\/4ce4672dbdd694b329cd6fdb51bee7d1409be1f0ff76a537e4c4a737b2c7d1a9?s=96&d=mm&r=g\",\"caption\":\"Jo\u00e3o Carlos Gomes\"},\"description\":\"Jornalista, criador de conte\u00fado e m\u00fasico independente nas horas vagas.\",\"url\":\"https:\/\/crusoe.audiencelabs.com.br\/author\/joaoc-junior66\/\"}]}<\/script>\n<!-- \/ Yoast SEO plugin. -->","yoast_head_json":{"title":"Por que os especialistas recomendam n\u00e3o varrer depois das 21h","robots":{"index":"index","follow":"follow","max-snippet":"max-snippet:-1","max-image-preview":"max-image-preview:large","max-video-preview":"max-video-preview:-1"},"canonical":"https:\/\/crusoe.audiencelabs.com.br\/por-que-os-especialistas-recomendam-nao-varrer-depois-das-21h\/","og_locale":"pt_BR","og_type":"article","og_title":"Por que os especialistas recomendam n\u00e3o varrer depois das 21h","og_description":"Seja por h\u00e1bito de limpeza ou at\u00e9 por acreditar nos efeitos terap\u00eauticos da pr\u00e1tica, muitas pessoas costumam varrer a casa com frequ\u00eancia. No entanto, especialistas afirmam que existem hor\u00e1rios mais adequados para realizar essa tarefa. Tanto sob o ponto de vista cient\u00edfico quanto espiritual, h\u00e1 m\u00faltiplos argumentos que desaconselham a realiza\u00e7\u00e3o da atividade durante o [&hellip;]","og_url":"https:\/\/crusoe.audiencelabs.com.br\/por-que-os-especialistas-recomendam-nao-varrer-depois-das-21h\/","og_site_name":"Variedades - Cruso\u00e9","article_published_time":"2025-10-22T01:00:00+00:00","og_image":[{"width":1920,"height":1080,"url":"https:\/\/cdn.crusoe.com.br\/uploads\/2025\/10\/por-que-especialistas-recomendam-nao-varrer-depois-21.jpg","type":"image\/jpeg"}],"author":"Jo\u00e3o Carlos Gomes","twitter_card":"summary_large_image","twitter_misc":{"Escrito por":"Jo\u00e3o Carlos Gomes","Est. tempo de leitura":"2 minutos"},"schema":{"@context":"https:\/\/schema.org","@graph":[{"@type":"WebPage","@id":"https:\/\/crusoe.audiencelabs.com.br\/por-que-os-especialistas-recomendam-nao-varrer-depois-das-21h\/","url":"https:\/\/crusoe.audiencelabs.com.br\/por-que-os-especialistas-recomendam-nao-varrer-depois-das-21h\/","name":"Por que os especialistas recomendam n\u00e3o varrer depois das 21h","isPartOf":{"@id":"https:\/\/crusoe.audiencelabs.com.br\/#website"},"primaryImageOfPage":{"@id":"https:\/\/crusoe.audiencelabs.com.br\/por-que-os-especialistas-recomendam-nao-varrer-depois-das-21h\/#primaryimage"},"image":{"@id":"https:\/\/crusoe.audiencelabs.com.br\/por-que-os-especialistas-recomendam-nao-varrer-depois-das-21h\/#primaryimage"},"thumbnailUrl":"https:\/\/cdn.crusoe.com.br\/uploads\/2025\/10\/por-que-especialistas-recomendam-nao-varrer-depois-21.jpg","datePublished":"2025-10-22T01:00:00+00:00","author":{"@id":"https:\/\/crusoe.audiencelabs.com.br\/#\/schema\/person\/4a23399b23149df2eab6637fd2fd2bfc"},"breadcrumb":{"@id":"https:\/\/crusoe.audiencelabs.com.br\/por-que-os-especialistas-recomendam-nao-varrer-depois-das-21h\/#breadcrumb"},"inLanguage":"pt-BR","potentialAction":[{"@type":"ReadAction","target":["https:\/\/crusoe.audiencelabs.com.br\/por-que-os-especialistas-recomendam-nao-varrer-depois-das-21h\/"]}]},{"@type":"ImageObject","inLanguage":"pt-BR","@id":"https:\/\/crusoe.audiencelabs.com.br\/por-que-os-especialistas-recomendam-nao-varrer-depois-das-21h\/#primaryimage","url":"https:\/\/cdn.crusoe.com.br\/uploads\/2025\/10\/por-que-especialistas-recomendam-nao-varrer-depois-21.jpg","contentUrl":"https:\/\/cdn.crusoe.com.br\/uploads\/2025\/10\/por-que-especialistas-recomendam-nao-varrer-depois-21.jpg","width":1920,"height":1080,"caption":"Foto: cottonbro studio\/Pexels"},{"@type":"BreadcrumbList","@id":"https:\/\/crusoe.audiencelabs.com.br\/por-que-os-especialistas-recomendam-nao-varrer-depois-das-21h\/#breadcrumb","itemListElement":[{"@type":"ListItem","position":1,"name":"Home","item":"https:\/\/crusoe.audiencelabs.com.br\/"},{"@type":"ListItem","position":2,"name":"Por que os especialistas recomendam n\u00e3o varrer depois das 21h"}]},{"@type":"WebSite","@id":"https:\/\/crusoe.audiencelabs.com.br\/#website","url":"https:\/\/crusoe.audiencelabs.com.br\/","name":"Variedades - Cruso\u00e9","description":"","potentialAction":[{"@type":"SearchAction","target":{"@type":"EntryPoint","urlTemplate":"https:\/\/crusoe.audiencelabs.com.br\/?s={search_term_string}"},"query-input":{"@type":"PropertyValueSpecification","valueRequired":true,"valueName":"search_term_string"}}],"inLanguage":"pt-BR"},{"@type":"Person","@id":"https:\/\/crusoe.audiencelabs.com.br\/#\/schema\/person\/4a23399b23149df2eab6637fd2fd2bfc","name":"Jo\u00e3o Carlos Gomes","image":{"@type":"ImageObject","inLanguage":"pt-BR","@id":"https:\/\/crusoe.audiencelabs.com.br\/#\/schema\/person\/image\/","url":"https:\/\/secure.gravatar.com\/avatar\/4ce4672dbdd694b329cd6fdb51bee7d1409be1f0ff76a537e4c4a737b2c7d1a9?s=96&d=mm&r=g","contentUrl":"https:\/\/secure.gravatar.com\/avatar\/4ce4672dbdd694b329cd6fdb51bee7d1409be1f0ff76a537e4c4a737b2c7d1a9?s=96&d=mm&r=g","caption":"Jo\u00e3o Carlos Gomes"},"description":"Jornalista, criador de conte\u00fado e m\u00fasico independente nas horas vagas.","url":"https:\/\/crusoe.audiencelabs.com.br\/author\/joaoc-junior66\/"}]}},"_links":{"self":[{"href":"https:\/\/crusoe.audiencelabs.com.br\/wp-json\/wp\/v2\/posts\/20162","targetHints":{"allow":["GET"]}}],"collection":[{"href":"https:\/\/crusoe.audiencelabs.com.br\/wp-json\/wp\/v2\/posts"}],"about":[{"href":"https:\/\/crusoe.audiencelabs.com.br\/wp-json\/wp\/v2\/types\/post"}],"author":[{"embeddable":true,"href":"https:\/\/crusoe.audiencelabs.com.br\/wp-json\/wp\/v2\/users\/7"}],"replies":[{"embeddable":true,"href":"https:\/\/crusoe.audiencelabs.com.br\/wp-json\/wp\/v2\/comments?post=20162"}],"version-history":[{"count":1,"href":"https:\/\/crusoe.audiencelabs.com.br\/wp-json\/wp\/v2\/posts\/20162\/revisions"}],"predecessor-version":[{"id":20164,"href":"https:\/\/crusoe.audiencelabs.com.br\/wp-json\/wp\/v2\/posts\/20162\/revisions\/20164"}],"wp:featuredmedia":[{"embeddable":true,"href":"https:\/\/crusoe.audiencelabs.com.br\/wp-json\/wp\/v2\/media\/20163"}],"wp:attachment":[{"href":"https:\/\/crusoe.audiencelabs.com.br\/wp-json\/wp\/v2\/media?parent=20162"}],"wp:term":[{"taxonomy":"category","embeddable":true,"href":"https:\/\/crusoe.audiencelabs.com.br\/wp-json\/wp\/v2\/categories?post=20162"},{"taxonomy":"post_tag","embeddable":true,"href":"https:\/\/crusoe.audiencelabs.com.br\/wp-json\/wp\/v2\/tags?post=20162"}],"curies":[{"name":"wp","href":"https:\/\/api.w.org\/{rel}","templated":true}]}}