{"id":19868,"date":"2025-10-19T17:00:00","date_gmt":"2025-10-19T20:00:00","guid":{"rendered":"https:\/\/crusoe.audiencelabs.com.br\/?p=19868"},"modified":"2025-10-18T15:47:34","modified_gmt":"2025-10-18T18:47:34","slug":"cientistas-revelam-um-cranio-estranho-com-chifres-mais-antigo-que-os-dinossauros","status":"publish","type":"post","link":"https:\/\/crusoe.audiencelabs.com.br\/cientistas-revelam-um-cranio-estranho-com-chifres-mais-antigo-que-os-dinossauros\/","title":{"rendered":"Cientistas revelam um cr\u00e2nio estranho com chifres, mais antigo que os dinossauros"},"content":{"rendered":"\n<p>Na <strong>Caverna de Petralona<\/strong>, localizada no norte da <strong>Gr\u00e9cia<\/strong>, uma descoberta feita em 1960 est\u00e1 desafiando as perspectivas sobre a evolu\u00e7\u00e3o dos homin\u00eddeos na Europa.\u00a0Um <strong>cr\u00e2nio<\/strong>, aparentemente com um <strong>chifre<\/strong>, datado em cerca de 300 mil anos, foi identificado como pertencente \u00e0 esp\u00e9cie<em> Homo heidelbergensis<\/em>.\u00a0<\/p>\n\n\n\n<p>A calcita que recobria o cr\u00e2nio foi estudada para determinar sua idade. A t\u00e9cnica de data\u00e7\u00e3o por ur\u00e2nio-t\u00f3rio aplicada confirmou que a forma\u00e7\u00e3o da calcita se iniciou h\u00e1 277 mil anos, possivelmente chegando a 286 mil anos, refor\u00e7ando que o cr\u00e2nio tem cerca de 300 mil anos.&nbsp;<\/p>\n\n\n<div class=\"wp-block-image\">\n<figure class=\"aligncenter size-full is-resized\"><img loading=\"lazy\" decoding=\"async\" width=\"800\" height=\"400\" src=\"https:\/\/cdn.crusoe.com.br\/uploads\/2025\/10\/Caverna-de-Petralona.jpg\" alt=\"\" class=\"wp-image-19915\" style=\"width:636px;height:auto\" srcset=\"https:\/\/cdn.crusoe.com.br\/uploads\/2025\/10\/Caverna-de-Petralona.jpg 800w, https:\/\/cdn.crusoe.com.br\/uploads\/2025\/10\/Caverna-de-Petralona-300x150.jpg 300w, https:\/\/cdn.crusoe.com.br\/uploads\/2025\/10\/Caverna-de-Petralona-768x384.jpg 768w, https:\/\/cdn.crusoe.com.br\/uploads\/2025\/10\/Caverna-de-Petralona-360x180.jpg 360w, https:\/\/cdn.crusoe.com.br\/uploads\/2025\/10\/Caverna-de-Petralona-750x375.jpg 750w\" sizes=\"auto, (max-width: 800px) 100vw, 800px\" \/><figcaption class=\"wp-element-caption\">Caverna de Petralona (Foto: Northern Greece)<\/figcaption><\/figure>\n<\/div>\n\n\n<h2 class=\"wp-block-heading\">Hist\u00f3rico do &#8220;Homem de Petralona&#8221;<\/h2>\n\n\n\n<p>O cr\u00e2nio, conhecido localmente como &#8220;Homem de Petralona&#8221;, oferece uma vis\u00e3o sobre um per\u00edodo fundamental na evolu\u00e7\u00e3o humana. Ele viveu num tempo em que os neandertais j\u00e1 habitavam partes da Europa.\u00a0<\/p>\n\n\n\n<p>Este v\u00ednculo \u00e9 refor\u00e7ado pela semelhan\u00e7a morfol\u00f3gica entre o cr\u00e2nio de Petralona e o cr\u00e2nio de Kabwe, encontrado na Z\u00e2mbia, tamb\u00e9m associado ao Homo heidelbergensis. Os dois exemplares fornecem pistas sobre poss\u00edveis conex\u00f5es intercontinentais e desafiam a cronologia aceita sobre a evolu\u00e7\u00e3o humana.<\/p>\n\n\n<div class=\"wp-block-image\">\n<figure class=\"aligncenter size-full is-resized\"><img loading=\"lazy\" decoding=\"async\" width=\"225\" height=\"225\" src=\"https:\/\/cdn.crusoe.com.br\/uploads\/2025\/10\/Homo-heidelbergensis.jpg\" alt=\"\" class=\"wp-image-19916\" style=\"width:419px;height:auto\" srcset=\"https:\/\/cdn.crusoe.com.br\/uploads\/2025\/10\/Homo-heidelbergensis.jpg 225w, https:\/\/cdn.crusoe.com.br\/uploads\/2025\/10\/Homo-heidelbergensis-150x150.jpg 150w, https:\/\/cdn.crusoe.com.br\/uploads\/2025\/10\/Homo-heidelbergensis-75x75.jpg 75w\" sizes=\"auto, (max-width: 225px) 100vw, 225px\" \/><figcaption class=\"wp-element-caption\">Representa\u00e7\u00e3o de um Homo heidelbergensis<\/figcaption><\/figure>\n<\/div>\n\n\n<p>A presen\u00e7a do Homo heidelbergensis na Gr\u00e9cia levanta quest\u00f5es sobre as rotas migrat\u00f3rias e estrat\u00e9gias de sobreviv\u00eancia dessas popula\u00e7\u00f5es antigas.&nbsp;<\/p>\n\n\n\n<p>An\u00e1lises anteriores sugeriam que essa esp\u00e9cie foi um antepassado direto dos neandertais na Europa e dos humanos modernos na \u00c1frica, uma teoria que tem ganhado mais suporte com as novas descobertas.<\/p>\n\n\n\n<h2 class=\"wp-block-heading\">Perspectivas nas pesquisas<\/h2>\n\n\n\n<p>A revis\u00e3o do &#8220;Homem de Petralona&#8221; n\u00e3o somente reacende discuss\u00f5es sobre a intera\u00e7\u00e3o entre diferentes esp\u00e9cies de homin\u00eddeos, como tamb\u00e9m aprofunda estudos sobre a complexidade da evolu\u00e7\u00e3o humana.&nbsp;<\/p>\n\n\n\n<p>A descoberta desafia a ideia de isolamento gen\u00e9tico, abrindo espa\u00e7o para a hip\u00f3tese de interc\u00e2mbios culturais e gen\u00e9ticos entre popula\u00e7\u00f5es arcaicas.<\/p>\n\n\n\n<p>Novas pesquisas focadas em f\u00f3sseis e forma\u00e7\u00f5es geol\u00f3gicas podem trazer mais luz sobre a diversifica\u00e7\u00e3o dos homin\u00eddeos. Estas an\u00e1lises cont\u00ednuas prometem revelar mais sobre a biologia e o comportamento desses antigos ancestrais.<\/p>\n\n\n\n<h2 class=\"wp-block-heading\">Significado da Caverna de Petralona nos estudos de paleoantropologia<\/h2>\n\n\n\n<p>A Caverna de Petralona permanece essencial para os estudiosos da evolu\u00e7\u00e3o humana. Este s\u00edtio \u00e9 um ponto focal de investiga\u00e7\u00e3o paleoantropol\u00f3gica na Europa, e a recente confirma\u00e7\u00e3o do cr\u00e2nio fortalece a tese de que m\u00faltiplas linhagens de homin\u00eddeos coexistiram com uma poss\u00edvel intera\u00e7\u00e3o significativa.&nbsp;<\/p>\n\n\n\n<p>Tal conviv\u00eancia oferece um cen\u00e1rio complexo de migra\u00e7\u00e3o, adapta\u00e7\u00e3o e poss\u00edvel extin\u00e7\u00e3o de popula\u00e7\u00f5es em ambientes diversos. Com v\u00e1rias pesquisas em andamento, a expectativa \u00e9 que novas descobertas ajudem a entender mais profundamente nosso passado evolutivo. <\/p>\n","protected":false},"excerpt":{"rendered":"<p>Na Caverna de Petralona, localizada no norte da Gr\u00e9cia, uma descoberta feita em 1960 est\u00e1 desafiando as perspectivas sobre a evolu\u00e7\u00e3o dos homin\u00eddeos na Europa.\u00a0Um cr\u00e2nio, aparentemente com um chifre, datado em cerca de 300 mil anos, foi identificado como pertencente \u00e0 esp\u00e9cie Homo heidelbergensis.\u00a0 A calcita que recobria o cr\u00e2nio foi estudada para determinar [&hellip;]<\/p>\n","protected":false},"author":5,"featured_media":19870,"comment_status":"open","ping_status":"open","sticky":false,"template":"","format":"standard","meta":{"jnews-multi-image_gallery":[],"jnews_single_post":{"format":"standard"},"jnews_primary_category":[],"jnews_override_counter":[],"jnews_post_split":[],"footnotes":""},"categories":[1],"tags":[3448],"class_list":["post-19868","post","type-post","status-publish","format-standard","has-post-thumbnail","hentry","category-geral","tag-cranio"],"yoast_head":"<!-- This site is optimized with the Yoast SEO plugin v25.0 - https:\/\/yoast.com\/wordpress\/plugins\/seo\/ -->\n<title>Cientistas revelam um cr\u00e2nio estranho com chifres, mais antigo que os dinossauros<\/title>\n<meta name=\"robots\" content=\"index, follow, max-snippet:-1, max-image-preview:large, max-video-preview:-1\" \/>\n<link rel=\"canonical\" href=\"https:\/\/crusoe.audiencelabs.com.br\/cientistas-revelam-um-cranio-estranho-com-chifres-mais-antigo-que-os-dinossauros\/\" \/>\n<meta property=\"og:locale\" content=\"pt_BR\" \/>\n<meta property=\"og:type\" content=\"article\" \/>\n<meta property=\"og:title\" content=\"Cientistas revelam um cr\u00e2nio estranho com chifres, mais antigo que os dinossauros\" \/>\n<meta property=\"og:description\" content=\"Na Caverna de Petralona, localizada no norte da Gr\u00e9cia, uma descoberta feita em 1960 est\u00e1 desafiando as perspectivas sobre a evolu\u00e7\u00e3o dos homin\u00eddeos na Europa.\u00a0Um cr\u00e2nio, aparentemente com um chifre, datado em cerca de 300 mil anos, foi identificado como pertencente \u00e0 esp\u00e9cie Homo heidelbergensis.\u00a0 A calcita que recobria o cr\u00e2nio foi estudada para determinar [&hellip;]\" \/>\n<meta property=\"og:url\" content=\"https:\/\/crusoe.audiencelabs.com.br\/cientistas-revelam-um-cranio-estranho-com-chifres-mais-antigo-que-os-dinossauros\/\" \/>\n<meta property=\"og:site_name\" content=\"Variedades - Cruso\u00e9\" \/>\n<meta property=\"article:published_time\" content=\"2025-10-19T20:00:00+00:00\" \/>\n<meta property=\"og:image\" content=\"https:\/\/cdn.crusoe.com.br\/uploads\/2025\/10\/Captura-de-tela-2025-10-17-093114.jpg\" \/>\n\t<meta property=\"og:image:width\" content=\"677\" \/>\n\t<meta property=\"og:image:height\" content=\"370\" \/>\n\t<meta property=\"og:image:type\" content=\"image\/jpeg\" \/>\n<meta name=\"author\" content=\"Milena Armando\" \/>\n<meta name=\"twitter:card\" content=\"summary_large_image\" \/>\n<meta name=\"twitter:label1\" content=\"Escrito por\" \/>\n\t<meta name=\"twitter:data1\" content=\"Milena Armando\" \/>\n\t<meta name=\"twitter:label2\" content=\"Est. tempo de leitura\" \/>\n\t<meta name=\"twitter:data2\" content=\"3 minutos\" \/>\n<script type=\"application\/ld+json\" class=\"yoast-schema-graph\">{\"@context\":\"https:\/\/schema.org\",\"@graph\":[{\"@type\":\"WebPage\",\"@id\":\"https:\/\/crusoe.audiencelabs.com.br\/cientistas-revelam-um-cranio-estranho-com-chifres-mais-antigo-que-os-dinossauros\/\",\"url\":\"https:\/\/crusoe.audiencelabs.com.br\/cientistas-revelam-um-cranio-estranho-com-chifres-mais-antigo-que-os-dinossauros\/\",\"name\":\"Cientistas revelam um cr\u00e2nio estranho com chifres, mais antigo que os dinossauros\",\"isPartOf\":{\"@id\":\"https:\/\/crusoe.audiencelabs.com.br\/#website\"},\"primaryImageOfPage\":{\"@id\":\"https:\/\/crusoe.audiencelabs.com.br\/cientistas-revelam-um-cranio-estranho-com-chifres-mais-antigo-que-os-dinossauros\/#primaryimage\"},\"image\":{\"@id\":\"https:\/\/crusoe.audiencelabs.com.br\/cientistas-revelam-um-cranio-estranho-com-chifres-mais-antigo-que-os-dinossauros\/#primaryimage\"},\"thumbnailUrl\":\"https:\/\/cdn.crusoe.com.br\/uploads\/2025\/10\/Captura-de-tela-2025-10-17-093114.jpg\",\"datePublished\":\"2025-10-19T20:00:00+00:00\",\"author\":{\"@id\":\"https:\/\/crusoe.audiencelabs.com.br\/#\/schema\/person\/f87f73cfe89e5360de2c006bd4bd6a74\"},\"breadcrumb\":{\"@id\":\"https:\/\/crusoe.audiencelabs.com.br\/cientistas-revelam-um-cranio-estranho-com-chifres-mais-antigo-que-os-dinossauros\/#breadcrumb\"},\"inLanguage\":\"pt-BR\",\"potentialAction\":[{\"@type\":\"ReadAction\",\"target\":[\"https:\/\/crusoe.audiencelabs.com.br\/cientistas-revelam-um-cranio-estranho-com-chifres-mais-antigo-que-os-dinossauros\/\"]}]},{\"@type\":\"ImageObject\",\"inLanguage\":\"pt-BR\",\"@id\":\"https:\/\/crusoe.audiencelabs.com.br\/cientistas-revelam-um-cranio-estranho-com-chifres-mais-antigo-que-os-dinossauros\/#primaryimage\",\"url\":\"https:\/\/cdn.crusoe.com.br\/uploads\/2025\/10\/Captura-de-tela-2025-10-17-093114.jpg\",\"contentUrl\":\"https:\/\/cdn.crusoe.com.br\/uploads\/2025\/10\/Captura-de-tela-2025-10-17-093114.jpg\",\"width\":677,\"height\":370,\"caption\":\"Foto: O Globo\"},{\"@type\":\"BreadcrumbList\",\"@id\":\"https:\/\/crusoe.audiencelabs.com.br\/cientistas-revelam-um-cranio-estranho-com-chifres-mais-antigo-que-os-dinossauros\/#breadcrumb\",\"itemListElement\":[{\"@type\":\"ListItem\",\"position\":1,\"name\":\"Home\",\"item\":\"https:\/\/crusoe.audiencelabs.com.br\/\"},{\"@type\":\"ListItem\",\"position\":2,\"name\":\"Cientistas revelam um cr\u00e2nio estranho com chifres, mais antigo que os dinossauros\"}]},{\"@type\":\"WebSite\",\"@id\":\"https:\/\/crusoe.audiencelabs.com.br\/#website\",\"url\":\"https:\/\/crusoe.audiencelabs.com.br\/\",\"name\":\"Variedades - Cruso\u00e9\",\"description\":\"\",\"potentialAction\":[{\"@type\":\"SearchAction\",\"target\":{\"@type\":\"EntryPoint\",\"urlTemplate\":\"https:\/\/crusoe.audiencelabs.com.br\/?s={search_term_string}\"},\"query-input\":{\"@type\":\"PropertyValueSpecification\",\"valueRequired\":true,\"valueName\":\"search_term_string\"}}],\"inLanguage\":\"pt-BR\"},{\"@type\":\"Person\",\"@id\":\"https:\/\/crusoe.audiencelabs.com.br\/#\/schema\/person\/f87f73cfe89e5360de2c006bd4bd6a74\",\"name\":\"Milena Armando\",\"image\":{\"@type\":\"ImageObject\",\"inLanguage\":\"pt-BR\",\"@id\":\"https:\/\/crusoe.audiencelabs.com.br\/#\/schema\/person\/image\/\",\"url\":\"https:\/\/secure.gravatar.com\/avatar\/ea14ecddc9e9d202b698b18f9f69e09c9fd74cfbed5c6008d55f11faefdbdab7?s=96&d=mm&r=g\",\"contentUrl\":\"https:\/\/secure.gravatar.com\/avatar\/ea14ecddc9e9d202b698b18f9f69e09c9fd74cfbed5c6008d55f11faefdbdab7?s=96&d=mm&r=g\",\"caption\":\"Milena Armando\"},\"description\":\"Jornalista, redatora e revisora.\",\"url\":\"https:\/\/crusoe.audiencelabs.com.br\/author\/milena\/\"}]}<\/script>\n<!-- \/ Yoast SEO plugin. -->","yoast_head_json":{"title":"Cientistas revelam um cr\u00e2nio estranho com chifres, mais antigo que os dinossauros","robots":{"index":"index","follow":"follow","max-snippet":"max-snippet:-1","max-image-preview":"max-image-preview:large","max-video-preview":"max-video-preview:-1"},"canonical":"https:\/\/crusoe.audiencelabs.com.br\/cientistas-revelam-um-cranio-estranho-com-chifres-mais-antigo-que-os-dinossauros\/","og_locale":"pt_BR","og_type":"article","og_title":"Cientistas revelam um cr\u00e2nio estranho com chifres, mais antigo que os dinossauros","og_description":"Na Caverna de Petralona, localizada no norte da Gr\u00e9cia, uma descoberta feita em 1960 est\u00e1 desafiando as perspectivas sobre a evolu\u00e7\u00e3o dos homin\u00eddeos na Europa.\u00a0Um cr\u00e2nio, aparentemente com um chifre, datado em cerca de 300 mil anos, foi identificado como pertencente \u00e0 esp\u00e9cie Homo heidelbergensis.\u00a0 A calcita que recobria o cr\u00e2nio foi estudada para determinar [&hellip;]","og_url":"https:\/\/crusoe.audiencelabs.com.br\/cientistas-revelam-um-cranio-estranho-com-chifres-mais-antigo-que-os-dinossauros\/","og_site_name":"Variedades - Cruso\u00e9","article_published_time":"2025-10-19T20:00:00+00:00","og_image":[{"width":677,"height":370,"url":"https:\/\/cdn.crusoe.com.br\/uploads\/2025\/10\/Captura-de-tela-2025-10-17-093114.jpg","type":"image\/jpeg"}],"author":"Milena Armando","twitter_card":"summary_large_image","twitter_misc":{"Escrito por":"Milena Armando","Est. tempo de leitura":"3 minutos"},"schema":{"@context":"https:\/\/schema.org","@graph":[{"@type":"WebPage","@id":"https:\/\/crusoe.audiencelabs.com.br\/cientistas-revelam-um-cranio-estranho-com-chifres-mais-antigo-que-os-dinossauros\/","url":"https:\/\/crusoe.audiencelabs.com.br\/cientistas-revelam-um-cranio-estranho-com-chifres-mais-antigo-que-os-dinossauros\/","name":"Cientistas revelam um cr\u00e2nio estranho com chifres, mais antigo que os dinossauros","isPartOf":{"@id":"https:\/\/crusoe.audiencelabs.com.br\/#website"},"primaryImageOfPage":{"@id":"https:\/\/crusoe.audiencelabs.com.br\/cientistas-revelam-um-cranio-estranho-com-chifres-mais-antigo-que-os-dinossauros\/#primaryimage"},"image":{"@id":"https:\/\/crusoe.audiencelabs.com.br\/cientistas-revelam-um-cranio-estranho-com-chifres-mais-antigo-que-os-dinossauros\/#primaryimage"},"thumbnailUrl":"https:\/\/cdn.crusoe.com.br\/uploads\/2025\/10\/Captura-de-tela-2025-10-17-093114.jpg","datePublished":"2025-10-19T20:00:00+00:00","author":{"@id":"https:\/\/crusoe.audiencelabs.com.br\/#\/schema\/person\/f87f73cfe89e5360de2c006bd4bd6a74"},"breadcrumb":{"@id":"https:\/\/crusoe.audiencelabs.com.br\/cientistas-revelam-um-cranio-estranho-com-chifres-mais-antigo-que-os-dinossauros\/#breadcrumb"},"inLanguage":"pt-BR","potentialAction":[{"@type":"ReadAction","target":["https:\/\/crusoe.audiencelabs.com.br\/cientistas-revelam-um-cranio-estranho-com-chifres-mais-antigo-que-os-dinossauros\/"]}]},{"@type":"ImageObject","inLanguage":"pt-BR","@id":"https:\/\/crusoe.audiencelabs.com.br\/cientistas-revelam-um-cranio-estranho-com-chifres-mais-antigo-que-os-dinossauros\/#primaryimage","url":"https:\/\/cdn.crusoe.com.br\/uploads\/2025\/10\/Captura-de-tela-2025-10-17-093114.jpg","contentUrl":"https:\/\/cdn.crusoe.com.br\/uploads\/2025\/10\/Captura-de-tela-2025-10-17-093114.jpg","width":677,"height":370,"caption":"Foto: O Globo"},{"@type":"BreadcrumbList","@id":"https:\/\/crusoe.audiencelabs.com.br\/cientistas-revelam-um-cranio-estranho-com-chifres-mais-antigo-que-os-dinossauros\/#breadcrumb","itemListElement":[{"@type":"ListItem","position":1,"name":"Home","item":"https:\/\/crusoe.audiencelabs.com.br\/"},{"@type":"ListItem","position":2,"name":"Cientistas revelam um cr\u00e2nio estranho com chifres, mais antigo que os dinossauros"}]},{"@type":"WebSite","@id":"https:\/\/crusoe.audiencelabs.com.br\/#website","url":"https:\/\/crusoe.audiencelabs.com.br\/","name":"Variedades - Cruso\u00e9","description":"","potentialAction":[{"@type":"SearchAction","target":{"@type":"EntryPoint","urlTemplate":"https:\/\/crusoe.audiencelabs.com.br\/?s={search_term_string}"},"query-input":{"@type":"PropertyValueSpecification","valueRequired":true,"valueName":"search_term_string"}}],"inLanguage":"pt-BR"},{"@type":"Person","@id":"https:\/\/crusoe.audiencelabs.com.br\/#\/schema\/person\/f87f73cfe89e5360de2c006bd4bd6a74","name":"Milena Armando","image":{"@type":"ImageObject","inLanguage":"pt-BR","@id":"https:\/\/crusoe.audiencelabs.com.br\/#\/schema\/person\/image\/","url":"https:\/\/secure.gravatar.com\/avatar\/ea14ecddc9e9d202b698b18f9f69e09c9fd74cfbed5c6008d55f11faefdbdab7?s=96&d=mm&r=g","contentUrl":"https:\/\/secure.gravatar.com\/avatar\/ea14ecddc9e9d202b698b18f9f69e09c9fd74cfbed5c6008d55f11faefdbdab7?s=96&d=mm&r=g","caption":"Milena Armando"},"description":"Jornalista, redatora e revisora.","url":"https:\/\/crusoe.audiencelabs.com.br\/author\/milena\/"}]}},"_links":{"self":[{"href":"https:\/\/crusoe.audiencelabs.com.br\/wp-json\/wp\/v2\/posts\/19868","targetHints":{"allow":["GET"]}}],"collection":[{"href":"https:\/\/crusoe.audiencelabs.com.br\/wp-json\/wp\/v2\/posts"}],"about":[{"href":"https:\/\/crusoe.audiencelabs.com.br\/wp-json\/wp\/v2\/types\/post"}],"author":[{"embeddable":true,"href":"https:\/\/crusoe.audiencelabs.com.br\/wp-json\/wp\/v2\/users\/5"}],"replies":[{"embeddable":true,"href":"https:\/\/crusoe.audiencelabs.com.br\/wp-json\/wp\/v2\/comments?post=19868"}],"version-history":[{"count":2,"href":"https:\/\/crusoe.audiencelabs.com.br\/wp-json\/wp\/v2\/posts\/19868\/revisions"}],"predecessor-version":[{"id":19917,"href":"https:\/\/crusoe.audiencelabs.com.br\/wp-json\/wp\/v2\/posts\/19868\/revisions\/19917"}],"wp:featuredmedia":[{"embeddable":true,"href":"https:\/\/crusoe.audiencelabs.com.br\/wp-json\/wp\/v2\/media\/19870"}],"wp:attachment":[{"href":"https:\/\/crusoe.audiencelabs.com.br\/wp-json\/wp\/v2\/media?parent=19868"}],"wp:term":[{"taxonomy":"category","embeddable":true,"href":"https:\/\/crusoe.audiencelabs.com.br\/wp-json\/wp\/v2\/categories?post=19868"},{"taxonomy":"post_tag","embeddable":true,"href":"https:\/\/crusoe.audiencelabs.com.br\/wp-json\/wp\/v2\/tags?post=19868"}],"curies":[{"name":"wp","href":"https:\/\/api.w.org\/{rel}","templated":true}]}}