{"id":1983,"date":"2025-06-15T08:45:00","date_gmt":"2025-06-15T11:45:00","guid":{"rendered":"https:\/\/crusoe.com.br\/variedades\/?p=1983"},"modified":"2025-06-09T20:35:08","modified_gmt":"2025-06-09T23:35:08","slug":"estes-sao-os-carros-mais-visados-pelos-ladroes-em-2025","status":"publish","type":"post","link":"https:\/\/crusoe.audiencelabs.com.br\/estes-sao-os-carros-mais-visados-pelos-ladroes-em-2025\/","title":{"rendered":"Estes s\u00e3o os carros mais visados pelos ladr\u00f5es em 2025"},"content":{"rendered":"\n<p>O <strong>furto e roubo de ve\u00edculos no Brasil<\/strong> \u00e9 uma preocupa\u00e7\u00e3o constante para milh\u00f5es de motoristas, levando em conta os preju\u00edzos financeiros significativos.<\/p>\n\n\n\n<p>Al\u00e9m disso, a frequ\u00eancia do crime torna a situa\u00e7\u00e3o ainda mais complexa, uma vez que gera inseguran\u00e7a e medo, afetando a qualidade de vida das pessoas e a sensa\u00e7\u00e3o de bem-estar.<\/p>\n\n\n\n<p>Mas vale destacar que existem ve\u00edculos que acabam se tornando alvos constantes\u00a0de criminosos, seja por conta de sua popularidade ou pela facilidade de desmanche.<\/p>\n\n\n\n<p>E de acordo com rankings mais recentes, estes s\u00e3o os carros mais visados por ladr\u00f5es atualmente (via Seu Cr\u00e9dito Digital):<\/p>\n\n\n\n<ol class=\"wp-block-list\">\n<li><strong>Hyundai HB20 &#8211; 2.374 ocorr\u00eancias<\/strong><\/li>\n\n\n\n<li><strong>Volkswagen Gol &#8211; 2.335 ocorr\u00eancias<\/strong><\/li>\n\n\n\n<li><strong>Chevrolet Corsa &#8211; 2.221 ocorr\u00eancias<\/strong><\/li>\n\n\n\n<li><strong>Fiat Uno &#8211; 2.570 ocorr\u00eancias<\/strong><\/li>\n\n\n\n<li><strong>Chevrolet Onix &#8211; 1.962 ocorr\u00eancias<\/strong><\/li>\n\n\n\n<li><strong>Ford Ka &#8211; 1.665 ocorr\u00eancias<\/strong><\/li>\n\n\n\n<li><strong>Fiat Argo &#8211; 1.400 ocorr\u00eancias<\/strong><\/li>\n\n\n\n<li><strong>Volkswagen Fox &#8211; 1.125 ocorr\u00eancias<\/strong><\/li>\n\n\n\n<li><strong>Fiat Strada &#8211; 1.085 ocorr\u00eancias<\/strong><\/li>\n\n\n\n<li><strong>Fiat Mobi &#8211; 1.045 ocorr\u00eancias<\/strong><\/li>\n<\/ol>\n\n\n\n<h2 class=\"wp-block-heading\">Fatores que mais atraem os ladr\u00f5es de carros<\/h2>\n\n\n\n<ul class=\"wp-block-list\">\n<li><strong>Popularidade<\/strong><\/li>\n<\/ul>\n\n\n\n<p>Carros mais vendidos costumam oferecer grande disponibilidade de pe\u00e7as. Al\u00e9m disso, eles possuem f\u00e1cil comercializa\u00e7\u00e3o no mercado paralelo.<\/p>\n\n\n\n<ul class=\"wp-block-list\">\n<li><strong>Facilidade de desmanche<\/strong><\/li>\n<\/ul>\n\n\n\n<p>\u00c9 muito mais pr\u00e1tico desmontar modelos compactos, tornando o crime muito mais rent\u00e1vel e menos arriscado. Tamb\u00e9m \u00e9 muito mais f\u00e1cil de escond\u00ea-los com mais facilidade.<\/p>\n\n\n\n<ul class=\"wp-block-list\">\n<li><strong>Demanda por pe\u00e7as usadas<\/strong><\/li>\n<\/ul>\n\n\n\n<p>A alta demanda por pe\u00e7as de carros populares e compactos por oficinas e consumidores no mercado ilegal torna esses ve\u00edculos alvos atrativos para ladr\u00f5es.\u00a0<\/p>\n\n\n\n<ul class=\"wp-block-list\">\n<li><strong>Baixa seguran\u00e7a<\/strong><\/li>\n<\/ul>\n\n\n\n<p>Ve\u00edculos muito antigos geralmente possuem sistemas antifurto defasados ou inexistentes, tornando o roubo muito mais f\u00e1cil.<\/p>\n\n\n\n<h2 class=\"wp-block-heading\">Como se proteger de ladr\u00f5es de carros?<\/h2>\n\n\n\n<p>Embora n\u00e3o seja poss\u00edvel impedir definitivamente o roubo de um ve\u00edculo, ao menos \u00e9 poss\u00edvel prevenir utilizando algumas das medidas abaixo:<\/p>\n\n\n\n<ul class=\"wp-block-list\">\n<li><strong>Utilizar bloqueadores de pedal e dire\u00e7\u00e3o;<\/strong><\/li>\n\n\n\n<li><strong>Evitar estacionar em locais desertos ou mal iluminados. Se poss\u00edvel, optar por garagens fechadas ou estacionamentos monitorados;<\/strong><\/li>\n\n\n\n<li><strong>N\u00e3o deixar documentos ou objetos de valor dentro do ve\u00edculo;<\/strong><\/li>\n\n\n\n<li><strong>Instalar alarmes e, se poss\u00edvel contratar um servi\u00e7o de rastreamento.<\/strong><\/li>\n<\/ul>\n","protected":false},"excerpt":{"rendered":"<p>O furto e roubo de ve\u00edculos no Brasil \u00e9 uma preocupa\u00e7\u00e3o constante para milh\u00f5es de motoristas, levando em conta os preju\u00edzos financeiros significativos. Al\u00e9m disso, a frequ\u00eancia do crime torna a situa\u00e7\u00e3o ainda mais complexa, uma vez que gera inseguran\u00e7a e medo, afetando a qualidade de vida das pessoas e a sensa\u00e7\u00e3o de bem-estar. Mas [&hellip;]<\/p>\n","protected":false},"author":7,"featured_media":1984,"comment_status":"open","ping_status":"open","sticky":false,"template":"","format":"standard","meta":{"jnews-multi-image_gallery":[],"jnews_single_post":{"format":"standard"},"jnews_primary_category":[],"jnews_override_counter":[],"jnews_post_split":[],"footnotes":""},"categories":[1],"tags":[],"class_list":["post-1983","post","type-post","status-publish","format-standard","has-post-thumbnail","hentry","category-geral"],"yoast_head":"<!-- This site is optimized with the Yoast SEO plugin v25.0 - https:\/\/yoast.com\/wordpress\/plugins\/seo\/ -->\n<title>Estes s\u00e3o os carros mais visados pelos ladr\u00f5es em 2025<\/title>\n<meta name=\"robots\" content=\"index, follow, max-snippet:-1, max-image-preview:large, max-video-preview:-1\" \/>\n<link rel=\"canonical\" href=\"https:\/\/crusoe.audiencelabs.com.br\/estes-sao-os-carros-mais-visados-pelos-ladroes-em-2025\/\" \/>\n<meta property=\"og:locale\" content=\"pt_BR\" \/>\n<meta property=\"og:type\" content=\"article\" \/>\n<meta property=\"og:title\" content=\"Estes s\u00e3o os carros mais visados pelos ladr\u00f5es em 2025\" \/>\n<meta property=\"og:description\" content=\"O furto e roubo de ve\u00edculos no Brasil \u00e9 uma preocupa\u00e7\u00e3o constante para milh\u00f5es de motoristas, levando em conta os preju\u00edzos financeiros significativos. Al\u00e9m disso, a frequ\u00eancia do crime torna a situa\u00e7\u00e3o ainda mais complexa, uma vez que gera inseguran\u00e7a e medo, afetando a qualidade de vida das pessoas e a sensa\u00e7\u00e3o de bem-estar. Mas [&hellip;]\" \/>\n<meta property=\"og:url\" content=\"https:\/\/crusoe.audiencelabs.com.br\/estes-sao-os-carros-mais-visados-pelos-ladroes-em-2025\/\" \/>\n<meta property=\"og:site_name\" content=\"Variedades - Cruso\u00e9\" \/>\n<meta property=\"article:published_time\" content=\"2025-06-15T11:45:00+00:00\" \/>\n<meta property=\"og:image\" content=\"https:\/\/cdn.crusoe.com.br\/uploads\/2025\/06\/carros-mais-visados-ladroes-2025.jpg\" \/>\n\t<meta property=\"og:image:width\" content=\"1600\" \/>\n\t<meta property=\"og:image:height\" content=\"900\" \/>\n\t<meta property=\"og:image:type\" content=\"image\/jpeg\" \/>\n<meta name=\"author\" content=\"Jo\u00e3o Carlos Gomes\" \/>\n<meta name=\"twitter:card\" content=\"summary_large_image\" \/>\n<meta name=\"twitter:label1\" content=\"Escrito por\" \/>\n\t<meta name=\"twitter:data1\" content=\"Jo\u00e3o Carlos Gomes\" \/>\n\t<meta name=\"twitter:label2\" content=\"Est. tempo de leitura\" \/>\n\t<meta name=\"twitter:data2\" content=\"2 minutos\" \/>\n<script type=\"application\/ld+json\" class=\"yoast-schema-graph\">{\"@context\":\"https:\/\/schema.org\",\"@graph\":[{\"@type\":\"WebPage\",\"@id\":\"https:\/\/crusoe.audiencelabs.com.br\/estes-sao-os-carros-mais-visados-pelos-ladroes-em-2025\/\",\"url\":\"https:\/\/crusoe.audiencelabs.com.br\/estes-sao-os-carros-mais-visados-pelos-ladroes-em-2025\/\",\"name\":\"Estes s\u00e3o os carros mais visados pelos ladr\u00f5es em 2025\",\"isPartOf\":{\"@id\":\"https:\/\/crusoe.audiencelabs.com.br\/#website\"},\"primaryImageOfPage\":{\"@id\":\"https:\/\/crusoe.audiencelabs.com.br\/estes-sao-os-carros-mais-visados-pelos-ladroes-em-2025\/#primaryimage\"},\"image\":{\"@id\":\"https:\/\/crusoe.audiencelabs.com.br\/estes-sao-os-carros-mais-visados-pelos-ladroes-em-2025\/#primaryimage\"},\"thumbnailUrl\":\"https:\/\/cdn.crusoe.com.br\/uploads\/2025\/06\/carros-mais-visados-ladroes-2025.jpg\",\"datePublished\":\"2025-06-15T11:45:00+00:00\",\"author\":{\"@id\":\"https:\/\/crusoe.audiencelabs.com.br\/#\/schema\/person\/4a23399b23149df2eab6637fd2fd2bfc\"},\"breadcrumb\":{\"@id\":\"https:\/\/crusoe.audiencelabs.com.br\/estes-sao-os-carros-mais-visados-pelos-ladroes-em-2025\/#breadcrumb\"},\"inLanguage\":\"pt-BR\",\"potentialAction\":[{\"@type\":\"ReadAction\",\"target\":[\"https:\/\/crusoe.audiencelabs.com.br\/estes-sao-os-carros-mais-visados-pelos-ladroes-em-2025\/\"]}]},{\"@type\":\"ImageObject\",\"inLanguage\":\"pt-BR\",\"@id\":\"https:\/\/crusoe.audiencelabs.com.br\/estes-sao-os-carros-mais-visados-pelos-ladroes-em-2025\/#primaryimage\",\"url\":\"https:\/\/cdn.crusoe.com.br\/uploads\/2025\/06\/carros-mais-visados-ladroes-2025.jpg\",\"contentUrl\":\"https:\/\/cdn.crusoe.com.br\/uploads\/2025\/06\/carros-mais-visados-ladroes-2025.jpg\",\"width\":1600,\"height\":900,\"caption\":\"Foto: Connor Williams\/Unsplash\"},{\"@type\":\"BreadcrumbList\",\"@id\":\"https:\/\/crusoe.audiencelabs.com.br\/estes-sao-os-carros-mais-visados-pelos-ladroes-em-2025\/#breadcrumb\",\"itemListElement\":[{\"@type\":\"ListItem\",\"position\":1,\"name\":\"Home\",\"item\":\"https:\/\/crusoe.audiencelabs.com.br\/\"},{\"@type\":\"ListItem\",\"position\":2,\"name\":\"Estes s\u00e3o os carros mais visados pelos ladr\u00f5es em 2025\"}]},{\"@type\":\"WebSite\",\"@id\":\"https:\/\/crusoe.audiencelabs.com.br\/#website\",\"url\":\"https:\/\/crusoe.audiencelabs.com.br\/\",\"name\":\"Variedades - Cruso\u00e9\",\"description\":\"\",\"potentialAction\":[{\"@type\":\"SearchAction\",\"target\":{\"@type\":\"EntryPoint\",\"urlTemplate\":\"https:\/\/crusoe.audiencelabs.com.br\/?s={search_term_string}\"},\"query-input\":{\"@type\":\"PropertyValueSpecification\",\"valueRequired\":true,\"valueName\":\"search_term_string\"}}],\"inLanguage\":\"pt-BR\"},{\"@type\":\"Person\",\"@id\":\"https:\/\/crusoe.audiencelabs.com.br\/#\/schema\/person\/4a23399b23149df2eab6637fd2fd2bfc\",\"name\":\"Jo\u00e3o Carlos Gomes\",\"image\":{\"@type\":\"ImageObject\",\"inLanguage\":\"pt-BR\",\"@id\":\"https:\/\/crusoe.audiencelabs.com.br\/#\/schema\/person\/image\/\",\"url\":\"https:\/\/secure.gravatar.com\/avatar\/4ce4672dbdd694b329cd6fdb51bee7d1409be1f0ff76a537e4c4a737b2c7d1a9?s=96&d=mm&r=g\",\"contentUrl\":\"https:\/\/secure.gravatar.com\/avatar\/4ce4672dbdd694b329cd6fdb51bee7d1409be1f0ff76a537e4c4a737b2c7d1a9?s=96&d=mm&r=g\",\"caption\":\"Jo\u00e3o Carlos Gomes\"},\"description\":\"Jornalista, criador de conte\u00fado e m\u00fasico independente nas horas vagas.\",\"url\":\"https:\/\/crusoe.audiencelabs.com.br\/author\/joaoc-junior66\/\"}]}<\/script>\n<!-- \/ Yoast SEO plugin. -->","yoast_head_json":{"title":"Estes s\u00e3o os carros mais visados pelos ladr\u00f5es em 2025","robots":{"index":"index","follow":"follow","max-snippet":"max-snippet:-1","max-image-preview":"max-image-preview:large","max-video-preview":"max-video-preview:-1"},"canonical":"https:\/\/crusoe.audiencelabs.com.br\/estes-sao-os-carros-mais-visados-pelos-ladroes-em-2025\/","og_locale":"pt_BR","og_type":"article","og_title":"Estes s\u00e3o os carros mais visados pelos ladr\u00f5es em 2025","og_description":"O furto e roubo de ve\u00edculos no Brasil \u00e9 uma preocupa\u00e7\u00e3o constante para milh\u00f5es de motoristas, levando em conta os preju\u00edzos financeiros significativos. Al\u00e9m disso, a frequ\u00eancia do crime torna a situa\u00e7\u00e3o ainda mais complexa, uma vez que gera inseguran\u00e7a e medo, afetando a qualidade de vida das pessoas e a sensa\u00e7\u00e3o de bem-estar. Mas [&hellip;]","og_url":"https:\/\/crusoe.audiencelabs.com.br\/estes-sao-os-carros-mais-visados-pelos-ladroes-em-2025\/","og_site_name":"Variedades - Cruso\u00e9","article_published_time":"2025-06-15T11:45:00+00:00","og_image":[{"width":1600,"height":900,"url":"https:\/\/cdn.crusoe.com.br\/uploads\/2025\/06\/carros-mais-visados-ladroes-2025.jpg","type":"image\/jpeg"}],"author":"Jo\u00e3o Carlos Gomes","twitter_card":"summary_large_image","twitter_misc":{"Escrito por":"Jo\u00e3o Carlos Gomes","Est. tempo de leitura":"2 minutos"},"schema":{"@context":"https:\/\/schema.org","@graph":[{"@type":"WebPage","@id":"https:\/\/crusoe.audiencelabs.com.br\/estes-sao-os-carros-mais-visados-pelos-ladroes-em-2025\/","url":"https:\/\/crusoe.audiencelabs.com.br\/estes-sao-os-carros-mais-visados-pelos-ladroes-em-2025\/","name":"Estes s\u00e3o os carros mais visados pelos ladr\u00f5es em 2025","isPartOf":{"@id":"https:\/\/crusoe.audiencelabs.com.br\/#website"},"primaryImageOfPage":{"@id":"https:\/\/crusoe.audiencelabs.com.br\/estes-sao-os-carros-mais-visados-pelos-ladroes-em-2025\/#primaryimage"},"image":{"@id":"https:\/\/crusoe.audiencelabs.com.br\/estes-sao-os-carros-mais-visados-pelos-ladroes-em-2025\/#primaryimage"},"thumbnailUrl":"https:\/\/cdn.crusoe.com.br\/uploads\/2025\/06\/carros-mais-visados-ladroes-2025.jpg","datePublished":"2025-06-15T11:45:00+00:00","author":{"@id":"https:\/\/crusoe.audiencelabs.com.br\/#\/schema\/person\/4a23399b23149df2eab6637fd2fd2bfc"},"breadcrumb":{"@id":"https:\/\/crusoe.audiencelabs.com.br\/estes-sao-os-carros-mais-visados-pelos-ladroes-em-2025\/#breadcrumb"},"inLanguage":"pt-BR","potentialAction":[{"@type":"ReadAction","target":["https:\/\/crusoe.audiencelabs.com.br\/estes-sao-os-carros-mais-visados-pelos-ladroes-em-2025\/"]}]},{"@type":"ImageObject","inLanguage":"pt-BR","@id":"https:\/\/crusoe.audiencelabs.com.br\/estes-sao-os-carros-mais-visados-pelos-ladroes-em-2025\/#primaryimage","url":"https:\/\/cdn.crusoe.com.br\/uploads\/2025\/06\/carros-mais-visados-ladroes-2025.jpg","contentUrl":"https:\/\/cdn.crusoe.com.br\/uploads\/2025\/06\/carros-mais-visados-ladroes-2025.jpg","width":1600,"height":900,"caption":"Foto: Connor Williams\/Unsplash"},{"@type":"BreadcrumbList","@id":"https:\/\/crusoe.audiencelabs.com.br\/estes-sao-os-carros-mais-visados-pelos-ladroes-em-2025\/#breadcrumb","itemListElement":[{"@type":"ListItem","position":1,"name":"Home","item":"https:\/\/crusoe.audiencelabs.com.br\/"},{"@type":"ListItem","position":2,"name":"Estes s\u00e3o os carros mais visados pelos ladr\u00f5es em 2025"}]},{"@type":"WebSite","@id":"https:\/\/crusoe.audiencelabs.com.br\/#website","url":"https:\/\/crusoe.audiencelabs.com.br\/","name":"Variedades - Cruso\u00e9","description":"","potentialAction":[{"@type":"SearchAction","target":{"@type":"EntryPoint","urlTemplate":"https:\/\/crusoe.audiencelabs.com.br\/?s={search_term_string}"},"query-input":{"@type":"PropertyValueSpecification","valueRequired":true,"valueName":"search_term_string"}}],"inLanguage":"pt-BR"},{"@type":"Person","@id":"https:\/\/crusoe.audiencelabs.com.br\/#\/schema\/person\/4a23399b23149df2eab6637fd2fd2bfc","name":"Jo\u00e3o Carlos Gomes","image":{"@type":"ImageObject","inLanguage":"pt-BR","@id":"https:\/\/crusoe.audiencelabs.com.br\/#\/schema\/person\/image\/","url":"https:\/\/secure.gravatar.com\/avatar\/4ce4672dbdd694b329cd6fdb51bee7d1409be1f0ff76a537e4c4a737b2c7d1a9?s=96&d=mm&r=g","contentUrl":"https:\/\/secure.gravatar.com\/avatar\/4ce4672dbdd694b329cd6fdb51bee7d1409be1f0ff76a537e4c4a737b2c7d1a9?s=96&d=mm&r=g","caption":"Jo\u00e3o Carlos Gomes"},"description":"Jornalista, criador de conte\u00fado e m\u00fasico independente nas horas vagas.","url":"https:\/\/crusoe.audiencelabs.com.br\/author\/joaoc-junior66\/"}]}},"_links":{"self":[{"href":"https:\/\/crusoe.audiencelabs.com.br\/wp-json\/wp\/v2\/posts\/1983","targetHints":{"allow":["GET"]}}],"collection":[{"href":"https:\/\/crusoe.audiencelabs.com.br\/wp-json\/wp\/v2\/posts"}],"about":[{"href":"https:\/\/crusoe.audiencelabs.com.br\/wp-json\/wp\/v2\/types\/post"}],"author":[{"embeddable":true,"href":"https:\/\/crusoe.audiencelabs.com.br\/wp-json\/wp\/v2\/users\/7"}],"replies":[{"embeddable":true,"href":"https:\/\/crusoe.audiencelabs.com.br\/wp-json\/wp\/v2\/comments?post=1983"}],"version-history":[{"count":1,"href":"https:\/\/crusoe.audiencelabs.com.br\/wp-json\/wp\/v2\/posts\/1983\/revisions"}],"predecessor-version":[{"id":1985,"href":"https:\/\/crusoe.audiencelabs.com.br\/wp-json\/wp\/v2\/posts\/1983\/revisions\/1985"}],"wp:featuredmedia":[{"embeddable":true,"href":"https:\/\/crusoe.audiencelabs.com.br\/wp-json\/wp\/v2\/media\/1984"}],"wp:attachment":[{"href":"https:\/\/crusoe.audiencelabs.com.br\/wp-json\/wp\/v2\/media?parent=1983"}],"wp:term":[{"taxonomy":"category","embeddable":true,"href":"https:\/\/crusoe.audiencelabs.com.br\/wp-json\/wp\/v2\/categories?post=1983"},{"taxonomy":"post_tag","embeddable":true,"href":"https:\/\/crusoe.audiencelabs.com.br\/wp-json\/wp\/v2\/tags?post=1983"}],"curies":[{"name":"wp","href":"https:\/\/api.w.org\/{rel}","templated":true}]}}