{"id":19806,"date":"2025-10-17T19:00:00","date_gmt":"2025-10-17T22:00:00","guid":{"rendered":"https:\/\/crusoe.audiencelabs.com.br\/?p=19806"},"modified":"2025-12-06T13:04:04","modified_gmt":"2025-12-06T16:04:04","slug":"em-2026-a-noite-vai-comecar-as-12h-no-brasil","status":"publish","type":"post","link":"https:\/\/crusoe.audiencelabs.com.br\/em-2026-a-noite-vai-comecar-as-12h-no-brasil\/","title":{"rendered":"Neste dia em 2026, a &#8220;noite&#8221; vai come\u00e7ar \u00e0s 12h em alguns pa\u00edses"},"content":{"rendered":"\n<p>O <strong>eclipse solar total de 2026<\/strong> est\u00e1 entre os eventos astron\u00f4micos mais aguardados da d\u00e9cada. Previsto para ocorrer em <strong>12 de agosto<\/strong>, o fen\u00f4meno ser\u00e1 vis\u00edvel ao longo de uma rota espec\u00edfica. O inicio do eclipse est\u00e1 previsto para <strong>12h34<\/strong>, e sua fase total durar\u00e1 aproximadamente <strong>2 minutos e 18 segundos<\/strong>. <\/p>\n\n\n\n<p>Entre os pa\u00edses que ter\u00e3o a melhor vis\u00e3o do fen\u00f4meno est\u00e3o a <strong>Espanha<\/strong>, <strong>Isl\u00e2ndia<\/strong>, <strong>Groenl\u00e2ndia<\/strong>, <strong>Portugal <\/strong>e <strong>R\u00fassia<\/strong>.\u00a0Uma faixa da Am\u00e9rica do Sul, que inclui o <strong>Brasil<\/strong>, poder\u00e1 ver o evento parcialmente.\u00a0<\/p>\n\n\n\n<p>A Espanha, com seu clima favor\u00e1vel nessa \u00e9poca, oferece uma localiza\u00e7\u00e3o ideal. Especialistas sugerem que viajantes considerem destinos como <strong>Zaragoza <\/strong>e <strong>Coru\u00f1a<\/strong>, onde o eclipse poder\u00e1 ser observado sem nuvens impedindo a vis\u00e3o.<\/p>\n\n\n\n<h2 class=\"wp-block-heading\">Compreendendo o fen\u00f4meno<\/h2>\n\n\n\n<p>Um <a href=\"https:\/\/crusoe.audiencelabs.com.br\/o-eclipse-solar-mais-longo-do-seculo-data-hora-duracao-e-em-quais-paises-podera-ser-visto\/\">eclipse solar total <\/a>ocorre quando a <strong>Lua cobre completamente o Sol<\/strong>, transformando momentaneamente o dia em noite na faixa de totalidade.\u00a0<\/p>\n\n\n\n<p>Este efeito \u00e9 intrigante quando o eclipse coincide com o perigeu lunar, o ponto em que a Lua est\u00e1 mais pr\u00f3xima da Terra, permitindo que a Lua bloqueie totalmente a luz solar.\u00a0<\/p>\n\n\n\n<p>Este tipo de eclipse n\u00e3o apenas permite uma observa\u00e7\u00e3o clara da coroa solar, normalmente invis\u00edvel, mas tamb\u00e9m causa uma not\u00e1vel mudan\u00e7a na luminosidade diurna. <\/p>\n\n\n\n<h2 class=\"wp-block-heading\">O que esperar do eclipse solar total?<\/h2>\n\n\n\n<p>O fen\u00f4meno astron\u00f4mico de 2026 apresenta uma chance de explorar diferentes culturas e paisagens. Cada parada ao longo da trajet\u00f3ria do eclipse n\u00e3o s\u00f3 oferece uma vis\u00e3o singular do evento, mas tamb\u00e9m proporciona uma imers\u00e3o nas peculiaridades locais.<\/p>\n\n\n\n<p>\u00c0 medida que a data se aproxima, as expectativas crescem entre cientistas e entre interessados pelo cosmos.\u00a0O evento atrai uma gama de atividades planejadas nos locais de observa\u00e7\u00e3o que devem aumentar a experi\u00eancia de testemunhar essa maravilha natural.\u00a0<\/p>\n","protected":false},"excerpt":{"rendered":"<p>O eclipse solar total de 2026 est\u00e1 entre os eventos astron\u00f4micos mais aguardados da d\u00e9cada. Previsto para ocorrer em 12 de agosto, o fen\u00f4meno ser\u00e1 vis\u00edvel ao longo de uma rota espec\u00edfica. O inicio do eclipse est\u00e1 previsto para 12h34, e sua fase total durar\u00e1 aproximadamente 2 minutos e 18 segundos. Entre os pa\u00edses que [&hellip;]<\/p>\n","protected":false},"author":5,"featured_media":19807,"comment_status":"open","ping_status":"open","sticky":false,"template":"","format":"standard","meta":{"jnews-multi-image_gallery":[],"jnews_single_post":{"format":"standard"},"jnews_primary_category":[],"jnews_override_counter":[],"jnews_post_split":[],"footnotes":""},"categories":[1],"tags":[3426,3425],"class_list":["post-19806","post","type-post","status-publish","format-standard","has-post-thumbnail","hentry","category-geral","tag-agosto-2026","tag-eclipse-total-solar"],"yoast_head":"<!-- This site is optimized with the Yoast SEO plugin v25.0 - https:\/\/yoast.com\/wordpress\/plugins\/seo\/ -->\n<title>Neste dia em 2026, a &quot;noite&quot; vai come\u00e7ar \u00e0s 12h em alguns pa\u00edses<\/title>\n<meta name=\"robots\" content=\"index, follow, max-snippet:-1, max-image-preview:large, max-video-preview:-1\" \/>\n<link rel=\"canonical\" href=\"https:\/\/crusoe.audiencelabs.com.br\/em-2026-a-noite-vai-comecar-as-12h-no-brasil\/\" \/>\n<meta property=\"og:locale\" content=\"pt_BR\" \/>\n<meta property=\"og:type\" content=\"article\" \/>\n<meta property=\"og:title\" content=\"Neste dia em 2026, a &quot;noite&quot; vai come\u00e7ar \u00e0s 12h em alguns pa\u00edses\" \/>\n<meta property=\"og:description\" content=\"O eclipse solar total de 2026 est\u00e1 entre os eventos astron\u00f4micos mais aguardados da d\u00e9cada. Previsto para ocorrer em 12 de agosto, o fen\u00f4meno ser\u00e1 vis\u00edvel ao longo de uma rota espec\u00edfica. O inicio do eclipse est\u00e1 previsto para 12h34, e sua fase total durar\u00e1 aproximadamente 2 minutos e 18 segundos. Entre os pa\u00edses que [&hellip;]\" \/>\n<meta property=\"og:url\" content=\"https:\/\/crusoe.audiencelabs.com.br\/em-2026-a-noite-vai-comecar-as-12h-no-brasil\/\" \/>\n<meta property=\"og:site_name\" content=\"Variedades - Cruso\u00e9\" \/>\n<meta property=\"article:published_time\" content=\"2025-10-17T22:00:00+00:00\" \/>\n<meta property=\"article:modified_time\" content=\"2025-12-06T16:04:04+00:00\" \/>\n<meta property=\"og:image\" content=\"https:\/\/cdn.crusoe.com.br\/uploads\/2025\/10\/eclipse-total_6329f7fb.jpg\" \/>\n\t<meta property=\"og:image:width\" content=\"550\" \/>\n\t<meta property=\"og:image:height\" content=\"350\" \/>\n\t<meta property=\"og:image:type\" content=\"image\/jpeg\" \/>\n<meta name=\"author\" content=\"Milena Armando\" \/>\n<meta name=\"twitter:card\" content=\"summary_large_image\" \/>\n<meta name=\"twitter:label1\" content=\"Escrito por\" \/>\n\t<meta name=\"twitter:data1\" content=\"Milena Armando\" \/>\n\t<meta name=\"twitter:label2\" content=\"Est. tempo de leitura\" \/>\n\t<meta name=\"twitter:data2\" content=\"2 minutos\" \/>\n<script type=\"application\/ld+json\" class=\"yoast-schema-graph\">{\"@context\":\"https:\/\/schema.org\",\"@graph\":[{\"@type\":\"WebPage\",\"@id\":\"https:\/\/crusoe.audiencelabs.com.br\/em-2026-a-noite-vai-comecar-as-12h-no-brasil\/\",\"url\":\"https:\/\/crusoe.audiencelabs.com.br\/em-2026-a-noite-vai-comecar-as-12h-no-brasil\/\",\"name\":\"Neste dia em 2026, a \\\"noite\\\" vai come\u00e7ar \u00e0s 12h em alguns pa\u00edses\",\"isPartOf\":{\"@id\":\"https:\/\/crusoe.audiencelabs.com.br\/#website\"},\"primaryImageOfPage\":{\"@id\":\"https:\/\/crusoe.audiencelabs.com.br\/em-2026-a-noite-vai-comecar-as-12h-no-brasil\/#primaryimage\"},\"image\":{\"@id\":\"https:\/\/crusoe.audiencelabs.com.br\/em-2026-a-noite-vai-comecar-as-12h-no-brasil\/#primaryimage\"},\"thumbnailUrl\":\"https:\/\/cdn.crusoe.com.br\/uploads\/2025\/10\/eclipse-total_6329f7fb.jpg\",\"datePublished\":\"2025-10-17T22:00:00+00:00\",\"dateModified\":\"2025-12-06T16:04:04+00:00\",\"author\":{\"@id\":\"https:\/\/crusoe.audiencelabs.com.br\/#\/schema\/person\/f87f73cfe89e5360de2c006bd4bd6a74\"},\"breadcrumb\":{\"@id\":\"https:\/\/crusoe.audiencelabs.com.br\/em-2026-a-noite-vai-comecar-as-12h-no-brasil\/#breadcrumb\"},\"inLanguage\":\"pt-BR\",\"potentialAction\":[{\"@type\":\"ReadAction\",\"target\":[\"https:\/\/crusoe.audiencelabs.com.br\/em-2026-a-noite-vai-comecar-as-12h-no-brasil\/\"]}]},{\"@type\":\"ImageObject\",\"inLanguage\":\"pt-BR\",\"@id\":\"https:\/\/crusoe.audiencelabs.com.br\/em-2026-a-noite-vai-comecar-as-12h-no-brasil\/#primaryimage\",\"url\":\"https:\/\/cdn.crusoe.com.br\/uploads\/2025\/10\/eclipse-total_6329f7fb.jpg\",\"contentUrl\":\"https:\/\/cdn.crusoe.com.br\/uploads\/2025\/10\/eclipse-total_6329f7fb.jpg\",\"width\":550,\"height\":350,\"caption\":\"Foto: Internet\"},{\"@type\":\"BreadcrumbList\",\"@id\":\"https:\/\/crusoe.audiencelabs.com.br\/em-2026-a-noite-vai-comecar-as-12h-no-brasil\/#breadcrumb\",\"itemListElement\":[{\"@type\":\"ListItem\",\"position\":1,\"name\":\"Home\",\"item\":\"https:\/\/crusoe.audiencelabs.com.br\/\"},{\"@type\":\"ListItem\",\"position\":2,\"name\":\"Neste dia em 2026, a &#8220;noite&#8221; vai come\u00e7ar \u00e0s 12h em alguns pa\u00edses\"}]},{\"@type\":\"WebSite\",\"@id\":\"https:\/\/crusoe.audiencelabs.com.br\/#website\",\"url\":\"https:\/\/crusoe.audiencelabs.com.br\/\",\"name\":\"Variedades - Cruso\u00e9\",\"description\":\"\",\"potentialAction\":[{\"@type\":\"SearchAction\",\"target\":{\"@type\":\"EntryPoint\",\"urlTemplate\":\"https:\/\/crusoe.audiencelabs.com.br\/?s={search_term_string}\"},\"query-input\":{\"@type\":\"PropertyValueSpecification\",\"valueRequired\":true,\"valueName\":\"search_term_string\"}}],\"inLanguage\":\"pt-BR\"},{\"@type\":\"Person\",\"@id\":\"https:\/\/crusoe.audiencelabs.com.br\/#\/schema\/person\/f87f73cfe89e5360de2c006bd4bd6a74\",\"name\":\"Milena Armando\",\"image\":{\"@type\":\"ImageObject\",\"inLanguage\":\"pt-BR\",\"@id\":\"https:\/\/crusoe.audiencelabs.com.br\/#\/schema\/person\/image\/\",\"url\":\"https:\/\/secure.gravatar.com\/avatar\/ea14ecddc9e9d202b698b18f9f69e09c9fd74cfbed5c6008d55f11faefdbdab7?s=96&d=mm&r=g\",\"contentUrl\":\"https:\/\/secure.gravatar.com\/avatar\/ea14ecddc9e9d202b698b18f9f69e09c9fd74cfbed5c6008d55f11faefdbdab7?s=96&d=mm&r=g\",\"caption\":\"Milena Armando\"},\"description\":\"Jornalista, redatora e revisora.\",\"url\":\"https:\/\/crusoe.audiencelabs.com.br\/author\/milena\/\"}]}<\/script>\n<!-- \/ Yoast SEO plugin. -->","yoast_head_json":{"title":"Neste dia em 2026, a \"noite\" vai come\u00e7ar \u00e0s 12h em alguns pa\u00edses","robots":{"index":"index","follow":"follow","max-snippet":"max-snippet:-1","max-image-preview":"max-image-preview:large","max-video-preview":"max-video-preview:-1"},"canonical":"https:\/\/crusoe.audiencelabs.com.br\/em-2026-a-noite-vai-comecar-as-12h-no-brasil\/","og_locale":"pt_BR","og_type":"article","og_title":"Neste dia em 2026, a \"noite\" vai come\u00e7ar \u00e0s 12h em alguns pa\u00edses","og_description":"O eclipse solar total de 2026 est\u00e1 entre os eventos astron\u00f4micos mais aguardados da d\u00e9cada. Previsto para ocorrer em 12 de agosto, o fen\u00f4meno ser\u00e1 vis\u00edvel ao longo de uma rota espec\u00edfica. O inicio do eclipse est\u00e1 previsto para 12h34, e sua fase total durar\u00e1 aproximadamente 2 minutos e 18 segundos. Entre os pa\u00edses que [&hellip;]","og_url":"https:\/\/crusoe.audiencelabs.com.br\/em-2026-a-noite-vai-comecar-as-12h-no-brasil\/","og_site_name":"Variedades - Cruso\u00e9","article_published_time":"2025-10-17T22:00:00+00:00","article_modified_time":"2025-12-06T16:04:04+00:00","og_image":[{"width":550,"height":350,"url":"https:\/\/cdn.crusoe.com.br\/uploads\/2025\/10\/eclipse-total_6329f7fb.jpg","type":"image\/jpeg"}],"author":"Milena Armando","twitter_card":"summary_large_image","twitter_misc":{"Escrito por":"Milena Armando","Est. tempo de leitura":"2 minutos"},"schema":{"@context":"https:\/\/schema.org","@graph":[{"@type":"WebPage","@id":"https:\/\/crusoe.audiencelabs.com.br\/em-2026-a-noite-vai-comecar-as-12h-no-brasil\/","url":"https:\/\/crusoe.audiencelabs.com.br\/em-2026-a-noite-vai-comecar-as-12h-no-brasil\/","name":"Neste dia em 2026, a \"noite\" vai come\u00e7ar \u00e0s 12h em alguns pa\u00edses","isPartOf":{"@id":"https:\/\/crusoe.audiencelabs.com.br\/#website"},"primaryImageOfPage":{"@id":"https:\/\/crusoe.audiencelabs.com.br\/em-2026-a-noite-vai-comecar-as-12h-no-brasil\/#primaryimage"},"image":{"@id":"https:\/\/crusoe.audiencelabs.com.br\/em-2026-a-noite-vai-comecar-as-12h-no-brasil\/#primaryimage"},"thumbnailUrl":"https:\/\/cdn.crusoe.com.br\/uploads\/2025\/10\/eclipse-total_6329f7fb.jpg","datePublished":"2025-10-17T22:00:00+00:00","dateModified":"2025-12-06T16:04:04+00:00","author":{"@id":"https:\/\/crusoe.audiencelabs.com.br\/#\/schema\/person\/f87f73cfe89e5360de2c006bd4bd6a74"},"breadcrumb":{"@id":"https:\/\/crusoe.audiencelabs.com.br\/em-2026-a-noite-vai-comecar-as-12h-no-brasil\/#breadcrumb"},"inLanguage":"pt-BR","potentialAction":[{"@type":"ReadAction","target":["https:\/\/crusoe.audiencelabs.com.br\/em-2026-a-noite-vai-comecar-as-12h-no-brasil\/"]}]},{"@type":"ImageObject","inLanguage":"pt-BR","@id":"https:\/\/crusoe.audiencelabs.com.br\/em-2026-a-noite-vai-comecar-as-12h-no-brasil\/#primaryimage","url":"https:\/\/cdn.crusoe.com.br\/uploads\/2025\/10\/eclipse-total_6329f7fb.jpg","contentUrl":"https:\/\/cdn.crusoe.com.br\/uploads\/2025\/10\/eclipse-total_6329f7fb.jpg","width":550,"height":350,"caption":"Foto: Internet"},{"@type":"BreadcrumbList","@id":"https:\/\/crusoe.audiencelabs.com.br\/em-2026-a-noite-vai-comecar-as-12h-no-brasil\/#breadcrumb","itemListElement":[{"@type":"ListItem","position":1,"name":"Home","item":"https:\/\/crusoe.audiencelabs.com.br\/"},{"@type":"ListItem","position":2,"name":"Neste dia em 2026, a &#8220;noite&#8221; vai come\u00e7ar \u00e0s 12h em alguns pa\u00edses"}]},{"@type":"WebSite","@id":"https:\/\/crusoe.audiencelabs.com.br\/#website","url":"https:\/\/crusoe.audiencelabs.com.br\/","name":"Variedades - Cruso\u00e9","description":"","potentialAction":[{"@type":"SearchAction","target":{"@type":"EntryPoint","urlTemplate":"https:\/\/crusoe.audiencelabs.com.br\/?s={search_term_string}"},"query-input":{"@type":"PropertyValueSpecification","valueRequired":true,"valueName":"search_term_string"}}],"inLanguage":"pt-BR"},{"@type":"Person","@id":"https:\/\/crusoe.audiencelabs.com.br\/#\/schema\/person\/f87f73cfe89e5360de2c006bd4bd6a74","name":"Milena Armando","image":{"@type":"ImageObject","inLanguage":"pt-BR","@id":"https:\/\/crusoe.audiencelabs.com.br\/#\/schema\/person\/image\/","url":"https:\/\/secure.gravatar.com\/avatar\/ea14ecddc9e9d202b698b18f9f69e09c9fd74cfbed5c6008d55f11faefdbdab7?s=96&d=mm&r=g","contentUrl":"https:\/\/secure.gravatar.com\/avatar\/ea14ecddc9e9d202b698b18f9f69e09c9fd74cfbed5c6008d55f11faefdbdab7?s=96&d=mm&r=g","caption":"Milena Armando"},"description":"Jornalista, redatora e revisora.","url":"https:\/\/crusoe.audiencelabs.com.br\/author\/milena\/"}]}},"_links":{"self":[{"href":"https:\/\/crusoe.audiencelabs.com.br\/wp-json\/wp\/v2\/posts\/19806","targetHints":{"allow":["GET"]}}],"collection":[{"href":"https:\/\/crusoe.audiencelabs.com.br\/wp-json\/wp\/v2\/posts"}],"about":[{"href":"https:\/\/crusoe.audiencelabs.com.br\/wp-json\/wp\/v2\/types\/post"}],"author":[{"embeddable":true,"href":"https:\/\/crusoe.audiencelabs.com.br\/wp-json\/wp\/v2\/users\/5"}],"replies":[{"embeddable":true,"href":"https:\/\/crusoe.audiencelabs.com.br\/wp-json\/wp\/v2\/comments?post=19806"}],"version-history":[{"count":2,"href":"https:\/\/crusoe.audiencelabs.com.br\/wp-json\/wp\/v2\/posts\/19806\/revisions"}],"predecessor-version":[{"id":25367,"href":"https:\/\/crusoe.audiencelabs.com.br\/wp-json\/wp\/v2\/posts\/19806\/revisions\/25367"}],"wp:featuredmedia":[{"embeddable":true,"href":"https:\/\/crusoe.audiencelabs.com.br\/wp-json\/wp\/v2\/media\/19807"}],"wp:attachment":[{"href":"https:\/\/crusoe.audiencelabs.com.br\/wp-json\/wp\/v2\/media?parent=19806"}],"wp:term":[{"taxonomy":"category","embeddable":true,"href":"https:\/\/crusoe.audiencelabs.com.br\/wp-json\/wp\/v2\/categories?post=19806"},{"taxonomy":"post_tag","embeddable":true,"href":"https:\/\/crusoe.audiencelabs.com.br\/wp-json\/wp\/v2\/tags?post=19806"}],"curies":[{"name":"wp","href":"https:\/\/api.w.org\/{rel}","templated":true}]}}