{"id":19552,"date":"2025-10-15T13:30:00","date_gmt":"2025-10-15T16:30:00","guid":{"rendered":"https:\/\/crusoe.audiencelabs.com.br\/?p=19552"},"modified":"2025-10-14T20:39:20","modified_gmt":"2025-10-14T23:39:20","slug":"descubra-em-qual-geracao-voce-se-encaixa-de-acordo-com-a-sua-idade","status":"publish","type":"post","link":"https:\/\/crusoe.audiencelabs.com.br\/descubra-em-qual-geracao-voce-se-encaixa-de-acordo-com-a-sua-idade\/","title":{"rendered":"Descubra em qual gera\u00e7\u00e3o voc\u00ea se encaixa, de acordo com a sua idade"},"content":{"rendered":"\n<p>A <strong>tecnologia <\/strong>transformou como <strong>diferentes gera\u00e7\u00f5es<\/strong> interagem com o mundo, influenciando<strong> valores, prefer\u00eancias e modos de vida<\/strong>.&nbsp;<\/p>\n\n\n\n<p>As <strong>caracter\u00edsticas geracionais definem a rela\u00e7\u00e3o com a tecnologia<\/strong>, envolvendo desde a tradicional Gera\u00e7\u00e3o X at\u00e9 a emergente Gera\u00e7\u00e3o Beta.<\/p>\n\n\n\n<p>Da influ\u00eancia do p\u00f3s-guerra aos avan\u00e7ados cen\u00e1rios tecnol\u00f3gicos atuais, diferen\u00e7as claras em valores e comportamentos mostram como cada grupo se relaciona com a tecnologia. Confira de qual gera\u00e7\u00e3o voc\u00ea faz parte, e como cada gera\u00e7\u00e3o se relaciona com a tecnologia.\u00a0<\/p>\n\n\n\n<h2 class=\"wp-block-heading\">Gera\u00e7\u00e3o X: adapta\u00e7\u00e3o e inova\u00e7\u00e3o<\/h2>\n\n\n\n<p>A Gera\u00e7\u00e3o X <strong>(1965-1980)<\/strong> foi marcada pelas transi\u00e7\u00f5es da Guerra Fria e pela <strong>chegada dos primeiros computadores pessoais<\/strong>. Valorizam a educa\u00e7\u00e3o e a estabilidade profissional.&nbsp;<\/p>\n\n\n\n<p>O contato inicial com a tecnologia incluiu <strong>computadores e videogames<\/strong>, facilitando sua adapta\u00e7\u00e3o em um ambiente profissional em constante evolu\u00e7\u00e3o tecnol\u00f3gica. Esta gera\u00e7\u00e3o \u00e9 conhecida por sua flexibilidade e habilidade de adapta\u00e7\u00e3o.<\/p>\n\n\n\n<h2 class=\"wp-block-heading\">Millennials e Gera\u00e7\u00e3o Z: conex\u00e3o digital<\/h2>\n\n\n\n<p>Os Millennials <strong>(1981-1996)<\/strong>, ou Gera\u00e7\u00e3o Y, testemunharam a<strong> explos\u00e3o da internet<\/strong>. Esta gera\u00e7\u00e3o formou uma rela\u00e7\u00e3o mais pr\u00f3xima com tecnologia, utilizando <strong>redes sociais e dispositivos m\u00f3veis<\/strong>.\u00a0<\/p>\n\n\n\n<p>Eles t\u00eam um forte senso de identidade digital e compromisso com causas sociais. Buscam inova\u00e7\u00e3o e desafios e valorizam a flexibilidade no ambiente de trabalho.<\/p>\n\n\n\n<p>Por sua vez, a Gera\u00e7\u00e3o Z<strong> (1997-2012)<\/strong> cresceu na<strong> era digital<\/strong>, sendo <strong>nativa da internet e smartphones<\/strong>.&nbsp;<\/p>\n\n\n\n<p>A comunica\u00e7\u00e3o visual e instant\u00e2nea \u00e9 sua prefer\u00eancia, utilizando redes sociais como principal meio de express\u00e3o. No mercado de trabalho, buscam experi\u00eancias que oferecem flexibilidade e prop\u00f3sito, muitas vezes rejeitando valores tradicionais de estabilidade.<\/p>\n\n\n\n<h2 class=\"wp-block-heading\">Gera\u00e7\u00e3o Alpha e o futuro tecnol\u00f3gico<\/h2>\n\n\n\n<p>A Gera\u00e7\u00e3o Alpha <strong>(a partir de 2013) <\/strong>j\u00e1 \u00e9 conhecida por ser superconectada, crescendo em um ambiente com <strong>dispositivos inteligentes e assistentes virtuais<\/strong>.&nbsp;<\/p>\n\n\n\n<p>Quando ingressarem no mercado de trabalho, estar\u00e3o num cen\u00e1rio onde tecnologias, como intelig\u00eancia artificial e automa\u00e7\u00e3o, ter\u00e3o papel central. Mesmo jovens, j\u00e1 participam de atividades remotas, o que se tornar\u00e1 natural diante das mudan\u00e7as sociais e clim\u00e1ticas.<\/p>\n\n\n\n<h2 class=\"wp-block-heading\">Os primeiros passos da Gera\u00e7\u00e3o Beta<\/h2>\n\n\n\n<p>A Gera\u00e7\u00e3o Beta come\u00e7a a surgir <strong>a partir de 2025<\/strong>, vivendo em um mundo ainda mais conectado. Esta gera\u00e7\u00e3o<strong> crescer\u00e1 com inova\u00e7\u00f5es futur\u00edsticas, como intelig\u00eancia artificial avan\u00e7ada e realidade aumentada<\/strong>.\u00a0Desafios clim\u00e1ticos globais tamb\u00e9m ter\u00e3o um papel significativo em suas vidas, influenciando valores e decis\u00f5es profissionais.<\/p>\n\n\n\n<p>Concluindo, cada gera\u00e7\u00e3o desenvolveu um relacionamento \u00fanico com a tecnologia, refletindo os desafios e oportunidades de seu tempo. Integra\u00e7\u00e3o entre experi\u00eancia e inova\u00e7\u00e3o ser\u00e1 fundamental para enfrentar um futuro de possibilidades tecnol\u00f3gicas.<\/p>\n","protected":false},"excerpt":{"rendered":"<p>A tecnologia transformou como diferentes gera\u00e7\u00f5es interagem com o mundo, influenciando valores, prefer\u00eancias e modos de vida.&nbsp; As caracter\u00edsticas geracionais definem a rela\u00e7\u00e3o com a tecnologia, envolvendo desde a tradicional Gera\u00e7\u00e3o X at\u00e9 a emergente Gera\u00e7\u00e3o Beta. Da influ\u00eancia do p\u00f3s-guerra aos avan\u00e7ados cen\u00e1rios tecnol\u00f3gicos atuais, diferen\u00e7as claras em valores e comportamentos mostram como cada [&hellip;]<\/p>\n","protected":false},"author":5,"featured_media":19553,"comment_status":"open","ping_status":"open","sticky":false,"template":"","format":"standard","meta":{"jnews-multi-image_gallery":[],"jnews_single_post":{"format":"standard"},"jnews_primary_category":[],"jnews_override_counter":[],"jnews_post_split":[],"footnotes":""},"categories":[1],"tags":[3351,59],"class_list":["post-19552","post","type-post","status-publish","format-standard","has-post-thumbnail","hentry","category-geral","tag-geracao","tag-tecnologia"],"yoast_head":"<!-- This site is optimized with the Yoast SEO plugin v25.0 - https:\/\/yoast.com\/wordpress\/plugins\/seo\/ -->\n<title>Descubra em qual gera\u00e7\u00e3o voc\u00ea se encaixa, de acordo com a sua idade<\/title>\n<meta name=\"robots\" content=\"index, follow, max-snippet:-1, max-image-preview:large, max-video-preview:-1\" \/>\n<link rel=\"canonical\" href=\"https:\/\/crusoe.audiencelabs.com.br\/descubra-em-qual-geracao-voce-se-encaixa-de-acordo-com-a-sua-idade\/\" \/>\n<meta property=\"og:locale\" content=\"pt_BR\" \/>\n<meta property=\"og:type\" content=\"article\" \/>\n<meta property=\"og:title\" content=\"Descubra em qual gera\u00e7\u00e3o voc\u00ea se encaixa, de acordo com a sua idade\" \/>\n<meta property=\"og:description\" content=\"A tecnologia transformou como diferentes gera\u00e7\u00f5es interagem com o mundo, influenciando valores, prefer\u00eancias e modos de vida.&nbsp; As caracter\u00edsticas geracionais definem a rela\u00e7\u00e3o com a tecnologia, envolvendo desde a tradicional Gera\u00e7\u00e3o X at\u00e9 a emergente Gera\u00e7\u00e3o Beta. Da influ\u00eancia do p\u00f3s-guerra aos avan\u00e7ados cen\u00e1rios tecnol\u00f3gicos atuais, diferen\u00e7as claras em valores e comportamentos mostram como cada [&hellip;]\" \/>\n<meta property=\"og:url\" content=\"https:\/\/crusoe.audiencelabs.com.br\/descubra-em-qual-geracao-voce-se-encaixa-de-acordo-com-a-sua-idade\/\" \/>\n<meta property=\"og:site_name\" content=\"Variedades - Cruso\u00e9\" \/>\n<meta property=\"article:published_time\" content=\"2025-10-15T16:30:00+00:00\" \/>\n<meta property=\"og:image\" content=\"https:\/\/cdn.crusoe.com.br\/uploads\/2025\/10\/geracoes-no-meio-corporativo-1.jpg\" \/>\n\t<meta property=\"og:image:width\" content=\"2000\" \/>\n\t<meta property=\"og:image:height\" content=\"1342\" \/>\n\t<meta property=\"og:image:type\" content=\"image\/jpeg\" \/>\n<meta name=\"author\" content=\"Milena Armando\" \/>\n<meta name=\"twitter:card\" content=\"summary_large_image\" \/>\n<meta name=\"twitter:label1\" content=\"Escrito por\" \/>\n\t<meta name=\"twitter:data1\" content=\"Milena Armando\" \/>\n\t<meta name=\"twitter:label2\" content=\"Est. tempo de leitura\" \/>\n\t<meta name=\"twitter:data2\" content=\"3 minutos\" \/>\n<script type=\"application\/ld+json\" class=\"yoast-schema-graph\">{\"@context\":\"https:\/\/schema.org\",\"@graph\":[{\"@type\":\"WebPage\",\"@id\":\"https:\/\/crusoe.audiencelabs.com.br\/descubra-em-qual-geracao-voce-se-encaixa-de-acordo-com-a-sua-idade\/\",\"url\":\"https:\/\/crusoe.audiencelabs.com.br\/descubra-em-qual-geracao-voce-se-encaixa-de-acordo-com-a-sua-idade\/\",\"name\":\"Descubra em qual gera\u00e7\u00e3o voc\u00ea se encaixa, de acordo com a sua idade\",\"isPartOf\":{\"@id\":\"https:\/\/crusoe.audiencelabs.com.br\/#website\"},\"primaryImageOfPage\":{\"@id\":\"https:\/\/crusoe.audiencelabs.com.br\/descubra-em-qual-geracao-voce-se-encaixa-de-acordo-com-a-sua-idade\/#primaryimage\"},\"image\":{\"@id\":\"https:\/\/crusoe.audiencelabs.com.br\/descubra-em-qual-geracao-voce-se-encaixa-de-acordo-com-a-sua-idade\/#primaryimage\"},\"thumbnailUrl\":\"https:\/\/cdn.crusoe.com.br\/uploads\/2025\/10\/geracoes-no-meio-corporativo-1.jpg\",\"datePublished\":\"2025-10-15T16:30:00+00:00\",\"author\":{\"@id\":\"https:\/\/crusoe.audiencelabs.com.br\/#\/schema\/person\/f87f73cfe89e5360de2c006bd4bd6a74\"},\"breadcrumb\":{\"@id\":\"https:\/\/crusoe.audiencelabs.com.br\/descubra-em-qual-geracao-voce-se-encaixa-de-acordo-com-a-sua-idade\/#breadcrumb\"},\"inLanguage\":\"pt-BR\",\"potentialAction\":[{\"@type\":\"ReadAction\",\"target\":[\"https:\/\/crusoe.audiencelabs.com.br\/descubra-em-qual-geracao-voce-se-encaixa-de-acordo-com-a-sua-idade\/\"]}]},{\"@type\":\"ImageObject\",\"inLanguage\":\"pt-BR\",\"@id\":\"https:\/\/crusoe.audiencelabs.com.br\/descubra-em-qual-geracao-voce-se-encaixa-de-acordo-com-a-sua-idade\/#primaryimage\",\"url\":\"https:\/\/cdn.crusoe.com.br\/uploads\/2025\/10\/geracoes-no-meio-corporativo-1.jpg\",\"contentUrl\":\"https:\/\/cdn.crusoe.com.br\/uploads\/2025\/10\/geracoes-no-meio-corporativo-1.jpg\",\"width\":2000,\"height\":1342,\"caption\":\"Foto: Plantar Educa\u00e7\u00e3o\"},{\"@type\":\"BreadcrumbList\",\"@id\":\"https:\/\/crusoe.audiencelabs.com.br\/descubra-em-qual-geracao-voce-se-encaixa-de-acordo-com-a-sua-idade\/#breadcrumb\",\"itemListElement\":[{\"@type\":\"ListItem\",\"position\":1,\"name\":\"Home\",\"item\":\"https:\/\/crusoe.audiencelabs.com.br\/\"},{\"@type\":\"ListItem\",\"position\":2,\"name\":\"Descubra em qual gera\u00e7\u00e3o voc\u00ea se encaixa, de acordo com a sua idade\"}]},{\"@type\":\"WebSite\",\"@id\":\"https:\/\/crusoe.audiencelabs.com.br\/#website\",\"url\":\"https:\/\/crusoe.audiencelabs.com.br\/\",\"name\":\"Variedades - Cruso\u00e9\",\"description\":\"\",\"potentialAction\":[{\"@type\":\"SearchAction\",\"target\":{\"@type\":\"EntryPoint\",\"urlTemplate\":\"https:\/\/crusoe.audiencelabs.com.br\/?s={search_term_string}\"},\"query-input\":{\"@type\":\"PropertyValueSpecification\",\"valueRequired\":true,\"valueName\":\"search_term_string\"}}],\"inLanguage\":\"pt-BR\"},{\"@type\":\"Person\",\"@id\":\"https:\/\/crusoe.audiencelabs.com.br\/#\/schema\/person\/f87f73cfe89e5360de2c006bd4bd6a74\",\"name\":\"Milena Armando\",\"image\":{\"@type\":\"ImageObject\",\"inLanguage\":\"pt-BR\",\"@id\":\"https:\/\/crusoe.audiencelabs.com.br\/#\/schema\/person\/image\/\",\"url\":\"https:\/\/secure.gravatar.com\/avatar\/ea14ecddc9e9d202b698b18f9f69e09c9fd74cfbed5c6008d55f11faefdbdab7?s=96&d=mm&r=g\",\"contentUrl\":\"https:\/\/secure.gravatar.com\/avatar\/ea14ecddc9e9d202b698b18f9f69e09c9fd74cfbed5c6008d55f11faefdbdab7?s=96&d=mm&r=g\",\"caption\":\"Milena Armando\"},\"description\":\"Jornalista, redatora e revisora.\",\"url\":\"https:\/\/crusoe.audiencelabs.com.br\/author\/milena\/\"}]}<\/script>\n<!-- \/ Yoast SEO plugin. -->","yoast_head_json":{"title":"Descubra em qual gera\u00e7\u00e3o voc\u00ea se encaixa, de acordo com a sua idade","robots":{"index":"index","follow":"follow","max-snippet":"max-snippet:-1","max-image-preview":"max-image-preview:large","max-video-preview":"max-video-preview:-1"},"canonical":"https:\/\/crusoe.audiencelabs.com.br\/descubra-em-qual-geracao-voce-se-encaixa-de-acordo-com-a-sua-idade\/","og_locale":"pt_BR","og_type":"article","og_title":"Descubra em qual gera\u00e7\u00e3o voc\u00ea se encaixa, de acordo com a sua idade","og_description":"A tecnologia transformou como diferentes gera\u00e7\u00f5es interagem com o mundo, influenciando valores, prefer\u00eancias e modos de vida.&nbsp; As caracter\u00edsticas geracionais definem a rela\u00e7\u00e3o com a tecnologia, envolvendo desde a tradicional Gera\u00e7\u00e3o X at\u00e9 a emergente Gera\u00e7\u00e3o Beta. Da influ\u00eancia do p\u00f3s-guerra aos avan\u00e7ados cen\u00e1rios tecnol\u00f3gicos atuais, diferen\u00e7as claras em valores e comportamentos mostram como cada [&hellip;]","og_url":"https:\/\/crusoe.audiencelabs.com.br\/descubra-em-qual-geracao-voce-se-encaixa-de-acordo-com-a-sua-idade\/","og_site_name":"Variedades - Cruso\u00e9","article_published_time":"2025-10-15T16:30:00+00:00","og_image":[{"width":2000,"height":1342,"url":"https:\/\/cdn.crusoe.com.br\/uploads\/2025\/10\/geracoes-no-meio-corporativo-1.jpg","type":"image\/jpeg"}],"author":"Milena Armando","twitter_card":"summary_large_image","twitter_misc":{"Escrito por":"Milena Armando","Est. tempo de leitura":"3 minutos"},"schema":{"@context":"https:\/\/schema.org","@graph":[{"@type":"WebPage","@id":"https:\/\/crusoe.audiencelabs.com.br\/descubra-em-qual-geracao-voce-se-encaixa-de-acordo-com-a-sua-idade\/","url":"https:\/\/crusoe.audiencelabs.com.br\/descubra-em-qual-geracao-voce-se-encaixa-de-acordo-com-a-sua-idade\/","name":"Descubra em qual gera\u00e7\u00e3o voc\u00ea se encaixa, de acordo com a sua idade","isPartOf":{"@id":"https:\/\/crusoe.audiencelabs.com.br\/#website"},"primaryImageOfPage":{"@id":"https:\/\/crusoe.audiencelabs.com.br\/descubra-em-qual-geracao-voce-se-encaixa-de-acordo-com-a-sua-idade\/#primaryimage"},"image":{"@id":"https:\/\/crusoe.audiencelabs.com.br\/descubra-em-qual-geracao-voce-se-encaixa-de-acordo-com-a-sua-idade\/#primaryimage"},"thumbnailUrl":"https:\/\/cdn.crusoe.com.br\/uploads\/2025\/10\/geracoes-no-meio-corporativo-1.jpg","datePublished":"2025-10-15T16:30:00+00:00","author":{"@id":"https:\/\/crusoe.audiencelabs.com.br\/#\/schema\/person\/f87f73cfe89e5360de2c006bd4bd6a74"},"breadcrumb":{"@id":"https:\/\/crusoe.audiencelabs.com.br\/descubra-em-qual-geracao-voce-se-encaixa-de-acordo-com-a-sua-idade\/#breadcrumb"},"inLanguage":"pt-BR","potentialAction":[{"@type":"ReadAction","target":["https:\/\/crusoe.audiencelabs.com.br\/descubra-em-qual-geracao-voce-se-encaixa-de-acordo-com-a-sua-idade\/"]}]},{"@type":"ImageObject","inLanguage":"pt-BR","@id":"https:\/\/crusoe.audiencelabs.com.br\/descubra-em-qual-geracao-voce-se-encaixa-de-acordo-com-a-sua-idade\/#primaryimage","url":"https:\/\/cdn.crusoe.com.br\/uploads\/2025\/10\/geracoes-no-meio-corporativo-1.jpg","contentUrl":"https:\/\/cdn.crusoe.com.br\/uploads\/2025\/10\/geracoes-no-meio-corporativo-1.jpg","width":2000,"height":1342,"caption":"Foto: Plantar Educa\u00e7\u00e3o"},{"@type":"BreadcrumbList","@id":"https:\/\/crusoe.audiencelabs.com.br\/descubra-em-qual-geracao-voce-se-encaixa-de-acordo-com-a-sua-idade\/#breadcrumb","itemListElement":[{"@type":"ListItem","position":1,"name":"Home","item":"https:\/\/crusoe.audiencelabs.com.br\/"},{"@type":"ListItem","position":2,"name":"Descubra em qual gera\u00e7\u00e3o voc\u00ea se encaixa, de acordo com a sua idade"}]},{"@type":"WebSite","@id":"https:\/\/crusoe.audiencelabs.com.br\/#website","url":"https:\/\/crusoe.audiencelabs.com.br\/","name":"Variedades - Cruso\u00e9","description":"","potentialAction":[{"@type":"SearchAction","target":{"@type":"EntryPoint","urlTemplate":"https:\/\/crusoe.audiencelabs.com.br\/?s={search_term_string}"},"query-input":{"@type":"PropertyValueSpecification","valueRequired":true,"valueName":"search_term_string"}}],"inLanguage":"pt-BR"},{"@type":"Person","@id":"https:\/\/crusoe.audiencelabs.com.br\/#\/schema\/person\/f87f73cfe89e5360de2c006bd4bd6a74","name":"Milena Armando","image":{"@type":"ImageObject","inLanguage":"pt-BR","@id":"https:\/\/crusoe.audiencelabs.com.br\/#\/schema\/person\/image\/","url":"https:\/\/secure.gravatar.com\/avatar\/ea14ecddc9e9d202b698b18f9f69e09c9fd74cfbed5c6008d55f11faefdbdab7?s=96&d=mm&r=g","contentUrl":"https:\/\/secure.gravatar.com\/avatar\/ea14ecddc9e9d202b698b18f9f69e09c9fd74cfbed5c6008d55f11faefdbdab7?s=96&d=mm&r=g","caption":"Milena Armando"},"description":"Jornalista, redatora e revisora.","url":"https:\/\/crusoe.audiencelabs.com.br\/author\/milena\/"}]}},"_links":{"self":[{"href":"https:\/\/crusoe.audiencelabs.com.br\/wp-json\/wp\/v2\/posts\/19552","targetHints":{"allow":["GET"]}}],"collection":[{"href":"https:\/\/crusoe.audiencelabs.com.br\/wp-json\/wp\/v2\/posts"}],"about":[{"href":"https:\/\/crusoe.audiencelabs.com.br\/wp-json\/wp\/v2\/types\/post"}],"author":[{"embeddable":true,"href":"https:\/\/crusoe.audiencelabs.com.br\/wp-json\/wp\/v2\/users\/5"}],"replies":[{"embeddable":true,"href":"https:\/\/crusoe.audiencelabs.com.br\/wp-json\/wp\/v2\/comments?post=19552"}],"version-history":[{"count":1,"href":"https:\/\/crusoe.audiencelabs.com.br\/wp-json\/wp\/v2\/posts\/19552\/revisions"}],"predecessor-version":[{"id":19554,"href":"https:\/\/crusoe.audiencelabs.com.br\/wp-json\/wp\/v2\/posts\/19552\/revisions\/19554"}],"wp:featuredmedia":[{"embeddable":true,"href":"https:\/\/crusoe.audiencelabs.com.br\/wp-json\/wp\/v2\/media\/19553"}],"wp:attachment":[{"href":"https:\/\/crusoe.audiencelabs.com.br\/wp-json\/wp\/v2\/media?parent=19552"}],"wp:term":[{"taxonomy":"category","embeddable":true,"href":"https:\/\/crusoe.audiencelabs.com.br\/wp-json\/wp\/v2\/categories?post=19552"},{"taxonomy":"post_tag","embeddable":true,"href":"https:\/\/crusoe.audiencelabs.com.br\/wp-json\/wp\/v2\/tags?post=19552"}],"curies":[{"name":"wp","href":"https:\/\/api.w.org\/{rel}","templated":true}]}}