{"id":19544,"date":"2025-10-15T14:30:00","date_gmt":"2025-10-15T17:30:00","guid":{"rendered":"https:\/\/crusoe.audiencelabs.com.br\/?p=19544"},"modified":"2025-10-14T20:25:01","modified_gmt":"2025-10-14T23:25:01","slug":"criaturas-raras-retornam-ao-lar-pre-historico-pela-primeira-vez-em-10-000-anos","status":"publish","type":"post","link":"https:\/\/crusoe.audiencelabs.com.br\/criaturas-raras-retornam-ao-lar-pre-historico-pela-primeira-vez-em-10-000-anos\/","title":{"rendered":"Criaturas raras retornam ao lar pr\u00e9-hist\u00f3rico pela primeira vez em 10.000 anos"},"content":{"rendered":"\n<p>O retorno do <strong>cavalo Przewalski <\/strong>aos <strong>planaltos ib\u00e9ricos da Espanha<\/strong> marcou um avan\u00e7o importante na<strong> preserva\u00e7\u00e3o de esp\u00e9cies amea\u00e7adas<\/strong>.\u00a0<\/p>\n\n\n\n<p>Em um movimento estrat\u00e9gico, um grupo de 26 desses cavalos foi introduzido no <strong>Parque Natural do Alto Tajo<\/strong>, na regi\u00e3o de Villanueva de Alcor\u00f3n.<\/p>\n\n\n\n<p>A reintrodu\u00e7\u00e3o ocorreu em 2023, ap\u00f3s a chegada de mais 16 cavalos trazidos de reservas na Fran\u00e7a e Hungria.\u00a0Esses esfor\u00e7os visam restaurar ecossistemas e promover a conserva\u00e7\u00e3o da biodiversidade.<\/p>\n\n\n\n<h2 class=\"wp-block-heading\">Caracter\u00edsticas \u00fanicas dos cavalos Przewalski<\/h2>\n\n\n\n<p>Esses cavalos, com apar\u00eancia robusta e pernas curtas, s\u00e3o nativos da \u00c1sia Central e quase foram extintos no s\u00e9culo 20. O projeto de <a href=\"https:\/\/crusoe.audiencelabs.com.br\/adeus-a-extincao-a-ciencia-da-o-passo-decisivo-para-reviver-este-animal-desaparecido-ha-300-anos\/\">reintrodu\u00e7\u00e3o <\/a>na Espanha n\u00e3o \u00e9 apenas sobre preservar uma esp\u00e9cie, mas busca revitalizar ecossistemas inteiros.\u00a0<\/p>\n\n\n<div class=\"wp-block-image\">\n<figure class=\"aligncenter size-full\"><img loading=\"lazy\" decoding=\"async\" width=\"800\" height=\"533\" src=\"https:\/\/cdn.crusoe.com.br\/uploads\/2025\/10\/4444-1.jpg\" alt=\"\" class=\"wp-image-19546\" srcset=\"https:\/\/cdn.crusoe.com.br\/uploads\/2025\/10\/4444-1.jpg 800w, https:\/\/cdn.crusoe.com.br\/uploads\/2025\/10\/4444-1-300x200.jpg 300w, https:\/\/cdn.crusoe.com.br\/uploads\/2025\/10\/4444-1-768x512.jpg 768w, https:\/\/cdn.crusoe.com.br\/uploads\/2025\/10\/4444-1-750x500.jpg 750w\" sizes=\"auto, (max-width: 800px) 100vw, 800px\" \/><figcaption class=\"wp-element-caption\">Foto: Portal Cavalus <\/figcaption><\/figure>\n<\/div>\n\n\n<p>Os cavalos ajudam a <strong>controlar o crescimento da vegeta\u00e7\u00e3o densa<\/strong>, reduzindo o risco de inc\u00eandios florestais, especialmente em \u00e1reas afetadas pelas mudan\u00e7as clim\u00e1ticas, como o sul da Europa. Al\u00e9m disso, eles aumentam a qualidade do pasto, favorecendo outras esp\u00e9cies.<\/p>\n\n\n\n<h2 class=\"wp-block-heading\">Benef\u00edcios econ\u00f4micos e educacionais<\/h2>\n\n\n\n<p>A reintrodu\u00e7\u00e3o gera impactos econ\u00f4micos transformadores, promovendo o turismo baseado na natureza.\u00a0As plan\u00edcies ib\u00e9ricas tornam-se um atrativo para visitantes interessados em ecoturismo, observa\u00e7\u00e3o de vida selvagem e educa\u00e7\u00e3o ambiental.\u00a0<\/p>\n\n\n\n<p>Isso n\u00e3o s\u00f3 eleva a consci\u00eancia sobre a import\u00e2ncia da conserva\u00e7\u00e3o, mas tamb\u00e9m oferece uma fonte sustent\u00e1vel de renda para as comunidades locais.&nbsp;<\/p>\n\n\n\n<h2 class=\"wp-block-heading\">Desafios e solu\u00e7\u00f5es no caminho da conserva\u00e7\u00e3o<\/h2>\n\n\n\n<p>Em 2024, uma iniciativa semelhante aconteceu no Cazaquist\u00e3o, onde a reintrodu\u00e7\u00e3o de 40 cavalos nas vastas estepes, fez parte de um esfor\u00e7o internacional para restaurar popula\u00e7\u00f5es selvagens.\u00a0<\/p>\n\n\n\n<p>Apesar do progresso, a baixa diversidade gen\u00e9tica dos cavalos Przewalski permanece um desafio significativo.\u00a0Programas de reprodu\u00e7\u00e3o bem-sucedidos s\u00e3o essenciais para garantir um pool gen\u00e9tico diversificado, vital para a sobreviv\u00eancia a longo prazo. Al\u00e9m disso, proteger habitats de amea\u00e7as como a degrada\u00e7\u00e3o ambiental \u00e9 essencial.<\/p>\n","protected":false},"excerpt":{"rendered":"<p>O retorno do cavalo Przewalski aos planaltos ib\u00e9ricos da Espanha marcou um avan\u00e7o importante na preserva\u00e7\u00e3o de esp\u00e9cies amea\u00e7adas.\u00a0 Em um movimento estrat\u00e9gico, um grupo de 26 desses cavalos foi introduzido no Parque Natural do Alto Tajo, na regi\u00e3o de Villanueva de Alcor\u00f3n. A reintrodu\u00e7\u00e3o ocorreu em 2023, ap\u00f3s a chegada de mais 16 cavalos [&hellip;]<\/p>\n","protected":false},"author":5,"featured_media":19545,"comment_status":"open","ping_status":"open","sticky":false,"template":"","format":"standard","meta":{"jnews-multi-image_gallery":[],"jnews_single_post":{"format":"standard"},"jnews_primary_category":[],"jnews_override_counter":[],"jnews_post_split":[],"footnotes":""},"categories":[1],"tags":[3349],"class_list":["post-19544","post","type-post","status-publish","format-standard","has-post-thumbnail","hentry","category-geral","tag-cavalo-przewalski"],"yoast_head":"<!-- This site is optimized with the Yoast SEO plugin v25.0 - https:\/\/yoast.com\/wordpress\/plugins\/seo\/ -->\n<title>Criaturas raras retornam ao lar pr\u00e9-hist\u00f3rico pela primeira vez em 10.000 anos<\/title>\n<meta name=\"robots\" content=\"index, follow, max-snippet:-1, max-image-preview:large, max-video-preview:-1\" \/>\n<link rel=\"canonical\" href=\"https:\/\/crusoe.audiencelabs.com.br\/criaturas-raras-retornam-ao-lar-pre-historico-pela-primeira-vez-em-10-000-anos\/\" \/>\n<meta property=\"og:locale\" content=\"pt_BR\" \/>\n<meta property=\"og:type\" content=\"article\" \/>\n<meta property=\"og:title\" content=\"Criaturas raras retornam ao lar pr\u00e9-hist\u00f3rico pela primeira vez em 10.000 anos\" \/>\n<meta property=\"og:description\" content=\"O retorno do cavalo Przewalski aos planaltos ib\u00e9ricos da Espanha marcou um avan\u00e7o importante na preserva\u00e7\u00e3o de esp\u00e9cies amea\u00e7adas.\u00a0 Em um movimento estrat\u00e9gico, um grupo de 26 desses cavalos foi introduzido no Parque Natural do Alto Tajo, na regi\u00e3o de Villanueva de Alcor\u00f3n. A reintrodu\u00e7\u00e3o ocorreu em 2023, ap\u00f3s a chegada de mais 16 cavalos [&hellip;]\" \/>\n<meta property=\"og:url\" content=\"https:\/\/crusoe.audiencelabs.com.br\/criaturas-raras-retornam-ao-lar-pre-historico-pela-primeira-vez-em-10-000-anos\/\" \/>\n<meta property=\"og:site_name\" content=\"Variedades - Cruso\u00e9\" \/>\n<meta property=\"article:published_time\" content=\"2025-10-15T17:30:00+00:00\" \/>\n<meta property=\"og:image\" content=\"https:\/\/cdn.crusoe.com.br\/uploads\/2025\/10\/Przewalski-cavalos-selvagens-ameacados-retornam-as-estepes-do-Cazaquistao.jpg\" \/>\n\t<meta property=\"og:image:width\" content=\"1620\" \/>\n\t<meta property=\"og:image:height\" content=\"1080\" \/>\n\t<meta property=\"og:image:type\" content=\"image\/jpeg\" \/>\n<meta name=\"author\" content=\"Milena Armando\" \/>\n<meta name=\"twitter:card\" content=\"summary_large_image\" \/>\n<meta name=\"twitter:label1\" content=\"Escrito por\" \/>\n\t<meta name=\"twitter:data1\" content=\"Milena Armando\" \/>\n\t<meta name=\"twitter:label2\" content=\"Est. tempo de leitura\" \/>\n\t<meta name=\"twitter:data2\" content=\"3 minutos\" \/>\n<script type=\"application\/ld+json\" class=\"yoast-schema-graph\">{\"@context\":\"https:\/\/schema.org\",\"@graph\":[{\"@type\":\"WebPage\",\"@id\":\"https:\/\/crusoe.audiencelabs.com.br\/criaturas-raras-retornam-ao-lar-pre-historico-pela-primeira-vez-em-10-000-anos\/\",\"url\":\"https:\/\/crusoe.audiencelabs.com.br\/criaturas-raras-retornam-ao-lar-pre-historico-pela-primeira-vez-em-10-000-anos\/\",\"name\":\"Criaturas raras retornam ao lar pr\u00e9-hist\u00f3rico pela primeira vez em 10.000 anos\",\"isPartOf\":{\"@id\":\"https:\/\/crusoe.audiencelabs.com.br\/#website\"},\"primaryImageOfPage\":{\"@id\":\"https:\/\/crusoe.audiencelabs.com.br\/criaturas-raras-retornam-ao-lar-pre-historico-pela-primeira-vez-em-10-000-anos\/#primaryimage\"},\"image\":{\"@id\":\"https:\/\/crusoe.audiencelabs.com.br\/criaturas-raras-retornam-ao-lar-pre-historico-pela-primeira-vez-em-10-000-anos\/#primaryimage\"},\"thumbnailUrl\":\"https:\/\/cdn.crusoe.com.br\/uploads\/2025\/10\/Przewalski-cavalos-selvagens-ameacados-retornam-as-estepes-do-Cazaquistao.jpg\",\"datePublished\":\"2025-10-15T17:30:00+00:00\",\"author\":{\"@id\":\"https:\/\/crusoe.audiencelabs.com.br\/#\/schema\/person\/f87f73cfe89e5360de2c006bd4bd6a74\"},\"breadcrumb\":{\"@id\":\"https:\/\/crusoe.audiencelabs.com.br\/criaturas-raras-retornam-ao-lar-pre-historico-pela-primeira-vez-em-10-000-anos\/#breadcrumb\"},\"inLanguage\":\"pt-BR\",\"potentialAction\":[{\"@type\":\"ReadAction\",\"target\":[\"https:\/\/crusoe.audiencelabs.com.br\/criaturas-raras-retornam-ao-lar-pre-historico-pela-primeira-vez-em-10-000-anos\/\"]}]},{\"@type\":\"ImageObject\",\"inLanguage\":\"pt-BR\",\"@id\":\"https:\/\/crusoe.audiencelabs.com.br\/criaturas-raras-retornam-ao-lar-pre-historico-pela-primeira-vez-em-10-000-anos\/#primaryimage\",\"url\":\"https:\/\/cdn.crusoe.com.br\/uploads\/2025\/10\/Przewalski-cavalos-selvagens-ameacados-retornam-as-estepes-do-Cazaquistao.jpg\",\"contentUrl\":\"https:\/\/cdn.crusoe.com.br\/uploads\/2025\/10\/Przewalski-cavalos-selvagens-ameacados-retornam-as-estepes-do-Cazaquistao.jpg\",\"width\":1620,\"height\":1080,\"caption\":\"Foto: Portal Cavalus\"},{\"@type\":\"BreadcrumbList\",\"@id\":\"https:\/\/crusoe.audiencelabs.com.br\/criaturas-raras-retornam-ao-lar-pre-historico-pela-primeira-vez-em-10-000-anos\/#breadcrumb\",\"itemListElement\":[{\"@type\":\"ListItem\",\"position\":1,\"name\":\"Home\",\"item\":\"https:\/\/crusoe.audiencelabs.com.br\/\"},{\"@type\":\"ListItem\",\"position\":2,\"name\":\"Criaturas raras retornam ao lar pr\u00e9-hist\u00f3rico pela primeira vez em 10.000 anos\"}]},{\"@type\":\"WebSite\",\"@id\":\"https:\/\/crusoe.audiencelabs.com.br\/#website\",\"url\":\"https:\/\/crusoe.audiencelabs.com.br\/\",\"name\":\"Variedades - Cruso\u00e9\",\"description\":\"\",\"potentialAction\":[{\"@type\":\"SearchAction\",\"target\":{\"@type\":\"EntryPoint\",\"urlTemplate\":\"https:\/\/crusoe.audiencelabs.com.br\/?s={search_term_string}\"},\"query-input\":{\"@type\":\"PropertyValueSpecification\",\"valueRequired\":true,\"valueName\":\"search_term_string\"}}],\"inLanguage\":\"pt-BR\"},{\"@type\":\"Person\",\"@id\":\"https:\/\/crusoe.audiencelabs.com.br\/#\/schema\/person\/f87f73cfe89e5360de2c006bd4bd6a74\",\"name\":\"Milena Armando\",\"image\":{\"@type\":\"ImageObject\",\"inLanguage\":\"pt-BR\",\"@id\":\"https:\/\/crusoe.audiencelabs.com.br\/#\/schema\/person\/image\/\",\"url\":\"https:\/\/secure.gravatar.com\/avatar\/ea14ecddc9e9d202b698b18f9f69e09c9fd74cfbed5c6008d55f11faefdbdab7?s=96&d=mm&r=g\",\"contentUrl\":\"https:\/\/secure.gravatar.com\/avatar\/ea14ecddc9e9d202b698b18f9f69e09c9fd74cfbed5c6008d55f11faefdbdab7?s=96&d=mm&r=g\",\"caption\":\"Milena Armando\"},\"description\":\"Jornalista, redatora e revisora.\",\"url\":\"https:\/\/crusoe.audiencelabs.com.br\/author\/milena\/\"}]}<\/script>\n<!-- \/ Yoast SEO plugin. -->","yoast_head_json":{"title":"Criaturas raras retornam ao lar pr\u00e9-hist\u00f3rico pela primeira vez em 10.000 anos","robots":{"index":"index","follow":"follow","max-snippet":"max-snippet:-1","max-image-preview":"max-image-preview:large","max-video-preview":"max-video-preview:-1"},"canonical":"https:\/\/crusoe.audiencelabs.com.br\/criaturas-raras-retornam-ao-lar-pre-historico-pela-primeira-vez-em-10-000-anos\/","og_locale":"pt_BR","og_type":"article","og_title":"Criaturas raras retornam ao lar pr\u00e9-hist\u00f3rico pela primeira vez em 10.000 anos","og_description":"O retorno do cavalo Przewalski aos planaltos ib\u00e9ricos da Espanha marcou um avan\u00e7o importante na preserva\u00e7\u00e3o de esp\u00e9cies amea\u00e7adas.\u00a0 Em um movimento estrat\u00e9gico, um grupo de 26 desses cavalos foi introduzido no Parque Natural do Alto Tajo, na regi\u00e3o de Villanueva de Alcor\u00f3n. A reintrodu\u00e7\u00e3o ocorreu em 2023, ap\u00f3s a chegada de mais 16 cavalos [&hellip;]","og_url":"https:\/\/crusoe.audiencelabs.com.br\/criaturas-raras-retornam-ao-lar-pre-historico-pela-primeira-vez-em-10-000-anos\/","og_site_name":"Variedades - Cruso\u00e9","article_published_time":"2025-10-15T17:30:00+00:00","og_image":[{"width":1620,"height":1080,"url":"https:\/\/cdn.crusoe.com.br\/uploads\/2025\/10\/Przewalski-cavalos-selvagens-ameacados-retornam-as-estepes-do-Cazaquistao.jpg","type":"image\/jpeg"}],"author":"Milena Armando","twitter_card":"summary_large_image","twitter_misc":{"Escrito por":"Milena Armando","Est. tempo de leitura":"3 minutos"},"schema":{"@context":"https:\/\/schema.org","@graph":[{"@type":"WebPage","@id":"https:\/\/crusoe.audiencelabs.com.br\/criaturas-raras-retornam-ao-lar-pre-historico-pela-primeira-vez-em-10-000-anos\/","url":"https:\/\/crusoe.audiencelabs.com.br\/criaturas-raras-retornam-ao-lar-pre-historico-pela-primeira-vez-em-10-000-anos\/","name":"Criaturas raras retornam ao lar pr\u00e9-hist\u00f3rico pela primeira vez em 10.000 anos","isPartOf":{"@id":"https:\/\/crusoe.audiencelabs.com.br\/#website"},"primaryImageOfPage":{"@id":"https:\/\/crusoe.audiencelabs.com.br\/criaturas-raras-retornam-ao-lar-pre-historico-pela-primeira-vez-em-10-000-anos\/#primaryimage"},"image":{"@id":"https:\/\/crusoe.audiencelabs.com.br\/criaturas-raras-retornam-ao-lar-pre-historico-pela-primeira-vez-em-10-000-anos\/#primaryimage"},"thumbnailUrl":"https:\/\/cdn.crusoe.com.br\/uploads\/2025\/10\/Przewalski-cavalos-selvagens-ameacados-retornam-as-estepes-do-Cazaquistao.jpg","datePublished":"2025-10-15T17:30:00+00:00","author":{"@id":"https:\/\/crusoe.audiencelabs.com.br\/#\/schema\/person\/f87f73cfe89e5360de2c006bd4bd6a74"},"breadcrumb":{"@id":"https:\/\/crusoe.audiencelabs.com.br\/criaturas-raras-retornam-ao-lar-pre-historico-pela-primeira-vez-em-10-000-anos\/#breadcrumb"},"inLanguage":"pt-BR","potentialAction":[{"@type":"ReadAction","target":["https:\/\/crusoe.audiencelabs.com.br\/criaturas-raras-retornam-ao-lar-pre-historico-pela-primeira-vez-em-10-000-anos\/"]}]},{"@type":"ImageObject","inLanguage":"pt-BR","@id":"https:\/\/crusoe.audiencelabs.com.br\/criaturas-raras-retornam-ao-lar-pre-historico-pela-primeira-vez-em-10-000-anos\/#primaryimage","url":"https:\/\/cdn.crusoe.com.br\/uploads\/2025\/10\/Przewalski-cavalos-selvagens-ameacados-retornam-as-estepes-do-Cazaquistao.jpg","contentUrl":"https:\/\/cdn.crusoe.com.br\/uploads\/2025\/10\/Przewalski-cavalos-selvagens-ameacados-retornam-as-estepes-do-Cazaquistao.jpg","width":1620,"height":1080,"caption":"Foto: Portal Cavalus"},{"@type":"BreadcrumbList","@id":"https:\/\/crusoe.audiencelabs.com.br\/criaturas-raras-retornam-ao-lar-pre-historico-pela-primeira-vez-em-10-000-anos\/#breadcrumb","itemListElement":[{"@type":"ListItem","position":1,"name":"Home","item":"https:\/\/crusoe.audiencelabs.com.br\/"},{"@type":"ListItem","position":2,"name":"Criaturas raras retornam ao lar pr\u00e9-hist\u00f3rico pela primeira vez em 10.000 anos"}]},{"@type":"WebSite","@id":"https:\/\/crusoe.audiencelabs.com.br\/#website","url":"https:\/\/crusoe.audiencelabs.com.br\/","name":"Variedades - Cruso\u00e9","description":"","potentialAction":[{"@type":"SearchAction","target":{"@type":"EntryPoint","urlTemplate":"https:\/\/crusoe.audiencelabs.com.br\/?s={search_term_string}"},"query-input":{"@type":"PropertyValueSpecification","valueRequired":true,"valueName":"search_term_string"}}],"inLanguage":"pt-BR"},{"@type":"Person","@id":"https:\/\/crusoe.audiencelabs.com.br\/#\/schema\/person\/f87f73cfe89e5360de2c006bd4bd6a74","name":"Milena Armando","image":{"@type":"ImageObject","inLanguage":"pt-BR","@id":"https:\/\/crusoe.audiencelabs.com.br\/#\/schema\/person\/image\/","url":"https:\/\/secure.gravatar.com\/avatar\/ea14ecddc9e9d202b698b18f9f69e09c9fd74cfbed5c6008d55f11faefdbdab7?s=96&d=mm&r=g","contentUrl":"https:\/\/secure.gravatar.com\/avatar\/ea14ecddc9e9d202b698b18f9f69e09c9fd74cfbed5c6008d55f11faefdbdab7?s=96&d=mm&r=g","caption":"Milena Armando"},"description":"Jornalista, redatora e revisora.","url":"https:\/\/crusoe.audiencelabs.com.br\/author\/milena\/"}]}},"_links":{"self":[{"href":"https:\/\/crusoe.audiencelabs.com.br\/wp-json\/wp\/v2\/posts\/19544","targetHints":{"allow":["GET"]}}],"collection":[{"href":"https:\/\/crusoe.audiencelabs.com.br\/wp-json\/wp\/v2\/posts"}],"about":[{"href":"https:\/\/crusoe.audiencelabs.com.br\/wp-json\/wp\/v2\/types\/post"}],"author":[{"embeddable":true,"href":"https:\/\/crusoe.audiencelabs.com.br\/wp-json\/wp\/v2\/users\/5"}],"replies":[{"embeddable":true,"href":"https:\/\/crusoe.audiencelabs.com.br\/wp-json\/wp\/v2\/comments?post=19544"}],"version-history":[{"count":2,"href":"https:\/\/crusoe.audiencelabs.com.br\/wp-json\/wp\/v2\/posts\/19544\/revisions"}],"predecessor-version":[{"id":19548,"href":"https:\/\/crusoe.audiencelabs.com.br\/wp-json\/wp\/v2\/posts\/19544\/revisions\/19548"}],"wp:featuredmedia":[{"embeddable":true,"href":"https:\/\/crusoe.audiencelabs.com.br\/wp-json\/wp\/v2\/media\/19545"}],"wp:attachment":[{"href":"https:\/\/crusoe.audiencelabs.com.br\/wp-json\/wp\/v2\/media?parent=19544"}],"wp:term":[{"taxonomy":"category","embeddable":true,"href":"https:\/\/crusoe.audiencelabs.com.br\/wp-json\/wp\/v2\/categories?post=19544"},{"taxonomy":"post_tag","embeddable":true,"href":"https:\/\/crusoe.audiencelabs.com.br\/wp-json\/wp\/v2\/tags?post=19544"}],"curies":[{"name":"wp","href":"https:\/\/api.w.org\/{rel}","templated":true}]}}