{"id":1919,"date":"2025-06-10T10:50:00","date_gmt":"2025-06-10T13:50:00","guid":{"rendered":"https:\/\/crusoe.com.br\/variedades\/?p=1919"},"modified":"2025-06-09T09:30:01","modified_gmt":"2025-06-09T12:30:01","slug":"novo-seguro-desemprego-em-2025-quem-tem-direito","status":"publish","type":"post","link":"https:\/\/crusoe.audiencelabs.com.br\/novo-seguro-desemprego-em-2025-quem-tem-direito\/","title":{"rendered":"Novo seguro-desemprego em 2025: quem tem direito?"},"content":{"rendered":"\n<p>A atualiza\u00e7\u00e3o do seguro-desemprego em 2025 no Brasil entrou em vigor no in\u00edcio do ano, conforme anunciado pelo Minist\u00e9rio do Trabalho e Emprego (MTE).&nbsp;<\/p>\n\n\n\n<p>Desde 11 de janeiro, as novas faixas e valores se aplicam a todos os benefici\u00e1rios. O valor m\u00ednimo do benef\u00edcio est\u00e1 alinhado ao sal\u00e1rio m\u00ednimo, estabelecido em R$ 1.518.&nbsp;<\/p>\n\n\n\n<p>A atualiza\u00e7\u00e3o segue a varia\u00e7\u00e3o do \u00cdndice Nacional de Pre\u00e7os ao Consumidor (INPC), refletindo as mudan\u00e7as na economia nacional.<\/p>\n\n\n\n<h2 class=\"wp-block-heading\">Nova tabela de c\u00e1lculo do benef\u00edcio<\/h2>\n\n\n\n<p>O c\u00e1lculo do benef\u00edcio \u00e9 realizado com base na faixa salarial m\u00e9dia do trabalhador. Para sal\u00e1rios de at\u00e9 R$ 2.138,76, o valor \u00e9 multiplicado por 0,8.&nbsp;<\/p>\n\n\n\n<p>Valores entre R$ 2.138,77 e R$ 3.564,96 t\u00eam o excedente de R$ 2.138,76 multiplicado por 0,5, acrescido de R$ 1.711,01. Aqueles com sal\u00e1rios m\u00e9dios acima de R$ 3.564,96 recebem uma parcela fixa de R$ 2.424,11.<\/p>\n\n\n\n<p>Essas altera\u00e7\u00f5es visam proteger o poder de compra dos cidad\u00e3os em um cen\u00e1rio de infla\u00e7\u00e3o.<\/p>\n\n\n\n<h2 class=\"wp-block-heading\">Crit\u00e9rios de elegibilidade ao seguro-desemprego<\/h2>\n\n\n\n<p>Para ser eleg\u00edvel ao seguro-desemprego, \u00e9 necess\u00e1rio que o trabalhador tenha sido demitido sem justa causa e esteja desempregado na data do requerimento.&nbsp;<\/p>\n\n\n\n<p>Deve-se comprovar um per\u00edodo m\u00ednimo de trabalho: pelo menos 12 meses nos \u00faltimos 18 meses para a primeira solicita\u00e7\u00e3o, 9 meses nos \u00faltimos 12 para a segunda, e 6 dos \u00faltimos 6 meses para as solicita\u00e7\u00f5es subsequentes.<\/p>\n\n\n\n<p>Esses crit\u00e9rios garantem que o benef\u00edcio seja direcionado a quem realmente necessita, prevenindo fraudes e assegurando uma gest\u00e3o eficiente dos recursos p\u00fablicos.&nbsp;<\/p>\n\n\n\n<h2 class=\"wp-block-heading\">Processo de solicita\u00e7\u00e3o<\/h2>\n\n\n\n<p>O pedido pode ser feito de forma simplificada atrav\u00e9s do Portal Gov.br, do aplicativo Carteira de Trabalho Digital ou presencialmente em unidades do Sistema Nacional de Emprego (SINE) ou nas Superintend\u00eancias Regionais do Trabalho e Emprego.&nbsp;<\/p>\n\n\n\n<p>Para solicitar, o requerente deve apresentar o termo de rescis\u00e3o do contrato de trabalho, carteira de trabalho e comprovantes dos \u00faltimos sal\u00e1rios.<\/p>\n\n\n\n<p>\u00c9 fundamental que a solicita\u00e7\u00e3o seja realizada dentro do prazo estipulado, que varia de 7 a 120 dias ap\u00f3s a demiss\u00e3o, dependendo da especificidade do v\u00ednculo empregat\u00edcio.<\/p>\n\n\n\n<p>Com essas atualiza\u00e7\u00f5es, o seguro-desemprego 2025 se posiciona como um suporte ajustado \u00e0s necessidades dos trabalhadores, oferecendo uma base est\u00e1vel enquanto buscam novas oportunidades no mercado de trabalho.&nbsp;<\/p>\n\n\n\n<p>As modifica\u00e7\u00f5es prometem efici\u00eancia na execu\u00e7\u00e3o do programa, atendendo \u00e0s demandas econ\u00f4micas atuais.<\/p>\n","protected":false},"excerpt":{"rendered":"<p>A atualiza\u00e7\u00e3o do seguro-desemprego em 2025 no Brasil entrou em vigor no in\u00edcio do ano, conforme anunciado pelo Minist\u00e9rio do Trabalho e Emprego (MTE).&nbsp; Desde 11 de janeiro, as novas faixas e valores se aplicam a todos os benefici\u00e1rios. O valor m\u00ednimo do benef\u00edcio est\u00e1 alinhado ao sal\u00e1rio m\u00ednimo, estabelecido em R$ 1.518.&nbsp; A atualiza\u00e7\u00e3o [&hellip;]<\/p>\n","protected":false},"author":5,"featured_media":1920,"comment_status":"open","ping_status":"open","sticky":false,"template":"","format":"standard","meta":{"jnews-multi-image_gallery":[],"jnews_single_post":{"format":"standard"},"jnews_primary_category":[],"jnews_override_counter":[],"jnews_post_split":[],"footnotes":""},"categories":[1],"tags":[554,687],"class_list":["post-1919","post","type-post","status-publish","format-standard","has-post-thumbnail","hentry","category-geral","tag-clt","tag-seguro-desemprego"],"yoast_head":"<!-- This site is optimized with the Yoast SEO plugin v25.0 - https:\/\/yoast.com\/wordpress\/plugins\/seo\/ -->\n<title>Novo seguro-desemprego em 2025: quem tem direito?<\/title>\n<meta name=\"robots\" content=\"index, follow, max-snippet:-1, max-image-preview:large, max-video-preview:-1\" \/>\n<link rel=\"canonical\" href=\"https:\/\/crusoe.audiencelabs.com.br\/novo-seguro-desemprego-em-2025-quem-tem-direito\/\" \/>\n<meta property=\"og:locale\" content=\"pt_BR\" \/>\n<meta property=\"og:type\" content=\"article\" \/>\n<meta property=\"og:title\" content=\"Novo seguro-desemprego em 2025: quem tem direito?\" \/>\n<meta property=\"og:description\" content=\"A atualiza\u00e7\u00e3o do seguro-desemprego em 2025 no Brasil entrou em vigor no in\u00edcio do ano, conforme anunciado pelo Minist\u00e9rio do Trabalho e Emprego (MTE).&nbsp; Desde 11 de janeiro, as novas faixas e valores se aplicam a todos os benefici\u00e1rios. O valor m\u00ednimo do benef\u00edcio est\u00e1 alinhado ao sal\u00e1rio m\u00ednimo, estabelecido em R$ 1.518.&nbsp; A atualiza\u00e7\u00e3o [&hellip;]\" \/>\n<meta property=\"og:url\" content=\"https:\/\/crusoe.audiencelabs.com.br\/novo-seguro-desemprego-em-2025-quem-tem-direito\/\" \/>\n<meta property=\"og:site_name\" content=\"Variedades - Cruso\u00e9\" \/>\n<meta property=\"article:published_time\" content=\"2025-06-10T13:50:00+00:00\" \/>\n<meta property=\"og:image\" content=\"https:\/\/cdn.crusoe.com.br\/uploads\/2025\/06\/2-e1749472169669.jpg\" \/>\n\t<meta property=\"og:image:width\" content=\"2202\" \/>\n\t<meta property=\"og:image:height\" content=\"1497\" \/>\n\t<meta property=\"og:image:type\" content=\"image\/jpeg\" \/>\n<meta name=\"author\" content=\"Milena Armando\" \/>\n<meta name=\"twitter:card\" content=\"summary_large_image\" \/>\n<meta name=\"twitter:label1\" content=\"Escrito por\" \/>\n\t<meta name=\"twitter:data1\" content=\"Milena Armando\" \/>\n\t<meta name=\"twitter:label2\" content=\"Est. tempo de leitura\" \/>\n\t<meta name=\"twitter:data2\" content=\"3 minutos\" \/>\n<script type=\"application\/ld+json\" class=\"yoast-schema-graph\">{\"@context\":\"https:\/\/schema.org\",\"@graph\":[{\"@type\":\"WebPage\",\"@id\":\"https:\/\/crusoe.audiencelabs.com.br\/novo-seguro-desemprego-em-2025-quem-tem-direito\/\",\"url\":\"https:\/\/crusoe.audiencelabs.com.br\/novo-seguro-desemprego-em-2025-quem-tem-direito\/\",\"name\":\"Novo seguro-desemprego em 2025: quem tem direito?\",\"isPartOf\":{\"@id\":\"https:\/\/crusoe.audiencelabs.com.br\/#website\"},\"primaryImageOfPage\":{\"@id\":\"https:\/\/crusoe.audiencelabs.com.br\/novo-seguro-desemprego-em-2025-quem-tem-direito\/#primaryimage\"},\"image\":{\"@id\":\"https:\/\/crusoe.audiencelabs.com.br\/novo-seguro-desemprego-em-2025-quem-tem-direito\/#primaryimage\"},\"thumbnailUrl\":\"https:\/\/cdn.crusoe.com.br\/uploads\/2025\/06\/2-e1749472169669.jpg\",\"datePublished\":\"2025-06-10T13:50:00+00:00\",\"author\":{\"@id\":\"https:\/\/crusoe.audiencelabs.com.br\/#\/schema\/person\/f87f73cfe89e5360de2c006bd4bd6a74\"},\"breadcrumb\":{\"@id\":\"https:\/\/crusoe.audiencelabs.com.br\/novo-seguro-desemprego-em-2025-quem-tem-direito\/#breadcrumb\"},\"inLanguage\":\"pt-BR\",\"potentialAction\":[{\"@type\":\"ReadAction\",\"target\":[\"https:\/\/crusoe.audiencelabs.com.br\/novo-seguro-desemprego-em-2025-quem-tem-direito\/\"]}]},{\"@type\":\"ImageObject\",\"inLanguage\":\"pt-BR\",\"@id\":\"https:\/\/crusoe.audiencelabs.com.br\/novo-seguro-desemprego-em-2025-quem-tem-direito\/#primaryimage\",\"url\":\"https:\/\/cdn.crusoe.com.br\/uploads\/2025\/06\/2-e1749472169669.jpg\",\"contentUrl\":\"https:\/\/cdn.crusoe.com.br\/uploads\/2025\/06\/2-e1749472169669.jpg\",\"width\":2202,\"height\":1497,\"caption\":\"Foto: Marcello Casal Jr\/ABr\"},{\"@type\":\"BreadcrumbList\",\"@id\":\"https:\/\/crusoe.audiencelabs.com.br\/novo-seguro-desemprego-em-2025-quem-tem-direito\/#breadcrumb\",\"itemListElement\":[{\"@type\":\"ListItem\",\"position\":1,\"name\":\"Home\",\"item\":\"https:\/\/crusoe.audiencelabs.com.br\/\"},{\"@type\":\"ListItem\",\"position\":2,\"name\":\"Novo seguro-desemprego em 2025: quem tem direito?\"}]},{\"@type\":\"WebSite\",\"@id\":\"https:\/\/crusoe.audiencelabs.com.br\/#website\",\"url\":\"https:\/\/crusoe.audiencelabs.com.br\/\",\"name\":\"Variedades - Cruso\u00e9\",\"description\":\"\",\"potentialAction\":[{\"@type\":\"SearchAction\",\"target\":{\"@type\":\"EntryPoint\",\"urlTemplate\":\"https:\/\/crusoe.audiencelabs.com.br\/?s={search_term_string}\"},\"query-input\":{\"@type\":\"PropertyValueSpecification\",\"valueRequired\":true,\"valueName\":\"search_term_string\"}}],\"inLanguage\":\"pt-BR\"},{\"@type\":\"Person\",\"@id\":\"https:\/\/crusoe.audiencelabs.com.br\/#\/schema\/person\/f87f73cfe89e5360de2c006bd4bd6a74\",\"name\":\"Milena Armando\",\"image\":{\"@type\":\"ImageObject\",\"inLanguage\":\"pt-BR\",\"@id\":\"https:\/\/crusoe.audiencelabs.com.br\/#\/schema\/person\/image\/\",\"url\":\"https:\/\/secure.gravatar.com\/avatar\/ea14ecddc9e9d202b698b18f9f69e09c9fd74cfbed5c6008d55f11faefdbdab7?s=96&d=mm&r=g\",\"contentUrl\":\"https:\/\/secure.gravatar.com\/avatar\/ea14ecddc9e9d202b698b18f9f69e09c9fd74cfbed5c6008d55f11faefdbdab7?s=96&d=mm&r=g\",\"caption\":\"Milena Armando\"},\"description\":\"Jornalista, redatora e revisora.\",\"url\":\"https:\/\/crusoe.audiencelabs.com.br\/author\/milena\/\"}]}<\/script>\n<!-- \/ Yoast SEO plugin. -->","yoast_head_json":{"title":"Novo seguro-desemprego em 2025: quem tem direito?","robots":{"index":"index","follow":"follow","max-snippet":"max-snippet:-1","max-image-preview":"max-image-preview:large","max-video-preview":"max-video-preview:-1"},"canonical":"https:\/\/crusoe.audiencelabs.com.br\/novo-seguro-desemprego-em-2025-quem-tem-direito\/","og_locale":"pt_BR","og_type":"article","og_title":"Novo seguro-desemprego em 2025: quem tem direito?","og_description":"A atualiza\u00e7\u00e3o do seguro-desemprego em 2025 no Brasil entrou em vigor no in\u00edcio do ano, conforme anunciado pelo Minist\u00e9rio do Trabalho e Emprego (MTE).&nbsp; Desde 11 de janeiro, as novas faixas e valores se aplicam a todos os benefici\u00e1rios. O valor m\u00ednimo do benef\u00edcio est\u00e1 alinhado ao sal\u00e1rio m\u00ednimo, estabelecido em R$ 1.518.&nbsp; A atualiza\u00e7\u00e3o [&hellip;]","og_url":"https:\/\/crusoe.audiencelabs.com.br\/novo-seguro-desemprego-em-2025-quem-tem-direito\/","og_site_name":"Variedades - Cruso\u00e9","article_published_time":"2025-06-10T13:50:00+00:00","og_image":[{"width":2202,"height":1497,"url":"https:\/\/cdn.crusoe.com.br\/uploads\/2025\/06\/2-e1749472169669.jpg","type":"image\/jpeg"}],"author":"Milena Armando","twitter_card":"summary_large_image","twitter_misc":{"Escrito por":"Milena Armando","Est. tempo de leitura":"3 minutos"},"schema":{"@context":"https:\/\/schema.org","@graph":[{"@type":"WebPage","@id":"https:\/\/crusoe.audiencelabs.com.br\/novo-seguro-desemprego-em-2025-quem-tem-direito\/","url":"https:\/\/crusoe.audiencelabs.com.br\/novo-seguro-desemprego-em-2025-quem-tem-direito\/","name":"Novo seguro-desemprego em 2025: quem tem direito?","isPartOf":{"@id":"https:\/\/crusoe.audiencelabs.com.br\/#website"},"primaryImageOfPage":{"@id":"https:\/\/crusoe.audiencelabs.com.br\/novo-seguro-desemprego-em-2025-quem-tem-direito\/#primaryimage"},"image":{"@id":"https:\/\/crusoe.audiencelabs.com.br\/novo-seguro-desemprego-em-2025-quem-tem-direito\/#primaryimage"},"thumbnailUrl":"https:\/\/cdn.crusoe.com.br\/uploads\/2025\/06\/2-e1749472169669.jpg","datePublished":"2025-06-10T13:50:00+00:00","author":{"@id":"https:\/\/crusoe.audiencelabs.com.br\/#\/schema\/person\/f87f73cfe89e5360de2c006bd4bd6a74"},"breadcrumb":{"@id":"https:\/\/crusoe.audiencelabs.com.br\/novo-seguro-desemprego-em-2025-quem-tem-direito\/#breadcrumb"},"inLanguage":"pt-BR","potentialAction":[{"@type":"ReadAction","target":["https:\/\/crusoe.audiencelabs.com.br\/novo-seguro-desemprego-em-2025-quem-tem-direito\/"]}]},{"@type":"ImageObject","inLanguage":"pt-BR","@id":"https:\/\/crusoe.audiencelabs.com.br\/novo-seguro-desemprego-em-2025-quem-tem-direito\/#primaryimage","url":"https:\/\/cdn.crusoe.com.br\/uploads\/2025\/06\/2-e1749472169669.jpg","contentUrl":"https:\/\/cdn.crusoe.com.br\/uploads\/2025\/06\/2-e1749472169669.jpg","width":2202,"height":1497,"caption":"Foto: Marcello Casal Jr\/ABr"},{"@type":"BreadcrumbList","@id":"https:\/\/crusoe.audiencelabs.com.br\/novo-seguro-desemprego-em-2025-quem-tem-direito\/#breadcrumb","itemListElement":[{"@type":"ListItem","position":1,"name":"Home","item":"https:\/\/crusoe.audiencelabs.com.br\/"},{"@type":"ListItem","position":2,"name":"Novo seguro-desemprego em 2025: quem tem direito?"}]},{"@type":"WebSite","@id":"https:\/\/crusoe.audiencelabs.com.br\/#website","url":"https:\/\/crusoe.audiencelabs.com.br\/","name":"Variedades - Cruso\u00e9","description":"","potentialAction":[{"@type":"SearchAction","target":{"@type":"EntryPoint","urlTemplate":"https:\/\/crusoe.audiencelabs.com.br\/?s={search_term_string}"},"query-input":{"@type":"PropertyValueSpecification","valueRequired":true,"valueName":"search_term_string"}}],"inLanguage":"pt-BR"},{"@type":"Person","@id":"https:\/\/crusoe.audiencelabs.com.br\/#\/schema\/person\/f87f73cfe89e5360de2c006bd4bd6a74","name":"Milena Armando","image":{"@type":"ImageObject","inLanguage":"pt-BR","@id":"https:\/\/crusoe.audiencelabs.com.br\/#\/schema\/person\/image\/","url":"https:\/\/secure.gravatar.com\/avatar\/ea14ecddc9e9d202b698b18f9f69e09c9fd74cfbed5c6008d55f11faefdbdab7?s=96&d=mm&r=g","contentUrl":"https:\/\/secure.gravatar.com\/avatar\/ea14ecddc9e9d202b698b18f9f69e09c9fd74cfbed5c6008d55f11faefdbdab7?s=96&d=mm&r=g","caption":"Milena Armando"},"description":"Jornalista, redatora e revisora.","url":"https:\/\/crusoe.audiencelabs.com.br\/author\/milena\/"}]}},"_links":{"self":[{"href":"https:\/\/crusoe.audiencelabs.com.br\/wp-json\/wp\/v2\/posts\/1919","targetHints":{"allow":["GET"]}}],"collection":[{"href":"https:\/\/crusoe.audiencelabs.com.br\/wp-json\/wp\/v2\/posts"}],"about":[{"href":"https:\/\/crusoe.audiencelabs.com.br\/wp-json\/wp\/v2\/types\/post"}],"author":[{"embeddable":true,"href":"https:\/\/crusoe.audiencelabs.com.br\/wp-json\/wp\/v2\/users\/5"}],"replies":[{"embeddable":true,"href":"https:\/\/crusoe.audiencelabs.com.br\/wp-json\/wp\/v2\/comments?post=1919"}],"version-history":[{"count":1,"href":"https:\/\/crusoe.audiencelabs.com.br\/wp-json\/wp\/v2\/posts\/1919\/revisions"}],"predecessor-version":[{"id":1921,"href":"https:\/\/crusoe.audiencelabs.com.br\/wp-json\/wp\/v2\/posts\/1919\/revisions\/1921"}],"wp:featuredmedia":[{"embeddable":true,"href":"https:\/\/crusoe.audiencelabs.com.br\/wp-json\/wp\/v2\/media\/1920"}],"wp:attachment":[{"href":"https:\/\/crusoe.audiencelabs.com.br\/wp-json\/wp\/v2\/media?parent=1919"}],"wp:term":[{"taxonomy":"category","embeddable":true,"href":"https:\/\/crusoe.audiencelabs.com.br\/wp-json\/wp\/v2\/categories?post=1919"},{"taxonomy":"post_tag","embeddable":true,"href":"https:\/\/crusoe.audiencelabs.com.br\/wp-json\/wp\/v2\/tags?post=1919"}],"curies":[{"name":"wp","href":"https:\/\/api.w.org\/{rel}","templated":true}]}}