{"id":1899,"date":"2025-06-09T14:10:00","date_gmt":"2025-06-09T17:10:00","guid":{"rendered":"https:\/\/crusoe.com.br\/variedades\/?p=1899"},"modified":"2025-06-09T08:22:07","modified_gmt":"2025-06-09T11:22:07","slug":"idosos-ganham-acrescimo-extra-na-aposentadoria-de-julho","status":"publish","type":"post","link":"https:\/\/crusoe.audiencelabs.com.br\/idosos-ganham-acrescimo-extra-na-aposentadoria-de-julho\/","title":{"rendered":"Idosos ganham acr\u00e9scimo extra na aposentadoria de julho"},"content":{"rendered":"\n<p>O Instituto Nacional do Seguro Social (INSS) iniciou em maio a devolu\u00e7\u00e3o de valores indevidamente descontados dos aposentados e pensionistas.\u00a0<\/p>\n\n\n\n<p>Essa medida \u00e9 parte de uma resposta ao esquema de fraude que desviou bilh\u00f5es de reais atrav\u00e9s de cobran\u00e7as de entidades associativas. O processo de devolu\u00e7\u00e3o visa amparar os afetados.&nbsp;<\/p>\n\n\n\n<p>Os benefici\u00e1rios podem solicitar a compensa\u00e7\u00e3o tanto pelo aplicativo Meu INSS quanto pela Central de Atendimento 135.&nbsp;<\/p>\n\n\n\n<h2 class=\"wp-block-heading\">Procedimentos para reaver valores descontados<\/h2>\n\n\n\n<p>Para recuperar os valores descontados indevidamente, os benefici\u00e1rios devem acessar o aplicativo Meu INSS ou ligar para a central 135.&nbsp;<\/p>\n\n\n\n<p>Ao identificar cobran\u00e7as n\u00e3o autorizadas, \u00e9 necess\u00e1rio contestar o d\u00e9bito. Se a entidade n\u00e3o comprovar a autoriza\u00e7\u00e3o do desconto, o valor ser\u00e1 revertido ao INSS, que far\u00e1 o repasse ao benefici\u00e1rio.<\/p>\n\n\n\n<h2 class=\"wp-block-heading\">Impacto do esquema de fraude do INSS<\/h2>\n\n\n\n<p>O esquema de fraude no INSS resultou no envolvimento de m\u00faltiplas entidades associativas, que realizaram descontos indevidos.&nbsp;<\/p>\n\n\n\n<p>Cerca de 11 entidades foram formalmente identificadas pela Pol\u00edcia Federal, mas h\u00e1 suspeitas de envolvimento de mais organiza\u00e7\u00f5es.&nbsp;<\/p>\n\n\n\n<p>A opera\u00e7\u00e3o &#8220;Sem Desconto&#8221;, liderada pela Pol\u00edcia Federal em abril, resultou na apreens\u00e3o de bens e bloqueios para mitigar o impacto aos aposentados e pensionistas.<\/p>\n\n\n\n<h2 class=\"wp-block-heading\">Datas dos pr\u00f3ximos ressarcimentos<\/h2>\n\n\n\n<p>Os ressarcimentos aos benefici\u00e1rios afetados devem ser conclu\u00eddos at\u00e9 31 de dezembro. Essa previs\u00e3o traz al\u00edvio para muitos que enfrentaram cobran\u00e7as indevidas desde 2019.&nbsp;<\/p>\n\n\n\n<p>As devolu\u00e7\u00f5es ocorrem sem a necessidade de a\u00e7\u00f5es judiciais pr\u00e9vias pelos afetados, e os valores retornam conforme o modo de pagamento dos benef\u00edcios, seja em conta banc\u00e1ria ou cart\u00e3o magn\u00e9tico.&nbsp;<\/p>\n\n\n\n<p>De acordo com o presidente do INSS, Gilberto Waller J\u00fanior, o dep\u00f3sito do ressarcimento n\u00e3o acontecer\u00e1 neste m\u00eas, porque a folha de pagamento de junho j\u00e1 est\u00e1 fechada, mas sim em julho.&nbsp;<\/p>\n\n\n\n<p>A Identifica\u00e7\u00e3o do cr\u00e9dito poder\u00e1 ser feita pelo extrato de pagamento com o c\u00f3digo \u201c107 \u2013 Ressarcimento de desconto indevido\u201d.<\/p>\n","protected":false},"excerpt":{"rendered":"<p>O Instituto Nacional do Seguro Social (INSS) iniciou em maio a devolu\u00e7\u00e3o de valores indevidamente descontados dos aposentados e pensionistas.\u00a0 Essa medida \u00e9 parte de uma resposta ao esquema de fraude que desviou bilh\u00f5es de reais atrav\u00e9s de cobran\u00e7as de entidades associativas. O processo de devolu\u00e7\u00e3o visa amparar os afetados.&nbsp; Os benefici\u00e1rios podem solicitar a [&hellip;]<\/p>\n","protected":false},"author":5,"featured_media":1900,"comment_status":"open","ping_status":"open","sticky":false,"template":"","format":"standard","meta":{"jnews-multi-image_gallery":[],"jnews_single_post":{"format":"standard"},"jnews_primary_category":[],"jnews_override_counter":[],"jnews_post_split":[],"footnotes":""},"categories":[1],"tags":[499,207,683,684,208],"class_list":["post-1899","post","type-post","status-publish","format-standard","has-post-thumbnail","hentry","category-geral","tag-aposentadoria","tag-aposentados","tag-devolucao-inss","tag-fraude-inss","tag-inss"],"yoast_head":"<!-- This site is optimized with the Yoast SEO plugin v25.0 - https:\/\/yoast.com\/wordpress\/plugins\/seo\/ -->\n<title>Idosos ganham acr\u00e9scimo extra na aposentadoria de julho<\/title>\n<meta name=\"robots\" content=\"index, follow, max-snippet:-1, max-image-preview:large, max-video-preview:-1\" \/>\n<link rel=\"canonical\" href=\"https:\/\/crusoe.audiencelabs.com.br\/idosos-ganham-acrescimo-extra-na-aposentadoria-de-julho\/\" \/>\n<meta property=\"og:locale\" content=\"pt_BR\" \/>\n<meta property=\"og:type\" content=\"article\" \/>\n<meta property=\"og:title\" content=\"Idosos ganham acr\u00e9scimo extra na aposentadoria de julho\" \/>\n<meta property=\"og:description\" content=\"O Instituto Nacional do Seguro Social (INSS) iniciou em maio a devolu\u00e7\u00e3o de valores indevidamente descontados dos aposentados e pensionistas.\u00a0 Essa medida \u00e9 parte de uma resposta ao esquema de fraude que desviou bilh\u00f5es de reais atrav\u00e9s de cobran\u00e7as de entidades associativas. O processo de devolu\u00e7\u00e3o visa amparar os afetados.&nbsp; Os benefici\u00e1rios podem solicitar a [&hellip;]\" \/>\n<meta property=\"og:url\" content=\"https:\/\/crusoe.audiencelabs.com.br\/idosos-ganham-acrescimo-extra-na-aposentadoria-de-julho\/\" \/>\n<meta property=\"og:site_name\" content=\"Variedades - Cruso\u00e9\" \/>\n<meta property=\"article:published_time\" content=\"2025-06-09T17:10:00+00:00\" \/>\n<meta property=\"og:image\" content=\"https:\/\/cdn.crusoe.com.br\/uploads\/2025\/06\/pexels-photo-7624066.jpeg\" \/>\n\t<meta property=\"og:image:width\" content=\"2250\" \/>\n\t<meta property=\"og:image:height\" content=\"1500\" \/>\n\t<meta property=\"og:image:type\" content=\"image\/jpeg\" \/>\n<meta name=\"author\" content=\"Milena Armando\" \/>\n<meta name=\"twitter:card\" content=\"summary_large_image\" \/>\n<meta name=\"twitter:label1\" content=\"Escrito por\" \/>\n\t<meta name=\"twitter:data1\" content=\"Milena Armando\" \/>\n\t<meta name=\"twitter:label2\" content=\"Est. tempo de leitura\" \/>\n\t<meta name=\"twitter:data2\" content=\"2 minutos\" \/>\n<script type=\"application\/ld+json\" class=\"yoast-schema-graph\">{\"@context\":\"https:\/\/schema.org\",\"@graph\":[{\"@type\":\"WebPage\",\"@id\":\"https:\/\/crusoe.audiencelabs.com.br\/idosos-ganham-acrescimo-extra-na-aposentadoria-de-julho\/\",\"url\":\"https:\/\/crusoe.audiencelabs.com.br\/idosos-ganham-acrescimo-extra-na-aposentadoria-de-julho\/\",\"name\":\"Idosos ganham acr\u00e9scimo extra na aposentadoria de julho\",\"isPartOf\":{\"@id\":\"https:\/\/crusoe.audiencelabs.com.br\/#website\"},\"primaryImageOfPage\":{\"@id\":\"https:\/\/crusoe.audiencelabs.com.br\/idosos-ganham-acrescimo-extra-na-aposentadoria-de-julho\/#primaryimage\"},\"image\":{\"@id\":\"https:\/\/crusoe.audiencelabs.com.br\/idosos-ganham-acrescimo-extra-na-aposentadoria-de-julho\/#primaryimage\"},\"thumbnailUrl\":\"https:\/\/cdn.crusoe.com.br\/uploads\/2025\/06\/pexels-photo-7624066.jpeg\",\"datePublished\":\"2025-06-09T17:10:00+00:00\",\"author\":{\"@id\":\"https:\/\/crusoe.audiencelabs.com.br\/#\/schema\/person\/f87f73cfe89e5360de2c006bd4bd6a74\"},\"breadcrumb\":{\"@id\":\"https:\/\/crusoe.audiencelabs.com.br\/idosos-ganham-acrescimo-extra-na-aposentadoria-de-julho\/#breadcrumb\"},\"inLanguage\":\"pt-BR\",\"potentialAction\":[{\"@type\":\"ReadAction\",\"target\":[\"https:\/\/crusoe.audiencelabs.com.br\/idosos-ganham-acrescimo-extra-na-aposentadoria-de-julho\/\"]}]},{\"@type\":\"ImageObject\",\"inLanguage\":\"pt-BR\",\"@id\":\"https:\/\/crusoe.audiencelabs.com.br\/idosos-ganham-acrescimo-extra-na-aposentadoria-de-julho\/#primaryimage\",\"url\":\"https:\/\/cdn.crusoe.com.br\/uploads\/2025\/06\/pexels-photo-7624066.jpeg\",\"contentUrl\":\"https:\/\/cdn.crusoe.com.br\/uploads\/2025\/06\/pexels-photo-7624066.jpeg\",\"width\":2250,\"height\":1500,\"caption\":\"Foto: Daniel Dan\/Pexels\"},{\"@type\":\"BreadcrumbList\",\"@id\":\"https:\/\/crusoe.audiencelabs.com.br\/idosos-ganham-acrescimo-extra-na-aposentadoria-de-julho\/#breadcrumb\",\"itemListElement\":[{\"@type\":\"ListItem\",\"position\":1,\"name\":\"Home\",\"item\":\"https:\/\/crusoe.audiencelabs.com.br\/\"},{\"@type\":\"ListItem\",\"position\":2,\"name\":\"Idosos ganham acr\u00e9scimo extra na aposentadoria de julho\"}]},{\"@type\":\"WebSite\",\"@id\":\"https:\/\/crusoe.audiencelabs.com.br\/#website\",\"url\":\"https:\/\/crusoe.audiencelabs.com.br\/\",\"name\":\"Variedades - Cruso\u00e9\",\"description\":\"\",\"potentialAction\":[{\"@type\":\"SearchAction\",\"target\":{\"@type\":\"EntryPoint\",\"urlTemplate\":\"https:\/\/crusoe.audiencelabs.com.br\/?s={search_term_string}\"},\"query-input\":{\"@type\":\"PropertyValueSpecification\",\"valueRequired\":true,\"valueName\":\"search_term_string\"}}],\"inLanguage\":\"pt-BR\"},{\"@type\":\"Person\",\"@id\":\"https:\/\/crusoe.audiencelabs.com.br\/#\/schema\/person\/f87f73cfe89e5360de2c006bd4bd6a74\",\"name\":\"Milena Armando\",\"image\":{\"@type\":\"ImageObject\",\"inLanguage\":\"pt-BR\",\"@id\":\"https:\/\/crusoe.audiencelabs.com.br\/#\/schema\/person\/image\/\",\"url\":\"https:\/\/secure.gravatar.com\/avatar\/ea14ecddc9e9d202b698b18f9f69e09c9fd74cfbed5c6008d55f11faefdbdab7?s=96&d=mm&r=g\",\"contentUrl\":\"https:\/\/secure.gravatar.com\/avatar\/ea14ecddc9e9d202b698b18f9f69e09c9fd74cfbed5c6008d55f11faefdbdab7?s=96&d=mm&r=g\",\"caption\":\"Milena Armando\"},\"description\":\"Jornalista, redatora e revisora.\",\"url\":\"https:\/\/crusoe.audiencelabs.com.br\/author\/milena\/\"}]}<\/script>\n<!-- \/ Yoast SEO plugin. -->","yoast_head_json":{"title":"Idosos ganham acr\u00e9scimo extra na aposentadoria de julho","robots":{"index":"index","follow":"follow","max-snippet":"max-snippet:-1","max-image-preview":"max-image-preview:large","max-video-preview":"max-video-preview:-1"},"canonical":"https:\/\/crusoe.audiencelabs.com.br\/idosos-ganham-acrescimo-extra-na-aposentadoria-de-julho\/","og_locale":"pt_BR","og_type":"article","og_title":"Idosos ganham acr\u00e9scimo extra na aposentadoria de julho","og_description":"O Instituto Nacional do Seguro Social (INSS) iniciou em maio a devolu\u00e7\u00e3o de valores indevidamente descontados dos aposentados e pensionistas.\u00a0 Essa medida \u00e9 parte de uma resposta ao esquema de fraude que desviou bilh\u00f5es de reais atrav\u00e9s de cobran\u00e7as de entidades associativas. O processo de devolu\u00e7\u00e3o visa amparar os afetados.&nbsp; Os benefici\u00e1rios podem solicitar a [&hellip;]","og_url":"https:\/\/crusoe.audiencelabs.com.br\/idosos-ganham-acrescimo-extra-na-aposentadoria-de-julho\/","og_site_name":"Variedades - Cruso\u00e9","article_published_time":"2025-06-09T17:10:00+00:00","og_image":[{"width":2250,"height":1500,"url":"https:\/\/cdn.crusoe.com.br\/uploads\/2025\/06\/pexels-photo-7624066.jpeg","type":"image\/jpeg"}],"author":"Milena Armando","twitter_card":"summary_large_image","twitter_misc":{"Escrito por":"Milena Armando","Est. tempo de leitura":"2 minutos"},"schema":{"@context":"https:\/\/schema.org","@graph":[{"@type":"WebPage","@id":"https:\/\/crusoe.audiencelabs.com.br\/idosos-ganham-acrescimo-extra-na-aposentadoria-de-julho\/","url":"https:\/\/crusoe.audiencelabs.com.br\/idosos-ganham-acrescimo-extra-na-aposentadoria-de-julho\/","name":"Idosos ganham acr\u00e9scimo extra na aposentadoria de julho","isPartOf":{"@id":"https:\/\/crusoe.audiencelabs.com.br\/#website"},"primaryImageOfPage":{"@id":"https:\/\/crusoe.audiencelabs.com.br\/idosos-ganham-acrescimo-extra-na-aposentadoria-de-julho\/#primaryimage"},"image":{"@id":"https:\/\/crusoe.audiencelabs.com.br\/idosos-ganham-acrescimo-extra-na-aposentadoria-de-julho\/#primaryimage"},"thumbnailUrl":"https:\/\/cdn.crusoe.com.br\/uploads\/2025\/06\/pexels-photo-7624066.jpeg","datePublished":"2025-06-09T17:10:00+00:00","author":{"@id":"https:\/\/crusoe.audiencelabs.com.br\/#\/schema\/person\/f87f73cfe89e5360de2c006bd4bd6a74"},"breadcrumb":{"@id":"https:\/\/crusoe.audiencelabs.com.br\/idosos-ganham-acrescimo-extra-na-aposentadoria-de-julho\/#breadcrumb"},"inLanguage":"pt-BR","potentialAction":[{"@type":"ReadAction","target":["https:\/\/crusoe.audiencelabs.com.br\/idosos-ganham-acrescimo-extra-na-aposentadoria-de-julho\/"]}]},{"@type":"ImageObject","inLanguage":"pt-BR","@id":"https:\/\/crusoe.audiencelabs.com.br\/idosos-ganham-acrescimo-extra-na-aposentadoria-de-julho\/#primaryimage","url":"https:\/\/cdn.crusoe.com.br\/uploads\/2025\/06\/pexels-photo-7624066.jpeg","contentUrl":"https:\/\/cdn.crusoe.com.br\/uploads\/2025\/06\/pexels-photo-7624066.jpeg","width":2250,"height":1500,"caption":"Foto: Daniel Dan\/Pexels"},{"@type":"BreadcrumbList","@id":"https:\/\/crusoe.audiencelabs.com.br\/idosos-ganham-acrescimo-extra-na-aposentadoria-de-julho\/#breadcrumb","itemListElement":[{"@type":"ListItem","position":1,"name":"Home","item":"https:\/\/crusoe.audiencelabs.com.br\/"},{"@type":"ListItem","position":2,"name":"Idosos ganham acr\u00e9scimo extra na aposentadoria de julho"}]},{"@type":"WebSite","@id":"https:\/\/crusoe.audiencelabs.com.br\/#website","url":"https:\/\/crusoe.audiencelabs.com.br\/","name":"Variedades - Cruso\u00e9","description":"","potentialAction":[{"@type":"SearchAction","target":{"@type":"EntryPoint","urlTemplate":"https:\/\/crusoe.audiencelabs.com.br\/?s={search_term_string}"},"query-input":{"@type":"PropertyValueSpecification","valueRequired":true,"valueName":"search_term_string"}}],"inLanguage":"pt-BR"},{"@type":"Person","@id":"https:\/\/crusoe.audiencelabs.com.br\/#\/schema\/person\/f87f73cfe89e5360de2c006bd4bd6a74","name":"Milena Armando","image":{"@type":"ImageObject","inLanguage":"pt-BR","@id":"https:\/\/crusoe.audiencelabs.com.br\/#\/schema\/person\/image\/","url":"https:\/\/secure.gravatar.com\/avatar\/ea14ecddc9e9d202b698b18f9f69e09c9fd74cfbed5c6008d55f11faefdbdab7?s=96&d=mm&r=g","contentUrl":"https:\/\/secure.gravatar.com\/avatar\/ea14ecddc9e9d202b698b18f9f69e09c9fd74cfbed5c6008d55f11faefdbdab7?s=96&d=mm&r=g","caption":"Milena Armando"},"description":"Jornalista, redatora e revisora.","url":"https:\/\/crusoe.audiencelabs.com.br\/author\/milena\/"}]}},"_links":{"self":[{"href":"https:\/\/crusoe.audiencelabs.com.br\/wp-json\/wp\/v2\/posts\/1899","targetHints":{"allow":["GET"]}}],"collection":[{"href":"https:\/\/crusoe.audiencelabs.com.br\/wp-json\/wp\/v2\/posts"}],"about":[{"href":"https:\/\/crusoe.audiencelabs.com.br\/wp-json\/wp\/v2\/types\/post"}],"author":[{"embeddable":true,"href":"https:\/\/crusoe.audiencelabs.com.br\/wp-json\/wp\/v2\/users\/5"}],"replies":[{"embeddable":true,"href":"https:\/\/crusoe.audiencelabs.com.br\/wp-json\/wp\/v2\/comments?post=1899"}],"version-history":[{"count":3,"href":"https:\/\/crusoe.audiencelabs.com.br\/wp-json\/wp\/v2\/posts\/1899\/revisions"}],"predecessor-version":[{"id":1904,"href":"https:\/\/crusoe.audiencelabs.com.br\/wp-json\/wp\/v2\/posts\/1899\/revisions\/1904"}],"wp:featuredmedia":[{"embeddable":true,"href":"https:\/\/crusoe.audiencelabs.com.br\/wp-json\/wp\/v2\/media\/1900"}],"wp:attachment":[{"href":"https:\/\/crusoe.audiencelabs.com.br\/wp-json\/wp\/v2\/media?parent=1899"}],"wp:term":[{"taxonomy":"category","embeddable":true,"href":"https:\/\/crusoe.audiencelabs.com.br\/wp-json\/wp\/v2\/categories?post=1899"},{"taxonomy":"post_tag","embeddable":true,"href":"https:\/\/crusoe.audiencelabs.com.br\/wp-json\/wp\/v2\/tags?post=1899"}],"curies":[{"name":"wp","href":"https:\/\/api.w.org\/{rel}","templated":true}]}}