{"id":18225,"date":"2025-09-30T19:00:00","date_gmt":"2025-09-30T22:00:00","guid":{"rendered":"https:\/\/crusoe.audiencelabs.com.br\/?p=18225"},"modified":"2025-09-30T06:35:15","modified_gmt":"2025-09-30T09:35:15","slug":"moradores-foram-notificados-da-decisao-pagamento-de-pedagio-para-ir-na-praia","status":"publish","type":"post","link":"https:\/\/crusoe.audiencelabs.com.br\/moradores-foram-notificados-da-decisao-pagamento-de-pedagio-para-ir-na-praia\/","title":{"rendered":"Moradores foram notificados da decis\u00e3o: pagamento de ped\u00e1gio para ir na praia"},"content":{"rendered":"\n<p>As viagens dos mineiros ao litoral do Esp\u00edrito Santo e ao sul da Bahia sofreram impacto financeiro desde o \u00faltimo s\u00e1bado (27) com a <strong>cobran\u00e7a de ped\u00e1gio na BR-381<\/strong>.&nbsp;<\/p>\n\n\n\n<p>Localizados nos<strong> km 411, em Caet\u00e9<\/strong>, e <strong>km 345, em Jo\u00e3o Monlevade<\/strong>, esses ped\u00e1gios introduzem novos custos tanto para turistas quanto para trabalhadores que dependem diariamente dessa rota, que conecta a Regi\u00e3o Metropolitana de Belo Horizonte ao litoral capixaba e baiano.<\/p>\n\n\n\n<h2 class=\"wp-block-heading\">Intensifica\u00e7\u00e3o dos custos de viagem<\/h2>\n\n\n\n<p>Os novos ped\u00e1gios cobram R$ 15,50 em Caet\u00e9 e R$ 12,90 em Jo\u00e3o Monlevade, somando R$ 28,40 por viagem para ve\u00edculos de passeio. J\u00e1 os transportadores enfrentam tarifas que podem atingir R$ 124, dependendo dos eixos dos caminh\u00f5es.&nbsp;<\/p>\n\n\n\n<p>Embora exista um sistema de descontos para usu\u00e1rios frequentes, tais aumentos podem pesar no bolso, especialmente para aqueles que utilizam a via para turismo e neg\u00f3cios.<\/p>\n\n\n\n<h2 class=\"wp-block-heading\">Desafios de seguran\u00e7a na BR-381<\/h2>\n\n\n\n<p>Conhecida por seu hist\u00f3rico de acidentes, a BR-381 ainda apresenta s\u00e9rios desafios de seguran\u00e7a. Entre Belo Horizonte e Governador Valadares, apesar de alguns esfor\u00e7os de revitaliza\u00e7\u00e3o, a taxa de acidentes permanece alta.&nbsp;<\/p>\n\n\n\n<p>Os dados dispon\u00edveis apontam que, mesmo com melhorias, incluindo novas sinaliza\u00e7\u00f5es, a sensa\u00e7\u00e3o de inseguran\u00e7a entre os usu\u00e1rios permanece significativa, na aus\u00eancia de transforma\u00e7\u00f5es mais abrangentes na infraestrutura.<\/p>\n\n\n\n<h2 class=\"wp-block-heading\">Rea\u00e7\u00f5es\u00a0dos motoristas <\/h2>\n\n\n\n<p>A instala\u00e7\u00e3o dessas pra\u00e7as de ped\u00e1gio gerou opini\u00f5es divididas entre os motoristas. Enquanto alguns percebem a necessidade de manuten\u00e7\u00e3o ao longo da rodovia, outros expressam frustra\u00e7\u00e3o, uma vez que as promessas de melhorias, como a duplica\u00e7\u00e3o da estrada e implementa\u00e7\u00e3o de passarelas, n\u00e3o se concretizaram at\u00e9 o momento.<\/p>\n\n\n\n<p>Em suma, as novas tarifas de ped\u00e1gio na BR-381 representam um custo elevado para aqueles que viajam de Minas Gerais ao litoral. Espera-se que a arrecada\u00e7\u00e3o viabilize melhorias na rodovia.&nbsp;<\/p>\n","protected":false},"excerpt":{"rendered":"<p>As viagens dos mineiros ao litoral do Esp\u00edrito Santo e ao sul da Bahia sofreram impacto financeiro desde o \u00faltimo s\u00e1bado (27) com a cobran\u00e7a de ped\u00e1gio na BR-381.&nbsp; Localizados nos km 411, em Caet\u00e9, e km 345, em Jo\u00e3o Monlevade, esses ped\u00e1gios introduzem novos custos tanto para turistas quanto para trabalhadores que dependem diariamente [&hellip;]<\/p>\n","protected":false},"author":5,"featured_media":18226,"comment_status":"open","ping_status":"open","sticky":false,"template":"","format":"standard","meta":{"jnews-multi-image_gallery":[],"jnews_single_post":{"format":"standard"},"jnews_primary_category":[],"jnews_override_counter":[],"jnews_post_split":[],"footnotes":""},"categories":[1],"tags":[2933,2931],"class_list":["post-18225","post","type-post","status-publish","format-standard","has-post-thumbnail","hentry","category-geral","tag-br-381","tag-pedagio"],"yoast_head":"<!-- This site is optimized with the Yoast SEO plugin v25.0 - https:\/\/yoast.com\/wordpress\/plugins\/seo\/ -->\n<title>Moradores foram notificados da decis\u00e3o: pagamento de ped\u00e1gio para ir na praia<\/title>\n<meta name=\"robots\" content=\"index, follow, max-snippet:-1, max-image-preview:large, max-video-preview:-1\" \/>\n<link rel=\"canonical\" href=\"https:\/\/crusoe.audiencelabs.com.br\/moradores-foram-notificados-da-decisao-pagamento-de-pedagio-para-ir-na-praia\/\" \/>\n<meta property=\"og:locale\" content=\"pt_BR\" \/>\n<meta property=\"og:type\" content=\"article\" \/>\n<meta property=\"og:title\" content=\"Moradores foram notificados da decis\u00e3o: pagamento de ped\u00e1gio para ir na praia\" \/>\n<meta property=\"og:description\" content=\"As viagens dos mineiros ao litoral do Esp\u00edrito Santo e ao sul da Bahia sofreram impacto financeiro desde o \u00faltimo s\u00e1bado (27) com a cobran\u00e7a de ped\u00e1gio na BR-381.&nbsp; Localizados nos km 411, em Caet\u00e9, e km 345, em Jo\u00e3o Monlevade, esses ped\u00e1gios introduzem novos custos tanto para turistas quanto para trabalhadores que dependem diariamente [&hellip;]\" \/>\n<meta property=\"og:url\" content=\"https:\/\/crusoe.audiencelabs.com.br\/moradores-foram-notificados-da-decisao-pagamento-de-pedagio-para-ir-na-praia\/\" \/>\n<meta property=\"og:site_name\" content=\"Variedades - Cruso\u00e9\" \/>\n<meta property=\"article:published_time\" content=\"2025-09-30T22:00:00+00:00\" \/>\n<meta property=\"og:image\" content=\"https:\/\/cdn.crusoe.com.br\/uploads\/2025\/09\/SO2-5-1080x675-1.png\" \/>\n\t<meta property=\"og:image:width\" content=\"1080\" \/>\n\t<meta property=\"og:image:height\" content=\"675\" \/>\n\t<meta property=\"og:image:type\" content=\"image\/png\" \/>\n<meta name=\"author\" content=\"Milena Armando\" \/>\n<meta name=\"twitter:card\" content=\"summary_large_image\" \/>\n<meta name=\"twitter:label1\" content=\"Escrito por\" \/>\n\t<meta name=\"twitter:data1\" content=\"Milena Armando\" \/>\n\t<meta name=\"twitter:label2\" content=\"Est. tempo de leitura\" \/>\n\t<meta name=\"twitter:data2\" content=\"2 minutos\" \/>\n<script type=\"application\/ld+json\" class=\"yoast-schema-graph\">{\"@context\":\"https:\/\/schema.org\",\"@graph\":[{\"@type\":\"WebPage\",\"@id\":\"https:\/\/crusoe.audiencelabs.com.br\/moradores-foram-notificados-da-decisao-pagamento-de-pedagio-para-ir-na-praia\/\",\"url\":\"https:\/\/crusoe.audiencelabs.com.br\/moradores-foram-notificados-da-decisao-pagamento-de-pedagio-para-ir-na-praia\/\",\"name\":\"Moradores foram notificados da decis\u00e3o: pagamento de ped\u00e1gio para ir na praia\",\"isPartOf\":{\"@id\":\"https:\/\/crusoe.audiencelabs.com.br\/#website\"},\"primaryImageOfPage\":{\"@id\":\"https:\/\/crusoe.audiencelabs.com.br\/moradores-foram-notificados-da-decisao-pagamento-de-pedagio-para-ir-na-praia\/#primaryimage\"},\"image\":{\"@id\":\"https:\/\/crusoe.audiencelabs.com.br\/moradores-foram-notificados-da-decisao-pagamento-de-pedagio-para-ir-na-praia\/#primaryimage\"},\"thumbnailUrl\":\"https:\/\/cdn.crusoe.com.br\/uploads\/2025\/09\/SO2-5-1080x675-1.png\",\"datePublished\":\"2025-09-30T22:00:00+00:00\",\"author\":{\"@id\":\"https:\/\/crusoe.audiencelabs.com.br\/#\/schema\/person\/f87f73cfe89e5360de2c006bd4bd6a74\"},\"breadcrumb\":{\"@id\":\"https:\/\/crusoe.audiencelabs.com.br\/moradores-foram-notificados-da-decisao-pagamento-de-pedagio-para-ir-na-praia\/#breadcrumb\"},\"inLanguage\":\"pt-BR\",\"potentialAction\":[{\"@type\":\"ReadAction\",\"target\":[\"https:\/\/crusoe.audiencelabs.com.br\/moradores-foram-notificados-da-decisao-pagamento-de-pedagio-para-ir-na-praia\/\"]}]},{\"@type\":\"ImageObject\",\"inLanguage\":\"pt-BR\",\"@id\":\"https:\/\/crusoe.audiencelabs.com.br\/moradores-foram-notificados-da-decisao-pagamento-de-pedagio-para-ir-na-praia\/#primaryimage\",\"url\":\"https:\/\/cdn.crusoe.com.br\/uploads\/2025\/09\/SO2-5-1080x675-1.png\",\"contentUrl\":\"https:\/\/cdn.crusoe.com.br\/uploads\/2025\/09\/SO2-5-1080x675-1.png\",\"width\":1080,\"height\":675,\"caption\":\"Foto: Setcesp\"},{\"@type\":\"BreadcrumbList\",\"@id\":\"https:\/\/crusoe.audiencelabs.com.br\/moradores-foram-notificados-da-decisao-pagamento-de-pedagio-para-ir-na-praia\/#breadcrumb\",\"itemListElement\":[{\"@type\":\"ListItem\",\"position\":1,\"name\":\"Home\",\"item\":\"https:\/\/crusoe.audiencelabs.com.br\/\"},{\"@type\":\"ListItem\",\"position\":2,\"name\":\"Moradores foram notificados da decis\u00e3o: pagamento de ped\u00e1gio para ir na praia\"}]},{\"@type\":\"WebSite\",\"@id\":\"https:\/\/crusoe.audiencelabs.com.br\/#website\",\"url\":\"https:\/\/crusoe.audiencelabs.com.br\/\",\"name\":\"Variedades - Cruso\u00e9\",\"description\":\"\",\"potentialAction\":[{\"@type\":\"SearchAction\",\"target\":{\"@type\":\"EntryPoint\",\"urlTemplate\":\"https:\/\/crusoe.audiencelabs.com.br\/?s={search_term_string}\"},\"query-input\":{\"@type\":\"PropertyValueSpecification\",\"valueRequired\":true,\"valueName\":\"search_term_string\"}}],\"inLanguage\":\"pt-BR\"},{\"@type\":\"Person\",\"@id\":\"https:\/\/crusoe.audiencelabs.com.br\/#\/schema\/person\/f87f73cfe89e5360de2c006bd4bd6a74\",\"name\":\"Milena Armando\",\"image\":{\"@type\":\"ImageObject\",\"inLanguage\":\"pt-BR\",\"@id\":\"https:\/\/crusoe.audiencelabs.com.br\/#\/schema\/person\/image\/\",\"url\":\"https:\/\/secure.gravatar.com\/avatar\/ea14ecddc9e9d202b698b18f9f69e09c9fd74cfbed5c6008d55f11faefdbdab7?s=96&d=mm&r=g\",\"contentUrl\":\"https:\/\/secure.gravatar.com\/avatar\/ea14ecddc9e9d202b698b18f9f69e09c9fd74cfbed5c6008d55f11faefdbdab7?s=96&d=mm&r=g\",\"caption\":\"Milena Armando\"},\"description\":\"Jornalista, redatora e revisora.\",\"url\":\"https:\/\/crusoe.audiencelabs.com.br\/author\/milena\/\"}]}<\/script>\n<!-- \/ Yoast SEO plugin. -->","yoast_head_json":{"title":"Moradores foram notificados da decis\u00e3o: pagamento de ped\u00e1gio para ir na praia","robots":{"index":"index","follow":"follow","max-snippet":"max-snippet:-1","max-image-preview":"max-image-preview:large","max-video-preview":"max-video-preview:-1"},"canonical":"https:\/\/crusoe.audiencelabs.com.br\/moradores-foram-notificados-da-decisao-pagamento-de-pedagio-para-ir-na-praia\/","og_locale":"pt_BR","og_type":"article","og_title":"Moradores foram notificados da decis\u00e3o: pagamento de ped\u00e1gio para ir na praia","og_description":"As viagens dos mineiros ao litoral do Esp\u00edrito Santo e ao sul da Bahia sofreram impacto financeiro desde o \u00faltimo s\u00e1bado (27) com a cobran\u00e7a de ped\u00e1gio na BR-381.&nbsp; Localizados nos km 411, em Caet\u00e9, e km 345, em Jo\u00e3o Monlevade, esses ped\u00e1gios introduzem novos custos tanto para turistas quanto para trabalhadores que dependem diariamente [&hellip;]","og_url":"https:\/\/crusoe.audiencelabs.com.br\/moradores-foram-notificados-da-decisao-pagamento-de-pedagio-para-ir-na-praia\/","og_site_name":"Variedades - Cruso\u00e9","article_published_time":"2025-09-30T22:00:00+00:00","og_image":[{"width":1080,"height":675,"url":"https:\/\/cdn.crusoe.com.br\/uploads\/2025\/09\/SO2-5-1080x675-1.png","type":"image\/png"}],"author":"Milena Armando","twitter_card":"summary_large_image","twitter_misc":{"Escrito por":"Milena Armando","Est. tempo de leitura":"2 minutos"},"schema":{"@context":"https:\/\/schema.org","@graph":[{"@type":"WebPage","@id":"https:\/\/crusoe.audiencelabs.com.br\/moradores-foram-notificados-da-decisao-pagamento-de-pedagio-para-ir-na-praia\/","url":"https:\/\/crusoe.audiencelabs.com.br\/moradores-foram-notificados-da-decisao-pagamento-de-pedagio-para-ir-na-praia\/","name":"Moradores foram notificados da decis\u00e3o: pagamento de ped\u00e1gio para ir na praia","isPartOf":{"@id":"https:\/\/crusoe.audiencelabs.com.br\/#website"},"primaryImageOfPage":{"@id":"https:\/\/crusoe.audiencelabs.com.br\/moradores-foram-notificados-da-decisao-pagamento-de-pedagio-para-ir-na-praia\/#primaryimage"},"image":{"@id":"https:\/\/crusoe.audiencelabs.com.br\/moradores-foram-notificados-da-decisao-pagamento-de-pedagio-para-ir-na-praia\/#primaryimage"},"thumbnailUrl":"https:\/\/cdn.crusoe.com.br\/uploads\/2025\/09\/SO2-5-1080x675-1.png","datePublished":"2025-09-30T22:00:00+00:00","author":{"@id":"https:\/\/crusoe.audiencelabs.com.br\/#\/schema\/person\/f87f73cfe89e5360de2c006bd4bd6a74"},"breadcrumb":{"@id":"https:\/\/crusoe.audiencelabs.com.br\/moradores-foram-notificados-da-decisao-pagamento-de-pedagio-para-ir-na-praia\/#breadcrumb"},"inLanguage":"pt-BR","potentialAction":[{"@type":"ReadAction","target":["https:\/\/crusoe.audiencelabs.com.br\/moradores-foram-notificados-da-decisao-pagamento-de-pedagio-para-ir-na-praia\/"]}]},{"@type":"ImageObject","inLanguage":"pt-BR","@id":"https:\/\/crusoe.audiencelabs.com.br\/moradores-foram-notificados-da-decisao-pagamento-de-pedagio-para-ir-na-praia\/#primaryimage","url":"https:\/\/cdn.crusoe.com.br\/uploads\/2025\/09\/SO2-5-1080x675-1.png","contentUrl":"https:\/\/cdn.crusoe.com.br\/uploads\/2025\/09\/SO2-5-1080x675-1.png","width":1080,"height":675,"caption":"Foto: Setcesp"},{"@type":"BreadcrumbList","@id":"https:\/\/crusoe.audiencelabs.com.br\/moradores-foram-notificados-da-decisao-pagamento-de-pedagio-para-ir-na-praia\/#breadcrumb","itemListElement":[{"@type":"ListItem","position":1,"name":"Home","item":"https:\/\/crusoe.audiencelabs.com.br\/"},{"@type":"ListItem","position":2,"name":"Moradores foram notificados da decis\u00e3o: pagamento de ped\u00e1gio para ir na praia"}]},{"@type":"WebSite","@id":"https:\/\/crusoe.audiencelabs.com.br\/#website","url":"https:\/\/crusoe.audiencelabs.com.br\/","name":"Variedades - Cruso\u00e9","description":"","potentialAction":[{"@type":"SearchAction","target":{"@type":"EntryPoint","urlTemplate":"https:\/\/crusoe.audiencelabs.com.br\/?s={search_term_string}"},"query-input":{"@type":"PropertyValueSpecification","valueRequired":true,"valueName":"search_term_string"}}],"inLanguage":"pt-BR"},{"@type":"Person","@id":"https:\/\/crusoe.audiencelabs.com.br\/#\/schema\/person\/f87f73cfe89e5360de2c006bd4bd6a74","name":"Milena Armando","image":{"@type":"ImageObject","inLanguage":"pt-BR","@id":"https:\/\/crusoe.audiencelabs.com.br\/#\/schema\/person\/image\/","url":"https:\/\/secure.gravatar.com\/avatar\/ea14ecddc9e9d202b698b18f9f69e09c9fd74cfbed5c6008d55f11faefdbdab7?s=96&d=mm&r=g","contentUrl":"https:\/\/secure.gravatar.com\/avatar\/ea14ecddc9e9d202b698b18f9f69e09c9fd74cfbed5c6008d55f11faefdbdab7?s=96&d=mm&r=g","caption":"Milena Armando"},"description":"Jornalista, redatora e revisora.","url":"https:\/\/crusoe.audiencelabs.com.br\/author\/milena\/"}]}},"_links":{"self":[{"href":"https:\/\/crusoe.audiencelabs.com.br\/wp-json\/wp\/v2\/posts\/18225","targetHints":{"allow":["GET"]}}],"collection":[{"href":"https:\/\/crusoe.audiencelabs.com.br\/wp-json\/wp\/v2\/posts"}],"about":[{"href":"https:\/\/crusoe.audiencelabs.com.br\/wp-json\/wp\/v2\/types\/post"}],"author":[{"embeddable":true,"href":"https:\/\/crusoe.audiencelabs.com.br\/wp-json\/wp\/v2\/users\/5"}],"replies":[{"embeddable":true,"href":"https:\/\/crusoe.audiencelabs.com.br\/wp-json\/wp\/v2\/comments?post=18225"}],"version-history":[{"count":1,"href":"https:\/\/crusoe.audiencelabs.com.br\/wp-json\/wp\/v2\/posts\/18225\/revisions"}],"predecessor-version":[{"id":18227,"href":"https:\/\/crusoe.audiencelabs.com.br\/wp-json\/wp\/v2\/posts\/18225\/revisions\/18227"}],"wp:featuredmedia":[{"embeddable":true,"href":"https:\/\/crusoe.audiencelabs.com.br\/wp-json\/wp\/v2\/media\/18226"}],"wp:attachment":[{"href":"https:\/\/crusoe.audiencelabs.com.br\/wp-json\/wp\/v2\/media?parent=18225"}],"wp:term":[{"taxonomy":"category","embeddable":true,"href":"https:\/\/crusoe.audiencelabs.com.br\/wp-json\/wp\/v2\/categories?post=18225"},{"taxonomy":"post_tag","embeddable":true,"href":"https:\/\/crusoe.audiencelabs.com.br\/wp-json\/wp\/v2\/tags?post=18225"}],"curies":[{"name":"wp","href":"https:\/\/api.w.org\/{rel}","templated":true}]}}