{"id":18106,"date":"2025-09-29T17:00:00","date_gmt":"2025-09-29T20:00:00","guid":{"rendered":"https:\/\/crusoe.audiencelabs.com.br\/?p=18106"},"modified":"2025-09-29T05:45:07","modified_gmt":"2025-09-29T08:45:07","slug":"no-pacifico-uma-ilha-esta-invadida-por-cobras-e-aranhas-o-que-aconteceu-e-por-que-e-foco-de-investigacoes","status":"publish","type":"post","link":"https:\/\/crusoe.audiencelabs.com.br\/no-pacifico-uma-ilha-esta-invadida-por-cobras-e-aranhas-o-que-aconteceu-e-por-que-e-foco-de-investigacoes\/","title":{"rendered":"No Pac\u00edfico, uma ilha est\u00e1 invadida por cobras e aranhas: o que aconteceu e por que \u00e9 foco de investiga\u00e7\u00f5es"},"content":{"rendered":"\n<p>A<strong> ilha de Guam<\/strong>, situada no Oceano Pac\u00edfico, a cerca de 2.500 km a leste das Filipinas, est\u00e1 enfrentando um desastre ecol\u00f3gico sem precedentes. <\/p>\n\n\n\n<p>Nos anos 1940, a <strong>serpente arb\u00f3rea marrom<\/strong> (Boiga irregularis) foi introduzida acidentalmente, possivelmente atrav\u00e9s de carregamentos militares.<\/p>\n\n\n\n<p>Sem predadores naturais, essas serpentes proliferaram, ultrapassando dois milh\u00f5es de indiv\u00edduos e dizimando a fauna local. Esta invas\u00e3o resultou na extin\u00e7\u00e3o de 10 das 12 esp\u00e9cies nativas de aves, essencial para a regenera\u00e7\u00e3o das florestas da ilha.<\/p>\n\n\n\n<h2 class=\"wp-block-heading\">A transforma\u00e7\u00e3o do ecossistema<\/h2>\n\n\n\n<p>A perda das aves em Guam gerou amplas consequ\u00eancias ecol\u00f3gicas. Sem a dispers\u00e3o natural de sementes, aproximadamente 70% da vegeta\u00e7\u00e3o da ilha est\u00e1 amea\u00e7ada de extin\u00e7\u00e3o.&nbsp;<\/p>\n\n\n\n<p>Al\u00e9m disso, a aus\u00eancia dessas aves permitiu a <strong>explos\u00e3o populacional de aranhas<\/strong>, alterando ainda mais o equil\u00edbrio do ecossistema.&nbsp;<\/p>\n\n\n\n<p>Este caso se tornou um estudo de como a introdu\u00e7\u00e3o de uma \u00fanica esp\u00e9cie invasora pode desestabilizar um ambiente insular vulner\u00e1vel.<\/p>\n\n\n\n<h2 class=\"wp-block-heading\">Estrat\u00e9gias de controle<\/h2>\n\n\n\n<p>Diante do impacto devastador, esfor\u00e7os cont\u00ednuos est\u00e3o em pr\u00e1tica na tentativa de controlar a popula\u00e7\u00e3o de serpentes.&nbsp;<\/p>\n\n\n\n<p>Entre as iniciativas, est\u00e3o o uso de iscas envenenadas com paracetamol, uma abordagem inovadora, mas de dif\u00edcil aplica\u00e7\u00e3o devido ao terreno acidentado de Guam.&nbsp;<\/p>\n\n\n\n<p>A remo\u00e7\u00e3o manual e o uso de armadilhas tamb\u00e9m fazem parte das estrat\u00e9gias. Contudo, mesmo com essas medidas, restaurar o equil\u00edbrio ecol\u00f3gico perdido \u00e9 uma tarefa complexa.<\/p>\n\n\n\n<h2 class=\"wp-block-heading\">Perspectivas para o futuro da ilha de Guam<\/h2>\n\n\n\n<p>Cientistas e autoridades locais continuam a busca por solu\u00e7\u00f5es mais eficazes que possam reverter este cen\u00e1rio. A expectativa est\u00e1 em novos estudos e tecnologias que possam facilitar o controle dessa esp\u00e9cie invasora.&nbsp;<\/p>\n\n\n\n<p>Enquanto isso, a situa\u00e7\u00e3o em Guam serve como um alerta global sobre os impactos de esp\u00e9cies invasoras, especialmente em ilhas onde o ecossistema \u00e9 particularmente fr\u00e1gil.<\/p>\n\n\n\n<p>Cientistas esperam que novas solu\u00e7\u00f5es, combinando t\u00e9cnicas tradicionais e emergentes, ajudem a restabelecer o equil\u00edbrio ambiental da ilha.<\/p>\n","protected":false},"excerpt":{"rendered":"<p>A ilha de Guam, situada no Oceano Pac\u00edfico, a cerca de 2.500 km a leste das Filipinas, est\u00e1 enfrentando um desastre ecol\u00f3gico sem precedentes. Nos anos 1940, a serpente arb\u00f3rea marrom (Boiga irregularis) foi introduzida acidentalmente, possivelmente atrav\u00e9s de carregamentos militares. Sem predadores naturais, essas serpentes proliferaram, ultrapassando dois milh\u00f5es de indiv\u00edduos e dizimando a [&hellip;]<\/p>\n","protected":false},"author":5,"featured_media":18107,"comment_status":"open","ping_status":"open","sticky":false,"template":"","format":"standard","meta":{"jnews-multi-image_gallery":[],"jnews_single_post":{"format":"standard"},"jnews_primary_category":[],"jnews_override_counter":[],"jnews_post_split":[],"footnotes":""},"categories":[1],"tags":[2892,2891],"class_list":["post-18106","post","type-post","status-publish","format-standard","has-post-thumbnail","hentry","category-geral","tag-cobras","tag-ilha-de-guam"],"yoast_head":"<!-- This site is optimized with the Yoast SEO plugin v25.0 - https:\/\/yoast.com\/wordpress\/plugins\/seo\/ -->\n<title>No Pac\u00edfico, uma ilha est\u00e1 invadida por cobras e aranhas: o que aconteceu e por que \u00e9 foco de investiga\u00e7\u00f5es<\/title>\n<meta name=\"robots\" content=\"index, follow, max-snippet:-1, max-image-preview:large, max-video-preview:-1\" \/>\n<link rel=\"canonical\" href=\"https:\/\/crusoe.audiencelabs.com.br\/no-pacifico-uma-ilha-esta-invadida-por-cobras-e-aranhas-o-que-aconteceu-e-por-que-e-foco-de-investigacoes\/\" \/>\n<meta property=\"og:locale\" content=\"pt_BR\" \/>\n<meta property=\"og:type\" content=\"article\" \/>\n<meta property=\"og:title\" content=\"No Pac\u00edfico, uma ilha est\u00e1 invadida por cobras e aranhas: o que aconteceu e por que \u00e9 foco de investiga\u00e7\u00f5es\" \/>\n<meta property=\"og:description\" content=\"A ilha de Guam, situada no Oceano Pac\u00edfico, a cerca de 2.500 km a leste das Filipinas, est\u00e1 enfrentando um desastre ecol\u00f3gico sem precedentes. Nos anos 1940, a serpente arb\u00f3rea marrom (Boiga irregularis) foi introduzida acidentalmente, possivelmente atrav\u00e9s de carregamentos militares. Sem predadores naturais, essas serpentes proliferaram, ultrapassando dois milh\u00f5es de indiv\u00edduos e dizimando a [&hellip;]\" \/>\n<meta property=\"og:url\" content=\"https:\/\/crusoe.audiencelabs.com.br\/no-pacifico-uma-ilha-esta-invadida-por-cobras-e-aranhas-o-que-aconteceu-e-por-que-e-foco-de-investigacoes\/\" \/>\n<meta property=\"og:site_name\" content=\"Variedades - Cruso\u00e9\" \/>\n<meta property=\"article:published_time\" content=\"2025-09-29T20:00:00+00:00\" \/>\n<meta property=\"og:image\" content=\"https:\/\/cdn.crusoe.com.br\/uploads\/2025\/09\/cobra-arborea-marrom-boiga-irregularis-no-tronco-de-arvore-1731877394246_v2_4x3.jpg\" \/>\n\t<meta property=\"og:image:width\" content=\"910\" \/>\n\t<meta property=\"og:image:height\" content=\"682\" \/>\n\t<meta property=\"og:image:type\" content=\"image\/jpeg\" \/>\n<meta name=\"author\" content=\"Milena Armando\" \/>\n<meta name=\"twitter:card\" content=\"summary_large_image\" \/>\n<meta name=\"twitter:label1\" content=\"Escrito por\" \/>\n\t<meta name=\"twitter:data1\" content=\"Milena Armando\" \/>\n\t<meta name=\"twitter:label2\" content=\"Est. tempo de leitura\" \/>\n\t<meta name=\"twitter:data2\" content=\"2 minutos\" \/>\n<script type=\"application\/ld+json\" class=\"yoast-schema-graph\">{\"@context\":\"https:\/\/schema.org\",\"@graph\":[{\"@type\":\"WebPage\",\"@id\":\"https:\/\/crusoe.audiencelabs.com.br\/no-pacifico-uma-ilha-esta-invadida-por-cobras-e-aranhas-o-que-aconteceu-e-por-que-e-foco-de-investigacoes\/\",\"url\":\"https:\/\/crusoe.audiencelabs.com.br\/no-pacifico-uma-ilha-esta-invadida-por-cobras-e-aranhas-o-que-aconteceu-e-por-que-e-foco-de-investigacoes\/\",\"name\":\"No Pac\u00edfico, uma ilha est\u00e1 invadida por cobras e aranhas: o que aconteceu e por que \u00e9 foco de investiga\u00e7\u00f5es\",\"isPartOf\":{\"@id\":\"https:\/\/crusoe.audiencelabs.com.br\/#website\"},\"primaryImageOfPage\":{\"@id\":\"https:\/\/crusoe.audiencelabs.com.br\/no-pacifico-uma-ilha-esta-invadida-por-cobras-e-aranhas-o-que-aconteceu-e-por-que-e-foco-de-investigacoes\/#primaryimage\"},\"image\":{\"@id\":\"https:\/\/crusoe.audiencelabs.com.br\/no-pacifico-uma-ilha-esta-invadida-por-cobras-e-aranhas-o-que-aconteceu-e-por-que-e-foco-de-investigacoes\/#primaryimage\"},\"thumbnailUrl\":\"https:\/\/cdn.crusoe.com.br\/uploads\/2025\/09\/cobra-arborea-marrom-boiga-irregularis-no-tronco-de-arvore-1731877394246_v2_4x3.jpg\",\"datePublished\":\"2025-09-29T20:00:00+00:00\",\"author\":{\"@id\":\"https:\/\/crusoe.audiencelabs.com.br\/#\/schema\/person\/f87f73cfe89e5360de2c006bd4bd6a74\"},\"breadcrumb\":{\"@id\":\"https:\/\/crusoe.audiencelabs.com.br\/no-pacifico-uma-ilha-esta-invadida-por-cobras-e-aranhas-o-que-aconteceu-e-por-que-e-foco-de-investigacoes\/#breadcrumb\"},\"inLanguage\":\"pt-BR\",\"potentialAction\":[{\"@type\":\"ReadAction\",\"target\":[\"https:\/\/crusoe.audiencelabs.com.br\/no-pacifico-uma-ilha-esta-invadida-por-cobras-e-aranhas-o-que-aconteceu-e-por-que-e-foco-de-investigacoes\/\"]}]},{\"@type\":\"ImageObject\",\"inLanguage\":\"pt-BR\",\"@id\":\"https:\/\/crusoe.audiencelabs.com.br\/no-pacifico-uma-ilha-esta-invadida-por-cobras-e-aranhas-o-que-aconteceu-e-por-que-e-foco-de-investigacoes\/#primaryimage\",\"url\":\"https:\/\/cdn.crusoe.com.br\/uploads\/2025\/09\/cobra-arborea-marrom-boiga-irregularis-no-tronco-de-arvore-1731877394246_v2_4x3.jpg\",\"contentUrl\":\"https:\/\/cdn.crusoe.com.br\/uploads\/2025\/09\/cobra-arborea-marrom-boiga-irregularis-no-tronco-de-arvore-1731877394246_v2_4x3.jpg\",\"width\":910,\"height\":682,\"caption\":\"Foto: UOL\"},{\"@type\":\"BreadcrumbList\",\"@id\":\"https:\/\/crusoe.audiencelabs.com.br\/no-pacifico-uma-ilha-esta-invadida-por-cobras-e-aranhas-o-que-aconteceu-e-por-que-e-foco-de-investigacoes\/#breadcrumb\",\"itemListElement\":[{\"@type\":\"ListItem\",\"position\":1,\"name\":\"Home\",\"item\":\"https:\/\/crusoe.audiencelabs.com.br\/\"},{\"@type\":\"ListItem\",\"position\":2,\"name\":\"No Pac\u00edfico, uma ilha est\u00e1 invadida por cobras e aranhas: o que aconteceu e por que \u00e9 foco de investiga\u00e7\u00f5es\"}]},{\"@type\":\"WebSite\",\"@id\":\"https:\/\/crusoe.audiencelabs.com.br\/#website\",\"url\":\"https:\/\/crusoe.audiencelabs.com.br\/\",\"name\":\"Variedades - Cruso\u00e9\",\"description\":\"\",\"potentialAction\":[{\"@type\":\"SearchAction\",\"target\":{\"@type\":\"EntryPoint\",\"urlTemplate\":\"https:\/\/crusoe.audiencelabs.com.br\/?s={search_term_string}\"},\"query-input\":{\"@type\":\"PropertyValueSpecification\",\"valueRequired\":true,\"valueName\":\"search_term_string\"}}],\"inLanguage\":\"pt-BR\"},{\"@type\":\"Person\",\"@id\":\"https:\/\/crusoe.audiencelabs.com.br\/#\/schema\/person\/f87f73cfe89e5360de2c006bd4bd6a74\",\"name\":\"Milena Armando\",\"image\":{\"@type\":\"ImageObject\",\"inLanguage\":\"pt-BR\",\"@id\":\"https:\/\/crusoe.audiencelabs.com.br\/#\/schema\/person\/image\/\",\"url\":\"https:\/\/secure.gravatar.com\/avatar\/ea14ecddc9e9d202b698b18f9f69e09c9fd74cfbed5c6008d55f11faefdbdab7?s=96&d=mm&r=g\",\"contentUrl\":\"https:\/\/secure.gravatar.com\/avatar\/ea14ecddc9e9d202b698b18f9f69e09c9fd74cfbed5c6008d55f11faefdbdab7?s=96&d=mm&r=g\",\"caption\":\"Milena Armando\"},\"description\":\"Jornalista, redatora e revisora.\",\"url\":\"https:\/\/crusoe.audiencelabs.com.br\/author\/milena\/\"}]}<\/script>\n<!-- \/ Yoast SEO plugin. -->","yoast_head_json":{"title":"No Pac\u00edfico, uma ilha est\u00e1 invadida por cobras e aranhas: o que aconteceu e por que \u00e9 foco de investiga\u00e7\u00f5es","robots":{"index":"index","follow":"follow","max-snippet":"max-snippet:-1","max-image-preview":"max-image-preview:large","max-video-preview":"max-video-preview:-1"},"canonical":"https:\/\/crusoe.audiencelabs.com.br\/no-pacifico-uma-ilha-esta-invadida-por-cobras-e-aranhas-o-que-aconteceu-e-por-que-e-foco-de-investigacoes\/","og_locale":"pt_BR","og_type":"article","og_title":"No Pac\u00edfico, uma ilha est\u00e1 invadida por cobras e aranhas: o que aconteceu e por que \u00e9 foco de investiga\u00e7\u00f5es","og_description":"A ilha de Guam, situada no Oceano Pac\u00edfico, a cerca de 2.500 km a leste das Filipinas, est\u00e1 enfrentando um desastre ecol\u00f3gico sem precedentes. Nos anos 1940, a serpente arb\u00f3rea marrom (Boiga irregularis) foi introduzida acidentalmente, possivelmente atrav\u00e9s de carregamentos militares. Sem predadores naturais, essas serpentes proliferaram, ultrapassando dois milh\u00f5es de indiv\u00edduos e dizimando a [&hellip;]","og_url":"https:\/\/crusoe.audiencelabs.com.br\/no-pacifico-uma-ilha-esta-invadida-por-cobras-e-aranhas-o-que-aconteceu-e-por-que-e-foco-de-investigacoes\/","og_site_name":"Variedades - Cruso\u00e9","article_published_time":"2025-09-29T20:00:00+00:00","og_image":[{"width":910,"height":682,"url":"https:\/\/cdn.crusoe.com.br\/uploads\/2025\/09\/cobra-arborea-marrom-boiga-irregularis-no-tronco-de-arvore-1731877394246_v2_4x3.jpg","type":"image\/jpeg"}],"author":"Milena Armando","twitter_card":"summary_large_image","twitter_misc":{"Escrito por":"Milena Armando","Est. tempo de leitura":"2 minutos"},"schema":{"@context":"https:\/\/schema.org","@graph":[{"@type":"WebPage","@id":"https:\/\/crusoe.audiencelabs.com.br\/no-pacifico-uma-ilha-esta-invadida-por-cobras-e-aranhas-o-que-aconteceu-e-por-que-e-foco-de-investigacoes\/","url":"https:\/\/crusoe.audiencelabs.com.br\/no-pacifico-uma-ilha-esta-invadida-por-cobras-e-aranhas-o-que-aconteceu-e-por-que-e-foco-de-investigacoes\/","name":"No Pac\u00edfico, uma ilha est\u00e1 invadida por cobras e aranhas: o que aconteceu e por que \u00e9 foco de investiga\u00e7\u00f5es","isPartOf":{"@id":"https:\/\/crusoe.audiencelabs.com.br\/#website"},"primaryImageOfPage":{"@id":"https:\/\/crusoe.audiencelabs.com.br\/no-pacifico-uma-ilha-esta-invadida-por-cobras-e-aranhas-o-que-aconteceu-e-por-que-e-foco-de-investigacoes\/#primaryimage"},"image":{"@id":"https:\/\/crusoe.audiencelabs.com.br\/no-pacifico-uma-ilha-esta-invadida-por-cobras-e-aranhas-o-que-aconteceu-e-por-que-e-foco-de-investigacoes\/#primaryimage"},"thumbnailUrl":"https:\/\/cdn.crusoe.com.br\/uploads\/2025\/09\/cobra-arborea-marrom-boiga-irregularis-no-tronco-de-arvore-1731877394246_v2_4x3.jpg","datePublished":"2025-09-29T20:00:00+00:00","author":{"@id":"https:\/\/crusoe.audiencelabs.com.br\/#\/schema\/person\/f87f73cfe89e5360de2c006bd4bd6a74"},"breadcrumb":{"@id":"https:\/\/crusoe.audiencelabs.com.br\/no-pacifico-uma-ilha-esta-invadida-por-cobras-e-aranhas-o-que-aconteceu-e-por-que-e-foco-de-investigacoes\/#breadcrumb"},"inLanguage":"pt-BR","potentialAction":[{"@type":"ReadAction","target":["https:\/\/crusoe.audiencelabs.com.br\/no-pacifico-uma-ilha-esta-invadida-por-cobras-e-aranhas-o-que-aconteceu-e-por-que-e-foco-de-investigacoes\/"]}]},{"@type":"ImageObject","inLanguage":"pt-BR","@id":"https:\/\/crusoe.audiencelabs.com.br\/no-pacifico-uma-ilha-esta-invadida-por-cobras-e-aranhas-o-que-aconteceu-e-por-que-e-foco-de-investigacoes\/#primaryimage","url":"https:\/\/cdn.crusoe.com.br\/uploads\/2025\/09\/cobra-arborea-marrom-boiga-irregularis-no-tronco-de-arvore-1731877394246_v2_4x3.jpg","contentUrl":"https:\/\/cdn.crusoe.com.br\/uploads\/2025\/09\/cobra-arborea-marrom-boiga-irregularis-no-tronco-de-arvore-1731877394246_v2_4x3.jpg","width":910,"height":682,"caption":"Foto: UOL"},{"@type":"BreadcrumbList","@id":"https:\/\/crusoe.audiencelabs.com.br\/no-pacifico-uma-ilha-esta-invadida-por-cobras-e-aranhas-o-que-aconteceu-e-por-que-e-foco-de-investigacoes\/#breadcrumb","itemListElement":[{"@type":"ListItem","position":1,"name":"Home","item":"https:\/\/crusoe.audiencelabs.com.br\/"},{"@type":"ListItem","position":2,"name":"No Pac\u00edfico, uma ilha est\u00e1 invadida por cobras e aranhas: o que aconteceu e por que \u00e9 foco de investiga\u00e7\u00f5es"}]},{"@type":"WebSite","@id":"https:\/\/crusoe.audiencelabs.com.br\/#website","url":"https:\/\/crusoe.audiencelabs.com.br\/","name":"Variedades - Cruso\u00e9","description":"","potentialAction":[{"@type":"SearchAction","target":{"@type":"EntryPoint","urlTemplate":"https:\/\/crusoe.audiencelabs.com.br\/?s={search_term_string}"},"query-input":{"@type":"PropertyValueSpecification","valueRequired":true,"valueName":"search_term_string"}}],"inLanguage":"pt-BR"},{"@type":"Person","@id":"https:\/\/crusoe.audiencelabs.com.br\/#\/schema\/person\/f87f73cfe89e5360de2c006bd4bd6a74","name":"Milena Armando","image":{"@type":"ImageObject","inLanguage":"pt-BR","@id":"https:\/\/crusoe.audiencelabs.com.br\/#\/schema\/person\/image\/","url":"https:\/\/secure.gravatar.com\/avatar\/ea14ecddc9e9d202b698b18f9f69e09c9fd74cfbed5c6008d55f11faefdbdab7?s=96&d=mm&r=g","contentUrl":"https:\/\/secure.gravatar.com\/avatar\/ea14ecddc9e9d202b698b18f9f69e09c9fd74cfbed5c6008d55f11faefdbdab7?s=96&d=mm&r=g","caption":"Milena Armando"},"description":"Jornalista, redatora e revisora.","url":"https:\/\/crusoe.audiencelabs.com.br\/author\/milena\/"}]}},"_links":{"self":[{"href":"https:\/\/crusoe.audiencelabs.com.br\/wp-json\/wp\/v2\/posts\/18106","targetHints":{"allow":["GET"]}}],"collection":[{"href":"https:\/\/crusoe.audiencelabs.com.br\/wp-json\/wp\/v2\/posts"}],"about":[{"href":"https:\/\/crusoe.audiencelabs.com.br\/wp-json\/wp\/v2\/types\/post"}],"author":[{"embeddable":true,"href":"https:\/\/crusoe.audiencelabs.com.br\/wp-json\/wp\/v2\/users\/5"}],"replies":[{"embeddable":true,"href":"https:\/\/crusoe.audiencelabs.com.br\/wp-json\/wp\/v2\/comments?post=18106"}],"version-history":[{"count":2,"href":"https:\/\/crusoe.audiencelabs.com.br\/wp-json\/wp\/v2\/posts\/18106\/revisions"}],"predecessor-version":[{"id":18109,"href":"https:\/\/crusoe.audiencelabs.com.br\/wp-json\/wp\/v2\/posts\/18106\/revisions\/18109"}],"wp:featuredmedia":[{"embeddable":true,"href":"https:\/\/crusoe.audiencelabs.com.br\/wp-json\/wp\/v2\/media\/18107"}],"wp:attachment":[{"href":"https:\/\/crusoe.audiencelabs.com.br\/wp-json\/wp\/v2\/media?parent=18106"}],"wp:term":[{"taxonomy":"category","embeddable":true,"href":"https:\/\/crusoe.audiencelabs.com.br\/wp-json\/wp\/v2\/categories?post=18106"},{"taxonomy":"post_tag","embeddable":true,"href":"https:\/\/crusoe.audiencelabs.com.br\/wp-json\/wp\/v2\/tags?post=18106"}],"curies":[{"name":"wp","href":"https:\/\/api.w.org\/{rel}","templated":true}]}}