{"id":18015,"date":"2025-09-28T17:30:00","date_gmt":"2025-09-28T20:30:00","guid":{"rendered":"https:\/\/crusoe.audiencelabs.com.br\/?p=18015"},"modified":"2025-09-26T08:20:13","modified_gmt":"2025-09-26T11:20:13","slug":"e-a-partir-desse-momento-que-voce-deve-comecar-a-economizar-para-o-natal","status":"publish","type":"post","link":"https:\/\/crusoe.audiencelabs.com.br\/e-a-partir-desse-momento-que-voce-deve-comecar-a-economizar-para-o-natal\/","title":{"rendered":"\u00c9 a partir desse momento que voc\u00ea deve come\u00e7ar a economizar para o natal"},"content":{"rendered":"\n<p>\u00c0 medida que o ano chega ao fim, muitos brasileiros enfrentam o desafio de conciliar os gastos das festas de <strong>Natal<\/strong> e Ano Novo com o or\u00e7amento da fam\u00edlia.<\/p>\n\n\n\n<p>O ideal \u00e9 iniciar a economia para o Natal com bastante anteced\u00eancia. Definir um or\u00e7amento j\u00e1 em <strong>outubro<\/strong>, ou <strong>at\u00e9 no in\u00edcio do segundo semestre<\/strong>, ajuda a se organizar melhor e a aproveitar promo\u00e7\u00f5es importantes, como as da Black Friday em novembro.&nbsp;<\/p>\n\n\n\n<p>Esse planejamento pr\u00e9vio evita compras de \u00faltima hora, que geralmente s\u00e3o mais caras, e permite distribuir o valor total de forma equilibrada entre presentes, decora\u00e7\u00e3o, ceia e demais despesas. Confira dicas para economizar com os gastos de fim de ano.&nbsp;<\/p>\n\n\n\n<h2 class=\"wp-block-heading\">Planeje suas finan\u00e7as<\/h2>\n\n\n\n<p>Um<strong> planejamento financeiro<\/strong> cuidadoso pode prevenir surpresas desagrad\u00e1veis no in\u00edcio do ano. <strong>Fazer listas detalhadas <\/strong>de compras ajuda a controlar o impulso. <strong>Defina um or\u00e7amento fixo <\/strong>para cada item e resista \u00e0 tenta\u00e7\u00e3o de gastar mais.\u00a0<\/p>\n\n\n\n<p>Use<strong> programas de cashback<\/strong> e<strong> cupons de desconto<\/strong>, que permitem receber parte do valor de volta, maximizando suas economias. Al\u00e9m disso, muitos aplicativos publicam c\u00f3digos promocionais que podem ser usados tanto em compras em lojas f\u00edsicas quanto em e-commerce.&nbsp;<\/p>\n\n\n\n<h2 class=\"wp-block-heading\">Alternativas criativas para presentes e gastos com a ceia<\/h2>\n\n\n\n<p>Optar por <strong>presentes personalizados<\/strong> \u00e9 outra maneira de economizar. Criar um presente feito \u00e0 m\u00e3o ou oferecer uma experi\u00eancia, como um jantar ou sess\u00e3o de cinema em casa, pode ser mais especial e barato do que presentes materiais.&nbsp;<\/p>\n\n\n\n<p>Para a ceia de Natal,<strong> planeje com anteced\u00eancia<\/strong>. Compre alimentos n\u00e3o perec\u00edveis antes do aumento de pre\u00e7os t\u00edpico de dezembro. Comprar em atacado pode resultar em custos menores. Assim, voc\u00ea assegura que tudo estar\u00e1 dispon\u00edvel para as festividades sem estourar o or\u00e7amento.<\/p>\n\n\n\n<h2 class=\"wp-block-heading\">Vantagens das compras locais<\/h2>\n\n\n\n<p><strong>Comprar em lojas locais ou pequenas empresas<\/strong>, em vez de grandes redes, pode oferecer pre\u00e7os mais baixos. Pequenos comerciantes frequentemente disponibilizam produtos exclusivos, refor\u00e7ando a economia local. <\/p>\n\n\n\n<p>Adicionalmente,<strong> pagar \u00e0 vista <\/strong>pode render descontos extras, ao contr\u00e1rio do parcelamento, que pode levar ao endividamento a longo prazo.<\/p>\n\n\n\n<p>As compras de fim de ano devem trazer alegria, n\u00e3o preocupa\u00e7\u00e3o. Com estas estrat\u00e9gias, \u00e9 poss\u00edvel manter o controle das finan\u00e7as sem comprometer a qualidade das festividades.&nbsp;<\/p>\n","protected":false},"excerpt":{"rendered":"<p>\u00c0 medida que o ano chega ao fim, muitos brasileiros enfrentam o desafio de conciliar os gastos das festas de Natal e Ano Novo com o or\u00e7amento da fam\u00edlia. O ideal \u00e9 iniciar a economia para o Natal com bastante anteced\u00eancia. Definir um or\u00e7amento j\u00e1 em outubro, ou at\u00e9 no in\u00edcio do segundo semestre, ajuda [&hellip;]<\/p>\n","protected":false},"author":5,"featured_media":18017,"comment_status":"open","ping_status":"open","sticky":false,"template":"","format":"standard","meta":{"jnews-multi-image_gallery":[],"jnews_single_post":{"format":"standard"},"jnews_primary_category":[],"jnews_override_counter":[],"jnews_post_split":[],"footnotes":""},"categories":[1],"tags":[288,780,101,2490],"class_list":["post-18015","post","type-post","status-publish","format-standard","has-post-thumbnail","hentry","category-geral","tag-dicas","tag-economizar","tag-financas","tag-natal"],"yoast_head":"<!-- This site is optimized with the Yoast SEO plugin v25.0 - https:\/\/yoast.com\/wordpress\/plugins\/seo\/ -->\n<title>\u00c9 a partir desse momento que voc\u00ea deve come\u00e7ar a economizar para o natal<\/title>\n<meta name=\"robots\" content=\"index, follow, max-snippet:-1, max-image-preview:large, max-video-preview:-1\" \/>\n<link rel=\"canonical\" href=\"https:\/\/crusoe.audiencelabs.com.br\/e-a-partir-desse-momento-que-voce-deve-comecar-a-economizar-para-o-natal\/\" \/>\n<meta property=\"og:locale\" content=\"pt_BR\" \/>\n<meta property=\"og:type\" content=\"article\" \/>\n<meta property=\"og:title\" content=\"\u00c9 a partir desse momento que voc\u00ea deve come\u00e7ar a economizar para o natal\" \/>\n<meta property=\"og:description\" content=\"\u00c0 medida que o ano chega ao fim, muitos brasileiros enfrentam o desafio de conciliar os gastos das festas de Natal e Ano Novo com o or\u00e7amento da fam\u00edlia. O ideal \u00e9 iniciar a economia para o Natal com bastante anteced\u00eancia. Definir um or\u00e7amento j\u00e1 em outubro, ou at\u00e9 no in\u00edcio do segundo semestre, ajuda [&hellip;]\" \/>\n<meta property=\"og:url\" content=\"https:\/\/crusoe.audiencelabs.com.br\/e-a-partir-desse-momento-que-voce-deve-comecar-a-economizar-para-o-natal\/\" \/>\n<meta property=\"og:site_name\" content=\"Variedades - Cruso\u00e9\" \/>\n<meta property=\"article:published_time\" content=\"2025-09-28T20:30:00+00:00\" \/>\n<meta property=\"og:image\" content=\"https:\/\/cdn.crusoe.com.br\/uploads\/2025\/09\/texto-ceia-de-natal1.jpg\" \/>\n\t<meta property=\"og:image:width\" content=\"512\" \/>\n\t<meta property=\"og:image:height\" content=\"341\" \/>\n\t<meta property=\"og:image:type\" content=\"image\/jpeg\" \/>\n<meta name=\"author\" content=\"Milena Armando\" \/>\n<meta name=\"twitter:card\" content=\"summary_large_image\" \/>\n<meta name=\"twitter:label1\" content=\"Escrito por\" \/>\n\t<meta name=\"twitter:data1\" content=\"Milena Armando\" \/>\n\t<meta name=\"twitter:label2\" content=\"Est. tempo de leitura\" \/>\n\t<meta name=\"twitter:data2\" content=\"3 minutos\" \/>\n<script type=\"application\/ld+json\" class=\"yoast-schema-graph\">{\"@context\":\"https:\/\/schema.org\",\"@graph\":[{\"@type\":\"WebPage\",\"@id\":\"https:\/\/crusoe.audiencelabs.com.br\/e-a-partir-desse-momento-que-voce-deve-comecar-a-economizar-para-o-natal\/\",\"url\":\"https:\/\/crusoe.audiencelabs.com.br\/e-a-partir-desse-momento-que-voce-deve-comecar-a-economizar-para-o-natal\/\",\"name\":\"\u00c9 a partir desse momento que voc\u00ea deve come\u00e7ar a economizar para o natal\",\"isPartOf\":{\"@id\":\"https:\/\/crusoe.audiencelabs.com.br\/#website\"},\"primaryImageOfPage\":{\"@id\":\"https:\/\/crusoe.audiencelabs.com.br\/e-a-partir-desse-momento-que-voce-deve-comecar-a-economizar-para-o-natal\/#primaryimage\"},\"image\":{\"@id\":\"https:\/\/crusoe.audiencelabs.com.br\/e-a-partir-desse-momento-que-voce-deve-comecar-a-economizar-para-o-natal\/#primaryimage\"},\"thumbnailUrl\":\"https:\/\/cdn.crusoe.com.br\/uploads\/2025\/09\/texto-ceia-de-natal1.jpg\",\"datePublished\":\"2025-09-28T20:30:00+00:00\",\"author\":{\"@id\":\"https:\/\/crusoe.audiencelabs.com.br\/#\/schema\/person\/f87f73cfe89e5360de2c006bd4bd6a74\"},\"breadcrumb\":{\"@id\":\"https:\/\/crusoe.audiencelabs.com.br\/e-a-partir-desse-momento-que-voce-deve-comecar-a-economizar-para-o-natal\/#breadcrumb\"},\"inLanguage\":\"pt-BR\",\"potentialAction\":[{\"@type\":\"ReadAction\",\"target\":[\"https:\/\/crusoe.audiencelabs.com.br\/e-a-partir-desse-momento-que-voce-deve-comecar-a-economizar-para-o-natal\/\"]}]},{\"@type\":\"ImageObject\",\"inLanguage\":\"pt-BR\",\"@id\":\"https:\/\/crusoe.audiencelabs.com.br\/e-a-partir-desse-momento-que-voce-deve-comecar-a-economizar-para-o-natal\/#primaryimage\",\"url\":\"https:\/\/cdn.crusoe.com.br\/uploads\/2025\/09\/texto-ceia-de-natal1.jpg\",\"contentUrl\":\"https:\/\/cdn.crusoe.com.br\/uploads\/2025\/09\/texto-ceia-de-natal1.jpg\",\"width\":512,\"height\":341,\"caption\":\"Foto: ASTRA SA\"},{\"@type\":\"BreadcrumbList\",\"@id\":\"https:\/\/crusoe.audiencelabs.com.br\/e-a-partir-desse-momento-que-voce-deve-comecar-a-economizar-para-o-natal\/#breadcrumb\",\"itemListElement\":[{\"@type\":\"ListItem\",\"position\":1,\"name\":\"Home\",\"item\":\"https:\/\/crusoe.audiencelabs.com.br\/\"},{\"@type\":\"ListItem\",\"position\":2,\"name\":\"\u00c9 a partir desse momento que voc\u00ea deve come\u00e7ar a economizar para o natal\"}]},{\"@type\":\"WebSite\",\"@id\":\"https:\/\/crusoe.audiencelabs.com.br\/#website\",\"url\":\"https:\/\/crusoe.audiencelabs.com.br\/\",\"name\":\"Variedades - Cruso\u00e9\",\"description\":\"\",\"potentialAction\":[{\"@type\":\"SearchAction\",\"target\":{\"@type\":\"EntryPoint\",\"urlTemplate\":\"https:\/\/crusoe.audiencelabs.com.br\/?s={search_term_string}\"},\"query-input\":{\"@type\":\"PropertyValueSpecification\",\"valueRequired\":true,\"valueName\":\"search_term_string\"}}],\"inLanguage\":\"pt-BR\"},{\"@type\":\"Person\",\"@id\":\"https:\/\/crusoe.audiencelabs.com.br\/#\/schema\/person\/f87f73cfe89e5360de2c006bd4bd6a74\",\"name\":\"Milena Armando\",\"image\":{\"@type\":\"ImageObject\",\"inLanguage\":\"pt-BR\",\"@id\":\"https:\/\/crusoe.audiencelabs.com.br\/#\/schema\/person\/image\/\",\"url\":\"https:\/\/secure.gravatar.com\/avatar\/ea14ecddc9e9d202b698b18f9f69e09c9fd74cfbed5c6008d55f11faefdbdab7?s=96&d=mm&r=g\",\"contentUrl\":\"https:\/\/secure.gravatar.com\/avatar\/ea14ecddc9e9d202b698b18f9f69e09c9fd74cfbed5c6008d55f11faefdbdab7?s=96&d=mm&r=g\",\"caption\":\"Milena Armando\"},\"description\":\"Jornalista, redatora e revisora.\",\"url\":\"https:\/\/crusoe.audiencelabs.com.br\/author\/milena\/\"}]}<\/script>\n<!-- \/ Yoast SEO plugin. -->","yoast_head_json":{"title":"\u00c9 a partir desse momento que voc\u00ea deve come\u00e7ar a economizar para o natal","robots":{"index":"index","follow":"follow","max-snippet":"max-snippet:-1","max-image-preview":"max-image-preview:large","max-video-preview":"max-video-preview:-1"},"canonical":"https:\/\/crusoe.audiencelabs.com.br\/e-a-partir-desse-momento-que-voce-deve-comecar-a-economizar-para-o-natal\/","og_locale":"pt_BR","og_type":"article","og_title":"\u00c9 a partir desse momento que voc\u00ea deve come\u00e7ar a economizar para o natal","og_description":"\u00c0 medida que o ano chega ao fim, muitos brasileiros enfrentam o desafio de conciliar os gastos das festas de Natal e Ano Novo com o or\u00e7amento da fam\u00edlia. O ideal \u00e9 iniciar a economia para o Natal com bastante anteced\u00eancia. Definir um or\u00e7amento j\u00e1 em outubro, ou at\u00e9 no in\u00edcio do segundo semestre, ajuda [&hellip;]","og_url":"https:\/\/crusoe.audiencelabs.com.br\/e-a-partir-desse-momento-que-voce-deve-comecar-a-economizar-para-o-natal\/","og_site_name":"Variedades - Cruso\u00e9","article_published_time":"2025-09-28T20:30:00+00:00","og_image":[{"width":512,"height":341,"url":"https:\/\/cdn.crusoe.com.br\/uploads\/2025\/09\/texto-ceia-de-natal1.jpg","type":"image\/jpeg"}],"author":"Milena Armando","twitter_card":"summary_large_image","twitter_misc":{"Escrito por":"Milena Armando","Est. tempo de leitura":"3 minutos"},"schema":{"@context":"https:\/\/schema.org","@graph":[{"@type":"WebPage","@id":"https:\/\/crusoe.audiencelabs.com.br\/e-a-partir-desse-momento-que-voce-deve-comecar-a-economizar-para-o-natal\/","url":"https:\/\/crusoe.audiencelabs.com.br\/e-a-partir-desse-momento-que-voce-deve-comecar-a-economizar-para-o-natal\/","name":"\u00c9 a partir desse momento que voc\u00ea deve come\u00e7ar a economizar para o natal","isPartOf":{"@id":"https:\/\/crusoe.audiencelabs.com.br\/#website"},"primaryImageOfPage":{"@id":"https:\/\/crusoe.audiencelabs.com.br\/e-a-partir-desse-momento-que-voce-deve-comecar-a-economizar-para-o-natal\/#primaryimage"},"image":{"@id":"https:\/\/crusoe.audiencelabs.com.br\/e-a-partir-desse-momento-que-voce-deve-comecar-a-economizar-para-o-natal\/#primaryimage"},"thumbnailUrl":"https:\/\/cdn.crusoe.com.br\/uploads\/2025\/09\/texto-ceia-de-natal1.jpg","datePublished":"2025-09-28T20:30:00+00:00","author":{"@id":"https:\/\/crusoe.audiencelabs.com.br\/#\/schema\/person\/f87f73cfe89e5360de2c006bd4bd6a74"},"breadcrumb":{"@id":"https:\/\/crusoe.audiencelabs.com.br\/e-a-partir-desse-momento-que-voce-deve-comecar-a-economizar-para-o-natal\/#breadcrumb"},"inLanguage":"pt-BR","potentialAction":[{"@type":"ReadAction","target":["https:\/\/crusoe.audiencelabs.com.br\/e-a-partir-desse-momento-que-voce-deve-comecar-a-economizar-para-o-natal\/"]}]},{"@type":"ImageObject","inLanguage":"pt-BR","@id":"https:\/\/crusoe.audiencelabs.com.br\/e-a-partir-desse-momento-que-voce-deve-comecar-a-economizar-para-o-natal\/#primaryimage","url":"https:\/\/cdn.crusoe.com.br\/uploads\/2025\/09\/texto-ceia-de-natal1.jpg","contentUrl":"https:\/\/cdn.crusoe.com.br\/uploads\/2025\/09\/texto-ceia-de-natal1.jpg","width":512,"height":341,"caption":"Foto: ASTRA SA"},{"@type":"BreadcrumbList","@id":"https:\/\/crusoe.audiencelabs.com.br\/e-a-partir-desse-momento-que-voce-deve-comecar-a-economizar-para-o-natal\/#breadcrumb","itemListElement":[{"@type":"ListItem","position":1,"name":"Home","item":"https:\/\/crusoe.audiencelabs.com.br\/"},{"@type":"ListItem","position":2,"name":"\u00c9 a partir desse momento que voc\u00ea deve come\u00e7ar a economizar para o natal"}]},{"@type":"WebSite","@id":"https:\/\/crusoe.audiencelabs.com.br\/#website","url":"https:\/\/crusoe.audiencelabs.com.br\/","name":"Variedades - Cruso\u00e9","description":"","potentialAction":[{"@type":"SearchAction","target":{"@type":"EntryPoint","urlTemplate":"https:\/\/crusoe.audiencelabs.com.br\/?s={search_term_string}"},"query-input":{"@type":"PropertyValueSpecification","valueRequired":true,"valueName":"search_term_string"}}],"inLanguage":"pt-BR"},{"@type":"Person","@id":"https:\/\/crusoe.audiencelabs.com.br\/#\/schema\/person\/f87f73cfe89e5360de2c006bd4bd6a74","name":"Milena Armando","image":{"@type":"ImageObject","inLanguage":"pt-BR","@id":"https:\/\/crusoe.audiencelabs.com.br\/#\/schema\/person\/image\/","url":"https:\/\/secure.gravatar.com\/avatar\/ea14ecddc9e9d202b698b18f9f69e09c9fd74cfbed5c6008d55f11faefdbdab7?s=96&d=mm&r=g","contentUrl":"https:\/\/secure.gravatar.com\/avatar\/ea14ecddc9e9d202b698b18f9f69e09c9fd74cfbed5c6008d55f11faefdbdab7?s=96&d=mm&r=g","caption":"Milena Armando"},"description":"Jornalista, redatora e revisora.","url":"https:\/\/crusoe.audiencelabs.com.br\/author\/milena\/"}]}},"_links":{"self":[{"href":"https:\/\/crusoe.audiencelabs.com.br\/wp-json\/wp\/v2\/posts\/18015","targetHints":{"allow":["GET"]}}],"collection":[{"href":"https:\/\/crusoe.audiencelabs.com.br\/wp-json\/wp\/v2\/posts"}],"about":[{"href":"https:\/\/crusoe.audiencelabs.com.br\/wp-json\/wp\/v2\/types\/post"}],"author":[{"embeddable":true,"href":"https:\/\/crusoe.audiencelabs.com.br\/wp-json\/wp\/v2\/users\/5"}],"replies":[{"embeddable":true,"href":"https:\/\/crusoe.audiencelabs.com.br\/wp-json\/wp\/v2\/comments?post=18015"}],"version-history":[{"count":2,"href":"https:\/\/crusoe.audiencelabs.com.br\/wp-json\/wp\/v2\/posts\/18015\/revisions"}],"predecessor-version":[{"id":18019,"href":"https:\/\/crusoe.audiencelabs.com.br\/wp-json\/wp\/v2\/posts\/18015\/revisions\/18019"}],"wp:featuredmedia":[{"embeddable":true,"href":"https:\/\/crusoe.audiencelabs.com.br\/wp-json\/wp\/v2\/media\/18017"}],"wp:attachment":[{"href":"https:\/\/crusoe.audiencelabs.com.br\/wp-json\/wp\/v2\/media?parent=18015"}],"wp:term":[{"taxonomy":"category","embeddable":true,"href":"https:\/\/crusoe.audiencelabs.com.br\/wp-json\/wp\/v2\/categories?post=18015"},{"taxonomy":"post_tag","embeddable":true,"href":"https:\/\/crusoe.audiencelabs.com.br\/wp-json\/wp\/v2\/tags?post=18015"}],"curies":[{"name":"wp","href":"https:\/\/api.w.org\/{rel}","templated":true}]}}