{"id":17809,"date":"2025-09-25T17:00:00","date_gmt":"2025-09-25T20:00:00","guid":{"rendered":"https:\/\/crusoe.audiencelabs.com.br\/?p=17809"},"modified":"2025-09-25T14:16:11","modified_gmt":"2025-09-25T17:16:11","slug":"o-adeus-que-ninguem-esperava-caua-reymond-confirma-noticia-que-vai-parar-a-tv-brasileira","status":"publish","type":"post","link":"https:\/\/crusoe.audiencelabs.com.br\/o-adeus-que-ninguem-esperava-caua-reymond-confirma-noticia-que-vai-parar-a-tv-brasileira\/","title":{"rendered":"O adeus que ningu\u00e9m esperava: Cau\u00e3 Reymond confirma not\u00edcia que vai parar a TV brasileira"},"content":{"rendered":"\n<p>Pensando em dar um tempo na televis\u00e3o, Cau\u00e3 Reymond, o ator, comentou. Envolvendo a rotina agitada quanto \u00e0s grava\u00e7\u00f5es de Vale Tudo, ele disse que est\u00e1 um tanto cansado.<\/p>\n\n\n\n<p>Diante de uma conversa para o portal L\u00e9o Dias, ele mencionou que a quantidade de trabalho nas telas o tem deixado exausto.<\/p>\n\n\n\n<p>O projeto, por sua vez, est\u00e1 sendo transmitido atualmente, e ele n\u00e3o deu tantos ind\u00edcios sobre outros desdobramentos da trama.<\/p>\n\n\n\n<h2 class=\"wp-block-heading\"><strong>Sequ\u00eancia intensa<\/strong><\/h2>\n\n\n\n<p>Reymond disse: <em>&#8220;Eu estou cansado. Vou fazer a s\u00e9rie e depois vou dar um tempo. Mas daqui a pouco penso melhor. Estou muito feliz. Eu tamb\u00e9m vou atuar. Interpreto um ex-jogador de futebol que vir\u00e1 agente porque n\u00e3o quer que aconte\u00e7a com outros atletas o que aconteceu com ele&#8221;<\/em>.<\/p>\n\n\n\n<p>O remake de Vale Tudo, em que Cau\u00e3 est\u00e1 em evid\u00eancia, tem chamado aten\u00e7\u00e3o do p\u00fablico. Assim, ele comentou sobre uma possibilidade diante da vil\u00e3, feita pela atriz D\u00e9bora Bloch: <em>&#8220;N\u00f3s temos uns sete suspeitos. E talvez eu seja um deles.&#8221; <\/em>Dessa forma, n\u00e3o dar tantas informa\u00e7\u00f5es faz com que os telespectadores fiquem atentos.<\/p>\n\n\n\n<p>Antes de Cau\u00e3 Reymond fazer a pausa, ele ainda tem em sua agenda uma s\u00e9rie. Falando um pouco a respeito, assumir\u00e1 o papel de um ex-atleta. Com isso, o protagonista ainda se desdobrar\u00e1 para n\u00e3o deixar que outros se vejam em situa\u00e7\u00f5es como as que ele passou na vida.<\/p>\n\n\n\n<p>Com essa men\u00e7\u00e3o de Reymond, o ator, que \u00e9 bem abra\u00e7ado pelo p\u00fablico e tem uma carreira extensa, se afastar\u00e1, deixando para tr\u00e1s uma fase marcante. Entretanto, para seus adoradores, ainda haver\u00e1 a possibilidade de acompanh\u00e1-lo, mesmo que seja longe das novelas.<\/p>\n\n\n\n<p>\u00c9 preciso que todos entendam o desgaste que n\u00e3o s\u00f3 Cau\u00e3 passa, mas tamb\u00e9m outros atores que se dedicam para oferecer o melhor na TV brasileira. Alguns deles ainda conseguem fazer a jun\u00e7\u00e3o com outros projetos simultaneamente, necessitando de preparo f\u00edsico e mental para encarar longas jornadas.<\/p>\n\n\n\n<p><\/p>\n","protected":false},"excerpt":{"rendered":"<p>Descubra o que Cau\u00e3 Reymond falou a respeito de sua carreira. <\/p>\n","protected":false},"author":8,"featured_media":17819,"comment_status":"open","ping_status":"open","sticky":false,"template":"","format":"standard","meta":{"jnews-multi-image_gallery":[],"jnews_single_post":{"format":"standard"},"jnews_primary_category":[],"jnews_override_counter":[],"jnews_post_split":[],"footnotes":""},"categories":[1],"tags":[],"class_list":["post-17809","post","type-post","status-publish","format-standard","has-post-thumbnail","hentry","category-geral"],"yoast_head":"<!-- This site is optimized with the Yoast SEO plugin v25.0 - https:\/\/yoast.com\/wordpress\/plugins\/seo\/ -->\n<title>O adeus que ningu\u00e9m esperava: Cau\u00e3 Reymond confirma not\u00edcia que vai parar a TV brasileira<\/title>\n<meta name=\"robots\" content=\"index, follow, max-snippet:-1, max-image-preview:large, max-video-preview:-1\" \/>\n<link rel=\"canonical\" href=\"https:\/\/crusoe.audiencelabs.com.br\/o-adeus-que-ninguem-esperava-caua-reymond-confirma-noticia-que-vai-parar-a-tv-brasileira\/\" \/>\n<meta property=\"og:locale\" content=\"pt_BR\" \/>\n<meta property=\"og:type\" content=\"article\" \/>\n<meta property=\"og:title\" content=\"O adeus que ningu\u00e9m esperava: Cau\u00e3 Reymond confirma not\u00edcia que vai parar a TV brasileira\" \/>\n<meta property=\"og:description\" content=\"Descubra o que Cau\u00e3 Reymond falou a respeito de sua carreira.\" \/>\n<meta property=\"og:url\" content=\"https:\/\/crusoe.audiencelabs.com.br\/o-adeus-que-ninguem-esperava-caua-reymond-confirma-noticia-que-vai-parar-a-tv-brasileira\/\" \/>\n<meta property=\"og:site_name\" content=\"Variedades - Cruso\u00e9\" \/>\n<meta property=\"article:published_time\" content=\"2025-09-25T20:00:00+00:00\" \/>\n<meta property=\"og:image\" content=\"https:\/\/cdn.crusoe.com.br\/uploads\/2025\/09\/O-adeus.webp\" \/>\n\t<meta property=\"og:image:width\" content=\"1200\" \/>\n\t<meta property=\"og:image:height\" content=\"720\" \/>\n\t<meta property=\"og:image:type\" content=\"image\/webp\" \/>\n<meta name=\"author\" content=\"Gabriela Santos\" \/>\n<meta name=\"twitter:card\" content=\"summary_large_image\" \/>\n<meta name=\"twitter:label1\" content=\"Escrito por\" \/>\n\t<meta name=\"twitter:data1\" content=\"Gabriela Santos\" \/>\n\t<meta name=\"twitter:label2\" content=\"Est. tempo de leitura\" \/>\n\t<meta name=\"twitter:data2\" content=\"2 minutos\" \/>\n<script type=\"application\/ld+json\" class=\"yoast-schema-graph\">{\"@context\":\"https:\/\/schema.org\",\"@graph\":[{\"@type\":\"WebPage\",\"@id\":\"https:\/\/crusoe.audiencelabs.com.br\/o-adeus-que-ninguem-esperava-caua-reymond-confirma-noticia-que-vai-parar-a-tv-brasileira\/\",\"url\":\"https:\/\/crusoe.audiencelabs.com.br\/o-adeus-que-ninguem-esperava-caua-reymond-confirma-noticia-que-vai-parar-a-tv-brasileira\/\",\"name\":\"O adeus que ningu\u00e9m esperava: Cau\u00e3 Reymond confirma not\u00edcia que vai parar a TV brasileira\",\"isPartOf\":{\"@id\":\"https:\/\/crusoe.audiencelabs.com.br\/#website\"},\"primaryImageOfPage\":{\"@id\":\"https:\/\/crusoe.audiencelabs.com.br\/o-adeus-que-ninguem-esperava-caua-reymond-confirma-noticia-que-vai-parar-a-tv-brasileira\/#primaryimage\"},\"image\":{\"@id\":\"https:\/\/crusoe.audiencelabs.com.br\/o-adeus-que-ninguem-esperava-caua-reymond-confirma-noticia-que-vai-parar-a-tv-brasileira\/#primaryimage\"},\"thumbnailUrl\":\"https:\/\/cdn.crusoe.com.br\/uploads\/2025\/09\/O-adeus.webp\",\"datePublished\":\"2025-09-25T20:00:00+00:00\",\"author\":{\"@id\":\"https:\/\/crusoe.audiencelabs.com.br\/#\/schema\/person\/be66e7e59ad3bc2a7c0833132c5c8c00\"},\"breadcrumb\":{\"@id\":\"https:\/\/crusoe.audiencelabs.com.br\/o-adeus-que-ninguem-esperava-caua-reymond-confirma-noticia-que-vai-parar-a-tv-brasileira\/#breadcrumb\"},\"inLanguage\":\"pt-BR\",\"potentialAction\":[{\"@type\":\"ReadAction\",\"target\":[\"https:\/\/crusoe.audiencelabs.com.br\/o-adeus-que-ninguem-esperava-caua-reymond-confirma-noticia-que-vai-parar-a-tv-brasileira\/\"]}]},{\"@type\":\"ImageObject\",\"inLanguage\":\"pt-BR\",\"@id\":\"https:\/\/crusoe.audiencelabs.com.br\/o-adeus-que-ninguem-esperava-caua-reymond-confirma-noticia-que-vai-parar-a-tv-brasileira\/#primaryimage\",\"url\":\"https:\/\/cdn.crusoe.com.br\/uploads\/2025\/09\/O-adeus.webp\",\"contentUrl\":\"https:\/\/cdn.crusoe.com.br\/uploads\/2025\/09\/O-adeus.webp\",\"width\":1200,\"height\":720,\"caption\":\"Reprodu\u00e7\u00e3o: Globo\"},{\"@type\":\"BreadcrumbList\",\"@id\":\"https:\/\/crusoe.audiencelabs.com.br\/o-adeus-que-ninguem-esperava-caua-reymond-confirma-noticia-que-vai-parar-a-tv-brasileira\/#breadcrumb\",\"itemListElement\":[{\"@type\":\"ListItem\",\"position\":1,\"name\":\"Home\",\"item\":\"https:\/\/crusoe.audiencelabs.com.br\/\"},{\"@type\":\"ListItem\",\"position\":2,\"name\":\"O adeus que ningu\u00e9m esperava: Cau\u00e3 Reymond confirma not\u00edcia que vai parar a TV brasileira\"}]},{\"@type\":\"WebSite\",\"@id\":\"https:\/\/crusoe.audiencelabs.com.br\/#website\",\"url\":\"https:\/\/crusoe.audiencelabs.com.br\/\",\"name\":\"Variedades - Cruso\u00e9\",\"description\":\"\",\"potentialAction\":[{\"@type\":\"SearchAction\",\"target\":{\"@type\":\"EntryPoint\",\"urlTemplate\":\"https:\/\/crusoe.audiencelabs.com.br\/?s={search_term_string}\"},\"query-input\":{\"@type\":\"PropertyValueSpecification\",\"valueRequired\":true,\"valueName\":\"search_term_string\"}}],\"inLanguage\":\"pt-BR\"},{\"@type\":\"Person\",\"@id\":\"https:\/\/crusoe.audiencelabs.com.br\/#\/schema\/person\/be66e7e59ad3bc2a7c0833132c5c8c00\",\"name\":\"Gabriela Santos\",\"image\":{\"@type\":\"ImageObject\",\"inLanguage\":\"pt-BR\",\"@id\":\"https:\/\/crusoe.audiencelabs.com.br\/#\/schema\/person\/image\/\",\"url\":\"https:\/\/secure.gravatar.com\/avatar\/d58b244b5f316c2ae218c4fd7fd0fdf0fbcf215931ac50c70906d65db85b6002?s=96&d=mm&r=g\",\"contentUrl\":\"https:\/\/secure.gravatar.com\/avatar\/d58b244b5f316c2ae218c4fd7fd0fdf0fbcf215931ac50c70906d65db85b6002?s=96&d=mm&r=g\",\"caption\":\"Gabriela Santos\"},\"description\":\"Jornalista que atua com a produ\u00e7\u00e3o de conte\u00fado em temas diversos, aproximando o leitor por meio de informa\u00e7\u00f5es que refletem o cotidiano.\",\"url\":\"https:\/\/crusoe.audiencelabs.com.br\/author\/gabrielasantos\/\"}]}<\/script>\n<!-- \/ Yoast SEO plugin. -->","yoast_head_json":{"title":"O adeus que ningu\u00e9m esperava: Cau\u00e3 Reymond confirma not\u00edcia que vai parar a TV brasileira","robots":{"index":"index","follow":"follow","max-snippet":"max-snippet:-1","max-image-preview":"max-image-preview:large","max-video-preview":"max-video-preview:-1"},"canonical":"https:\/\/crusoe.audiencelabs.com.br\/o-adeus-que-ninguem-esperava-caua-reymond-confirma-noticia-que-vai-parar-a-tv-brasileira\/","og_locale":"pt_BR","og_type":"article","og_title":"O adeus que ningu\u00e9m esperava: Cau\u00e3 Reymond confirma not\u00edcia que vai parar a TV brasileira","og_description":"Descubra o que Cau\u00e3 Reymond falou a respeito de sua carreira.","og_url":"https:\/\/crusoe.audiencelabs.com.br\/o-adeus-que-ninguem-esperava-caua-reymond-confirma-noticia-que-vai-parar-a-tv-brasileira\/","og_site_name":"Variedades - Cruso\u00e9","article_published_time":"2025-09-25T20:00:00+00:00","og_image":[{"width":1200,"height":720,"url":"https:\/\/cdn.crusoe.com.br\/uploads\/2025\/09\/O-adeus.webp","type":"image\/webp"}],"author":"Gabriela Santos","twitter_card":"summary_large_image","twitter_misc":{"Escrito por":"Gabriela Santos","Est. tempo de leitura":"2 minutos"},"schema":{"@context":"https:\/\/schema.org","@graph":[{"@type":"WebPage","@id":"https:\/\/crusoe.audiencelabs.com.br\/o-adeus-que-ninguem-esperava-caua-reymond-confirma-noticia-que-vai-parar-a-tv-brasileira\/","url":"https:\/\/crusoe.audiencelabs.com.br\/o-adeus-que-ninguem-esperava-caua-reymond-confirma-noticia-que-vai-parar-a-tv-brasileira\/","name":"O adeus que ningu\u00e9m esperava: Cau\u00e3 Reymond confirma not\u00edcia que vai parar a TV brasileira","isPartOf":{"@id":"https:\/\/crusoe.audiencelabs.com.br\/#website"},"primaryImageOfPage":{"@id":"https:\/\/crusoe.audiencelabs.com.br\/o-adeus-que-ninguem-esperava-caua-reymond-confirma-noticia-que-vai-parar-a-tv-brasileira\/#primaryimage"},"image":{"@id":"https:\/\/crusoe.audiencelabs.com.br\/o-adeus-que-ninguem-esperava-caua-reymond-confirma-noticia-que-vai-parar-a-tv-brasileira\/#primaryimage"},"thumbnailUrl":"https:\/\/cdn.crusoe.com.br\/uploads\/2025\/09\/O-adeus.webp","datePublished":"2025-09-25T20:00:00+00:00","author":{"@id":"https:\/\/crusoe.audiencelabs.com.br\/#\/schema\/person\/be66e7e59ad3bc2a7c0833132c5c8c00"},"breadcrumb":{"@id":"https:\/\/crusoe.audiencelabs.com.br\/o-adeus-que-ninguem-esperava-caua-reymond-confirma-noticia-que-vai-parar-a-tv-brasileira\/#breadcrumb"},"inLanguage":"pt-BR","potentialAction":[{"@type":"ReadAction","target":["https:\/\/crusoe.audiencelabs.com.br\/o-adeus-que-ninguem-esperava-caua-reymond-confirma-noticia-que-vai-parar-a-tv-brasileira\/"]}]},{"@type":"ImageObject","inLanguage":"pt-BR","@id":"https:\/\/crusoe.audiencelabs.com.br\/o-adeus-que-ninguem-esperava-caua-reymond-confirma-noticia-que-vai-parar-a-tv-brasileira\/#primaryimage","url":"https:\/\/cdn.crusoe.com.br\/uploads\/2025\/09\/O-adeus.webp","contentUrl":"https:\/\/cdn.crusoe.com.br\/uploads\/2025\/09\/O-adeus.webp","width":1200,"height":720,"caption":"Reprodu\u00e7\u00e3o: Globo"},{"@type":"BreadcrumbList","@id":"https:\/\/crusoe.audiencelabs.com.br\/o-adeus-que-ninguem-esperava-caua-reymond-confirma-noticia-que-vai-parar-a-tv-brasileira\/#breadcrumb","itemListElement":[{"@type":"ListItem","position":1,"name":"Home","item":"https:\/\/crusoe.audiencelabs.com.br\/"},{"@type":"ListItem","position":2,"name":"O adeus que ningu\u00e9m esperava: Cau\u00e3 Reymond confirma not\u00edcia que vai parar a TV brasileira"}]},{"@type":"WebSite","@id":"https:\/\/crusoe.audiencelabs.com.br\/#website","url":"https:\/\/crusoe.audiencelabs.com.br\/","name":"Variedades - Cruso\u00e9","description":"","potentialAction":[{"@type":"SearchAction","target":{"@type":"EntryPoint","urlTemplate":"https:\/\/crusoe.audiencelabs.com.br\/?s={search_term_string}"},"query-input":{"@type":"PropertyValueSpecification","valueRequired":true,"valueName":"search_term_string"}}],"inLanguage":"pt-BR"},{"@type":"Person","@id":"https:\/\/crusoe.audiencelabs.com.br\/#\/schema\/person\/be66e7e59ad3bc2a7c0833132c5c8c00","name":"Gabriela Santos","image":{"@type":"ImageObject","inLanguage":"pt-BR","@id":"https:\/\/crusoe.audiencelabs.com.br\/#\/schema\/person\/image\/","url":"https:\/\/secure.gravatar.com\/avatar\/d58b244b5f316c2ae218c4fd7fd0fdf0fbcf215931ac50c70906d65db85b6002?s=96&d=mm&r=g","contentUrl":"https:\/\/secure.gravatar.com\/avatar\/d58b244b5f316c2ae218c4fd7fd0fdf0fbcf215931ac50c70906d65db85b6002?s=96&d=mm&r=g","caption":"Gabriela Santos"},"description":"Jornalista que atua com a produ\u00e7\u00e3o de conte\u00fado em temas diversos, aproximando o leitor por meio de informa\u00e7\u00f5es que refletem o cotidiano.","url":"https:\/\/crusoe.audiencelabs.com.br\/author\/gabrielasantos\/"}]}},"_links":{"self":[{"href":"https:\/\/crusoe.audiencelabs.com.br\/wp-json\/wp\/v2\/posts\/17809","targetHints":{"allow":["GET"]}}],"collection":[{"href":"https:\/\/crusoe.audiencelabs.com.br\/wp-json\/wp\/v2\/posts"}],"about":[{"href":"https:\/\/crusoe.audiencelabs.com.br\/wp-json\/wp\/v2\/types\/post"}],"author":[{"embeddable":true,"href":"https:\/\/crusoe.audiencelabs.com.br\/wp-json\/wp\/v2\/users\/8"}],"replies":[{"embeddable":true,"href":"https:\/\/crusoe.audiencelabs.com.br\/wp-json\/wp\/v2\/comments?post=17809"}],"version-history":[{"count":9,"href":"https:\/\/crusoe.audiencelabs.com.br\/wp-json\/wp\/v2\/posts\/17809\/revisions"}],"predecessor-version":[{"id":17821,"href":"https:\/\/crusoe.audiencelabs.com.br\/wp-json\/wp\/v2\/posts\/17809\/revisions\/17821"}],"wp:featuredmedia":[{"embeddable":true,"href":"https:\/\/crusoe.audiencelabs.com.br\/wp-json\/wp\/v2\/media\/17819"}],"wp:attachment":[{"href":"https:\/\/crusoe.audiencelabs.com.br\/wp-json\/wp\/v2\/media?parent=17809"}],"wp:term":[{"taxonomy":"category","embeddable":true,"href":"https:\/\/crusoe.audiencelabs.com.br\/wp-json\/wp\/v2\/categories?post=17809"},{"taxonomy":"post_tag","embeddable":true,"href":"https:\/\/crusoe.audiencelabs.com.br\/wp-json\/wp\/v2\/tags?post=17809"}],"curies":[{"name":"wp","href":"https:\/\/api.w.org\/{rel}","templated":true}]}}