{"id":17693,"date":"2025-09-25T20:30:00","date_gmt":"2025-09-25T23:30:00","guid":{"rendered":"https:\/\/crusoe.audiencelabs.com.br\/?p=17693"},"modified":"2025-09-25T21:34:47","modified_gmt":"2025-09-26T00:34:47","slug":"misterio-milenar-fragmento-de-5-mil-anos-com-rosto-humano-deixa-cientistas-perplexos","status":"publish","type":"post","link":"https:\/\/crusoe.audiencelabs.com.br\/misterio-milenar-fragmento-de-5-mil-anos-com-rosto-humano-deixa-cientistas-perplexos\/","title":{"rendered":"Mist\u00e9rio milenar: fragmento de 5 mil anos com rosto humano deixa cientistas perplexos"},"content":{"rendered":"\n<p>A descoberta de um<strong> fragmento de cer\u00e2mica com um rosto humano esculpido<\/strong>, datado de cerca de 5.000 anos, em G\u00f6kh\u00f6y\u00fck, Turquia, revelou segredos sobre <strong>pr\u00e1ticas espirituais ancestrais<\/strong>.&nbsp;<\/p>\n\n\n\n<p>Este achado ocorreu durante escava\u00e7\u00f5es realizadas por arque\u00f3logos turcos em 2023. O s\u00edtio arqueol\u00f3gico, localizado na prov\u00edncia central de Konya, destaca-se na hist\u00f3ria da Anat\u00f3lia pela relev\u00e2ncia de sua cultura pr\u00e9-hist\u00f3rica.<\/p>\n\n\n\n<p>Arque\u00f3logos, liderados pelo professor Ramazan G\u00fcnd\u00fcz da Universidade Sel\u00e7uk, encontraram a <strong>pe\u00e7a cerimonial que apresenta tra\u00e7os faciais detalhados<\/strong>, como olhos amendoados e nariz proeminente.&nbsp;<\/p>\n\n\n\n<p>Acredita-se que o artefato tenha sido utilizado em rituais espirituais, refletindo o simbolismo cultural dos primeiros habitantes da regi\u00e3o que <strong>valorizavam a espiritualidade e os ciclos naturais<\/strong>.<\/p>\n\n\n\n<h2 class=\"wp-block-heading\">Signific\u00e2ncia rituais e hist\u00f3rica<\/h2>\n\n\n\n<p>Este fragmento de cer\u00e2mica n\u00e3o \u00e9 apenas arte, mas um vest\u00edgio importante de rituais de povos neol\u00edticos e da Idade do Bronze.&nbsp;<\/p>\n\n\n\n<p>A pr\u00e1tica de decorar vasos com tra\u00e7os humanos sugere tradi\u00e7\u00f5es ligadas \u00e0 fertilidade e ancestralidade. Al\u00e9m disso, o local de G\u00f6kh\u00f6y\u00fck oferece um vasto cen\u00e1rio para explorar a vida social e cultural dessas civiliza\u00e7\u00f5es, inicialmente revelado em pesquisas da d\u00e9cada de 1950.<\/p>\n\n\n\n<p>Ap\u00f3s um longo per\u00edodo de inatividade, entre 2002 e 2023, as escava\u00e7\u00f5es foram retomadas pelo Minist\u00e9rio da Cultura e Turismo da Turquia, destacando novamente sua import\u00e2ncia arqueol\u00f3gica. Al\u00e9m da cer\u00e2mica, o s\u00edtio revelou uma sofistica\u00e7\u00e3o artesanal not\u00e1vel.<\/p>\n\n\n\n<h2 class=\"wp-block-heading\">Artefatos reveladores da cultura<\/h2>\n\n\n\n<p>Juntamente com a cer\u00e2mica com rosto humano, arque\u00f3logos encontram <strong>estatuetas de animais, pontas de flechas de obsidiana e machados de pedra polida<\/strong>. Esses artefatos refletem uma sociedade que praticava atividades como ca\u00e7a e marcenaria.<\/p>\n\n\n\n<p>Especialistas tamb\u00e9m identificaram aspectos que remetem aos rituais praticados em outros s\u00edtios da regi\u00e3o. Em Yumuktepe, por exemplo, a descoberta de<strong> utens\u00edlios de cer\u00e2mica <\/strong>em massa sugere a realiza\u00e7\u00e3o de refei\u00e7\u00f5es cerimoniais.&nbsp;<\/p>\n\n\n\n<h2 class=\"wp-block-heading\">Explora\u00e7\u00e3o cont\u00ednua e tecnologia<\/h2>\n\n\n\n<p>O potencial de G\u00f6kh\u00f6y\u00fck para revelar mais sobre o passado \u00e9 imenso. Arque\u00f3logos esperam que a continua\u00e7\u00e3o das escava\u00e7\u00f5es traga mais informa\u00e7\u00f5es sobre pr\u00e1ticas culturais e espirituais antigas.\u00a0<\/p>\n\n\n\n<p>O uso de tecnologia avan\u00e7ada, como a<strong> data\u00e7\u00e3o por radiocarbono<\/strong>, poder\u00e1 definir com mais precis\u00e3o a idade dos artefatos encontrados, possibilitando uma compreens\u00e3o mais profunda dos contextos hist\u00f3ricos.<\/p>\n","protected":false},"excerpt":{"rendered":"<p>A descoberta de um fragmento de cer\u00e2mica com um rosto humano esculpido, datado de cerca de 5.000 anos, em G\u00f6kh\u00f6y\u00fck, Turquia, revelou segredos sobre pr\u00e1ticas espirituais ancestrais.&nbsp; Este achado ocorreu durante escava\u00e7\u00f5es realizadas por arque\u00f3logos turcos em 2023. O s\u00edtio arqueol\u00f3gico, localizado na prov\u00edncia central de Konya, destaca-se na hist\u00f3ria da Anat\u00f3lia pela relev\u00e2ncia de [&hellip;]<\/p>\n","protected":false},"author":5,"featured_media":17694,"comment_status":"open","ping_status":"open","sticky":false,"template":"","format":"standard","meta":{"jnews-multi-image_gallery":[],"jnews_single_post":{"format":"standard"},"jnews_primary_category":[],"jnews_override_counter":[],"jnews_post_split":[],"footnotes":""},"categories":[1],"tags":[2828,2829],"class_list":["post-17693","post","type-post","status-publish","format-standard","has-post-thumbnail","hentry","category-geral","tag-fragmento","tag-rosto-humano-esculpido"],"yoast_head":"<!-- This site is optimized with the Yoast SEO plugin v25.0 - https:\/\/yoast.com\/wordpress\/plugins\/seo\/ -->\n<title>Mist\u00e9rio milenar: fragmento de 5 mil anos com rosto humano deixa cientistas perplexos<\/title>\n<meta name=\"robots\" content=\"index, follow, max-snippet:-1, max-image-preview:large, max-video-preview:-1\" \/>\n<link rel=\"canonical\" href=\"https:\/\/crusoe.audiencelabs.com.br\/misterio-milenar-fragmento-de-5-mil-anos-com-rosto-humano-deixa-cientistas-perplexos\/\" \/>\n<meta property=\"og:locale\" content=\"pt_BR\" \/>\n<meta property=\"og:type\" content=\"article\" \/>\n<meta property=\"og:title\" content=\"Mist\u00e9rio milenar: fragmento de 5 mil anos com rosto humano deixa cientistas perplexos\" \/>\n<meta property=\"og:description\" content=\"A descoberta de um fragmento de cer\u00e2mica com um rosto humano esculpido, datado de cerca de 5.000 anos, em G\u00f6kh\u00f6y\u00fck, Turquia, revelou segredos sobre pr\u00e1ticas espirituais ancestrais.&nbsp; Este achado ocorreu durante escava\u00e7\u00f5es realizadas por arque\u00f3logos turcos em 2023. O s\u00edtio arqueol\u00f3gico, localizado na prov\u00edncia central de Konya, destaca-se na hist\u00f3ria da Anat\u00f3lia pela relev\u00e2ncia de [&hellip;]\" \/>\n<meta property=\"og:url\" content=\"https:\/\/crusoe.audiencelabs.com.br\/misterio-milenar-fragmento-de-5-mil-anos-com-rosto-humano-deixa-cientistas-perplexos\/\" \/>\n<meta property=\"og:site_name\" content=\"Variedades - Cruso\u00e9\" \/>\n<meta property=\"article:published_time\" content=\"2025-09-25T23:30:00+00:00\" \/>\n<meta property=\"article:modified_time\" content=\"2025-09-26T00:34:47+00:00\" \/>\n<meta property=\"og:image\" content=\"https:\/\/cdn.crusoe.com.br\/uploads\/2025\/09\/61896be78e5df123e46e8febd483774518a.webp\" \/>\n\t<meta property=\"og:image:width\" content=\"770\" \/>\n\t<meta property=\"og:image:height\" content=\"480\" \/>\n\t<meta property=\"og:image:type\" content=\"image\/webp\" \/>\n<meta name=\"author\" content=\"Milena Armando\" \/>\n<meta name=\"twitter:card\" content=\"summary_large_image\" \/>\n<meta name=\"twitter:label1\" content=\"Escrito por\" \/>\n\t<meta name=\"twitter:data1\" content=\"Milena Armando\" \/>\n\t<meta name=\"twitter:label2\" content=\"Est. tempo de leitura\" \/>\n\t<meta name=\"twitter:data2\" content=\"3 minutos\" \/>\n<script type=\"application\/ld+json\" class=\"yoast-schema-graph\">{\"@context\":\"https:\/\/schema.org\",\"@graph\":[{\"@type\":\"WebPage\",\"@id\":\"https:\/\/crusoe.audiencelabs.com.br\/misterio-milenar-fragmento-de-5-mil-anos-com-rosto-humano-deixa-cientistas-perplexos\/\",\"url\":\"https:\/\/crusoe.audiencelabs.com.br\/misterio-milenar-fragmento-de-5-mil-anos-com-rosto-humano-deixa-cientistas-perplexos\/\",\"name\":\"Mist\u00e9rio milenar: fragmento de 5 mil anos com rosto humano deixa cientistas perplexos\",\"isPartOf\":{\"@id\":\"https:\/\/crusoe.audiencelabs.com.br\/#website\"},\"primaryImageOfPage\":{\"@id\":\"https:\/\/crusoe.audiencelabs.com.br\/misterio-milenar-fragmento-de-5-mil-anos-com-rosto-humano-deixa-cientistas-perplexos\/#primaryimage\"},\"image\":{\"@id\":\"https:\/\/crusoe.audiencelabs.com.br\/misterio-milenar-fragmento-de-5-mil-anos-com-rosto-humano-deixa-cientistas-perplexos\/#primaryimage\"},\"thumbnailUrl\":\"https:\/\/cdn.crusoe.com.br\/uploads\/2025\/09\/61896be78e5df123e46e8febd483774518a.webp\",\"datePublished\":\"2025-09-25T23:30:00+00:00\",\"dateModified\":\"2025-09-26T00:34:47+00:00\",\"author\":{\"@id\":\"https:\/\/crusoe.audiencelabs.com.br\/#\/schema\/person\/f87f73cfe89e5360de2c006bd4bd6a74\"},\"breadcrumb\":{\"@id\":\"https:\/\/crusoe.audiencelabs.com.br\/misterio-milenar-fragmento-de-5-mil-anos-com-rosto-humano-deixa-cientistas-perplexos\/#breadcrumb\"},\"inLanguage\":\"pt-BR\",\"potentialAction\":[{\"@type\":\"ReadAction\",\"target\":[\"https:\/\/crusoe.audiencelabs.com.br\/misterio-milenar-fragmento-de-5-mil-anos-com-rosto-humano-deixa-cientistas-perplexos\/\"]}]},{\"@type\":\"ImageObject\",\"inLanguage\":\"pt-BR\",\"@id\":\"https:\/\/crusoe.audiencelabs.com.br\/misterio-milenar-fragmento-de-5-mil-anos-com-rosto-humano-deixa-cientistas-perplexos\/#primaryimage\",\"url\":\"https:\/\/cdn.crusoe.com.br\/uploads\/2025\/09\/61896be78e5df123e46e8febd483774518a.webp\",\"contentUrl\":\"https:\/\/cdn.crusoe.com.br\/uploads\/2025\/09\/61896be78e5df123e46e8febd483774518a.webp\",\"width\":770,\"height\":480,\"caption\":\"Foto: Sputnik Brasil\"},{\"@type\":\"BreadcrumbList\",\"@id\":\"https:\/\/crusoe.audiencelabs.com.br\/misterio-milenar-fragmento-de-5-mil-anos-com-rosto-humano-deixa-cientistas-perplexos\/#breadcrumb\",\"itemListElement\":[{\"@type\":\"ListItem\",\"position\":1,\"name\":\"Home\",\"item\":\"https:\/\/crusoe.audiencelabs.com.br\/\"},{\"@type\":\"ListItem\",\"position\":2,\"name\":\"Mist\u00e9rio milenar: fragmento de 5 mil anos com rosto humano deixa cientistas perplexos\"}]},{\"@type\":\"WebSite\",\"@id\":\"https:\/\/crusoe.audiencelabs.com.br\/#website\",\"url\":\"https:\/\/crusoe.audiencelabs.com.br\/\",\"name\":\"Variedades - Cruso\u00e9\",\"description\":\"\",\"potentialAction\":[{\"@type\":\"SearchAction\",\"target\":{\"@type\":\"EntryPoint\",\"urlTemplate\":\"https:\/\/crusoe.audiencelabs.com.br\/?s={search_term_string}\"},\"query-input\":{\"@type\":\"PropertyValueSpecification\",\"valueRequired\":true,\"valueName\":\"search_term_string\"}}],\"inLanguage\":\"pt-BR\"},{\"@type\":\"Person\",\"@id\":\"https:\/\/crusoe.audiencelabs.com.br\/#\/schema\/person\/f87f73cfe89e5360de2c006bd4bd6a74\",\"name\":\"Milena Armando\",\"image\":{\"@type\":\"ImageObject\",\"inLanguage\":\"pt-BR\",\"@id\":\"https:\/\/crusoe.audiencelabs.com.br\/#\/schema\/person\/image\/\",\"url\":\"https:\/\/secure.gravatar.com\/avatar\/ea14ecddc9e9d202b698b18f9f69e09c9fd74cfbed5c6008d55f11faefdbdab7?s=96&d=mm&r=g\",\"contentUrl\":\"https:\/\/secure.gravatar.com\/avatar\/ea14ecddc9e9d202b698b18f9f69e09c9fd74cfbed5c6008d55f11faefdbdab7?s=96&d=mm&r=g\",\"caption\":\"Milena Armando\"},\"description\":\"Jornalista, redatora e revisora.\",\"url\":\"https:\/\/crusoe.audiencelabs.com.br\/author\/milena\/\"}]}<\/script>\n<!-- \/ Yoast SEO plugin. -->","yoast_head_json":{"title":"Mist\u00e9rio milenar: fragmento de 5 mil anos com rosto humano deixa cientistas perplexos","robots":{"index":"index","follow":"follow","max-snippet":"max-snippet:-1","max-image-preview":"max-image-preview:large","max-video-preview":"max-video-preview:-1"},"canonical":"https:\/\/crusoe.audiencelabs.com.br\/misterio-milenar-fragmento-de-5-mil-anos-com-rosto-humano-deixa-cientistas-perplexos\/","og_locale":"pt_BR","og_type":"article","og_title":"Mist\u00e9rio milenar: fragmento de 5 mil anos com rosto humano deixa cientistas perplexos","og_description":"A descoberta de um fragmento de cer\u00e2mica com um rosto humano esculpido, datado de cerca de 5.000 anos, em G\u00f6kh\u00f6y\u00fck, Turquia, revelou segredos sobre pr\u00e1ticas espirituais ancestrais.&nbsp; Este achado ocorreu durante escava\u00e7\u00f5es realizadas por arque\u00f3logos turcos em 2023. O s\u00edtio arqueol\u00f3gico, localizado na prov\u00edncia central de Konya, destaca-se na hist\u00f3ria da Anat\u00f3lia pela relev\u00e2ncia de [&hellip;]","og_url":"https:\/\/crusoe.audiencelabs.com.br\/misterio-milenar-fragmento-de-5-mil-anos-com-rosto-humano-deixa-cientistas-perplexos\/","og_site_name":"Variedades - Cruso\u00e9","article_published_time":"2025-09-25T23:30:00+00:00","article_modified_time":"2025-09-26T00:34:47+00:00","og_image":[{"width":770,"height":480,"url":"https:\/\/cdn.crusoe.com.br\/uploads\/2025\/09\/61896be78e5df123e46e8febd483774518a.webp","type":"image\/webp"}],"author":"Milena Armando","twitter_card":"summary_large_image","twitter_misc":{"Escrito por":"Milena Armando","Est. tempo de leitura":"3 minutos"},"schema":{"@context":"https:\/\/schema.org","@graph":[{"@type":"WebPage","@id":"https:\/\/crusoe.audiencelabs.com.br\/misterio-milenar-fragmento-de-5-mil-anos-com-rosto-humano-deixa-cientistas-perplexos\/","url":"https:\/\/crusoe.audiencelabs.com.br\/misterio-milenar-fragmento-de-5-mil-anos-com-rosto-humano-deixa-cientistas-perplexos\/","name":"Mist\u00e9rio milenar: fragmento de 5 mil anos com rosto humano deixa cientistas perplexos","isPartOf":{"@id":"https:\/\/crusoe.audiencelabs.com.br\/#website"},"primaryImageOfPage":{"@id":"https:\/\/crusoe.audiencelabs.com.br\/misterio-milenar-fragmento-de-5-mil-anos-com-rosto-humano-deixa-cientistas-perplexos\/#primaryimage"},"image":{"@id":"https:\/\/crusoe.audiencelabs.com.br\/misterio-milenar-fragmento-de-5-mil-anos-com-rosto-humano-deixa-cientistas-perplexos\/#primaryimage"},"thumbnailUrl":"https:\/\/cdn.crusoe.com.br\/uploads\/2025\/09\/61896be78e5df123e46e8febd483774518a.webp","datePublished":"2025-09-25T23:30:00+00:00","dateModified":"2025-09-26T00:34:47+00:00","author":{"@id":"https:\/\/crusoe.audiencelabs.com.br\/#\/schema\/person\/f87f73cfe89e5360de2c006bd4bd6a74"},"breadcrumb":{"@id":"https:\/\/crusoe.audiencelabs.com.br\/misterio-milenar-fragmento-de-5-mil-anos-com-rosto-humano-deixa-cientistas-perplexos\/#breadcrumb"},"inLanguage":"pt-BR","potentialAction":[{"@type":"ReadAction","target":["https:\/\/crusoe.audiencelabs.com.br\/misterio-milenar-fragmento-de-5-mil-anos-com-rosto-humano-deixa-cientistas-perplexos\/"]}]},{"@type":"ImageObject","inLanguage":"pt-BR","@id":"https:\/\/crusoe.audiencelabs.com.br\/misterio-milenar-fragmento-de-5-mil-anos-com-rosto-humano-deixa-cientistas-perplexos\/#primaryimage","url":"https:\/\/cdn.crusoe.com.br\/uploads\/2025\/09\/61896be78e5df123e46e8febd483774518a.webp","contentUrl":"https:\/\/cdn.crusoe.com.br\/uploads\/2025\/09\/61896be78e5df123e46e8febd483774518a.webp","width":770,"height":480,"caption":"Foto: Sputnik Brasil"},{"@type":"BreadcrumbList","@id":"https:\/\/crusoe.audiencelabs.com.br\/misterio-milenar-fragmento-de-5-mil-anos-com-rosto-humano-deixa-cientistas-perplexos\/#breadcrumb","itemListElement":[{"@type":"ListItem","position":1,"name":"Home","item":"https:\/\/crusoe.audiencelabs.com.br\/"},{"@type":"ListItem","position":2,"name":"Mist\u00e9rio milenar: fragmento de 5 mil anos com rosto humano deixa cientistas perplexos"}]},{"@type":"WebSite","@id":"https:\/\/crusoe.audiencelabs.com.br\/#website","url":"https:\/\/crusoe.audiencelabs.com.br\/","name":"Variedades - Cruso\u00e9","description":"","potentialAction":[{"@type":"SearchAction","target":{"@type":"EntryPoint","urlTemplate":"https:\/\/crusoe.audiencelabs.com.br\/?s={search_term_string}"},"query-input":{"@type":"PropertyValueSpecification","valueRequired":true,"valueName":"search_term_string"}}],"inLanguage":"pt-BR"},{"@type":"Person","@id":"https:\/\/crusoe.audiencelabs.com.br\/#\/schema\/person\/f87f73cfe89e5360de2c006bd4bd6a74","name":"Milena Armando","image":{"@type":"ImageObject","inLanguage":"pt-BR","@id":"https:\/\/crusoe.audiencelabs.com.br\/#\/schema\/person\/image\/","url":"https:\/\/secure.gravatar.com\/avatar\/ea14ecddc9e9d202b698b18f9f69e09c9fd74cfbed5c6008d55f11faefdbdab7?s=96&d=mm&r=g","contentUrl":"https:\/\/secure.gravatar.com\/avatar\/ea14ecddc9e9d202b698b18f9f69e09c9fd74cfbed5c6008d55f11faefdbdab7?s=96&d=mm&r=g","caption":"Milena Armando"},"description":"Jornalista, redatora e revisora.","url":"https:\/\/crusoe.audiencelabs.com.br\/author\/milena\/"}]}},"_links":{"self":[{"href":"https:\/\/crusoe.audiencelabs.com.br\/wp-json\/wp\/v2\/posts\/17693","targetHints":{"allow":["GET"]}}],"collection":[{"href":"https:\/\/crusoe.audiencelabs.com.br\/wp-json\/wp\/v2\/posts"}],"about":[{"href":"https:\/\/crusoe.audiencelabs.com.br\/wp-json\/wp\/v2\/types\/post"}],"author":[{"embeddable":true,"href":"https:\/\/crusoe.audiencelabs.com.br\/wp-json\/wp\/v2\/users\/5"}],"replies":[{"embeddable":true,"href":"https:\/\/crusoe.audiencelabs.com.br\/wp-json\/wp\/v2\/comments?post=17693"}],"version-history":[{"count":2,"href":"https:\/\/crusoe.audiencelabs.com.br\/wp-json\/wp\/v2\/posts\/17693\/revisions"}],"predecessor-version":[{"id":17913,"href":"https:\/\/crusoe.audiencelabs.com.br\/wp-json\/wp\/v2\/posts\/17693\/revisions\/17913"}],"wp:featuredmedia":[{"embeddable":true,"href":"https:\/\/crusoe.audiencelabs.com.br\/wp-json\/wp\/v2\/media\/17694"}],"wp:attachment":[{"href":"https:\/\/crusoe.audiencelabs.com.br\/wp-json\/wp\/v2\/media?parent=17693"}],"wp:term":[{"taxonomy":"category","embeddable":true,"href":"https:\/\/crusoe.audiencelabs.com.br\/wp-json\/wp\/v2\/categories?post=17693"},{"taxonomy":"post_tag","embeddable":true,"href":"https:\/\/crusoe.audiencelabs.com.br\/wp-json\/wp\/v2\/tags?post=17693"}],"curies":[{"name":"wp","href":"https:\/\/api.w.org\/{rel}","templated":true}]}}