{"id":17631,"date":"2025-09-25T08:30:00","date_gmt":"2025-09-25T11:30:00","guid":{"rendered":"https:\/\/crusoe.audiencelabs.com.br\/?p=17631"},"modified":"2025-09-24T19:31:12","modified_gmt":"2025-09-24T22:31:12","slug":"voce-vai-cair-para-tras-com-a-fortuna-que-justin-bieber-vai-receber-para-cantar-no-coachella","status":"publish","type":"post","link":"https:\/\/crusoe.audiencelabs.com.br\/voce-vai-cair-para-tras-com-a-fortuna-que-justin-bieber-vai-receber-para-cantar-no-coachella\/","title":{"rendered":"Voc\u00ea vai cair para tr\u00e1s com a fortuna que Justin Bieber vai receber para cantar no Coachella"},"content":{"rendered":"\n<p>O cantor Justin Bieber recebeu US$ 10 milh\u00f5es, equivalendo a R$ 53 milh\u00f5es, para se apresentar no Coachella, se referindo a dois shows.<\/p>\n\n\n\n<p>Para abril do ano que vem, o valor elevado n\u00e3o precisa ser questionado, tamanho o alcance e o sucesso dele.<\/p>\n\n\n\n<p>Segundo divulga\u00e7\u00f5es do Coachella, os ingressos se esgotaram, sendo que o pr\u00f3ximo evento tamb\u00e9m contar\u00e1 com Sabrina Carpenter e Karol G.<\/p>\n\n\n\n<h2 class=\"wp-block-heading\"><strong>O rendimento de milh\u00f5es<\/strong><\/h2>\n\n\n\n<p>Em um per\u00edodo de 10 anos, esse destaque est\u00e1 acontecendo. O Coachella comercializou n\u00e3o s\u00f3 os ingressos comuns, como tamb\u00e9m os de modelos VIPs. Bieber far\u00e1 suas apresenta\u00e7\u00f5es, que ser\u00e3o um tanto significativas, principalmente desde o ano de 2022, quando chegou a interromper a \u201cJustice World Tour\u201d.<\/p>\n\n\n\n<p>Na ocasi\u00e3o passada, ele teve que parar com os shows, justamente para tratar da sa\u00fade. Em uma nova proposta, ele vem com \u201cSWAG\u201d, que est\u00e1 tendo destaque, o que o colocou na Billboard 200 na segunda coloca\u00e7\u00e3o. Al\u00e9m disso, tamb\u00e9m apareceu na Billboard Hot 100, evidenciando \u201cDAISIES\u201d.<\/p>\n\n\n\n<p>Determinado pelos pr\u00f3prios organizadores como o principal e maior festival do planeta, o Coachella pode comportar at\u00e9 125 mil indiv\u00edduos nos espa\u00e7os. Al\u00e9m disso, todas as apresenta\u00e7\u00f5es podem ser vistas pelo YouTube e em tempo real. Sendo assim, a parceria com Justin \u00e9 proveitosa.<\/p>\n\n\n\n<p>Houve negocia\u00e7\u00f5es passadas do cantor com o Coachella, que duraram tr\u00eas longos anos. Por isso, foi demonstrado como Bieber era um dos artistas mais cotados. Para \u201cSPEED DEMON\u201d, Justin Bieber apresentou um clipe, que faz parte do \u201cSWAG II\u201d. Quanto aos indicativos, alcan\u00e7ou o 66\u00ba lugar na Billboard Hot 100.<\/p>\n\n\n\n<p>Juntamente com o lan\u00e7amento e pelo Instagram, Bieber falou: <em>\u201cvejo voc\u00eas em abril\u201d<\/em>, direcionando as apresenta\u00e7\u00f5es dele no Coachella de 2026. Com uma est\u00e9tica em preto e branco, a nova produ\u00e7\u00e3o dele \u00e9 semelhante \u00e0s dos clipes de \u201cFIRST PLACE\u201d e \u201cYUKON\u201d. Assim, o clipe conta com Rory Kramer dirigindo, com quem ele atua junto h\u00e1 10 anos.<\/p>\n\n\n\n<p>As informa\u00e7\u00f5es s\u00e3o do Portal Popline.<\/p>\n\n\n\n<p><\/p>\n","protected":false},"excerpt":{"rendered":"<p>O cach\u00ea recebido por Justin Bieber para o Coachella. <\/p>\n","protected":false},"author":8,"featured_media":17639,"comment_status":"open","ping_status":"open","sticky":false,"template":"","format":"standard","meta":{"jnews-multi-image_gallery":[],"jnews_single_post":{"format":"standard"},"jnews_primary_category":[],"jnews_override_counter":[],"jnews_post_split":[],"footnotes":""},"categories":[1],"tags":[],"class_list":["post-17631","post","type-post","status-publish","format-standard","has-post-thumbnail","hentry","category-geral"],"yoast_head":"<!-- This site is optimized with the Yoast SEO plugin v25.0 - https:\/\/yoast.com\/wordpress\/plugins\/seo\/ -->\n<title>Voc\u00ea vai cair para tr\u00e1s com a fortuna que Justin Bieber vai receber para cantar no Coachella<\/title>\n<meta name=\"robots\" content=\"index, follow, max-snippet:-1, max-image-preview:large, max-video-preview:-1\" \/>\n<link rel=\"canonical\" href=\"https:\/\/crusoe.audiencelabs.com.br\/voce-vai-cair-para-tras-com-a-fortuna-que-justin-bieber-vai-receber-para-cantar-no-coachella\/\" \/>\n<meta property=\"og:locale\" content=\"pt_BR\" \/>\n<meta property=\"og:type\" content=\"article\" \/>\n<meta property=\"og:title\" content=\"Voc\u00ea vai cair para tr\u00e1s com a fortuna que Justin Bieber vai receber para cantar no Coachella\" \/>\n<meta property=\"og:description\" content=\"O cach\u00ea recebido por Justin Bieber para o Coachella.\" \/>\n<meta property=\"og:url\" content=\"https:\/\/crusoe.audiencelabs.com.br\/voce-vai-cair-para-tras-com-a-fortuna-que-justin-bieber-vai-receber-para-cantar-no-coachella\/\" \/>\n<meta property=\"og:site_name\" content=\"Variedades - Cruso\u00e9\" \/>\n<meta property=\"article:published_time\" content=\"2025-09-25T11:30:00+00:00\" \/>\n<meta property=\"og:image\" content=\"https:\/\/cdn.crusoe.com.br\/uploads\/2025\/09\/Voce-vai-cair-para-tras.jpg\" \/>\n\t<meta property=\"og:image:width\" content=\"560\" \/>\n\t<meta property=\"og:image:height\" content=\"527\" \/>\n\t<meta property=\"og:image:type\" content=\"image\/jpeg\" \/>\n<meta name=\"author\" content=\"Gabriela Santos\" \/>\n<meta name=\"twitter:card\" content=\"summary_large_image\" \/>\n<meta name=\"twitter:label1\" content=\"Escrito por\" \/>\n\t<meta name=\"twitter:data1\" content=\"Gabriela Santos\" \/>\n\t<meta name=\"twitter:label2\" content=\"Est. tempo de leitura\" \/>\n\t<meta name=\"twitter:data2\" content=\"2 minutos\" \/>\n<script type=\"application\/ld+json\" class=\"yoast-schema-graph\">{\"@context\":\"https:\/\/schema.org\",\"@graph\":[{\"@type\":\"WebPage\",\"@id\":\"https:\/\/crusoe.audiencelabs.com.br\/voce-vai-cair-para-tras-com-a-fortuna-que-justin-bieber-vai-receber-para-cantar-no-coachella\/\",\"url\":\"https:\/\/crusoe.audiencelabs.com.br\/voce-vai-cair-para-tras-com-a-fortuna-que-justin-bieber-vai-receber-para-cantar-no-coachella\/\",\"name\":\"Voc\u00ea vai cair para tr\u00e1s com a fortuna que Justin Bieber vai receber para cantar no Coachella\",\"isPartOf\":{\"@id\":\"https:\/\/crusoe.audiencelabs.com.br\/#website\"},\"primaryImageOfPage\":{\"@id\":\"https:\/\/crusoe.audiencelabs.com.br\/voce-vai-cair-para-tras-com-a-fortuna-que-justin-bieber-vai-receber-para-cantar-no-coachella\/#primaryimage\"},\"image\":{\"@id\":\"https:\/\/crusoe.audiencelabs.com.br\/voce-vai-cair-para-tras-com-a-fortuna-que-justin-bieber-vai-receber-para-cantar-no-coachella\/#primaryimage\"},\"thumbnailUrl\":\"https:\/\/cdn.crusoe.com.br\/uploads\/2025\/09\/Voce-vai-cair-para-tras.jpg\",\"datePublished\":\"2025-09-25T11:30:00+00:00\",\"author\":{\"@id\":\"https:\/\/crusoe.audiencelabs.com.br\/#\/schema\/person\/be66e7e59ad3bc2a7c0833132c5c8c00\"},\"breadcrumb\":{\"@id\":\"https:\/\/crusoe.audiencelabs.com.br\/voce-vai-cair-para-tras-com-a-fortuna-que-justin-bieber-vai-receber-para-cantar-no-coachella\/#breadcrumb\"},\"inLanguage\":\"pt-BR\",\"potentialAction\":[{\"@type\":\"ReadAction\",\"target\":[\"https:\/\/crusoe.audiencelabs.com.br\/voce-vai-cair-para-tras-com-a-fortuna-que-justin-bieber-vai-receber-para-cantar-no-coachella\/\"]}]},{\"@type\":\"ImageObject\",\"inLanguage\":\"pt-BR\",\"@id\":\"https:\/\/crusoe.audiencelabs.com.br\/voce-vai-cair-para-tras-com-a-fortuna-que-justin-bieber-vai-receber-para-cantar-no-coachella\/#primaryimage\",\"url\":\"https:\/\/cdn.crusoe.com.br\/uploads\/2025\/09\/Voce-vai-cair-para-tras.jpg\",\"contentUrl\":\"https:\/\/cdn.crusoe.com.br\/uploads\/2025\/09\/Voce-vai-cair-para-tras.jpg\",\"width\":560,\"height\":527,\"caption\":\"Reprodu\u00e7\u00e3o: Redes Sociais\/Instagram\/Justin Bieber\"},{\"@type\":\"BreadcrumbList\",\"@id\":\"https:\/\/crusoe.audiencelabs.com.br\/voce-vai-cair-para-tras-com-a-fortuna-que-justin-bieber-vai-receber-para-cantar-no-coachella\/#breadcrumb\",\"itemListElement\":[{\"@type\":\"ListItem\",\"position\":1,\"name\":\"Home\",\"item\":\"https:\/\/crusoe.audiencelabs.com.br\/\"},{\"@type\":\"ListItem\",\"position\":2,\"name\":\"Voc\u00ea vai cair para tr\u00e1s com a fortuna que Justin Bieber vai receber para cantar no Coachella\"}]},{\"@type\":\"WebSite\",\"@id\":\"https:\/\/crusoe.audiencelabs.com.br\/#website\",\"url\":\"https:\/\/crusoe.audiencelabs.com.br\/\",\"name\":\"Variedades - Cruso\u00e9\",\"description\":\"\",\"potentialAction\":[{\"@type\":\"SearchAction\",\"target\":{\"@type\":\"EntryPoint\",\"urlTemplate\":\"https:\/\/crusoe.audiencelabs.com.br\/?s={search_term_string}\"},\"query-input\":{\"@type\":\"PropertyValueSpecification\",\"valueRequired\":true,\"valueName\":\"search_term_string\"}}],\"inLanguage\":\"pt-BR\"},{\"@type\":\"Person\",\"@id\":\"https:\/\/crusoe.audiencelabs.com.br\/#\/schema\/person\/be66e7e59ad3bc2a7c0833132c5c8c00\",\"name\":\"Gabriela Santos\",\"image\":{\"@type\":\"ImageObject\",\"inLanguage\":\"pt-BR\",\"@id\":\"https:\/\/crusoe.audiencelabs.com.br\/#\/schema\/person\/image\/\",\"url\":\"https:\/\/secure.gravatar.com\/avatar\/d58b244b5f316c2ae218c4fd7fd0fdf0fbcf215931ac50c70906d65db85b6002?s=96&d=mm&r=g\",\"contentUrl\":\"https:\/\/secure.gravatar.com\/avatar\/d58b244b5f316c2ae218c4fd7fd0fdf0fbcf215931ac50c70906d65db85b6002?s=96&d=mm&r=g\",\"caption\":\"Gabriela Santos\"},\"description\":\"Jornalista que atua com a produ\u00e7\u00e3o de conte\u00fado em temas diversos, aproximando o leitor por meio de informa\u00e7\u00f5es que refletem o cotidiano.\",\"url\":\"https:\/\/crusoe.audiencelabs.com.br\/author\/gabrielasantos\/\"}]}<\/script>\n<!-- \/ Yoast SEO plugin. -->","yoast_head_json":{"title":"Voc\u00ea vai cair para tr\u00e1s com a fortuna que Justin Bieber vai receber para cantar no Coachella","robots":{"index":"index","follow":"follow","max-snippet":"max-snippet:-1","max-image-preview":"max-image-preview:large","max-video-preview":"max-video-preview:-1"},"canonical":"https:\/\/crusoe.audiencelabs.com.br\/voce-vai-cair-para-tras-com-a-fortuna-que-justin-bieber-vai-receber-para-cantar-no-coachella\/","og_locale":"pt_BR","og_type":"article","og_title":"Voc\u00ea vai cair para tr\u00e1s com a fortuna que Justin Bieber vai receber para cantar no Coachella","og_description":"O cach\u00ea recebido por Justin Bieber para o Coachella.","og_url":"https:\/\/crusoe.audiencelabs.com.br\/voce-vai-cair-para-tras-com-a-fortuna-que-justin-bieber-vai-receber-para-cantar-no-coachella\/","og_site_name":"Variedades - Cruso\u00e9","article_published_time":"2025-09-25T11:30:00+00:00","og_image":[{"width":560,"height":527,"url":"https:\/\/cdn.crusoe.com.br\/uploads\/2025\/09\/Voce-vai-cair-para-tras.jpg","type":"image\/jpeg"}],"author":"Gabriela Santos","twitter_card":"summary_large_image","twitter_misc":{"Escrito por":"Gabriela Santos","Est. tempo de leitura":"2 minutos"},"schema":{"@context":"https:\/\/schema.org","@graph":[{"@type":"WebPage","@id":"https:\/\/crusoe.audiencelabs.com.br\/voce-vai-cair-para-tras-com-a-fortuna-que-justin-bieber-vai-receber-para-cantar-no-coachella\/","url":"https:\/\/crusoe.audiencelabs.com.br\/voce-vai-cair-para-tras-com-a-fortuna-que-justin-bieber-vai-receber-para-cantar-no-coachella\/","name":"Voc\u00ea vai cair para tr\u00e1s com a fortuna que Justin Bieber vai receber para cantar no Coachella","isPartOf":{"@id":"https:\/\/crusoe.audiencelabs.com.br\/#website"},"primaryImageOfPage":{"@id":"https:\/\/crusoe.audiencelabs.com.br\/voce-vai-cair-para-tras-com-a-fortuna-que-justin-bieber-vai-receber-para-cantar-no-coachella\/#primaryimage"},"image":{"@id":"https:\/\/crusoe.audiencelabs.com.br\/voce-vai-cair-para-tras-com-a-fortuna-que-justin-bieber-vai-receber-para-cantar-no-coachella\/#primaryimage"},"thumbnailUrl":"https:\/\/cdn.crusoe.com.br\/uploads\/2025\/09\/Voce-vai-cair-para-tras.jpg","datePublished":"2025-09-25T11:30:00+00:00","author":{"@id":"https:\/\/crusoe.audiencelabs.com.br\/#\/schema\/person\/be66e7e59ad3bc2a7c0833132c5c8c00"},"breadcrumb":{"@id":"https:\/\/crusoe.audiencelabs.com.br\/voce-vai-cair-para-tras-com-a-fortuna-que-justin-bieber-vai-receber-para-cantar-no-coachella\/#breadcrumb"},"inLanguage":"pt-BR","potentialAction":[{"@type":"ReadAction","target":["https:\/\/crusoe.audiencelabs.com.br\/voce-vai-cair-para-tras-com-a-fortuna-que-justin-bieber-vai-receber-para-cantar-no-coachella\/"]}]},{"@type":"ImageObject","inLanguage":"pt-BR","@id":"https:\/\/crusoe.audiencelabs.com.br\/voce-vai-cair-para-tras-com-a-fortuna-que-justin-bieber-vai-receber-para-cantar-no-coachella\/#primaryimage","url":"https:\/\/cdn.crusoe.com.br\/uploads\/2025\/09\/Voce-vai-cair-para-tras.jpg","contentUrl":"https:\/\/cdn.crusoe.com.br\/uploads\/2025\/09\/Voce-vai-cair-para-tras.jpg","width":560,"height":527,"caption":"Reprodu\u00e7\u00e3o: Redes Sociais\/Instagram\/Justin Bieber"},{"@type":"BreadcrumbList","@id":"https:\/\/crusoe.audiencelabs.com.br\/voce-vai-cair-para-tras-com-a-fortuna-que-justin-bieber-vai-receber-para-cantar-no-coachella\/#breadcrumb","itemListElement":[{"@type":"ListItem","position":1,"name":"Home","item":"https:\/\/crusoe.audiencelabs.com.br\/"},{"@type":"ListItem","position":2,"name":"Voc\u00ea vai cair para tr\u00e1s com a fortuna que Justin Bieber vai receber para cantar no Coachella"}]},{"@type":"WebSite","@id":"https:\/\/crusoe.audiencelabs.com.br\/#website","url":"https:\/\/crusoe.audiencelabs.com.br\/","name":"Variedades - Cruso\u00e9","description":"","potentialAction":[{"@type":"SearchAction","target":{"@type":"EntryPoint","urlTemplate":"https:\/\/crusoe.audiencelabs.com.br\/?s={search_term_string}"},"query-input":{"@type":"PropertyValueSpecification","valueRequired":true,"valueName":"search_term_string"}}],"inLanguage":"pt-BR"},{"@type":"Person","@id":"https:\/\/crusoe.audiencelabs.com.br\/#\/schema\/person\/be66e7e59ad3bc2a7c0833132c5c8c00","name":"Gabriela Santos","image":{"@type":"ImageObject","inLanguage":"pt-BR","@id":"https:\/\/crusoe.audiencelabs.com.br\/#\/schema\/person\/image\/","url":"https:\/\/secure.gravatar.com\/avatar\/d58b244b5f316c2ae218c4fd7fd0fdf0fbcf215931ac50c70906d65db85b6002?s=96&d=mm&r=g","contentUrl":"https:\/\/secure.gravatar.com\/avatar\/d58b244b5f316c2ae218c4fd7fd0fdf0fbcf215931ac50c70906d65db85b6002?s=96&d=mm&r=g","caption":"Gabriela Santos"},"description":"Jornalista que atua com a produ\u00e7\u00e3o de conte\u00fado em temas diversos, aproximando o leitor por meio de informa\u00e7\u00f5es que refletem o cotidiano.","url":"https:\/\/crusoe.audiencelabs.com.br\/author\/gabrielasantos\/"}]}},"_links":{"self":[{"href":"https:\/\/crusoe.audiencelabs.com.br\/wp-json\/wp\/v2\/posts\/17631","targetHints":{"allow":["GET"]}}],"collection":[{"href":"https:\/\/crusoe.audiencelabs.com.br\/wp-json\/wp\/v2\/posts"}],"about":[{"href":"https:\/\/crusoe.audiencelabs.com.br\/wp-json\/wp\/v2\/types\/post"}],"author":[{"embeddable":true,"href":"https:\/\/crusoe.audiencelabs.com.br\/wp-json\/wp\/v2\/users\/8"}],"replies":[{"embeddable":true,"href":"https:\/\/crusoe.audiencelabs.com.br\/wp-json\/wp\/v2\/comments?post=17631"}],"version-history":[{"count":10,"href":"https:\/\/crusoe.audiencelabs.com.br\/wp-json\/wp\/v2\/posts\/17631\/revisions"}],"predecessor-version":[{"id":17642,"href":"https:\/\/crusoe.audiencelabs.com.br\/wp-json\/wp\/v2\/posts\/17631\/revisions\/17642"}],"wp:featuredmedia":[{"embeddable":true,"href":"https:\/\/crusoe.audiencelabs.com.br\/wp-json\/wp\/v2\/media\/17639"}],"wp:attachment":[{"href":"https:\/\/crusoe.audiencelabs.com.br\/wp-json\/wp\/v2\/media?parent=17631"}],"wp:term":[{"taxonomy":"category","embeddable":true,"href":"https:\/\/crusoe.audiencelabs.com.br\/wp-json\/wp\/v2\/categories?post=17631"},{"taxonomy":"post_tag","embeddable":true,"href":"https:\/\/crusoe.audiencelabs.com.br\/wp-json\/wp\/v2\/tags?post=17631"}],"curies":[{"name":"wp","href":"https:\/\/api.w.org\/{rel}","templated":true}]}}