{"id":1749,"date":"2025-06-05T14:58:31","date_gmt":"2025-06-05T17:58:31","guid":{"rendered":"https:\/\/crusoe.com.br\/variedades\/?p=1749"},"modified":"2025-06-05T14:58:33","modified_gmt":"2025-06-05T17:58:33","slug":"crise-em-empresa-conhecida-no-brasil-provoca-demissoes-em-massa","status":"publish","type":"post","link":"https:\/\/crusoe.audiencelabs.com.br\/crise-em-empresa-conhecida-no-brasil-provoca-demissoes-em-massa\/","title":{"rendered":"Crise em empresa conhecida no Brasil provoca demiss\u00f5es em massa"},"content":{"rendered":"\n<p>Alegando estar enfrentando problemas econ\u00f4micos severos, a <strong>Voepass Linhas A\u00e9reas<\/strong> anunciou a suspens\u00e3o tempor\u00e1ria de suas opera\u00e7\u00f5es em abril deste ano.<\/p>\n\n\n\n<p>Como consequ\u00eancia, a empresa acabou efetuando a demiss\u00e3o em massa de seus funcion\u00e1rios, encerrando at\u00e9 mesmo contratos muito antigos.<\/p>\n\n\n\n<p>Mas a decis\u00e3o tamb\u00e9m desencadeou um intenso impasse jur\u00eddico e social, uma vez que centenas de profissionais <strong>relataram n\u00e3o ter recebido seus direitos trabalhistas<\/strong>, como as verbas rescis\u00f3rias, indeniza\u00e7\u00f5es e nem mesmo o recolhimento do FGTS.<\/p>\n\n\n\n<p>Inclusive, em entrevista \u00e0 Record TV, uma ex-comiss\u00e1ria de bordo da Voepass afirmou que recebeu pouco mais de R$ 2 mil em sua rescis\u00e3o, mesmo tendo trabalhado por cinco anos na empresa.<\/p>\n\n\n\n<blockquote class=\"wp-block-quote is-layout-flow wp-block-quote-is-layout-flow\">\n<p>\u201cVerifiquei minha rescis\u00e3o junto com o sindicato e percebi que estava errada. Ao conversar com colegas, descobrimos que praticamente todas estavam incorretas. Disseram que depositariam o restante depois, mas isso nunca aconteceu\u201d, afirmou a ex-funcion\u00e1ria (via Seu Cr\u00e9dito Digital).<\/p>\n<\/blockquote>\n\n\n\n<p>Vale destacar que, para muitos colaboradores da empresa, os sal\u00e1rios representavam a \u00fanica fonte de renda da casa. E a falta de acesso aos direitos trabalhistas acabou deixando diversas fam\u00edlias em situa\u00e7\u00e3o de instabilidade financeira.<\/p>\n\n\n\n<h2 class=\"wp-block-heading\">A\u00e7\u00e3o na justi\u00e7a busca apoiar trabalhadores e penalizar empresa<\/h2>\n\n\n\n<p>Por meio de seu secret\u00e1rio, Clauver Castilho, o <strong>Sindicato Nacional dos Aeronautas (SNA)<\/strong> relatou \u00e0 imprensa que ingressou com uma a\u00e7\u00e3o coletiva contra a Voepass.<\/p>\n\n\n\n<p>O principal objetivo da a\u00e7\u00e3o \u00e9 de garantir judicialmente que os direitos trabalhistas dos demitidos sejam pagos de forma integral. Contudo, tamb\u00e9m h\u00e1 o intuito de penalizar a empresa.<\/p>\n\n\n\n<p>Isso porque, caso fique comprovado que a Voepass n\u00e3o cumpriu as obriga\u00e7\u00f5es trabalhistas, ela poder\u00e1 enfrentar multas administrativas, processos por dano moral coletivo e san\u00e7\u00f5es da Justi\u00e7a do Trabalho. <\/p>\n\n\n\n<p>Al\u00e9m disso, a empresa tamb\u00e9m corre o risco de ser inclu\u00edda na lista de empregadores que praticam irregularidades trabalhistas, manchando a reputa\u00e7\u00e3o para casos de futuras concess\u00f5es ou parcerias p\u00fablicas.<\/p>\n","protected":false},"excerpt":{"rendered":"<p>Alegando estar enfrentando problemas econ\u00f4micos severos, a Voepass Linhas A\u00e9reas anunciou a suspens\u00e3o tempor\u00e1ria de suas opera\u00e7\u00f5es em abril deste ano. Como consequ\u00eancia, a empresa acabou efetuando a demiss\u00e3o em massa de seus funcion\u00e1rios, encerrando at\u00e9 mesmo contratos muito antigos. Mas a decis\u00e3o tamb\u00e9m desencadeou um intenso impasse jur\u00eddico e social, uma vez que centenas [&hellip;]<\/p>\n","protected":false},"author":7,"featured_media":1750,"comment_status":"open","ping_status":"open","sticky":false,"template":"","format":"standard","meta":{"jnews-multi-image_gallery":[],"jnews_single_post":{"format":"standard"},"jnews_primary_category":[],"jnews_override_counter":[],"jnews_post_split":[],"footnotes":""},"categories":[1],"tags":[],"class_list":["post-1749","post","type-post","status-publish","format-standard","has-post-thumbnail","hentry","category-geral"],"yoast_head":"<!-- This site is optimized with the Yoast SEO plugin v25.0 - https:\/\/yoast.com\/wordpress\/plugins\/seo\/ -->\n<title>Crise em empresa conhecida no Brasil provoca demiss\u00f5es em massa<\/title>\n<meta name=\"robots\" content=\"index, follow, max-snippet:-1, max-image-preview:large, max-video-preview:-1\" \/>\n<link rel=\"canonical\" href=\"https:\/\/crusoe.audiencelabs.com.br\/crise-em-empresa-conhecida-no-brasil-provoca-demissoes-em-massa\/\" \/>\n<meta property=\"og:locale\" content=\"pt_BR\" \/>\n<meta property=\"og:type\" content=\"article\" \/>\n<meta property=\"og:title\" content=\"Crise em empresa conhecida no Brasil provoca demiss\u00f5es em massa\" \/>\n<meta property=\"og:description\" content=\"Alegando estar enfrentando problemas econ\u00f4micos severos, a Voepass Linhas A\u00e9reas anunciou a suspens\u00e3o tempor\u00e1ria de suas opera\u00e7\u00f5es em abril deste ano. Como consequ\u00eancia, a empresa acabou efetuando a demiss\u00e3o em massa de seus funcion\u00e1rios, encerrando at\u00e9 mesmo contratos muito antigos. Mas a decis\u00e3o tamb\u00e9m desencadeou um intenso impasse jur\u00eddico e social, uma vez que centenas [&hellip;]\" \/>\n<meta property=\"og:url\" content=\"https:\/\/crusoe.audiencelabs.com.br\/crise-em-empresa-conhecida-no-brasil-provoca-demissoes-em-massa\/\" \/>\n<meta property=\"og:site_name\" content=\"Variedades - Cruso\u00e9\" \/>\n<meta property=\"article:published_time\" content=\"2025-06-05T17:58:31+00:00\" \/>\n<meta property=\"article:modified_time\" content=\"2025-06-05T17:58:33+00:00\" \/>\n<meta property=\"og:image\" content=\"https:\/\/cdn.crusoe.com.br\/uploads\/2025\/06\/voepass-crise-demissoes.jpg\" \/>\n\t<meta property=\"og:image:width\" content=\"1423\" \/>\n\t<meta property=\"og:image:height\" content=\"800\" \/>\n\t<meta property=\"og:image:type\" content=\"image\/jpeg\" \/>\n<meta name=\"author\" content=\"Jo\u00e3o Carlos Gomes\" \/>\n<meta name=\"twitter:card\" content=\"summary_large_image\" \/>\n<meta name=\"twitter:label1\" content=\"Escrito por\" \/>\n\t<meta name=\"twitter:data1\" content=\"Jo\u00e3o Carlos Gomes\" \/>\n\t<meta name=\"twitter:label2\" content=\"Est. tempo de leitura\" \/>\n\t<meta name=\"twitter:data2\" content=\"2 minutos\" \/>\n<script type=\"application\/ld+json\" class=\"yoast-schema-graph\">{\"@context\":\"https:\/\/schema.org\",\"@graph\":[{\"@type\":\"WebPage\",\"@id\":\"https:\/\/crusoe.audiencelabs.com.br\/crise-em-empresa-conhecida-no-brasil-provoca-demissoes-em-massa\/\",\"url\":\"https:\/\/crusoe.audiencelabs.com.br\/crise-em-empresa-conhecida-no-brasil-provoca-demissoes-em-massa\/\",\"name\":\"Crise em empresa conhecida no Brasil provoca demiss\u00f5es em massa\",\"isPartOf\":{\"@id\":\"https:\/\/crusoe.audiencelabs.com.br\/#website\"},\"primaryImageOfPage\":{\"@id\":\"https:\/\/crusoe.audiencelabs.com.br\/crise-em-empresa-conhecida-no-brasil-provoca-demissoes-em-massa\/#primaryimage\"},\"image\":{\"@id\":\"https:\/\/crusoe.audiencelabs.com.br\/crise-em-empresa-conhecida-no-brasil-provoca-demissoes-em-massa\/#primaryimage\"},\"thumbnailUrl\":\"https:\/\/cdn.crusoe.com.br\/uploads\/2025\/06\/voepass-crise-demissoes.jpg\",\"datePublished\":\"2025-06-05T17:58:31+00:00\",\"dateModified\":\"2025-06-05T17:58:33+00:00\",\"author\":{\"@id\":\"https:\/\/crusoe.audiencelabs.com.br\/#\/schema\/person\/4a23399b23149df2eab6637fd2fd2bfc\"},\"breadcrumb\":{\"@id\":\"https:\/\/crusoe.audiencelabs.com.br\/crise-em-empresa-conhecida-no-brasil-provoca-demissoes-em-massa\/#breadcrumb\"},\"inLanguage\":\"pt-BR\",\"potentialAction\":[{\"@type\":\"ReadAction\",\"target\":[\"https:\/\/crusoe.audiencelabs.com.br\/crise-em-empresa-conhecida-no-brasil-provoca-demissoes-em-massa\/\"]}]},{\"@type\":\"ImageObject\",\"inLanguage\":\"pt-BR\",\"@id\":\"https:\/\/crusoe.audiencelabs.com.br\/crise-em-empresa-conhecida-no-brasil-provoca-demissoes-em-massa\/#primaryimage\",\"url\":\"https:\/\/cdn.crusoe.com.br\/uploads\/2025\/06\/voepass-crise-demissoes.jpg\",\"contentUrl\":\"https:\/\/cdn.crusoe.com.br\/uploads\/2025\/06\/voepass-crise-demissoes.jpg\",\"width\":1423,\"height\":800,\"caption\":\"Foto: Paulo Pinto\/Ag\u00eancia Brasil\"},{\"@type\":\"BreadcrumbList\",\"@id\":\"https:\/\/crusoe.audiencelabs.com.br\/crise-em-empresa-conhecida-no-brasil-provoca-demissoes-em-massa\/#breadcrumb\",\"itemListElement\":[{\"@type\":\"ListItem\",\"position\":1,\"name\":\"Home\",\"item\":\"https:\/\/crusoe.audiencelabs.com.br\/\"},{\"@type\":\"ListItem\",\"position\":2,\"name\":\"Crise em empresa conhecida no Brasil provoca demiss\u00f5es em massa\"}]},{\"@type\":\"WebSite\",\"@id\":\"https:\/\/crusoe.audiencelabs.com.br\/#website\",\"url\":\"https:\/\/crusoe.audiencelabs.com.br\/\",\"name\":\"Variedades - Cruso\u00e9\",\"description\":\"\",\"potentialAction\":[{\"@type\":\"SearchAction\",\"target\":{\"@type\":\"EntryPoint\",\"urlTemplate\":\"https:\/\/crusoe.audiencelabs.com.br\/?s={search_term_string}\"},\"query-input\":{\"@type\":\"PropertyValueSpecification\",\"valueRequired\":true,\"valueName\":\"search_term_string\"}}],\"inLanguage\":\"pt-BR\"},{\"@type\":\"Person\",\"@id\":\"https:\/\/crusoe.audiencelabs.com.br\/#\/schema\/person\/4a23399b23149df2eab6637fd2fd2bfc\",\"name\":\"Jo\u00e3o Carlos Gomes\",\"image\":{\"@type\":\"ImageObject\",\"inLanguage\":\"pt-BR\",\"@id\":\"https:\/\/crusoe.audiencelabs.com.br\/#\/schema\/person\/image\/\",\"url\":\"https:\/\/secure.gravatar.com\/avatar\/4ce4672dbdd694b329cd6fdb51bee7d1409be1f0ff76a537e4c4a737b2c7d1a9?s=96&d=mm&r=g\",\"contentUrl\":\"https:\/\/secure.gravatar.com\/avatar\/4ce4672dbdd694b329cd6fdb51bee7d1409be1f0ff76a537e4c4a737b2c7d1a9?s=96&d=mm&r=g\",\"caption\":\"Jo\u00e3o Carlos Gomes\"},\"description\":\"Jornalista, criador de conte\u00fado e m\u00fasico independente nas horas vagas.\",\"url\":\"https:\/\/crusoe.audiencelabs.com.br\/author\/joaoc-junior66\/\"}]}<\/script>\n<!-- \/ Yoast SEO plugin. -->","yoast_head_json":{"title":"Crise em empresa conhecida no Brasil provoca demiss\u00f5es em massa","robots":{"index":"index","follow":"follow","max-snippet":"max-snippet:-1","max-image-preview":"max-image-preview:large","max-video-preview":"max-video-preview:-1"},"canonical":"https:\/\/crusoe.audiencelabs.com.br\/crise-em-empresa-conhecida-no-brasil-provoca-demissoes-em-massa\/","og_locale":"pt_BR","og_type":"article","og_title":"Crise em empresa conhecida no Brasil provoca demiss\u00f5es em massa","og_description":"Alegando estar enfrentando problemas econ\u00f4micos severos, a Voepass Linhas A\u00e9reas anunciou a suspens\u00e3o tempor\u00e1ria de suas opera\u00e7\u00f5es em abril deste ano. Como consequ\u00eancia, a empresa acabou efetuando a demiss\u00e3o em massa de seus funcion\u00e1rios, encerrando at\u00e9 mesmo contratos muito antigos. Mas a decis\u00e3o tamb\u00e9m desencadeou um intenso impasse jur\u00eddico e social, uma vez que centenas [&hellip;]","og_url":"https:\/\/crusoe.audiencelabs.com.br\/crise-em-empresa-conhecida-no-brasil-provoca-demissoes-em-massa\/","og_site_name":"Variedades - Cruso\u00e9","article_published_time":"2025-06-05T17:58:31+00:00","article_modified_time":"2025-06-05T17:58:33+00:00","og_image":[{"width":1423,"height":800,"url":"https:\/\/cdn.crusoe.com.br\/uploads\/2025\/06\/voepass-crise-demissoes.jpg","type":"image\/jpeg"}],"author":"Jo\u00e3o Carlos Gomes","twitter_card":"summary_large_image","twitter_misc":{"Escrito por":"Jo\u00e3o Carlos Gomes","Est. tempo de leitura":"2 minutos"},"schema":{"@context":"https:\/\/schema.org","@graph":[{"@type":"WebPage","@id":"https:\/\/crusoe.audiencelabs.com.br\/crise-em-empresa-conhecida-no-brasil-provoca-demissoes-em-massa\/","url":"https:\/\/crusoe.audiencelabs.com.br\/crise-em-empresa-conhecida-no-brasil-provoca-demissoes-em-massa\/","name":"Crise em empresa conhecida no Brasil provoca demiss\u00f5es em massa","isPartOf":{"@id":"https:\/\/crusoe.audiencelabs.com.br\/#website"},"primaryImageOfPage":{"@id":"https:\/\/crusoe.audiencelabs.com.br\/crise-em-empresa-conhecida-no-brasil-provoca-demissoes-em-massa\/#primaryimage"},"image":{"@id":"https:\/\/crusoe.audiencelabs.com.br\/crise-em-empresa-conhecida-no-brasil-provoca-demissoes-em-massa\/#primaryimage"},"thumbnailUrl":"https:\/\/cdn.crusoe.com.br\/uploads\/2025\/06\/voepass-crise-demissoes.jpg","datePublished":"2025-06-05T17:58:31+00:00","dateModified":"2025-06-05T17:58:33+00:00","author":{"@id":"https:\/\/crusoe.audiencelabs.com.br\/#\/schema\/person\/4a23399b23149df2eab6637fd2fd2bfc"},"breadcrumb":{"@id":"https:\/\/crusoe.audiencelabs.com.br\/crise-em-empresa-conhecida-no-brasil-provoca-demissoes-em-massa\/#breadcrumb"},"inLanguage":"pt-BR","potentialAction":[{"@type":"ReadAction","target":["https:\/\/crusoe.audiencelabs.com.br\/crise-em-empresa-conhecida-no-brasil-provoca-demissoes-em-massa\/"]}]},{"@type":"ImageObject","inLanguage":"pt-BR","@id":"https:\/\/crusoe.audiencelabs.com.br\/crise-em-empresa-conhecida-no-brasil-provoca-demissoes-em-massa\/#primaryimage","url":"https:\/\/cdn.crusoe.com.br\/uploads\/2025\/06\/voepass-crise-demissoes.jpg","contentUrl":"https:\/\/cdn.crusoe.com.br\/uploads\/2025\/06\/voepass-crise-demissoes.jpg","width":1423,"height":800,"caption":"Foto: Paulo Pinto\/Ag\u00eancia Brasil"},{"@type":"BreadcrumbList","@id":"https:\/\/crusoe.audiencelabs.com.br\/crise-em-empresa-conhecida-no-brasil-provoca-demissoes-em-massa\/#breadcrumb","itemListElement":[{"@type":"ListItem","position":1,"name":"Home","item":"https:\/\/crusoe.audiencelabs.com.br\/"},{"@type":"ListItem","position":2,"name":"Crise em empresa conhecida no Brasil provoca demiss\u00f5es em massa"}]},{"@type":"WebSite","@id":"https:\/\/crusoe.audiencelabs.com.br\/#website","url":"https:\/\/crusoe.audiencelabs.com.br\/","name":"Variedades - Cruso\u00e9","description":"","potentialAction":[{"@type":"SearchAction","target":{"@type":"EntryPoint","urlTemplate":"https:\/\/crusoe.audiencelabs.com.br\/?s={search_term_string}"},"query-input":{"@type":"PropertyValueSpecification","valueRequired":true,"valueName":"search_term_string"}}],"inLanguage":"pt-BR"},{"@type":"Person","@id":"https:\/\/crusoe.audiencelabs.com.br\/#\/schema\/person\/4a23399b23149df2eab6637fd2fd2bfc","name":"Jo\u00e3o Carlos Gomes","image":{"@type":"ImageObject","inLanguage":"pt-BR","@id":"https:\/\/crusoe.audiencelabs.com.br\/#\/schema\/person\/image\/","url":"https:\/\/secure.gravatar.com\/avatar\/4ce4672dbdd694b329cd6fdb51bee7d1409be1f0ff76a537e4c4a737b2c7d1a9?s=96&d=mm&r=g","contentUrl":"https:\/\/secure.gravatar.com\/avatar\/4ce4672dbdd694b329cd6fdb51bee7d1409be1f0ff76a537e4c4a737b2c7d1a9?s=96&d=mm&r=g","caption":"Jo\u00e3o Carlos Gomes"},"description":"Jornalista, criador de conte\u00fado e m\u00fasico independente nas horas vagas.","url":"https:\/\/crusoe.audiencelabs.com.br\/author\/joaoc-junior66\/"}]}},"_links":{"self":[{"href":"https:\/\/crusoe.audiencelabs.com.br\/wp-json\/wp\/v2\/posts\/1749","targetHints":{"allow":["GET"]}}],"collection":[{"href":"https:\/\/crusoe.audiencelabs.com.br\/wp-json\/wp\/v2\/posts"}],"about":[{"href":"https:\/\/crusoe.audiencelabs.com.br\/wp-json\/wp\/v2\/types\/post"}],"author":[{"embeddable":true,"href":"https:\/\/crusoe.audiencelabs.com.br\/wp-json\/wp\/v2\/users\/7"}],"replies":[{"embeddable":true,"href":"https:\/\/crusoe.audiencelabs.com.br\/wp-json\/wp\/v2\/comments?post=1749"}],"version-history":[{"count":1,"href":"https:\/\/crusoe.audiencelabs.com.br\/wp-json\/wp\/v2\/posts\/1749\/revisions"}],"predecessor-version":[{"id":1758,"href":"https:\/\/crusoe.audiencelabs.com.br\/wp-json\/wp\/v2\/posts\/1749\/revisions\/1758"}],"wp:featuredmedia":[{"embeddable":true,"href":"https:\/\/crusoe.audiencelabs.com.br\/wp-json\/wp\/v2\/media\/1750"}],"wp:attachment":[{"href":"https:\/\/crusoe.audiencelabs.com.br\/wp-json\/wp\/v2\/media?parent=1749"}],"wp:term":[{"taxonomy":"category","embeddable":true,"href":"https:\/\/crusoe.audiencelabs.com.br\/wp-json\/wp\/v2\/categories?post=1749"},{"taxonomy":"post_tag","embeddable":true,"href":"https:\/\/crusoe.audiencelabs.com.br\/wp-json\/wp\/v2\/tags?post=1749"}],"curies":[{"name":"wp","href":"https:\/\/api.w.org\/{rel}","templated":true}]}}