{"id":1704,"date":"2025-06-04T19:02:54","date_gmt":"2025-06-04T22:02:54","guid":{"rendered":"https:\/\/crusoe.com.br\/variedades\/?p=1704"},"modified":"2025-06-04T19:02:57","modified_gmt":"2025-06-04T22:02:57","slug":"quais-sao-os-direitos-dos-brasileiros-notificados-em-portugal","status":"publish","type":"post","link":"https:\/\/crusoe.audiencelabs.com.br\/quais-sao-os-direitos-dos-brasileiros-notificados-em-portugal\/","title":{"rendered":"Quais s\u00e3o os direitos dos brasileiros notificados em Portugal?"},"content":{"rendered":"\n<p>Pelo menos <strong>34 mil imigrantes<\/strong> ser\u00e3o notificados para deixarem Portugal em at\u00e9 20 dias, de acordo com comunicado divulgado nesta segunda-feira (2).<\/p>\n\n\n\n<p>E vale destacar que, deste total, os brasileiros s\u00e3o o segundo maior grupo afetado pela nova medida do governo portugu\u00eas, com cerca de 5.836 notifica\u00e7\u00f5es.<\/p>\n\n\n\n<p>Estes avisos est\u00e3o sendo direcionados a estrangeiros que <strong>tiveram a autoriza\u00e7\u00e3o de resid\u00eancia cancelada, que estejam em situa\u00e7\u00e3o de perman\u00eancia irregular ou que tiveram o pedido de resid\u00eancia negado<\/strong>, e sua entrega varia de acordo com a situa\u00e7\u00e3o.<\/p>\n\n\n\n<p>Entretanto, vale destacar que muitas destas pessoas notificadas ainda contam com alguns direitos ao seu favor para tentar contornar a situa\u00e7\u00e3o, tais como:<\/p>\n\n\n\n<ul class=\"wp-block-list\">\n<li><strong>Solicita\u00e7\u00e3o de recurso:<\/strong> com base na Lei de Estrangeiros, \u00e9 poss\u00edvel apresentar um pedido de prorroga\u00e7\u00e3o ou uma impugna\u00e7\u00e3o judicial da notifica\u00e7\u00e3o;<\/li>\n\n\n\n<li><strong>Resid\u00eancia por estudo:<\/strong> cidad\u00e3os estrangeiros podem permanecer legalmente no pa\u00eds caso comprovem que sua estadia seja para fins de estudo, interc\u00e2mbio, est\u00e1gio ou voluntariado;<\/li>\n\n\n\n<li><strong>Exerc\u00edcio de atividade altamente qualificada:<\/strong> profissionais com compet\u00eancias t\u00e9cnicas especializadas ou de car\u00e1ter excecional tem direito ao visto D3, e tem o direito de permanecer no pa\u00eds;<\/li>\n\n\n\n<li><strong>C\u00f4njuge ou herdeiros com resid\u00eancia legal:<\/strong> caso um estrangeiro se case com um cidad\u00e3o europeu e\/ou tenha filhos, sua estadia \u00e9 praticamente garantida.<\/li>\n<\/ul>\n\n\n\n<h2 class=\"wp-block-heading\">Por que h\u00e1 tantos brasileiros em situa\u00e7\u00e3o irregular em Portugal?<\/h2>\n\n\n\n<p>Em entrevista ao portal G1, a advogada brasileira Caroline Campos explicou que a atual situa\u00e7\u00e3o de muitos brasileiros em Portugal envolve diversos fatores.<\/p>\n\n\n\n<p>Um deles \u00e9 o benef\u00edcio previsto para cidad\u00e3os da Comunidade dos Pa\u00edses de L\u00edngua Portuguesa (CPLP), que atualmente, encontra-se paralisado, impedindo que muitos imigrantes possam se regularizar com mais facilidade.<\/p>\n\n\n\n<p>H\u00e1 tamb\u00e9m os casos de trabalhadores que prestam servi\u00e7os por recibos, mas n\u00e3o conseguem comprovar renda junto \u00e0 Ag\u00eancia para a Integra\u00e7\u00e3o, Migra\u00e7\u00f5es e Asilo de Portugal (AIMA) por n\u00e3o conseguirem emiti-los corretamente.<\/p>\n\n\n\n<p>O fim da chamada &#8220;manifesta\u00e7\u00e3o de interesse&#8221;, que permitia solicitar resid\u00eancia ap\u00f3s entrada como turista, tamb\u00e9m impactou bastante, surpreendendo muitos brasileiros que j\u00e1 estavam em Portugal ou chegaram durante a transi\u00e7\u00e3o.<\/p>\n","protected":false},"excerpt":{"rendered":"<p>Pelo menos 34 mil imigrantes ser\u00e3o notificados para deixarem Portugal em at\u00e9 20 dias, de acordo com comunicado divulgado nesta segunda-feira (2). E vale destacar que, deste total, os brasileiros s\u00e3o o segundo maior grupo afetado pela nova medida do governo portugu\u00eas, com cerca de 5.836 notifica\u00e7\u00f5es. Estes avisos est\u00e3o sendo direcionados a estrangeiros que [&hellip;]<\/p>\n","protected":false},"author":7,"featured_media":1705,"comment_status":"open","ping_status":"open","sticky":false,"template":"","format":"standard","meta":{"jnews-multi-image_gallery":[],"jnews_single_post":{"format":"standard"},"jnews_primary_category":[],"jnews_override_counter":[],"jnews_post_split":[],"footnotes":""},"categories":[1],"tags":[],"class_list":["post-1704","post","type-post","status-publish","format-standard","has-post-thumbnail","hentry","category-geral"],"yoast_head":"<!-- This site is optimized with the Yoast SEO plugin v25.0 - https:\/\/yoast.com\/wordpress\/plugins\/seo\/ -->\n<title>Quais s\u00e3o os direitos dos brasileiros notificados em Portugal?<\/title>\n<meta name=\"robots\" content=\"index, follow, max-snippet:-1, max-image-preview:large, max-video-preview:-1\" \/>\n<link rel=\"canonical\" href=\"https:\/\/crusoe.audiencelabs.com.br\/quais-sao-os-direitos-dos-brasileiros-notificados-em-portugal\/\" \/>\n<meta property=\"og:locale\" content=\"pt_BR\" \/>\n<meta property=\"og:type\" content=\"article\" \/>\n<meta property=\"og:title\" content=\"Quais s\u00e3o os direitos dos brasileiros notificados em Portugal?\" \/>\n<meta property=\"og:description\" content=\"Pelo menos 34 mil imigrantes ser\u00e3o notificados para deixarem Portugal em at\u00e9 20 dias, de acordo com comunicado divulgado nesta segunda-feira (2). E vale destacar que, deste total, os brasileiros s\u00e3o o segundo maior grupo afetado pela nova medida do governo portugu\u00eas, com cerca de 5.836 notifica\u00e7\u00f5es. Estes avisos est\u00e3o sendo direcionados a estrangeiros que [&hellip;]\" \/>\n<meta property=\"og:url\" content=\"https:\/\/crusoe.audiencelabs.com.br\/quais-sao-os-direitos-dos-brasileiros-notificados-em-portugal\/\" \/>\n<meta property=\"og:site_name\" content=\"Variedades - Cruso\u00e9\" \/>\n<meta property=\"article:published_time\" content=\"2025-06-04T22:02:54+00:00\" \/>\n<meta property=\"article:modified_time\" content=\"2025-06-04T22:02:57+00:00\" \/>\n<meta property=\"og:image\" content=\"https:\/\/cdn.crusoe.com.br\/uploads\/2025\/06\/direitos-brasileiros-portugal.jpg\" \/>\n\t<meta property=\"og:image:width\" content=\"1600\" \/>\n\t<meta property=\"og:image:height\" content=\"900\" \/>\n\t<meta property=\"og:image:type\" content=\"image\/jpeg\" \/>\n<meta name=\"author\" content=\"Jo\u00e3o Carlos Gomes\" \/>\n<meta name=\"twitter:card\" content=\"summary_large_image\" \/>\n<meta name=\"twitter:label1\" content=\"Escrito por\" \/>\n\t<meta name=\"twitter:data1\" content=\"Jo\u00e3o Carlos Gomes\" \/>\n\t<meta name=\"twitter:label2\" content=\"Est. tempo de leitura\" \/>\n\t<meta name=\"twitter:data2\" content=\"3 minutos\" \/>\n<script type=\"application\/ld+json\" class=\"yoast-schema-graph\">{\"@context\":\"https:\/\/schema.org\",\"@graph\":[{\"@type\":\"WebPage\",\"@id\":\"https:\/\/crusoe.audiencelabs.com.br\/quais-sao-os-direitos-dos-brasileiros-notificados-em-portugal\/\",\"url\":\"https:\/\/crusoe.audiencelabs.com.br\/quais-sao-os-direitos-dos-brasileiros-notificados-em-portugal\/\",\"name\":\"Quais s\u00e3o os direitos dos brasileiros notificados em Portugal?\",\"isPartOf\":{\"@id\":\"https:\/\/crusoe.audiencelabs.com.br\/#website\"},\"primaryImageOfPage\":{\"@id\":\"https:\/\/crusoe.audiencelabs.com.br\/quais-sao-os-direitos-dos-brasileiros-notificados-em-portugal\/#primaryimage\"},\"image\":{\"@id\":\"https:\/\/crusoe.audiencelabs.com.br\/quais-sao-os-direitos-dos-brasileiros-notificados-em-portugal\/#primaryimage\"},\"thumbnailUrl\":\"https:\/\/cdn.crusoe.com.br\/uploads\/2025\/06\/direitos-brasileiros-portugal.jpg\",\"datePublished\":\"2025-06-04T22:02:54+00:00\",\"dateModified\":\"2025-06-04T22:02:57+00:00\",\"author\":{\"@id\":\"https:\/\/crusoe.audiencelabs.com.br\/#\/schema\/person\/4a23399b23149df2eab6637fd2fd2bfc\"},\"breadcrumb\":{\"@id\":\"https:\/\/crusoe.audiencelabs.com.br\/quais-sao-os-direitos-dos-brasileiros-notificados-em-portugal\/#breadcrumb\"},\"inLanguage\":\"pt-BR\",\"potentialAction\":[{\"@type\":\"ReadAction\",\"target\":[\"https:\/\/crusoe.audiencelabs.com.br\/quais-sao-os-direitos-dos-brasileiros-notificados-em-portugal\/\"]}]},{\"@type\":\"ImageObject\",\"inLanguage\":\"pt-BR\",\"@id\":\"https:\/\/crusoe.audiencelabs.com.br\/quais-sao-os-direitos-dos-brasileiros-notificados-em-portugal\/#primaryimage\",\"url\":\"https:\/\/cdn.crusoe.com.br\/uploads\/2025\/06\/direitos-brasileiros-portugal.jpg\",\"contentUrl\":\"https:\/\/cdn.crusoe.com.br\/uploads\/2025\/06\/direitos-brasileiros-portugal.jpg\",\"width\":1600,\"height\":900,\"caption\":\"Foto: Max Kukurudziak\/Unsplash\"},{\"@type\":\"BreadcrumbList\",\"@id\":\"https:\/\/crusoe.audiencelabs.com.br\/quais-sao-os-direitos-dos-brasileiros-notificados-em-portugal\/#breadcrumb\",\"itemListElement\":[{\"@type\":\"ListItem\",\"position\":1,\"name\":\"Home\",\"item\":\"https:\/\/crusoe.audiencelabs.com.br\/\"},{\"@type\":\"ListItem\",\"position\":2,\"name\":\"Quais s\u00e3o os direitos dos brasileiros notificados em Portugal?\"}]},{\"@type\":\"WebSite\",\"@id\":\"https:\/\/crusoe.audiencelabs.com.br\/#website\",\"url\":\"https:\/\/crusoe.audiencelabs.com.br\/\",\"name\":\"Variedades - Cruso\u00e9\",\"description\":\"\",\"potentialAction\":[{\"@type\":\"SearchAction\",\"target\":{\"@type\":\"EntryPoint\",\"urlTemplate\":\"https:\/\/crusoe.audiencelabs.com.br\/?s={search_term_string}\"},\"query-input\":{\"@type\":\"PropertyValueSpecification\",\"valueRequired\":true,\"valueName\":\"search_term_string\"}}],\"inLanguage\":\"pt-BR\"},{\"@type\":\"Person\",\"@id\":\"https:\/\/crusoe.audiencelabs.com.br\/#\/schema\/person\/4a23399b23149df2eab6637fd2fd2bfc\",\"name\":\"Jo\u00e3o Carlos Gomes\",\"image\":{\"@type\":\"ImageObject\",\"inLanguage\":\"pt-BR\",\"@id\":\"https:\/\/crusoe.audiencelabs.com.br\/#\/schema\/person\/image\/\",\"url\":\"https:\/\/secure.gravatar.com\/avatar\/4ce4672dbdd694b329cd6fdb51bee7d1409be1f0ff76a537e4c4a737b2c7d1a9?s=96&d=mm&r=g\",\"contentUrl\":\"https:\/\/secure.gravatar.com\/avatar\/4ce4672dbdd694b329cd6fdb51bee7d1409be1f0ff76a537e4c4a737b2c7d1a9?s=96&d=mm&r=g\",\"caption\":\"Jo\u00e3o Carlos Gomes\"},\"description\":\"Jornalista, criador de conte\u00fado e m\u00fasico independente nas horas vagas.\",\"url\":\"https:\/\/crusoe.audiencelabs.com.br\/author\/joaoc-junior66\/\"}]}<\/script>\n<!-- \/ Yoast SEO plugin. -->","yoast_head_json":{"title":"Quais s\u00e3o os direitos dos brasileiros notificados em Portugal?","robots":{"index":"index","follow":"follow","max-snippet":"max-snippet:-1","max-image-preview":"max-image-preview:large","max-video-preview":"max-video-preview:-1"},"canonical":"https:\/\/crusoe.audiencelabs.com.br\/quais-sao-os-direitos-dos-brasileiros-notificados-em-portugal\/","og_locale":"pt_BR","og_type":"article","og_title":"Quais s\u00e3o os direitos dos brasileiros notificados em Portugal?","og_description":"Pelo menos 34 mil imigrantes ser\u00e3o notificados para deixarem Portugal em at\u00e9 20 dias, de acordo com comunicado divulgado nesta segunda-feira (2). E vale destacar que, deste total, os brasileiros s\u00e3o o segundo maior grupo afetado pela nova medida do governo portugu\u00eas, com cerca de 5.836 notifica\u00e7\u00f5es. Estes avisos est\u00e3o sendo direcionados a estrangeiros que [&hellip;]","og_url":"https:\/\/crusoe.audiencelabs.com.br\/quais-sao-os-direitos-dos-brasileiros-notificados-em-portugal\/","og_site_name":"Variedades - Cruso\u00e9","article_published_time":"2025-06-04T22:02:54+00:00","article_modified_time":"2025-06-04T22:02:57+00:00","og_image":[{"width":1600,"height":900,"url":"https:\/\/cdn.crusoe.com.br\/uploads\/2025\/06\/direitos-brasileiros-portugal.jpg","type":"image\/jpeg"}],"author":"Jo\u00e3o Carlos Gomes","twitter_card":"summary_large_image","twitter_misc":{"Escrito por":"Jo\u00e3o Carlos Gomes","Est. tempo de leitura":"3 minutos"},"schema":{"@context":"https:\/\/schema.org","@graph":[{"@type":"WebPage","@id":"https:\/\/crusoe.audiencelabs.com.br\/quais-sao-os-direitos-dos-brasileiros-notificados-em-portugal\/","url":"https:\/\/crusoe.audiencelabs.com.br\/quais-sao-os-direitos-dos-brasileiros-notificados-em-portugal\/","name":"Quais s\u00e3o os direitos dos brasileiros notificados em Portugal?","isPartOf":{"@id":"https:\/\/crusoe.audiencelabs.com.br\/#website"},"primaryImageOfPage":{"@id":"https:\/\/crusoe.audiencelabs.com.br\/quais-sao-os-direitos-dos-brasileiros-notificados-em-portugal\/#primaryimage"},"image":{"@id":"https:\/\/crusoe.audiencelabs.com.br\/quais-sao-os-direitos-dos-brasileiros-notificados-em-portugal\/#primaryimage"},"thumbnailUrl":"https:\/\/cdn.crusoe.com.br\/uploads\/2025\/06\/direitos-brasileiros-portugal.jpg","datePublished":"2025-06-04T22:02:54+00:00","dateModified":"2025-06-04T22:02:57+00:00","author":{"@id":"https:\/\/crusoe.audiencelabs.com.br\/#\/schema\/person\/4a23399b23149df2eab6637fd2fd2bfc"},"breadcrumb":{"@id":"https:\/\/crusoe.audiencelabs.com.br\/quais-sao-os-direitos-dos-brasileiros-notificados-em-portugal\/#breadcrumb"},"inLanguage":"pt-BR","potentialAction":[{"@type":"ReadAction","target":["https:\/\/crusoe.audiencelabs.com.br\/quais-sao-os-direitos-dos-brasileiros-notificados-em-portugal\/"]}]},{"@type":"ImageObject","inLanguage":"pt-BR","@id":"https:\/\/crusoe.audiencelabs.com.br\/quais-sao-os-direitos-dos-brasileiros-notificados-em-portugal\/#primaryimage","url":"https:\/\/cdn.crusoe.com.br\/uploads\/2025\/06\/direitos-brasileiros-portugal.jpg","contentUrl":"https:\/\/cdn.crusoe.com.br\/uploads\/2025\/06\/direitos-brasileiros-portugal.jpg","width":1600,"height":900,"caption":"Foto: Max Kukurudziak\/Unsplash"},{"@type":"BreadcrumbList","@id":"https:\/\/crusoe.audiencelabs.com.br\/quais-sao-os-direitos-dos-brasileiros-notificados-em-portugal\/#breadcrumb","itemListElement":[{"@type":"ListItem","position":1,"name":"Home","item":"https:\/\/crusoe.audiencelabs.com.br\/"},{"@type":"ListItem","position":2,"name":"Quais s\u00e3o os direitos dos brasileiros notificados em Portugal?"}]},{"@type":"WebSite","@id":"https:\/\/crusoe.audiencelabs.com.br\/#website","url":"https:\/\/crusoe.audiencelabs.com.br\/","name":"Variedades - Cruso\u00e9","description":"","potentialAction":[{"@type":"SearchAction","target":{"@type":"EntryPoint","urlTemplate":"https:\/\/crusoe.audiencelabs.com.br\/?s={search_term_string}"},"query-input":{"@type":"PropertyValueSpecification","valueRequired":true,"valueName":"search_term_string"}}],"inLanguage":"pt-BR"},{"@type":"Person","@id":"https:\/\/crusoe.audiencelabs.com.br\/#\/schema\/person\/4a23399b23149df2eab6637fd2fd2bfc","name":"Jo\u00e3o Carlos Gomes","image":{"@type":"ImageObject","inLanguage":"pt-BR","@id":"https:\/\/crusoe.audiencelabs.com.br\/#\/schema\/person\/image\/","url":"https:\/\/secure.gravatar.com\/avatar\/4ce4672dbdd694b329cd6fdb51bee7d1409be1f0ff76a537e4c4a737b2c7d1a9?s=96&d=mm&r=g","contentUrl":"https:\/\/secure.gravatar.com\/avatar\/4ce4672dbdd694b329cd6fdb51bee7d1409be1f0ff76a537e4c4a737b2c7d1a9?s=96&d=mm&r=g","caption":"Jo\u00e3o Carlos Gomes"},"description":"Jornalista, criador de conte\u00fado e m\u00fasico independente nas horas vagas.","url":"https:\/\/crusoe.audiencelabs.com.br\/author\/joaoc-junior66\/"}]}},"_links":{"self":[{"href":"https:\/\/crusoe.audiencelabs.com.br\/wp-json\/wp\/v2\/posts\/1704","targetHints":{"allow":["GET"]}}],"collection":[{"href":"https:\/\/crusoe.audiencelabs.com.br\/wp-json\/wp\/v2\/posts"}],"about":[{"href":"https:\/\/crusoe.audiencelabs.com.br\/wp-json\/wp\/v2\/types\/post"}],"author":[{"embeddable":true,"href":"https:\/\/crusoe.audiencelabs.com.br\/wp-json\/wp\/v2\/users\/7"}],"replies":[{"embeddable":true,"href":"https:\/\/crusoe.audiencelabs.com.br\/wp-json\/wp\/v2\/comments?post=1704"}],"version-history":[{"count":1,"href":"https:\/\/crusoe.audiencelabs.com.br\/wp-json\/wp\/v2\/posts\/1704\/revisions"}],"predecessor-version":[{"id":1706,"href":"https:\/\/crusoe.audiencelabs.com.br\/wp-json\/wp\/v2\/posts\/1704\/revisions\/1706"}],"wp:featuredmedia":[{"embeddable":true,"href":"https:\/\/crusoe.audiencelabs.com.br\/wp-json\/wp\/v2\/media\/1705"}],"wp:attachment":[{"href":"https:\/\/crusoe.audiencelabs.com.br\/wp-json\/wp\/v2\/media?parent=1704"}],"wp:term":[{"taxonomy":"category","embeddable":true,"href":"https:\/\/crusoe.audiencelabs.com.br\/wp-json\/wp\/v2\/categories?post=1704"},{"taxonomy":"post_tag","embeddable":true,"href":"https:\/\/crusoe.audiencelabs.com.br\/wp-json\/wp\/v2\/tags?post=1704"}],"curies":[{"name":"wp","href":"https:\/\/api.w.org\/{rel}","templated":true}]}}