{"id":16600,"date":"2025-09-21T16:30:00","date_gmt":"2025-09-21T19:30:00","guid":{"rendered":"https:\/\/crusoe.audiencelabs.com.br\/?p=16600"},"modified":"2025-09-18T22:26:56","modified_gmt":"2025-09-19T01:26:56","slug":"a-noticia-que-todos-esperavam-mais-de-10-feriados-nacionais-caindo-em-dias-de-semana","status":"publish","type":"post","link":"https:\/\/crusoe.audiencelabs.com.br\/a-noticia-que-todos-esperavam-mais-de-10-feriados-nacionais-caindo-em-dias-de-semana\/","title":{"rendered":"A not\u00edcia que todos esperavam: mais de 10 feriados nacionais caindo em dias de semana"},"content":{"rendered":"\n<p>Neste ano de 2025, diversos feriados se apresentaram em domingos, fazendo com que as pessoas n\u00e3o tivessem tantas op\u00e7\u00f5es.<\/p>\n\n\n\n<p>Por\u00e9m, para 2026 isso deve mudar porque diante de 13 feriados nacionais ao menos 12 ir\u00e3o acontecer em dias da semana.<\/p>\n\n\n\n<p>Com anteced\u00eancia, \u00e9 poss\u00edvel se programar para aproveitar os dias de descanso, em que at\u00e9 viagens podem ser feitas.<\/p>\n\n\n\n<h2 class=\"wp-block-heading\"><strong>Quais s\u00e3o eles<\/strong><\/h2>\n\n\n\n<p>Passando por segundas e sextas-feiras, os feriados podem ser usados tanto para o lazer quanto para organiza\u00e7\u00f5es pessoais e familiares. Em dias de semana, eles poder\u00e3o servir para fazer emendas, al\u00e9m de prolongamentos. Come\u00e7ando em 1\u00ba de janeiro, este \u00e9 uma comemora\u00e7\u00e3o universal, caindo em uma quinta-feira.<\/p>\n\n\n\n<p>Quanto aos dias 16 e 17 do m\u00eas seguinte, feriado de Carnaval, segunda e ter\u00e7a-feira. J\u00e1 em 3 de abril de 2026, ocorrer\u00e1 a Paix\u00e3o de Cristo, em uma sexta. Tiradentes, por sua vez, em 21 de abril, uma ter\u00e7a. Como Dia do Trabalho, 1\u00ba de maio, caindo em uma sexta. O de Corpus Christi, em uma quinta, 4 de junho.<\/p>\n\n\n\n<p>J\u00e1 em setembro, dia 7, a Independ\u00eancia do Brasil ser\u00e1 em uma segunda-feira. Prosseguindo, o dia 12 de outubro se refere a Nossa Senhora Aparecida, caindo tamb\u00e9m em uma segunda. Se dirigindo a novembro, especificamente dia 2, uma segunda-feira, feriado de Finados.<\/p>\n\n\n\n<p>A Proclama\u00e7\u00e3o da Rep\u00fablica ser\u00e1 em um domingo, dia 15 de novembro de 2026. Em uma sexta-feira ocorrer\u00e1 o Dia Nacional de Zumbi e da Consci\u00eancia Negra, sendo no dia 20 do mesmo m\u00eas. Depois vem o Natal, em uma sexta-feira, no dia 25 de dezembro. De todos os feriados mencionados, somente um cair\u00e1 no domingo.<\/p>\n\n\n\n<p>Sendo assim, o restante deles acontecer\u00e1 em dias da semana, fazendo com que os trabalhadores possam planejar seus respectivos descansos. Al\u00e9m disso, s\u00e3o \u00f3timas oportunidades para fazer reservas, as quais podem trazer ainda mais promo\u00e7\u00f5es, sejam elas para se acomodar ou at\u00e9 mesmo para se deslocar, como de avi\u00e3o ou de \u00f4nibus.<\/p>\n","protected":false},"excerpt":{"rendered":"<p>Caindo em dias \u00fateis,  saiba mais sobre os feriados de 2026. <\/p>\n","protected":false},"author":8,"featured_media":16609,"comment_status":"open","ping_status":"open","sticky":false,"template":"","format":"standard","meta":{"jnews-multi-image_gallery":[],"jnews_single_post":{"format":"standard"},"jnews_primary_category":[],"jnews_override_counter":[],"jnews_post_split":[],"footnotes":""},"categories":[1],"tags":[],"class_list":["post-16600","post","type-post","status-publish","format-standard","has-post-thumbnail","hentry","category-geral"],"yoast_head":"<!-- This site is optimized with the Yoast SEO plugin v25.0 - https:\/\/yoast.com\/wordpress\/plugins\/seo\/ -->\n<title>A not\u00edcia que todos esperavam: mais de 10 feriados nacionais caindo em dias de semana<\/title>\n<meta name=\"robots\" content=\"index, follow, max-snippet:-1, max-image-preview:large, max-video-preview:-1\" \/>\n<link rel=\"canonical\" href=\"https:\/\/crusoe.audiencelabs.com.br\/a-noticia-que-todos-esperavam-mais-de-10-feriados-nacionais-caindo-em-dias-de-semana\/\" \/>\n<meta property=\"og:locale\" content=\"pt_BR\" \/>\n<meta property=\"og:type\" content=\"article\" \/>\n<meta property=\"og:title\" content=\"A not\u00edcia que todos esperavam: mais de 10 feriados nacionais caindo em dias de semana\" \/>\n<meta property=\"og:description\" content=\"Caindo em dias \u00fateis, saiba mais sobre os feriados de 2026.\" \/>\n<meta property=\"og:url\" content=\"https:\/\/crusoe.audiencelabs.com.br\/a-noticia-que-todos-esperavam-mais-de-10-feriados-nacionais-caindo-em-dias-de-semana\/\" \/>\n<meta property=\"og:site_name\" content=\"Variedades - Cruso\u00e9\" \/>\n<meta property=\"article:published_time\" content=\"2025-09-21T19:30:00+00:00\" \/>\n<meta property=\"og:image\" content=\"https:\/\/cdn.crusoe.com.br\/uploads\/2025\/09\/A-noticia-que-todos-esperavam.jpg\" \/>\n\t<meta property=\"og:image:width\" content=\"1280\" \/>\n\t<meta property=\"og:image:height\" content=\"960\" \/>\n\t<meta property=\"og:image:type\" content=\"image\/jpeg\" \/>\n<meta name=\"author\" content=\"Gabriela Santos\" \/>\n<meta name=\"twitter:card\" content=\"summary_large_image\" \/>\n<meta name=\"twitter:label1\" content=\"Escrito por\" \/>\n\t<meta name=\"twitter:data1\" content=\"Gabriela Santos\" \/>\n\t<meta name=\"twitter:label2\" content=\"Est. tempo de leitura\" \/>\n\t<meta name=\"twitter:data2\" content=\"2 minutos\" \/>\n<script type=\"application\/ld+json\" class=\"yoast-schema-graph\">{\"@context\":\"https:\/\/schema.org\",\"@graph\":[{\"@type\":\"WebPage\",\"@id\":\"https:\/\/crusoe.audiencelabs.com.br\/a-noticia-que-todos-esperavam-mais-de-10-feriados-nacionais-caindo-em-dias-de-semana\/\",\"url\":\"https:\/\/crusoe.audiencelabs.com.br\/a-noticia-que-todos-esperavam-mais-de-10-feriados-nacionais-caindo-em-dias-de-semana\/\",\"name\":\"A not\u00edcia que todos esperavam: mais de 10 feriados nacionais caindo em dias de semana\",\"isPartOf\":{\"@id\":\"https:\/\/crusoe.audiencelabs.com.br\/#website\"},\"primaryImageOfPage\":{\"@id\":\"https:\/\/crusoe.audiencelabs.com.br\/a-noticia-que-todos-esperavam-mais-de-10-feriados-nacionais-caindo-em-dias-de-semana\/#primaryimage\"},\"image\":{\"@id\":\"https:\/\/crusoe.audiencelabs.com.br\/a-noticia-que-todos-esperavam-mais-de-10-feriados-nacionais-caindo-em-dias-de-semana\/#primaryimage\"},\"thumbnailUrl\":\"https:\/\/cdn.crusoe.com.br\/uploads\/2025\/09\/A-noticia-que-todos-esperavam.jpg\",\"datePublished\":\"2025-09-21T19:30:00+00:00\",\"author\":{\"@id\":\"https:\/\/crusoe.audiencelabs.com.br\/#\/schema\/person\/be66e7e59ad3bc2a7c0833132c5c8c00\"},\"breadcrumb\":{\"@id\":\"https:\/\/crusoe.audiencelabs.com.br\/a-noticia-que-todos-esperavam-mais-de-10-feriados-nacionais-caindo-em-dias-de-semana\/#breadcrumb\"},\"inLanguage\":\"pt-BR\",\"potentialAction\":[{\"@type\":\"ReadAction\",\"target\":[\"https:\/\/crusoe.audiencelabs.com.br\/a-noticia-que-todos-esperavam-mais-de-10-feriados-nacionais-caindo-em-dias-de-semana\/\"]}]},{\"@type\":\"ImageObject\",\"inLanguage\":\"pt-BR\",\"@id\":\"https:\/\/crusoe.audiencelabs.com.br\/a-noticia-que-todos-esperavam-mais-de-10-feriados-nacionais-caindo-em-dias-de-semana\/#primaryimage\",\"url\":\"https:\/\/cdn.crusoe.com.br\/uploads\/2025\/09\/A-noticia-que-todos-esperavam.jpg\",\"contentUrl\":\"https:\/\/cdn.crusoe.com.br\/uploads\/2025\/09\/A-noticia-que-todos-esperavam.jpg\",\"width\":1280,\"height\":960,\"caption\":\"Reprodu\u00e7\u00e3o: Pixabay (tigerlily713)\"},{\"@type\":\"BreadcrumbList\",\"@id\":\"https:\/\/crusoe.audiencelabs.com.br\/a-noticia-que-todos-esperavam-mais-de-10-feriados-nacionais-caindo-em-dias-de-semana\/#breadcrumb\",\"itemListElement\":[{\"@type\":\"ListItem\",\"position\":1,\"name\":\"Home\",\"item\":\"https:\/\/crusoe.audiencelabs.com.br\/\"},{\"@type\":\"ListItem\",\"position\":2,\"name\":\"A not\u00edcia que todos esperavam: mais de 10 feriados nacionais caindo em dias de semana\"}]},{\"@type\":\"WebSite\",\"@id\":\"https:\/\/crusoe.audiencelabs.com.br\/#website\",\"url\":\"https:\/\/crusoe.audiencelabs.com.br\/\",\"name\":\"Variedades - Cruso\u00e9\",\"description\":\"\",\"potentialAction\":[{\"@type\":\"SearchAction\",\"target\":{\"@type\":\"EntryPoint\",\"urlTemplate\":\"https:\/\/crusoe.audiencelabs.com.br\/?s={search_term_string}\"},\"query-input\":{\"@type\":\"PropertyValueSpecification\",\"valueRequired\":true,\"valueName\":\"search_term_string\"}}],\"inLanguage\":\"pt-BR\"},{\"@type\":\"Person\",\"@id\":\"https:\/\/crusoe.audiencelabs.com.br\/#\/schema\/person\/be66e7e59ad3bc2a7c0833132c5c8c00\",\"name\":\"Gabriela Santos\",\"image\":{\"@type\":\"ImageObject\",\"inLanguage\":\"pt-BR\",\"@id\":\"https:\/\/crusoe.audiencelabs.com.br\/#\/schema\/person\/image\/\",\"url\":\"https:\/\/secure.gravatar.com\/avatar\/d58b244b5f316c2ae218c4fd7fd0fdf0fbcf215931ac50c70906d65db85b6002?s=96&d=mm&r=g\",\"contentUrl\":\"https:\/\/secure.gravatar.com\/avatar\/d58b244b5f316c2ae218c4fd7fd0fdf0fbcf215931ac50c70906d65db85b6002?s=96&d=mm&r=g\",\"caption\":\"Gabriela Santos\"},\"description\":\"Jornalista que atua com a produ\u00e7\u00e3o de conte\u00fado em temas diversos, aproximando o leitor por meio de informa\u00e7\u00f5es que refletem o cotidiano.\",\"url\":\"https:\/\/crusoe.audiencelabs.com.br\/author\/gabrielasantos\/\"}]}<\/script>\n<!-- \/ Yoast SEO plugin. -->","yoast_head_json":{"title":"A not\u00edcia que todos esperavam: mais de 10 feriados nacionais caindo em dias de semana","robots":{"index":"index","follow":"follow","max-snippet":"max-snippet:-1","max-image-preview":"max-image-preview:large","max-video-preview":"max-video-preview:-1"},"canonical":"https:\/\/crusoe.audiencelabs.com.br\/a-noticia-que-todos-esperavam-mais-de-10-feriados-nacionais-caindo-em-dias-de-semana\/","og_locale":"pt_BR","og_type":"article","og_title":"A not\u00edcia que todos esperavam: mais de 10 feriados nacionais caindo em dias de semana","og_description":"Caindo em dias \u00fateis, saiba mais sobre os feriados de 2026.","og_url":"https:\/\/crusoe.audiencelabs.com.br\/a-noticia-que-todos-esperavam-mais-de-10-feriados-nacionais-caindo-em-dias-de-semana\/","og_site_name":"Variedades - Cruso\u00e9","article_published_time":"2025-09-21T19:30:00+00:00","og_image":[{"width":1280,"height":960,"url":"https:\/\/cdn.crusoe.com.br\/uploads\/2025\/09\/A-noticia-que-todos-esperavam.jpg","type":"image\/jpeg"}],"author":"Gabriela Santos","twitter_card":"summary_large_image","twitter_misc":{"Escrito por":"Gabriela Santos","Est. tempo de leitura":"2 minutos"},"schema":{"@context":"https:\/\/schema.org","@graph":[{"@type":"WebPage","@id":"https:\/\/crusoe.audiencelabs.com.br\/a-noticia-que-todos-esperavam-mais-de-10-feriados-nacionais-caindo-em-dias-de-semana\/","url":"https:\/\/crusoe.audiencelabs.com.br\/a-noticia-que-todos-esperavam-mais-de-10-feriados-nacionais-caindo-em-dias-de-semana\/","name":"A not\u00edcia que todos esperavam: mais de 10 feriados nacionais caindo em dias de semana","isPartOf":{"@id":"https:\/\/crusoe.audiencelabs.com.br\/#website"},"primaryImageOfPage":{"@id":"https:\/\/crusoe.audiencelabs.com.br\/a-noticia-que-todos-esperavam-mais-de-10-feriados-nacionais-caindo-em-dias-de-semana\/#primaryimage"},"image":{"@id":"https:\/\/crusoe.audiencelabs.com.br\/a-noticia-que-todos-esperavam-mais-de-10-feriados-nacionais-caindo-em-dias-de-semana\/#primaryimage"},"thumbnailUrl":"https:\/\/cdn.crusoe.com.br\/uploads\/2025\/09\/A-noticia-que-todos-esperavam.jpg","datePublished":"2025-09-21T19:30:00+00:00","author":{"@id":"https:\/\/crusoe.audiencelabs.com.br\/#\/schema\/person\/be66e7e59ad3bc2a7c0833132c5c8c00"},"breadcrumb":{"@id":"https:\/\/crusoe.audiencelabs.com.br\/a-noticia-que-todos-esperavam-mais-de-10-feriados-nacionais-caindo-em-dias-de-semana\/#breadcrumb"},"inLanguage":"pt-BR","potentialAction":[{"@type":"ReadAction","target":["https:\/\/crusoe.audiencelabs.com.br\/a-noticia-que-todos-esperavam-mais-de-10-feriados-nacionais-caindo-em-dias-de-semana\/"]}]},{"@type":"ImageObject","inLanguage":"pt-BR","@id":"https:\/\/crusoe.audiencelabs.com.br\/a-noticia-que-todos-esperavam-mais-de-10-feriados-nacionais-caindo-em-dias-de-semana\/#primaryimage","url":"https:\/\/cdn.crusoe.com.br\/uploads\/2025\/09\/A-noticia-que-todos-esperavam.jpg","contentUrl":"https:\/\/cdn.crusoe.com.br\/uploads\/2025\/09\/A-noticia-que-todos-esperavam.jpg","width":1280,"height":960,"caption":"Reprodu\u00e7\u00e3o: Pixabay (tigerlily713)"},{"@type":"BreadcrumbList","@id":"https:\/\/crusoe.audiencelabs.com.br\/a-noticia-que-todos-esperavam-mais-de-10-feriados-nacionais-caindo-em-dias-de-semana\/#breadcrumb","itemListElement":[{"@type":"ListItem","position":1,"name":"Home","item":"https:\/\/crusoe.audiencelabs.com.br\/"},{"@type":"ListItem","position":2,"name":"A not\u00edcia que todos esperavam: mais de 10 feriados nacionais caindo em dias de semana"}]},{"@type":"WebSite","@id":"https:\/\/crusoe.audiencelabs.com.br\/#website","url":"https:\/\/crusoe.audiencelabs.com.br\/","name":"Variedades - Cruso\u00e9","description":"","potentialAction":[{"@type":"SearchAction","target":{"@type":"EntryPoint","urlTemplate":"https:\/\/crusoe.audiencelabs.com.br\/?s={search_term_string}"},"query-input":{"@type":"PropertyValueSpecification","valueRequired":true,"valueName":"search_term_string"}}],"inLanguage":"pt-BR"},{"@type":"Person","@id":"https:\/\/crusoe.audiencelabs.com.br\/#\/schema\/person\/be66e7e59ad3bc2a7c0833132c5c8c00","name":"Gabriela Santos","image":{"@type":"ImageObject","inLanguage":"pt-BR","@id":"https:\/\/crusoe.audiencelabs.com.br\/#\/schema\/person\/image\/","url":"https:\/\/secure.gravatar.com\/avatar\/d58b244b5f316c2ae218c4fd7fd0fdf0fbcf215931ac50c70906d65db85b6002?s=96&d=mm&r=g","contentUrl":"https:\/\/secure.gravatar.com\/avatar\/d58b244b5f316c2ae218c4fd7fd0fdf0fbcf215931ac50c70906d65db85b6002?s=96&d=mm&r=g","caption":"Gabriela Santos"},"description":"Jornalista que atua com a produ\u00e7\u00e3o de conte\u00fado em temas diversos, aproximando o leitor por meio de informa\u00e7\u00f5es que refletem o cotidiano.","url":"https:\/\/crusoe.audiencelabs.com.br\/author\/gabrielasantos\/"}]}},"_links":{"self":[{"href":"https:\/\/crusoe.audiencelabs.com.br\/wp-json\/wp\/v2\/posts\/16600","targetHints":{"allow":["GET"]}}],"collection":[{"href":"https:\/\/crusoe.audiencelabs.com.br\/wp-json\/wp\/v2\/posts"}],"about":[{"href":"https:\/\/crusoe.audiencelabs.com.br\/wp-json\/wp\/v2\/types\/post"}],"author":[{"embeddable":true,"href":"https:\/\/crusoe.audiencelabs.com.br\/wp-json\/wp\/v2\/users\/8"}],"replies":[{"embeddable":true,"href":"https:\/\/crusoe.audiencelabs.com.br\/wp-json\/wp\/v2\/comments?post=16600"}],"version-history":[{"count":9,"href":"https:\/\/crusoe.audiencelabs.com.br\/wp-json\/wp\/v2\/posts\/16600\/revisions"}],"predecessor-version":[{"id":16610,"href":"https:\/\/crusoe.audiencelabs.com.br\/wp-json\/wp\/v2\/posts\/16600\/revisions\/16610"}],"wp:featuredmedia":[{"embeddable":true,"href":"https:\/\/crusoe.audiencelabs.com.br\/wp-json\/wp\/v2\/media\/16609"}],"wp:attachment":[{"href":"https:\/\/crusoe.audiencelabs.com.br\/wp-json\/wp\/v2\/media?parent=16600"}],"wp:term":[{"taxonomy":"category","embeddable":true,"href":"https:\/\/crusoe.audiencelabs.com.br\/wp-json\/wp\/v2\/categories?post=16600"},{"taxonomy":"post_tag","embeddable":true,"href":"https:\/\/crusoe.audiencelabs.com.br\/wp-json\/wp\/v2\/tags?post=16600"}],"curies":[{"name":"wp","href":"https:\/\/api.w.org\/{rel}","templated":true}]}}